{"id":4657,"date":"2023-11-23T21:48:03","date_gmt":"2023-11-23T20:48:03","guid":{"rendered":"https:\/\/universnews224.com\/?p=4657"},"modified":"2023-11-23T21:48:03","modified_gmt":"2023-11-23T20:48:03","slug":"celebration-de-la-journee-internationale-des-pme-hadja-djene-conde-demande-a-letat-un-accompagnement-digne-de-nom-envers-les-pme","status":"publish","type":"post","link":"https:\/\/universnews224.com\/index.php\/celebration-de-la-journee-internationale-des-pme-hadja-djene-conde-demande-a-letat-un-accompagnement-digne-de-nom-envers-les-pme\/","title":{"rendered":"C\u00e9l\u00e9bration de la journ\u00e9e internationale des PME : Hadja Dj\u00e8n\u00e8 Cond\u00e9 demande \u00e0 l\u00b4\u00c9tat un accompagnement digne de nom envers les PME"},"content":{"rendered":"<p>C&rsquo;est \u00e0 l\u2019occasion de la c\u00e9l\u00e9bration de la Journ\u00e9e internationale des PME organis\u00e9 ce mercredi 22 novembre \u00e0 Conakry par la Direction Nationale des PME et du Contenu Local en collaboration avec le Minist\u00e8re du Commerce de l\u00b4Industrie que la cheffe d\u00b4entreprises \u00a0Hadja Dj\u00e8n\u00e8 Cond\u00e9 a sollicit\u00e9 au gouvernement un accompagnement pour la facilitation de l\u00b4acc\u00e8s au cr\u00e9dit et au march\u00e9 dans notre pays.<\/p>\n<p class=\"p2\"><span class=\"s2\">\u00ab C&rsquo;est vraiment un plaisir de prendre part \u00e0 la journ\u00e9e internationale des PME, vous n\u00b4\u00eates pas sans savoir qu\u00b4avant d\u2019\u00eatre politique je suis<span class=\"Apple-converted-space\">\u00a0 <\/span>PME, et cheffe d\u2019entreprise \u00e7a fait de cela 13 ans. Donc prendre part \u00e0 une telle rencontre qui d\u00e9fend notre int\u00e9r\u00eat, c&rsquo;est vraiment une satisfaction. Si on se base sur le discours de Mme la directrice et que ce discours soit mat\u00e9rialis\u00e9 \u00e0 l\u00b4int\u00e9r\u00eat des PME, vraiment c&rsquo;est important. Aujourd\u2019hui je veux parler de l\u00b4Etat dans sa globalit\u00e9<span class=\"Apple-converted-space\">\u00a0 <\/span>peut faire un grand regard au nouveau des PME qui sont des \u00e9l\u00e9ments tr\u00e8s importants dans le d\u00e9veloppement de la nation, il cr\u00e9e de l\u00b4emplois et \u00e7a soulage l\u00b4effective de sommet au nouveau de<span class=\"Apple-converted-space\">\u00a0 <\/span>l\u00b4\u00c9tat de fait qu&rsquo;il cr\u00e9e de l\u00b4emplois. Secondo, il contribue au d\u00e9veloppement en payant des taxes qui sont d\u00e9vers\u00e9s au tr\u00e9sor public, et qui parle de tr\u00e9sor fait allusion \u00e0<span class=\"Apple-converted-space\">\u00a0 <\/span>l\u00b4\u00c9tat et c&rsquo;est les d\u00e9penses publiques que le tr\u00e9sor g\u00e8re \u00bb, a affirm\u00e9<span class=\"Apple-converted-space\">\u00a0 <\/span>Hadja Dj\u00e8n\u00e8. <\/span><\/p>\n<p class=\"p2\"><span class=\"s2\">Et d&rsquo;ajouter,<span class=\"Apple-converted-space\">\u00a0 <\/span>\u00ab Donc une subvention ou bien un accompagnement digne de nom \u00e9manant de l\u2019\u00c9tat envers les PME, non seulement g\u00e9rer en globalit\u00e9 par tout le monde, mais les femmes dont nous sommes actuellement \u00e0 un taux de 40% \u00e0<span class=\"Apple-converted-space\">\u00a0 <\/span>l\u2019instar des autres pays. Si l&rsquo;\u00c9tat peut vraiment accompagner les femmes l\u00e0 non seulement pour la facilitation de l\u00b4acc\u00e8s au cr\u00e9dit et au march\u00e9, parce que sans les march\u00e9s on ne peut pas fonctionner. Je ne suis pas contre la<span class=\"Apple-converted-space\">\u00a0 <\/span>politique ni contre les journalistes pour leurs subventions, aujourd\u2019hui<span class=\"Apple-converted-space\">\u00a0 <\/span>l\u00b4\u00c9tat mettent beaucoup de<span class=\"Apple-converted-space\">\u00a0 <\/span>subventions au nouveau de la politique et aux m\u00e9dias mais les PME qui donnent de l\u00b4emplois, qui contribuent \u00e0 l\u00b4\u00e9conomie nationale ne sont pas accompagn\u00e9es. Et je voudrais que l\u00b4\u00c9tat revoit sa politique de<span class=\"Apple-converted-space\">\u00a0 <\/span>gestion vis-\u00e0-vis des PME enfin d\u00b4encourager les PME et<span class=\"Apple-converted-space\">\u00a0 <\/span>d\u00b4\u00e9largir les taxes pour qu\u2019on puisse au moins faire quelque chose dans l\u00b4avenir. Donc ces plaidoyers vis-\u00e0-vis de l&rsquo;\u00c9tat nous femmes cheffes d\u00b4entreprise veulent leur accompagnement au nouveau<span class=\"Apple-converted-space\">\u00a0 <\/span>des directions de l\u00b4APIP et PRECOP pour qu&rsquo;on sorte maintenant dans les phases de projets pour \u00eatre dans les phases de concr\u00e9tisation \u00bb, a demand\u00e9 Mme la cheffe d\u00b4entreprise.<\/span><\/p>\n<p class=\"p2\"><span class=\"s2\">Sana Sylla.<\/span><\/p>\n<p>&nbsp;<\/p>\n","protected":false},"excerpt":{"rendered":"<p>C&rsquo;est \u00e0 l\u2019occasion de la c\u00e9l\u00e9bration de la Journ\u00e9e internationale des PME organis\u00e9 ce mercredi<\/p>\n","protected":false},"author":2,"featured_media":4658,"comment_status":"closed","ping_status":"open","sticky":false,"template":"","format":"standard","meta":[],"categories":[3,4],"tags":[229],"yoast_head":"<!-- This site is optimized with the Yoast SEO plugin v19.13 - https:\/\/yoast.com\/wordpress\/plugins\/seo\/ -->\n<title>C\u00e9l\u00e9bration de la journ\u00e9e internationale des PME : Hadja Dj\u00e8n\u00e8 Cond\u00e9 demande \u00e0 l\u00b4\u00c9tat un accompagnement digne de nom envers les PME - UNIVERSNEWS224<\/title>\n<meta name=\"robots\" content=\"index, follow, max-snippet:-1, max-image-preview:large, max-video-preview:-1\" \/>\n<link rel=\"canonical\" href=\"https:\/\/universnews224.com\/index.php\/celebration-de-la-journee-internationale-des-pme-hadja-djene-conde-demande-a-letat-un-accompagnement-digne-de-nom-envers-les-pme\/\" \/>\n<meta property=\"og:locale\" content=\"fr_FR\" \/>\n<meta property=\"og:type\" content=\"article\" \/>\n<meta property=\"og:title\" content=\"C\u00e9l\u00e9bration de la journ\u00e9e internationale des PME : Hadja Dj\u00e8n\u00e8 Cond\u00e9 demande \u00e0 l\u00b4\u00c9tat un accompagnement digne de nom envers les PME - UNIVERSNEWS224\" \/>\n<meta property=\"og:description\" content=\"C&rsquo;est \u00e0 l\u2019occasion de la c\u00e9l\u00e9bration de la Journ\u00e9e internationale des PME organis\u00e9 ce mercredi\" \/>\n<meta property=\"og:url\" content=\"https:\/\/universnews224.com\/index.php\/celebration-de-la-journee-internationale-des-pme-hadja-djene-conde-demande-a-letat-un-accompagnement-digne-de-nom-envers-les-pme\/\" \/>\n<meta property=\"og:site_name\" content=\"UNIVERSNEWS224\" \/>\n<meta property=\"article:published_time\" content=\"2023-11-23T20:48:03+00:00\" \/>\n<meta property=\"og:image\" content=\"https:\/\/universnews224.com\/wp-content\/uploads\/2023\/11\/EA03AB2B-A403-43FE-8861-9ABDC55C5920.jpeg\" \/>\n\t<meta property=\"og:image:width\" content=\"962\" \/>\n\t<meta property=\"og:image:height\" content=\"1080\" \/>\n\t<meta property=\"og:image:type\" content=\"image\/jpeg\" \/>\n<meta name=\"author\" content=\"La R\u00e9daction\" \/>\n<meta name=\"twitter:label1\" content=\"\u00c9crit par\" \/>\n\t<meta name=\"twitter:data1\" content=\"La R\u00e9daction\" \/>\n\t<meta name=\"twitter:label2\" content=\"Dur\u00e9e de lecture estim\u00e9e\" \/>\n\t<meta name=\"twitter:data2\" content=\"3 minutes\" \/>\n<script type=\"application\/ld+json\" class=\"yoast-schema-graph\">{\"@context\":\"https:\/\/schema.org\",\"@graph\":[{\"@type\":\"Article\",\"@id\":\"https:\/\/universnews224.com\/index.php\/celebration-de-la-journee-internationale-des-pme-hadja-djene-conde-demande-a-letat-un-accompagnement-digne-de-nom-envers-les-pme\/#article\",\"isPartOf\":{\"@id\":\"https:\/\/universnews224.com\/index.php\/celebration-de-la-journee-internationale-des-pme-hadja-djene-conde-demande-a-letat-un-accompagnement-digne-de-nom-envers-les-pme\/\"},\"author\":{\"name\":\"La R\u00e9daction\",\"@id\":\"https:\/\/universnews224.com\/#\/schema\/person\/a4b7d4f94a4716df60456a491260485e\"},\"headline\":\"C\u00e9l\u00e9bration de la journ\u00e9e internationale des PME : Hadja Dj\u00e8n\u00e8 Cond\u00e9 demande \u00e0 l\u00b4\u00c9tat un accompagnement digne de nom envers les PME\",\"datePublished\":\"2023-11-23T20:48:03+00:00\",\"dateModified\":\"2023-11-23T20:48:03+00:00\",\"mainEntityOfPage\":{\"@id\":\"https:\/\/universnews224.com\/index.php\/celebration-de-la-journee-internationale-des-pme-hadja-djene-conde-demande-a-letat-un-accompagnement-digne-de-nom-envers-les-pme\/\"},\"wordCount\":501,\"publisher\":{\"@id\":\"https:\/\/universnews224.com\/#organization\"},\"keywords\":[\"La une\"],\"articleSection\":[\"ACTU\",\"POLITIQUE\"],\"inLanguage\":\"fr-FR\"},{\"@type\":\"WebPage\",\"@id\":\"https:\/\/universnews224.com\/index.php\/celebration-de-la-journee-internationale-des-pme-hadja-djene-conde-demande-a-letat-un-accompagnement-digne-de-nom-envers-les-pme\/\",\"url\":\"https:\/\/universnews224.com\/index.php\/celebration-de-la-journee-internationale-des-pme-hadja-djene-conde-demande-a-letat-un-accompagnement-digne-de-nom-envers-les-pme\/\",\"name\":\"C\u00e9l\u00e9bration de la journ\u00e9e internationale des PME : Hadja Dj\u00e8n\u00e8 Cond\u00e9 demande \u00e0 l\u00b4\u00c9tat un accompagnement digne de nom envers les PME - UNIVERSNEWS224\",\"isPartOf\":{\"@id\":\"https:\/\/universnews224.com\/#website\"},\"datePublished\":\"2023-11-23T20:48:03+00:00\",\"dateModified\":\"2023-11-23T20:48:03+00:00\",\"inLanguage\":\"fr-FR\",\"potentialAction\":[{\"@type\":\"ReadAction\",\"target\":[\"https:\/\/universnews224.com\/index.php\/celebration-de-la-journee-internationale-des-pme-hadja-djene-conde-demande-a-letat-un-accompagnement-digne-de-nom-envers-les-pme\/\"]}]},{\"@type\":\"WebSite\",\"@id\":\"https:\/\/universnews224.com\/#website\",\"url\":\"https:\/\/universnews224.com\/\",\"name\":\"UNIVERSNEWS224\",\"description\":\"\",\"publisher\":{\"@id\":\"https:\/\/universnews224.com\/#organization\"},\"potentialAction\":[{\"@type\":\"SearchAction\",\"target\":{\"@type\":\"EntryPoint\",\"urlTemplate\":\"https:\/\/universnews224.com\/?s={search_term_string}\"},\"query-input\":\"required name=search_term_string\"}],\"inLanguage\":\"fr-FR\"},{\"@type\":\"Organization\",\"@id\":\"https:\/\/universnews224.com\/#organization\",\"name\":\"UNIVERSNEWS224\",\"url\":\"https:\/\/universnews224.com\/\",\"logo\":{\"@type\":\"ImageObject\",\"inLanguage\":\"fr-FR\",\"@id\":\"https:\/\/universnews224.com\/#\/schema\/logo\/image\/\",\"url\":\"https:\/\/universnews224.com\/wp-content\/uploads\/2022\/08\/cropped-cropped-logoban.jpg\",\"contentUrl\":\"https:\/\/universnews224.com\/wp-content\/uploads\/2022\/08\/cropped-cropped-logoban.jpg\",\"width\":1080,\"height\":138,\"caption\":\"UNIVERSNEWS224\"},\"image\":{\"@id\":\"https:\/\/universnews224.com\/#\/schema\/logo\/image\/\"}},{\"@type\":\"Person\",\"@id\":\"https:\/\/universnews224.com\/#\/schema\/person\/a4b7d4f94a4716df60456a491260485e\",\"name\":\"La R\u00e9daction\",\"image\":{\"@type\":\"ImageObject\",\"inLanguage\":\"fr-FR\",\"@id\":\"https:\/\/universnews224.com\/#\/schema\/person\/image\/\",\"url\":\"https:\/\/secure.gravatar.com\/avatar\/edb90acc7752b23e1b3307ad36c14f0d?s=96&d=mm&r=g\",\"contentUrl\":\"https:\/\/secure.gravatar.com\/avatar\/edb90acc7752b23e1b3307ad36c14f0d?s=96&d=mm&r=g\",\"caption\":\"La R\u00e9daction\"},\"sameAs\":[\"https:\/\/universnews224.com\"],\"url\":\"https:\/\/universnews224.com\/index.php\/author\/m-camara\/\"}]}<\/script>\n<!-- \/ Yoast SEO plugin. -->","yoast_head_json":{"title":"C\u00e9l\u00e9bration de la journ\u00e9e internationale des PME : Hadja Dj\u00e8n\u00e8 Cond\u00e9 demande \u00e0 l\u00b4\u00c9tat un accompagnement digne de nom envers les PME - UNIVERSNEWS224","robots":{"index":"index","follow":"follow","max-snippet":"max-snippet:-1","max-image-preview":"max-image-preview:large","max-video-preview":"max-video-preview:-1"},"canonical":"https:\/\/universnews224.com\/index.php\/celebration-de-la-journee-internationale-des-pme-hadja-djene-conde-demande-a-letat-un-accompagnement-digne-de-nom-envers-les-pme\/","og_locale":"fr_FR","og_type":"article","og_title":"C\u00e9l\u00e9bration de la journ\u00e9e internationale des PME : Hadja Dj\u00e8n\u00e8 Cond\u00e9 demande \u00e0 l\u00b4\u00c9tat un accompagnement digne de nom envers les PME - UNIVERSNEWS224","og_description":"C&rsquo;est \u00e0 l\u2019occasion de la c\u00e9l\u00e9bration de la Journ\u00e9e internationale des PME organis\u00e9 ce mercredi","og_url":"https:\/\/universnews224.com\/index.php\/celebration-de-la-journee-internationale-des-pme-hadja-djene-conde-demande-a-letat-un-accompagnement-digne-de-nom-envers-les-pme\/","og_site_name":"UNIVERSNEWS224","article_published_time":"2023-11-23T20:48:03+00:00","og_image":[{"width":962,"height":1080,"url":"https:\/\/universnews224.com\/wp-content\/uploads\/2023\/11\/EA03AB2B-A403-43FE-8861-9ABDC55C5920.jpeg","type":"image\/jpeg"}],"author":"La R\u00e9daction","twitter_misc":{"\u00c9crit par":"La R\u00e9daction","Dur\u00e9e de lecture estim\u00e9e":"3 minutes"},"schema":{"@context":"https:\/\/schema.org","@graph":[{"@type":"Article","@id":"https:\/\/universnews224.com\/index.php\/celebration-de-la-journee-internationale-des-pme-hadja-djene-conde-demande-a-letat-un-accompagnement-digne-de-nom-envers-les-pme\/#article","isPartOf":{"@id":"https:\/\/universnews224.com\/index.php\/celebration-de-la-journee-internationale-des-pme-hadja-djene-conde-demande-a-letat-un-accompagnement-digne-de-nom-envers-les-pme\/"},"author":{"name":"La R\u00e9daction","@id":"https:\/\/universnews224.com\/#\/schema\/person\/a4b7d4f94a4716df60456a491260485e"},"headline":"C\u00e9l\u00e9bration de la journ\u00e9e internationale des PME : Hadja Dj\u00e8n\u00e8 Cond\u00e9 demande \u00e0 l\u00b4\u00c9tat un accompagnement digne de nom envers les PME","datePublished":"2023-11-23T20:48:03+00:00","dateModified":"2023-11-23T20:48:03+00:00","mainEntityOfPage":{"@id":"https:\/\/universnews224.com\/index.php\/celebration-de-la-journee-internationale-des-pme-hadja-djene-conde-demande-a-letat-un-accompagnement-digne-de-nom-envers-les-pme\/"},"wordCount":501,"publisher":{"@id":"https:\/\/universnews224.com\/#organization"},"keywords":["La une"],"articleSection":["ACTU","POLITIQUE"],"inLanguage":"fr-FR"},{"@type":"WebPage","@id":"https:\/\/universnews224.com\/index.php\/celebration-de-la-journee-internationale-des-pme-hadja-djene-conde-demande-a-letat-un-accompagnement-digne-de-nom-envers-les-pme\/","url":"https:\/\/universnews224.com\/index.php\/celebration-de-la-journee-internationale-des-pme-hadja-djene-conde-demande-a-letat-un-accompagnement-digne-de-nom-envers-les-pme\/","name":"C\u00e9l\u00e9bration de la journ\u00e9e internationale des PME : Hadja Dj\u00e8n\u00e8 Cond\u00e9 demande \u00e0 l\u00b4\u00c9tat un accompagnement digne de nom envers les PME - UNIVERSNEWS224","isPartOf":{"@id":"https:\/\/universnews224.com\/#website"},"datePublished":"2023-11-23T20:48:03+00:00","dateModified":"2023-11-23T20:48:03+00:00","inLanguage":"fr-FR","potentialAction":[{"@type":"ReadAction","target":["https:\/\/universnews224.com\/index.php\/celebration-de-la-journee-internationale-des-pme-hadja-djene-conde-demande-a-letat-un-accompagnement-digne-de-nom-envers-les-pme\/"]}]},{"@type":"WebSite","@id":"https:\/\/universnews224.com\/#website","url":"https:\/\/universnews224.com\/","name":"UNIVERSNEWS224","description":"","publisher":{"@id":"https:\/\/universnews224.com\/#organization"},"potentialAction":[{"@type":"SearchAction","target":{"@type":"EntryPoint","urlTemplate":"https:\/\/universnews224.com\/?s={search_term_string}"},"query-input":"required name=search_term_string"}],"inLanguage":"fr-FR"},{"@type":"Organization","@id":"https:\/\/universnews224.com\/#organization","name":"UNIVERSNEWS224","url":"https:\/\/universnews224.com\/","logo":{"@type":"ImageObject","inLanguage":"fr-FR","@id":"https:\/\/universnews224.com\/#\/schema\/logo\/image\/","url":"https:\/\/universnews224.com\/wp-content\/uploads\/2022\/08\/cropped-cropped-logoban.jpg","contentUrl":"https:\/\/universnews224.com\/wp-content\/uploads\/2022\/08\/cropped-cropped-logoban.jpg","width":1080,"height":138,"caption":"UNIVERSNEWS224"},"image":{"@id":"https:\/\/universnews224.com\/#\/schema\/logo\/image\/"}},{"@type":"Person","@id":"https:\/\/universnews224.com\/#\/schema\/person\/a4b7d4f94a4716df60456a491260485e","name":"La R\u00e9daction","image":{"@type":"ImageObject","inLanguage":"fr-FR","@id":"https:\/\/universnews224.com\/#\/schema\/person\/image\/","url":"https:\/\/secure.gravatar.com\/avatar\/edb90acc7752b23e1b3307ad36c14f0d?s=96&d=mm&r=g","contentUrl":"https:\/\/secure.gravatar.com\/avatar\/edb90acc7752b23e1b3307ad36c14f0d?s=96&d=mm&r=g","caption":"La R\u00e9daction"},"sameAs":["https:\/\/universnews224.com"],"url":"https:\/\/universnews224.com\/index.php\/author\/m-camara\/"}]}},"_links":{"self":[{"href":"https:\/\/universnews224.com\/index.php\/wp-json\/wp\/v2\/posts\/4657"}],"collection":[{"href":"https:\/\/universnews224.com\/index.php\/wp-json\/wp\/v2\/posts"}],"about":[{"href":"https:\/\/universnews224.com\/index.php\/wp-json\/wp\/v2\/types\/post"}],"author":[{"embeddable":true,"href":"https:\/\/universnews224.com\/index.php\/wp-json\/wp\/v2\/users\/2"}],"replies":[{"embeddable":true,"href":"https:\/\/universnews224.com\/index.php\/wp-json\/wp\/v2\/comments?post=4657"}],"version-history":[{"count":1,"href":"https:\/\/universnews224.com\/index.php\/wp-json\/wp\/v2\/posts\/4657\/revisions"}],"predecessor-version":[{"id":4659,"href":"https:\/\/universnews224.com\/index.php\/wp-json\/wp\/v2\/posts\/4657\/revisions\/4659"}],"wp:featuredmedia":[{"embeddable":true,"href":"https:\/\/universnews224.com\/index.php\/wp-json\/wp\/v2\/media\/4658"}],"wp:attachment":[{"href":"https:\/\/universnews224.com\/index.php\/wp-json\/wp\/v2\/media?parent=4657"}],"wp:term":[{"taxonomy":"category","embeddable":true,"href":"https:\/\/universnews224.com\/index.php\/wp-json\/wp\/v2\/categories?post=4657"},{"taxonomy":"post_tag","embeddable":true,"href":"https:\/\/universnews224.com\/index.php\/wp-json\/wp\/v2\/tags?post=4657"}],"curies":[{"name":"wp","href":"https:\/\/api.w.org\/{rel}","templated":true}]}}