{"id":4684,"date":"2023-11-27T22:05:32","date_gmt":"2023-11-27T21:05:32","guid":{"rendered":"https:\/\/universnews224.com\/?p=4684"},"modified":"2023-11-27T22:05:32","modified_gmt":"2023-11-27T21:05:32","slug":"brouillage-des-frequences-des-medias-si-ce-probleme-nest-pas-resolu-on-ne-va-donner-aucune-information","status":"publish","type":"post","link":"https:\/\/universnews224.com\/index.php\/brouillage-des-frequences-des-medias-si-ce-probleme-nest-pas-resolu-on-ne-va-donner-aucune-information\/","title":{"rendered":"Brouillage des fr\u00e9quences des m\u00e9dias: \u201cSi ce probl\u00e8me n\u2019est pas r\u00e9solu, on ne va donner aucune information\u201c"},"content":{"rendered":"<p class=\"p1\"><span class=\"s1\">Depuis certains temps, les m\u00e9dias audiovisuels priv\u00e9s guin\u00e9ens sont victimes de brouillage au niveau leurs fr\u00e9quences. Apr\u00e8s, le cas du groupe Djoma m\u00e9dia et d\u2019Espace Fm, c\u2019est le groupe FIM qui a vu sa fr\u00e9quence compl\u00e8tement brouill\u00e9e le vendredi dernier. <\/span><\/p>\n<p class=\"p1\"><span class=\"s1\">Face \u00e0 cette situation qui devient de plus en plus r\u00e9currente, l\u2019Union des radiodiffusions et t\u00e9l\u00e9visions libres de Guin\u00e9e(URTELGUI), par la voix de son pr\u00e9sident, est mont\u00e9 au cr\u00e9neau ce lundi, 27 octobre 2023, pour d\u00e9noncer agissements contre les m\u00e9dias. <\/span><\/p>\n<p class=\"p1\"><span class=\"s1\">\u201cJe ne peux pas comprendre qu\u2019un \u00c9tat comme la Guin\u00e9e peut se permettre aujourd\u2019hui que, des gens s\u2019arc-boutent derri\u00e8re les technologies fantastiques pour faire ce qu\u2019ils sont entrain de faire. Je veux dire ceci \u00e0 l\u2019endroit du pr\u00e9sident de transition parce qu\u2019il sera demand\u00e9 demain, comme l\u2019est aujourd\u2019hui le pr\u00e9sident Alpha Cond\u00e9, le seul et le premier responsable de ce tout qui adviendra \u00e0 partir de cet instant. Pourquoi je le dis? J\u2019ai appel\u00e9 beaucoup de ministres, on a exprim\u00e9 notre volont\u00e9, vous l\u2019avez suivi \u00e0 travers des synergies que nous organisons \u00e0 l\u2019occasion du 05 septembre. C\u2019est un coup d\u2019\u00c9tat, nous avons accept\u00e9 \u00e0 travers l\u2019\u00e9lan que nous avons vu, qui a \u00e9t\u00e9 exprim\u00e9 par les nouvelles autorit\u00e9s, \u00e0 aider le pays d\u2019avancer. Nous avons dit entant que m\u00e9dias, entant qu\u2019organisation, nous devons accompagner ses initiatives. C\u2019est-\u00e0-dire, faire en sorte de porter la parole, pas de faire la communication pour eux, mais de porter la parole. \u00c7a voudrait dire que nous n\u2019avons de r\u00e9serve ou nous n\u2019avons pas de pr\u00e9tendus vis-\u00e0-vis des nouvelles autorit\u00e9s. Mais, ce qui est entrain aujourd\u2019hui de se passer d\u00e9passe notre attendement, a d\u00e9plor\u00e9 Aboubacar Camara sur les ondes de la Fim Fm dans l\u2019\u00e9mission Mirador. <\/span><\/p>\n<p class=\"p1\"><span class=\"s1\">Poursuivant, le patron l\u2019Union des radiodiffusions et t\u00e9l\u00e9visions libres de Guin\u00e9e(URTELGUI), interpelle le pr\u00e9sident de la transition colonel Mamadi Doumbouya a trouv\u00e9 une solution ce probl\u00e8me. Faute de quoi, URTELGUI annonce des d\u00e9cisions fortes \u00e0 partir de ce mardi. <\/span><\/p>\n<p class=\"p1\"><span class=\"s1\">\u201cC\u2019est pourquoi, j\u2019interpelle le pr\u00e9sident de la transition, je ne sais pas qu\u2019est-ce que le registre rouge lui donne comme information autour de ces dossiers. Parce que je rappelle que les r\u00e9f\u00e9rences de Djoma et d\u2019Espace ont \u00e9t\u00e9 brouill\u00e9es \u00e9galement, la semaine pass\u00e9e Lamine Guirassy m\u2019appel\u00e9 pour m\u2019invoquer le probl\u00e8me. Je voudrais interpeller directement le pr\u00e9sident parce qu\u2019on ne va plus attendre, d\u00e8s demain, on va rentrer en action. Mais, je vais dire ceci, qu\u2019on pr\u00e9pare bien la maison centrale parce que l\u2019ensemble des m\u00e9dias audiovisuels du pays de Conakry jusqu\u2019\u00e0 N\u2019zerekour\u00e9, les responsables, c\u2019est-\u00e0-dire l\u2019\u00e9quipe dirigeante, il va falloir nous am\u00e9nager les salles de prison. Parce que ce qu\u2019on va faire, c\u2019est de la d\u00e9sob\u00e9issance civile \u00e0 partir de demain. Si ce probl\u00e8me n\u2019est pas r\u00e9solu, on ne va donner aucune information. On a pass\u00e9 beaucoup d\u2019appels, depuis l\u2019affaire de Guin\u00e9ematin, on a essay\u00e9 de ne pas d\u2019aller \u00e0 \u00e7a, mais aujourd\u2019hui, on est dans l\u2019obligation d\u2019aller. Parce que l\u00e0, la libert\u00e9 de la presse est s\u00e9rieusement menac\u00e9e et lorsque la libert\u00e9 de la presse est menac\u00e9e, on va se lever\u201d, a t-il averti. <\/span><\/p>\n<p class=\"p1\"><span class=\"s1\">Mohamed Camara <\/span><\/p>\n","protected":false},"excerpt":{"rendered":"<p>Depuis certains temps, les m\u00e9dias audiovisuels priv\u00e9s guin\u00e9ens sont victimes de brouillage au niveau leurs<\/p>\n","protected":false},"author":2,"featured_media":0,"comment_status":"closed","ping_status":"open","sticky":false,"template":"","format":"standard","meta":[],"categories":[3,5],"tags":[229],"yoast_head":"<!-- This site is optimized with the Yoast SEO plugin v19.13 - https:\/\/yoast.com\/wordpress\/plugins\/seo\/ -->\n<title>Brouillage des fr\u00e9quences des m\u00e9dias: \u201cSi ce probl\u00e8me n\u2019est pas r\u00e9solu, on ne va donner aucune information\u201c - UNIVERSNEWS224<\/title>\n<meta name=\"robots\" content=\"index, follow, max-snippet:-1, max-image-preview:large, max-video-preview:-1\" \/>\n<link rel=\"canonical\" href=\"https:\/\/universnews224.com\/index.php\/brouillage-des-frequences-des-medias-si-ce-probleme-nest-pas-resolu-on-ne-va-donner-aucune-information\/\" \/>\n<meta property=\"og:locale\" content=\"fr_FR\" \/>\n<meta property=\"og:type\" content=\"article\" \/>\n<meta property=\"og:title\" content=\"Brouillage des fr\u00e9quences des m\u00e9dias: \u201cSi ce probl\u00e8me n\u2019est pas r\u00e9solu, on ne va donner aucune information\u201c - UNIVERSNEWS224\" \/>\n<meta property=\"og:description\" content=\"Depuis certains temps, les m\u00e9dias audiovisuels priv\u00e9s guin\u00e9ens sont victimes de brouillage au niveau leurs\" \/>\n<meta property=\"og:url\" content=\"https:\/\/universnews224.com\/index.php\/brouillage-des-frequences-des-medias-si-ce-probleme-nest-pas-resolu-on-ne-va-donner-aucune-information\/\" \/>\n<meta property=\"og:site_name\" content=\"UNIVERSNEWS224\" \/>\n<meta property=\"article:published_time\" content=\"2023-11-27T21:05:32+00:00\" \/>\n<meta name=\"author\" content=\"La R\u00e9daction\" \/>\n<meta name=\"twitter:label1\" content=\"\u00c9crit par\" \/>\n\t<meta name=\"twitter:data1\" content=\"La R\u00e9daction\" \/>\n\t<meta name=\"twitter:label2\" content=\"Dur\u00e9e de lecture estim\u00e9e\" \/>\n\t<meta name=\"twitter:data2\" content=\"3 minutes\" \/>\n<script type=\"application\/ld+json\" class=\"yoast-schema-graph\">{\"@context\":\"https:\/\/schema.org\",\"@graph\":[{\"@type\":\"Article\",\"@id\":\"https:\/\/universnews224.com\/index.php\/brouillage-des-frequences-des-medias-si-ce-probleme-nest-pas-resolu-on-ne-va-donner-aucune-information\/#article\",\"isPartOf\":{\"@id\":\"https:\/\/universnews224.com\/index.php\/brouillage-des-frequences-des-medias-si-ce-probleme-nest-pas-resolu-on-ne-va-donner-aucune-information\/\"},\"author\":{\"name\":\"La R\u00e9daction\",\"@id\":\"https:\/\/universnews224.com\/#\/schema\/person\/a4b7d4f94a4716df60456a491260485e\"},\"headline\":\"Brouillage des fr\u00e9quences des m\u00e9dias: \u201cSi ce probl\u00e8me n\u2019est pas r\u00e9solu, on ne va donner aucune information\u201c\",\"datePublished\":\"2023-11-27T21:05:32+00:00\",\"dateModified\":\"2023-11-27T21:05:32+00:00\",\"mainEntityOfPage\":{\"@id\":\"https:\/\/universnews224.com\/index.php\/brouillage-des-frequences-des-medias-si-ce-probleme-nest-pas-resolu-on-ne-va-donner-aucune-information\/\"},\"wordCount\":620,\"publisher\":{\"@id\":\"https:\/\/universnews224.com\/#organization\"},\"keywords\":[\"La une\"],\"articleSection\":[\"ACTU\",\"SOCI\u00c9T\u00c9\"],\"inLanguage\":\"fr-FR\"},{\"@type\":\"WebPage\",\"@id\":\"https:\/\/universnews224.com\/index.php\/brouillage-des-frequences-des-medias-si-ce-probleme-nest-pas-resolu-on-ne-va-donner-aucune-information\/\",\"url\":\"https:\/\/universnews224.com\/index.php\/brouillage-des-frequences-des-medias-si-ce-probleme-nest-pas-resolu-on-ne-va-donner-aucune-information\/\",\"name\":\"Brouillage des fr\u00e9quences des m\u00e9dias: \u201cSi ce probl\u00e8me n\u2019est pas r\u00e9solu, on ne va donner aucune information\u201c - UNIVERSNEWS224\",\"isPartOf\":{\"@id\":\"https:\/\/universnews224.com\/#website\"},\"datePublished\":\"2023-11-27T21:05:32+00:00\",\"dateModified\":\"2023-11-27T21:05:32+00:00\",\"inLanguage\":\"fr-FR\",\"potentialAction\":[{\"@type\":\"ReadAction\",\"target\":[\"https:\/\/universnews224.com\/index.php\/brouillage-des-frequences-des-medias-si-ce-probleme-nest-pas-resolu-on-ne-va-donner-aucune-information\/\"]}]},{\"@type\":\"WebSite\",\"@id\":\"https:\/\/universnews224.com\/#website\",\"url\":\"https:\/\/universnews224.com\/\",\"name\":\"UNIVERSNEWS224\",\"description\":\"\",\"publisher\":{\"@id\":\"https:\/\/universnews224.com\/#organization\"},\"potentialAction\":[{\"@type\":\"SearchAction\",\"target\":{\"@type\":\"EntryPoint\",\"urlTemplate\":\"https:\/\/universnews224.com\/?s={search_term_string}\"},\"query-input\":\"required name=search_term_string\"}],\"inLanguage\":\"fr-FR\"},{\"@type\":\"Organization\",\"@id\":\"https:\/\/universnews224.com\/#organization\",\"name\":\"UNIVERSNEWS224\",\"url\":\"https:\/\/universnews224.com\/\",\"logo\":{\"@type\":\"ImageObject\",\"inLanguage\":\"fr-FR\",\"@id\":\"https:\/\/universnews224.com\/#\/schema\/logo\/image\/\",\"url\":\"https:\/\/universnews224.com\/wp-content\/uploads\/2022\/08\/cropped-cropped-logoban.jpg\",\"contentUrl\":\"https:\/\/universnews224.com\/wp-content\/uploads\/2022\/08\/cropped-cropped-logoban.jpg\",\"width\":1080,\"height\":138,\"caption\":\"UNIVERSNEWS224\"},\"image\":{\"@id\":\"https:\/\/universnews224.com\/#\/schema\/logo\/image\/\"}},{\"@type\":\"Person\",\"@id\":\"https:\/\/universnews224.com\/#\/schema\/person\/a4b7d4f94a4716df60456a491260485e\",\"name\":\"La R\u00e9daction\",\"image\":{\"@type\":\"ImageObject\",\"inLanguage\":\"fr-FR\",\"@id\":\"https:\/\/universnews224.com\/#\/schema\/person\/image\/\",\"url\":\"https:\/\/secure.gravatar.com\/avatar\/edb90acc7752b23e1b3307ad36c14f0d?s=96&d=mm&r=g\",\"contentUrl\":\"https:\/\/secure.gravatar.com\/avatar\/edb90acc7752b23e1b3307ad36c14f0d?s=96&d=mm&r=g\",\"caption\":\"La R\u00e9daction\"},\"sameAs\":[\"https:\/\/universnews224.com\"],\"url\":\"https:\/\/universnews224.com\/index.php\/author\/m-camara\/\"}]}<\/script>\n<!-- \/ Yoast SEO plugin. -->","yoast_head_json":{"title":"Brouillage des fr\u00e9quences des m\u00e9dias: \u201cSi ce probl\u00e8me n\u2019est pas r\u00e9solu, on ne va donner aucune information\u201c - UNIVERSNEWS224","robots":{"index":"index","follow":"follow","max-snippet":"max-snippet:-1","max-image-preview":"max-image-preview:large","max-video-preview":"max-video-preview:-1"},"canonical":"https:\/\/universnews224.com\/index.php\/brouillage-des-frequences-des-medias-si-ce-probleme-nest-pas-resolu-on-ne-va-donner-aucune-information\/","og_locale":"fr_FR","og_type":"article","og_title":"Brouillage des fr\u00e9quences des m\u00e9dias: \u201cSi ce probl\u00e8me n\u2019est pas r\u00e9solu, on ne va donner aucune information\u201c - UNIVERSNEWS224","og_description":"Depuis certains temps, les m\u00e9dias audiovisuels priv\u00e9s guin\u00e9ens sont victimes de brouillage au niveau leurs","og_url":"https:\/\/universnews224.com\/index.php\/brouillage-des-frequences-des-medias-si-ce-probleme-nest-pas-resolu-on-ne-va-donner-aucune-information\/","og_site_name":"UNIVERSNEWS224","article_published_time":"2023-11-27T21:05:32+00:00","author":"La R\u00e9daction","twitter_misc":{"\u00c9crit par":"La R\u00e9daction","Dur\u00e9e de lecture estim\u00e9e":"3 minutes"},"schema":{"@context":"https:\/\/schema.org","@graph":[{"@type":"Article","@id":"https:\/\/universnews224.com\/index.php\/brouillage-des-frequences-des-medias-si-ce-probleme-nest-pas-resolu-on-ne-va-donner-aucune-information\/#article","isPartOf":{"@id":"https:\/\/universnews224.com\/index.php\/brouillage-des-frequences-des-medias-si-ce-probleme-nest-pas-resolu-on-ne-va-donner-aucune-information\/"},"author":{"name":"La R\u00e9daction","@id":"https:\/\/universnews224.com\/#\/schema\/person\/a4b7d4f94a4716df60456a491260485e"},"headline":"Brouillage des fr\u00e9quences des m\u00e9dias: \u201cSi ce probl\u00e8me n\u2019est pas r\u00e9solu, on ne va donner aucune information\u201c","datePublished":"2023-11-27T21:05:32+00:00","dateModified":"2023-11-27T21:05:32+00:00","mainEntityOfPage":{"@id":"https:\/\/universnews224.com\/index.php\/brouillage-des-frequences-des-medias-si-ce-probleme-nest-pas-resolu-on-ne-va-donner-aucune-information\/"},"wordCount":620,"publisher":{"@id":"https:\/\/universnews224.com\/#organization"},"keywords":["La une"],"articleSection":["ACTU","SOCI\u00c9T\u00c9"],"inLanguage":"fr-FR"},{"@type":"WebPage","@id":"https:\/\/universnews224.com\/index.php\/brouillage-des-frequences-des-medias-si-ce-probleme-nest-pas-resolu-on-ne-va-donner-aucune-information\/","url":"https:\/\/universnews224.com\/index.php\/brouillage-des-frequences-des-medias-si-ce-probleme-nest-pas-resolu-on-ne-va-donner-aucune-information\/","name":"Brouillage des fr\u00e9quences des m\u00e9dias: \u201cSi ce probl\u00e8me n\u2019est pas r\u00e9solu, on ne va donner aucune information\u201c - UNIVERSNEWS224","isPartOf":{"@id":"https:\/\/universnews224.com\/#website"},"datePublished":"2023-11-27T21:05:32+00:00","dateModified":"2023-11-27T21:05:32+00:00","inLanguage":"fr-FR","potentialAction":[{"@type":"ReadAction","target":["https:\/\/universnews224.com\/index.php\/brouillage-des-frequences-des-medias-si-ce-probleme-nest-pas-resolu-on-ne-va-donner-aucune-information\/"]}]},{"@type":"WebSite","@id":"https:\/\/universnews224.com\/#website","url":"https:\/\/universnews224.com\/","name":"UNIVERSNEWS224","description":"","publisher":{"@id":"https:\/\/universnews224.com\/#organization"},"potentialAction":[{"@type":"SearchAction","target":{"@type":"EntryPoint","urlTemplate":"https:\/\/universnews224.com\/?s={search_term_string}"},"query-input":"required name=search_term_string"}],"inLanguage":"fr-FR"},{"@type":"Organization","@id":"https:\/\/universnews224.com\/#organization","name":"UNIVERSNEWS224","url":"https:\/\/universnews224.com\/","logo":{"@type":"ImageObject","inLanguage":"fr-FR","@id":"https:\/\/universnews224.com\/#\/schema\/logo\/image\/","url":"https:\/\/universnews224.com\/wp-content\/uploads\/2022\/08\/cropped-cropped-logoban.jpg","contentUrl":"https:\/\/universnews224.com\/wp-content\/uploads\/2022\/08\/cropped-cropped-logoban.jpg","width":1080,"height":138,"caption":"UNIVERSNEWS224"},"image":{"@id":"https:\/\/universnews224.com\/#\/schema\/logo\/image\/"}},{"@type":"Person","@id":"https:\/\/universnews224.com\/#\/schema\/person\/a4b7d4f94a4716df60456a491260485e","name":"La R\u00e9daction","image":{"@type":"ImageObject","inLanguage":"fr-FR","@id":"https:\/\/universnews224.com\/#\/schema\/person\/image\/","url":"https:\/\/secure.gravatar.com\/avatar\/edb90acc7752b23e1b3307ad36c14f0d?s=96&d=mm&r=g","contentUrl":"https:\/\/secure.gravatar.com\/avatar\/edb90acc7752b23e1b3307ad36c14f0d?s=96&d=mm&r=g","caption":"La R\u00e9daction"},"sameAs":["https:\/\/universnews224.com"],"url":"https:\/\/universnews224.com\/index.php\/author\/m-camara\/"}]}},"_links":{"self":[{"href":"https:\/\/universnews224.com\/index.php\/wp-json\/wp\/v2\/posts\/4684"}],"collection":[{"href":"https:\/\/universnews224.com\/index.php\/wp-json\/wp\/v2\/posts"}],"about":[{"href":"https:\/\/universnews224.com\/index.php\/wp-json\/wp\/v2\/types\/post"}],"author":[{"embeddable":true,"href":"https:\/\/universnews224.com\/index.php\/wp-json\/wp\/v2\/users\/2"}],"replies":[{"embeddable":true,"href":"https:\/\/universnews224.com\/index.php\/wp-json\/wp\/v2\/comments?post=4684"}],"version-history":[{"count":1,"href":"https:\/\/universnews224.com\/index.php\/wp-json\/wp\/v2\/posts\/4684\/revisions"}],"predecessor-version":[{"id":4686,"href":"https:\/\/universnews224.com\/index.php\/wp-json\/wp\/v2\/posts\/4684\/revisions\/4686"}],"wp:attachment":[{"href":"https:\/\/universnews224.com\/index.php\/wp-json\/wp\/v2\/media?parent=4684"}],"wp:term":[{"taxonomy":"category","embeddable":true,"href":"https:\/\/universnews224.com\/index.php\/wp-json\/wp\/v2\/categories?post=4684"},{"taxonomy":"post_tag","embeddable":true,"href":"https:\/\/universnews224.com\/index.php\/wp-json\/wp\/v2\/tags?post=4684"}],"curies":[{"name":"wp","href":"https:\/\/api.w.org\/{rel}","templated":true}]}}