{"id":4707,"date":"2023-12-02T02:56:21","date_gmt":"2023-12-02T01:56:21","guid":{"rendered":"https:\/\/universnews224.com\/?p=4707"},"modified":"2023-12-02T02:56:21","modified_gmt":"2023-12-02T01:56:21","slug":"cellou-dalein-diallo-mamadi-doumbouya-ma-decu","status":"publish","type":"post","link":"https:\/\/universnews224.com\/index.php\/cellou-dalein-diallo-mamadi-doumbouya-ma-decu\/","title":{"rendered":"Cellou Dalein Diallo : \u2018\u2019Mamadi Doumbouya m\u2019a d\u00e9\u00e7u\u2026\u2019\u2019"},"content":{"rendered":"<p class=\"p2\"><span class=\"s2\">Loin de son pays depuis bient\u00f4t deux ans, l\u2019ancien premier ministre guin\u00e9en, Cellou Dalein Diallo suit de pr\u00e8s l\u2019actualit\u00e9 politique de la Guin\u00e9e avec notamment la conduite de la transition dirig\u00e9e par le CNRD, \u00e0 sa t\u00eate, le Colonel Mamadi Doumbouya.<\/span><\/p>\n<p class=\"p2\"><span class=\"s2\">\u00c9tant un des leaders ayant soutenu la transition en cours en Guin\u00e9e aux premi\u00e8res heures du coup d\u2019Etat, le leader de l\u2019Union des forces d\u00e9mocratiques de Guin\u00e9e, a vite \u00e9t\u00e9 d\u00e9\u00e7u par la junte au pouvoir. En exil, mais sollicit\u00e9 partout \u00e0 travers le monde, \u00e0 cause de son carnet d\u2019adresse bien garni, Cellou Dalein Diallo est de nouveau revenu sur les raisons de son soutien au Putsch du 5 septembre 2021, qui a d\u00e9pos\u00e9 Alpha Cond\u00e9.<\/span><\/p>\n<p class=\"p2\"><span class=\"s2\">\u2018\u2019Oui, j\u2019ai applaudi la chute d\u2019Alpha Cond\u00e9, parce qu\u2019il exer\u00e7ait un troisi\u00e8me mandat ill\u00e9gal et ill\u00e9gitime, obtenu \u00e0 l\u2019issue d\u2019une violation flagrante de la Constitution qu\u2019il avait, par deux fois, jur\u00e9 de respecter et de faire respecter. Mais Mamadi Doumbouya n\u2019a pas non plus respect\u00e9 ses engagements. Il avait promis de mettre fin \u00e0 l\u2019instrumentalisation de la justice, au pi\u00e9tinement des droits et des libert\u00e9s des citoyens. Il avait aussi promis de faire de la justice et du droit les boussoles de son action. Alors bien \u00e9videmment, je suis d\u00e9\u00e7u\u2019\u2019, a-t-il confi\u00e9 \u00e0 l\u2019hebdomadaire panafricain Jeune Afrique. Non sans faire remarquer qu\u2019il n\u2019est pas en contact avec le Colonel Mamadi Doumbouya.<\/span><\/p>\n<p class=\"p2\"><span class=\"s2\">Mieux, Cellou Dalein Diallo a d\u00e9plor\u00e9 la restriction de l\u2019espace public ces derniers mois, par la junte au pouvoir en Guin\u00e9e. \u2018\u2019L\u2019interdiction de manifester dans les rues et sur les places publiques, les atteintes r\u00e9currentes \u00e0 la libert\u00e9 de la presse, les poursuites et la d\u00e9tention sans base l\u00e9gale des leaders politiques et des acteurs de la soci\u00e9t\u00e9 civile\u2026 Tout cela illustre de mani\u00e8re \u00e9loquente l\u2019\u00e9tat des droits et des libert\u00e9s en Guin\u00e9e\u2019\u2019, fustige le leader de l\u2019UFDG.<\/span><\/p>\n<p class=\"p2\"><span class=\"s3\">Lerevelateur224.com.<\/span><\/p>\n","protected":false},"excerpt":{"rendered":"<p>Loin de son pays depuis bient\u00f4t deux ans, l\u2019ancien premier ministre guin\u00e9en, Cellou Dalein Diallo<\/p>\n","protected":false},"author":2,"featured_media":4635,"comment_status":"closed","ping_status":"open","sticky":false,"template":"","format":"standard","meta":[],"categories":[3,4],"tags":[229],"yoast_head":"<!-- This site is optimized with the Yoast SEO plugin v19.13 - https:\/\/yoast.com\/wordpress\/plugins\/seo\/ -->\n<title>Cellou Dalein Diallo : \u2018\u2019Mamadi Doumbouya m\u2019a d\u00e9\u00e7u\u2026\u2019\u2019 - UNIVERSNEWS224<\/title>\n<meta name=\"robots\" content=\"index, follow, max-snippet:-1, max-image-preview:large, max-video-preview:-1\" \/>\n<link rel=\"canonical\" href=\"https:\/\/universnews224.com\/index.php\/cellou-dalein-diallo-mamadi-doumbouya-ma-decu\/\" \/>\n<meta property=\"og:locale\" content=\"fr_FR\" \/>\n<meta property=\"og:type\" content=\"article\" \/>\n<meta property=\"og:title\" content=\"Cellou Dalein Diallo : \u2018\u2019Mamadi Doumbouya m\u2019a d\u00e9\u00e7u\u2026\u2019\u2019 - UNIVERSNEWS224\" \/>\n<meta property=\"og:description\" content=\"Loin de son pays depuis bient\u00f4t deux ans, l\u2019ancien premier ministre guin\u00e9en, Cellou Dalein Diallo\" \/>\n<meta property=\"og:url\" content=\"https:\/\/universnews224.com\/index.php\/cellou-dalein-diallo-mamadi-doumbouya-ma-decu\/\" \/>\n<meta property=\"og:site_name\" content=\"UNIVERSNEWS224\" \/>\n<meta property=\"article:published_time\" content=\"2023-12-02T01:56:21+00:00\" \/>\n<meta property=\"og:image\" content=\"https:\/\/universnews224.com\/wp-content\/uploads\/2023\/11\/13596DC6-2C11-40E9-BF65-FE703A8276B2.jpeg\" \/>\n\t<meta property=\"og:image:width\" content=\"734\" \/>\n\t<meta property=\"og:image:height\" content=\"499\" \/>\n\t<meta property=\"og:image:type\" content=\"image\/jpeg\" \/>\n<meta name=\"author\" content=\"La R\u00e9daction\" \/>\n<meta name=\"twitter:label1\" content=\"\u00c9crit par\" \/>\n\t<meta name=\"twitter:data1\" content=\"La R\u00e9daction\" \/>\n\t<meta name=\"twitter:label2\" content=\"Dur\u00e9e de lecture estim\u00e9e\" \/>\n\t<meta name=\"twitter:data2\" content=\"2 minutes\" \/>\n<script type=\"application\/ld+json\" class=\"yoast-schema-graph\">{\"@context\":\"https:\/\/schema.org\",\"@graph\":[{\"@type\":\"Article\",\"@id\":\"https:\/\/universnews224.com\/index.php\/cellou-dalein-diallo-mamadi-doumbouya-ma-decu\/#article\",\"isPartOf\":{\"@id\":\"https:\/\/universnews224.com\/index.php\/cellou-dalein-diallo-mamadi-doumbouya-ma-decu\/\"},\"author\":{\"name\":\"La R\u00e9daction\",\"@id\":\"https:\/\/universnews224.com\/#\/schema\/person\/a4b7d4f94a4716df60456a491260485e\"},\"headline\":\"Cellou Dalein Diallo : \u2018\u2019Mamadi Doumbouya m\u2019a d\u00e9\u00e7u\u2026\u2019\u2019\",\"datePublished\":\"2023-12-02T01:56:21+00:00\",\"dateModified\":\"2023-12-02T01:56:21+00:00\",\"mainEntityOfPage\":{\"@id\":\"https:\/\/universnews224.com\/index.php\/cellou-dalein-diallo-mamadi-doumbouya-ma-decu\/\"},\"wordCount\":357,\"publisher\":{\"@id\":\"https:\/\/universnews224.com\/#organization\"},\"keywords\":[\"La une\"],\"articleSection\":[\"ACTU\",\"POLITIQUE\"],\"inLanguage\":\"fr-FR\"},{\"@type\":\"WebPage\",\"@id\":\"https:\/\/universnews224.com\/index.php\/cellou-dalein-diallo-mamadi-doumbouya-ma-decu\/\",\"url\":\"https:\/\/universnews224.com\/index.php\/cellou-dalein-diallo-mamadi-doumbouya-ma-decu\/\",\"name\":\"Cellou Dalein Diallo : \u2018\u2019Mamadi Doumbouya m\u2019a d\u00e9\u00e7u\u2026\u2019\u2019 - UNIVERSNEWS224\",\"isPartOf\":{\"@id\":\"https:\/\/universnews224.com\/#website\"},\"datePublished\":\"2023-12-02T01:56:21+00:00\",\"dateModified\":\"2023-12-02T01:56:21+00:00\",\"inLanguage\":\"fr-FR\",\"potentialAction\":[{\"@type\":\"ReadAction\",\"target\":[\"https:\/\/universnews224.com\/index.php\/cellou-dalein-diallo-mamadi-doumbouya-ma-decu\/\"]}]},{\"@type\":\"WebSite\",\"@id\":\"https:\/\/universnews224.com\/#website\",\"url\":\"https:\/\/universnews224.com\/\",\"name\":\"UNIVERSNEWS224\",\"description\":\"\",\"publisher\":{\"@id\":\"https:\/\/universnews224.com\/#organization\"},\"potentialAction\":[{\"@type\":\"SearchAction\",\"target\":{\"@type\":\"EntryPoint\",\"urlTemplate\":\"https:\/\/universnews224.com\/?s={search_term_string}\"},\"query-input\":\"required name=search_term_string\"}],\"inLanguage\":\"fr-FR\"},{\"@type\":\"Organization\",\"@id\":\"https:\/\/universnews224.com\/#organization\",\"name\":\"UNIVERSNEWS224\",\"url\":\"https:\/\/universnews224.com\/\",\"logo\":{\"@type\":\"ImageObject\",\"inLanguage\":\"fr-FR\",\"@id\":\"https:\/\/universnews224.com\/#\/schema\/logo\/image\/\",\"url\":\"https:\/\/universnews224.com\/wp-content\/uploads\/2022\/08\/cropped-cropped-logoban.jpg\",\"contentUrl\":\"https:\/\/universnews224.com\/wp-content\/uploads\/2022\/08\/cropped-cropped-logoban.jpg\",\"width\":1080,\"height\":138,\"caption\":\"UNIVERSNEWS224\"},\"image\":{\"@id\":\"https:\/\/universnews224.com\/#\/schema\/logo\/image\/\"}},{\"@type\":\"Person\",\"@id\":\"https:\/\/universnews224.com\/#\/schema\/person\/a4b7d4f94a4716df60456a491260485e\",\"name\":\"La R\u00e9daction\",\"image\":{\"@type\":\"ImageObject\",\"inLanguage\":\"fr-FR\",\"@id\":\"https:\/\/universnews224.com\/#\/schema\/person\/image\/\",\"url\":\"https:\/\/secure.gravatar.com\/avatar\/edb90acc7752b23e1b3307ad36c14f0d?s=96&d=mm&r=g\",\"contentUrl\":\"https:\/\/secure.gravatar.com\/avatar\/edb90acc7752b23e1b3307ad36c14f0d?s=96&d=mm&r=g\",\"caption\":\"La R\u00e9daction\"},\"sameAs\":[\"https:\/\/universnews224.com\"],\"url\":\"https:\/\/universnews224.com\/index.php\/author\/m-camara\/\"}]}<\/script>\n<!-- \/ Yoast SEO plugin. -->","yoast_head_json":{"title":"Cellou Dalein Diallo : \u2018\u2019Mamadi Doumbouya m\u2019a d\u00e9\u00e7u\u2026\u2019\u2019 - UNIVERSNEWS224","robots":{"index":"index","follow":"follow","max-snippet":"max-snippet:-1","max-image-preview":"max-image-preview:large","max-video-preview":"max-video-preview:-1"},"canonical":"https:\/\/universnews224.com\/index.php\/cellou-dalein-diallo-mamadi-doumbouya-ma-decu\/","og_locale":"fr_FR","og_type":"article","og_title":"Cellou Dalein Diallo : \u2018\u2019Mamadi Doumbouya m\u2019a d\u00e9\u00e7u\u2026\u2019\u2019 - UNIVERSNEWS224","og_description":"Loin de son pays depuis bient\u00f4t deux ans, l\u2019ancien premier ministre guin\u00e9en, Cellou Dalein Diallo","og_url":"https:\/\/universnews224.com\/index.php\/cellou-dalein-diallo-mamadi-doumbouya-ma-decu\/","og_site_name":"UNIVERSNEWS224","article_published_time":"2023-12-02T01:56:21+00:00","og_image":[{"width":734,"height":499,"url":"https:\/\/universnews224.com\/wp-content\/uploads\/2023\/11\/13596DC6-2C11-40E9-BF65-FE703A8276B2.jpeg","type":"image\/jpeg"}],"author":"La R\u00e9daction","twitter_misc":{"\u00c9crit par":"La R\u00e9daction","Dur\u00e9e de lecture estim\u00e9e":"2 minutes"},"schema":{"@context":"https:\/\/schema.org","@graph":[{"@type":"Article","@id":"https:\/\/universnews224.com\/index.php\/cellou-dalein-diallo-mamadi-doumbouya-ma-decu\/#article","isPartOf":{"@id":"https:\/\/universnews224.com\/index.php\/cellou-dalein-diallo-mamadi-doumbouya-ma-decu\/"},"author":{"name":"La R\u00e9daction","@id":"https:\/\/universnews224.com\/#\/schema\/person\/a4b7d4f94a4716df60456a491260485e"},"headline":"Cellou Dalein Diallo : \u2018\u2019Mamadi Doumbouya m\u2019a d\u00e9\u00e7u\u2026\u2019\u2019","datePublished":"2023-12-02T01:56:21+00:00","dateModified":"2023-12-02T01:56:21+00:00","mainEntityOfPage":{"@id":"https:\/\/universnews224.com\/index.php\/cellou-dalein-diallo-mamadi-doumbouya-ma-decu\/"},"wordCount":357,"publisher":{"@id":"https:\/\/universnews224.com\/#organization"},"keywords":["La une"],"articleSection":["ACTU","POLITIQUE"],"inLanguage":"fr-FR"},{"@type":"WebPage","@id":"https:\/\/universnews224.com\/index.php\/cellou-dalein-diallo-mamadi-doumbouya-ma-decu\/","url":"https:\/\/universnews224.com\/index.php\/cellou-dalein-diallo-mamadi-doumbouya-ma-decu\/","name":"Cellou Dalein Diallo : \u2018\u2019Mamadi Doumbouya m\u2019a d\u00e9\u00e7u\u2026\u2019\u2019 - UNIVERSNEWS224","isPartOf":{"@id":"https:\/\/universnews224.com\/#website"},"datePublished":"2023-12-02T01:56:21+00:00","dateModified":"2023-12-02T01:56:21+00:00","inLanguage":"fr-FR","potentialAction":[{"@type":"ReadAction","target":["https:\/\/universnews224.com\/index.php\/cellou-dalein-diallo-mamadi-doumbouya-ma-decu\/"]}]},{"@type":"WebSite","@id":"https:\/\/universnews224.com\/#website","url":"https:\/\/universnews224.com\/","name":"UNIVERSNEWS224","description":"","publisher":{"@id":"https:\/\/universnews224.com\/#organization"},"potentialAction":[{"@type":"SearchAction","target":{"@type":"EntryPoint","urlTemplate":"https:\/\/universnews224.com\/?s={search_term_string}"},"query-input":"required name=search_term_string"}],"inLanguage":"fr-FR"},{"@type":"Organization","@id":"https:\/\/universnews224.com\/#organization","name":"UNIVERSNEWS224","url":"https:\/\/universnews224.com\/","logo":{"@type":"ImageObject","inLanguage":"fr-FR","@id":"https:\/\/universnews224.com\/#\/schema\/logo\/image\/","url":"https:\/\/universnews224.com\/wp-content\/uploads\/2022\/08\/cropped-cropped-logoban.jpg","contentUrl":"https:\/\/universnews224.com\/wp-content\/uploads\/2022\/08\/cropped-cropped-logoban.jpg","width":1080,"height":138,"caption":"UNIVERSNEWS224"},"image":{"@id":"https:\/\/universnews224.com\/#\/schema\/logo\/image\/"}},{"@type":"Person","@id":"https:\/\/universnews224.com\/#\/schema\/person\/a4b7d4f94a4716df60456a491260485e","name":"La R\u00e9daction","image":{"@type":"ImageObject","inLanguage":"fr-FR","@id":"https:\/\/universnews224.com\/#\/schema\/person\/image\/","url":"https:\/\/secure.gravatar.com\/avatar\/edb90acc7752b23e1b3307ad36c14f0d?s=96&d=mm&r=g","contentUrl":"https:\/\/secure.gravatar.com\/avatar\/edb90acc7752b23e1b3307ad36c14f0d?s=96&d=mm&r=g","caption":"La R\u00e9daction"},"sameAs":["https:\/\/universnews224.com"],"url":"https:\/\/universnews224.com\/index.php\/author\/m-camara\/"}]}},"_links":{"self":[{"href":"https:\/\/universnews224.com\/index.php\/wp-json\/wp\/v2\/posts\/4707"}],"collection":[{"href":"https:\/\/universnews224.com\/index.php\/wp-json\/wp\/v2\/posts"}],"about":[{"href":"https:\/\/universnews224.com\/index.php\/wp-json\/wp\/v2\/types\/post"}],"author":[{"embeddable":true,"href":"https:\/\/universnews224.com\/index.php\/wp-json\/wp\/v2\/users\/2"}],"replies":[{"embeddable":true,"href":"https:\/\/universnews224.com\/index.php\/wp-json\/wp\/v2\/comments?post=4707"}],"version-history":[{"count":1,"href":"https:\/\/universnews224.com\/index.php\/wp-json\/wp\/v2\/posts\/4707\/revisions"}],"predecessor-version":[{"id":4708,"href":"https:\/\/universnews224.com\/index.php\/wp-json\/wp\/v2\/posts\/4707\/revisions\/4708"}],"wp:featuredmedia":[{"embeddable":true,"href":"https:\/\/universnews224.com\/index.php\/wp-json\/wp\/v2\/media\/4635"}],"wp:attachment":[{"href":"https:\/\/universnews224.com\/index.php\/wp-json\/wp\/v2\/media?parent=4707"}],"wp:term":[{"taxonomy":"category","embeddable":true,"href":"https:\/\/universnews224.com\/index.php\/wp-json\/wp\/v2\/categories?post=4707"},{"taxonomy":"post_tag","embeddable":true,"href":"https:\/\/universnews224.com\/index.php\/wp-json\/wp\/v2\/tags?post=4707"}],"curies":[{"name":"wp","href":"https:\/\/api.w.org\/{rel}","templated":true}]}}