{"id":4709,"date":"2023-12-04T19:10:59","date_gmt":"2023-12-04T18:10:59","guid":{"rendered":"https:\/\/universnews224.com\/?p=4709"},"modified":"2023-12-04T19:10:59","modified_gmt":"2023-12-04T18:10:59","slug":"bafoe-a-la-barre-les-manifestants-etaient-plus-forts-que-nous-quand-ils-sont-arrives-nous-avons-tous-fui","status":"publish","type":"post","link":"https:\/\/universnews224.com\/index.php\/bafoe-a-la-barre-les-manifestants-etaient-plus-forts-que-nous-quand-ils-sont-arrives-nous-avons-tous-fui\/","title":{"rendered":"Bafo\u00e9 \u00e0 la barre : \u201cLes manifestants \u00e9taient plus forts que nous, quand ils sont arriv\u00e9s, nous avons tous fui\u201d"},"content":{"rendered":"<p class=\"p1\">L\u2019ancien Directeur central de la Compagnie mobile d\u2019intervention et de s\u00e9curit\u00e9 (CMIS 1) de Cameroun, Ansoumane Camara dit \u00abBaffo\u00e9 \u00bb, a comparu ce lundi, 04 d\u00e9cembre 2023 pour la deuxi\u00e8me journ\u00e9e devant le tribunal criminel de Dixinn, d\u00e9localis\u00e9 \u00e0 la cour d\u2019appel de Conakry, en tant que t\u00e9moin des douloureux \u00e9v\u00e9nements du 28 septembre 2009.<\/p>\n<p class=\"p1\"><span class=\"s1\">R\u00e9pondant aux questions des avocats de la d\u00e9fense, l\u2019ancien contr\u00f4leur g\u00e9n\u00e9ral de la police a affirm\u00e9 que \u201dles manifestants \u00e9taient plus forts que nous. Parce quand ils sont arriv\u00e9s, nous avons tous fui. Nous n\u2019\u00e9tions arm\u00e9s que de gaz lacrymog\u00e8nes. Et ces gaz \u00e9taient m\u00eame finis\u201d, a t-il d\u00e9clar\u00e9 \u00e0 la barre. <\/span><\/p>\n<p class=\"p1\"><span class=\"s1\">Poursuivant, le g\u00e9n\u00e9ral \u00e0 la retraite a laiss\u00e9 entendre que le but de leur pr\u00e9sence au stade ce jour-l\u00e0 \u00e9tait <\/span><span class=\"s2\">\u00ab d\u2019emp\u00eacher la tenue de manifestation, parce qu\u2019elle \u00e9tait interdite \u00bb.<\/span><\/p>\n<p class=\"p1\"><span class=\"s2\">\u00ab Je n\u2019\u00e9tais pas \u00e0 l\u2019int\u00e9rieur du stade. Je n\u2019ai pas ordonn\u00e9 de faire usage de grenades lacrymog\u00e8nes. De 10 heures jusqu\u2019\u00e0 midi, personne n\u2019avait fait usage de gaz lacrymog\u00e8nes dans le stade. Par contre sur l\u2019esplanade, quand mon ministre \u00e9tait en train de faire des sensibilisations alors sur la Namba, il y a eu quelques soubresauts. Entre-temps, j\u2019ai assist\u00e9 au lancement du gaz. Je ne peux dire exactement qui a lanc\u00e9 ces gaz, mais c\u2019est ce qui a permis \u00e0 mon ministre de se frayer un chemin puisque une bonne partie de la foule \u00e9tait all\u00e9e vers Pharmaguin\u00e9e. Nous \u00e9tions compl\u00e8tement d\u00e9bord\u00e9s. Dans un premier temps, nous avons d\u00e9croch\u00e9 et on est all\u00e9s vers Pharmaguin\u00e9e. Quand on est revenus, on a trouv\u00e9 que les leaders \u00e9taient d\u00e9j\u00e0 sur place \u00bb<\/span><span class=\"s1\">, a t-il indiqu\u00e9. <\/span><\/p>\n<p class=\"p1\"><span class=\"s1\">Mohamed Camara <\/span><\/p>\n","protected":false},"excerpt":{"rendered":"<p>L\u2019ancien Directeur central de la Compagnie mobile d\u2019intervention et de s\u00e9curit\u00e9 (CMIS 1) de Cameroun,<\/p>\n","protected":false},"author":2,"featured_media":4710,"comment_status":"closed","ping_status":"open","sticky":false,"template":"","format":"standard","meta":[],"categories":[3,4],"tags":[229],"yoast_head":"<!-- This site is optimized with the Yoast SEO plugin v19.13 - https:\/\/yoast.com\/wordpress\/plugins\/seo\/ -->\n<title>Bafo\u00e9 \u00e0 la barre : \u201cLes manifestants \u00e9taient plus forts que nous, quand ils sont arriv\u00e9s, nous avons tous fui\u201d - UNIVERSNEWS224<\/title>\n<meta name=\"robots\" content=\"index, follow, max-snippet:-1, max-image-preview:large, max-video-preview:-1\" \/>\n<link rel=\"canonical\" href=\"https:\/\/universnews224.com\/index.php\/bafoe-a-la-barre-les-manifestants-etaient-plus-forts-que-nous-quand-ils-sont-arrives-nous-avons-tous-fui\/\" \/>\n<meta property=\"og:locale\" content=\"fr_FR\" \/>\n<meta property=\"og:type\" content=\"article\" \/>\n<meta property=\"og:title\" content=\"Bafo\u00e9 \u00e0 la barre : \u201cLes manifestants \u00e9taient plus forts que nous, quand ils sont arriv\u00e9s, nous avons tous fui\u201d - UNIVERSNEWS224\" \/>\n<meta property=\"og:description\" content=\"L\u2019ancien Directeur central de la Compagnie mobile d\u2019intervention et de s\u00e9curit\u00e9 (CMIS 1) de Cameroun,\" \/>\n<meta property=\"og:url\" content=\"https:\/\/universnews224.com\/index.php\/bafoe-a-la-barre-les-manifestants-etaient-plus-forts-que-nous-quand-ils-sont-arrives-nous-avons-tous-fui\/\" \/>\n<meta property=\"og:site_name\" content=\"UNIVERSNEWS224\" \/>\n<meta property=\"article:published_time\" content=\"2023-12-04T18:10:59+00:00\" \/>\n<meta property=\"og:image\" content=\"https:\/\/universnews224.com\/wp-content\/uploads\/2023\/12\/DCA6E826-EE8C-46C1-9FD1-B32CA434D541.webp\" \/>\n\t<meta property=\"og:image:width\" content=\"508\" \/>\n\t<meta property=\"og:image:height\" content=\"307\" \/>\n\t<meta property=\"og:image:type\" content=\"image\/webp\" \/>\n<meta name=\"author\" content=\"La R\u00e9daction\" \/>\n<meta name=\"twitter:label1\" content=\"\u00c9crit par\" \/>\n\t<meta name=\"twitter:data1\" content=\"La R\u00e9daction\" \/>\n\t<meta name=\"twitter:label2\" content=\"Dur\u00e9e de lecture estim\u00e9e\" \/>\n\t<meta name=\"twitter:data2\" content=\"2 minutes\" \/>\n<script type=\"application\/ld+json\" class=\"yoast-schema-graph\">{\"@context\":\"https:\/\/schema.org\",\"@graph\":[{\"@type\":\"Article\",\"@id\":\"https:\/\/universnews224.com\/index.php\/bafoe-a-la-barre-les-manifestants-etaient-plus-forts-que-nous-quand-ils-sont-arrives-nous-avons-tous-fui\/#article\",\"isPartOf\":{\"@id\":\"https:\/\/universnews224.com\/index.php\/bafoe-a-la-barre-les-manifestants-etaient-plus-forts-que-nous-quand-ils-sont-arrives-nous-avons-tous-fui\/\"},\"author\":{\"name\":\"La R\u00e9daction\",\"@id\":\"https:\/\/universnews224.com\/#\/schema\/person\/a4b7d4f94a4716df60456a491260485e\"},\"headline\":\"Bafo\u00e9 \u00e0 la barre : \u201cLes manifestants \u00e9taient plus forts que nous, quand ils sont arriv\u00e9s, nous avons tous fui\u201d\",\"datePublished\":\"2023-12-04T18:10:59+00:00\",\"dateModified\":\"2023-12-04T18:10:59+00:00\",\"mainEntityOfPage\":{\"@id\":\"https:\/\/universnews224.com\/index.php\/bafoe-a-la-barre-les-manifestants-etaient-plus-forts-que-nous-quand-ils-sont-arrives-nous-avons-tous-fui\/\"},\"wordCount\":324,\"publisher\":{\"@id\":\"https:\/\/universnews224.com\/#organization\"},\"keywords\":[\"La une\"],\"articleSection\":[\"ACTU\",\"POLITIQUE\"],\"inLanguage\":\"fr-FR\"},{\"@type\":\"WebPage\",\"@id\":\"https:\/\/universnews224.com\/index.php\/bafoe-a-la-barre-les-manifestants-etaient-plus-forts-que-nous-quand-ils-sont-arrives-nous-avons-tous-fui\/\",\"url\":\"https:\/\/universnews224.com\/index.php\/bafoe-a-la-barre-les-manifestants-etaient-plus-forts-que-nous-quand-ils-sont-arrives-nous-avons-tous-fui\/\",\"name\":\"Bafo\u00e9 \u00e0 la barre : \u201cLes manifestants \u00e9taient plus forts que nous, quand ils sont arriv\u00e9s, nous avons tous fui\u201d - UNIVERSNEWS224\",\"isPartOf\":{\"@id\":\"https:\/\/universnews224.com\/#website\"},\"datePublished\":\"2023-12-04T18:10:59+00:00\",\"dateModified\":\"2023-12-04T18:10:59+00:00\",\"inLanguage\":\"fr-FR\",\"potentialAction\":[{\"@type\":\"ReadAction\",\"target\":[\"https:\/\/universnews224.com\/index.php\/bafoe-a-la-barre-les-manifestants-etaient-plus-forts-que-nous-quand-ils-sont-arrives-nous-avons-tous-fui\/\"]}]},{\"@type\":\"WebSite\",\"@id\":\"https:\/\/universnews224.com\/#website\",\"url\":\"https:\/\/universnews224.com\/\",\"name\":\"UNIVERSNEWS224\",\"description\":\"\",\"publisher\":{\"@id\":\"https:\/\/universnews224.com\/#organization\"},\"potentialAction\":[{\"@type\":\"SearchAction\",\"target\":{\"@type\":\"EntryPoint\",\"urlTemplate\":\"https:\/\/universnews224.com\/?s={search_term_string}\"},\"query-input\":\"required name=search_term_string\"}],\"inLanguage\":\"fr-FR\"},{\"@type\":\"Organization\",\"@id\":\"https:\/\/universnews224.com\/#organization\",\"name\":\"UNIVERSNEWS224\",\"url\":\"https:\/\/universnews224.com\/\",\"logo\":{\"@type\":\"ImageObject\",\"inLanguage\":\"fr-FR\",\"@id\":\"https:\/\/universnews224.com\/#\/schema\/logo\/image\/\",\"url\":\"https:\/\/universnews224.com\/wp-content\/uploads\/2022\/08\/cropped-cropped-logoban.jpg\",\"contentUrl\":\"https:\/\/universnews224.com\/wp-content\/uploads\/2022\/08\/cropped-cropped-logoban.jpg\",\"width\":1080,\"height\":138,\"caption\":\"UNIVERSNEWS224\"},\"image\":{\"@id\":\"https:\/\/universnews224.com\/#\/schema\/logo\/image\/\"}},{\"@type\":\"Person\",\"@id\":\"https:\/\/universnews224.com\/#\/schema\/person\/a4b7d4f94a4716df60456a491260485e\",\"name\":\"La R\u00e9daction\",\"image\":{\"@type\":\"ImageObject\",\"inLanguage\":\"fr-FR\",\"@id\":\"https:\/\/universnews224.com\/#\/schema\/person\/image\/\",\"url\":\"https:\/\/secure.gravatar.com\/avatar\/edb90acc7752b23e1b3307ad36c14f0d?s=96&d=mm&r=g\",\"contentUrl\":\"https:\/\/secure.gravatar.com\/avatar\/edb90acc7752b23e1b3307ad36c14f0d?s=96&d=mm&r=g\",\"caption\":\"La R\u00e9daction\"},\"sameAs\":[\"https:\/\/universnews224.com\"],\"url\":\"https:\/\/universnews224.com\/index.php\/author\/m-camara\/\"}]}<\/script>\n<!-- \/ Yoast SEO plugin. -->","yoast_head_json":{"title":"Bafo\u00e9 \u00e0 la barre : \u201cLes manifestants \u00e9taient plus forts que nous, quand ils sont arriv\u00e9s, nous avons tous fui\u201d - UNIVERSNEWS224","robots":{"index":"index","follow":"follow","max-snippet":"max-snippet:-1","max-image-preview":"max-image-preview:large","max-video-preview":"max-video-preview:-1"},"canonical":"https:\/\/universnews224.com\/index.php\/bafoe-a-la-barre-les-manifestants-etaient-plus-forts-que-nous-quand-ils-sont-arrives-nous-avons-tous-fui\/","og_locale":"fr_FR","og_type":"article","og_title":"Bafo\u00e9 \u00e0 la barre : \u201cLes manifestants \u00e9taient plus forts que nous, quand ils sont arriv\u00e9s, nous avons tous fui\u201d - UNIVERSNEWS224","og_description":"L\u2019ancien Directeur central de la Compagnie mobile d\u2019intervention et de s\u00e9curit\u00e9 (CMIS 1) de Cameroun,","og_url":"https:\/\/universnews224.com\/index.php\/bafoe-a-la-barre-les-manifestants-etaient-plus-forts-que-nous-quand-ils-sont-arrives-nous-avons-tous-fui\/","og_site_name":"UNIVERSNEWS224","article_published_time":"2023-12-04T18:10:59+00:00","og_image":[{"width":508,"height":307,"url":"https:\/\/universnews224.com\/wp-content\/uploads\/2023\/12\/DCA6E826-EE8C-46C1-9FD1-B32CA434D541.webp","type":"image\/webp"}],"author":"La R\u00e9daction","twitter_misc":{"\u00c9crit par":"La R\u00e9daction","Dur\u00e9e de lecture estim\u00e9e":"2 minutes"},"schema":{"@context":"https:\/\/schema.org","@graph":[{"@type":"Article","@id":"https:\/\/universnews224.com\/index.php\/bafoe-a-la-barre-les-manifestants-etaient-plus-forts-que-nous-quand-ils-sont-arrives-nous-avons-tous-fui\/#article","isPartOf":{"@id":"https:\/\/universnews224.com\/index.php\/bafoe-a-la-barre-les-manifestants-etaient-plus-forts-que-nous-quand-ils-sont-arrives-nous-avons-tous-fui\/"},"author":{"name":"La R\u00e9daction","@id":"https:\/\/universnews224.com\/#\/schema\/person\/a4b7d4f94a4716df60456a491260485e"},"headline":"Bafo\u00e9 \u00e0 la barre : \u201cLes manifestants \u00e9taient plus forts que nous, quand ils sont arriv\u00e9s, nous avons tous fui\u201d","datePublished":"2023-12-04T18:10:59+00:00","dateModified":"2023-12-04T18:10:59+00:00","mainEntityOfPage":{"@id":"https:\/\/universnews224.com\/index.php\/bafoe-a-la-barre-les-manifestants-etaient-plus-forts-que-nous-quand-ils-sont-arrives-nous-avons-tous-fui\/"},"wordCount":324,"publisher":{"@id":"https:\/\/universnews224.com\/#organization"},"keywords":["La une"],"articleSection":["ACTU","POLITIQUE"],"inLanguage":"fr-FR"},{"@type":"WebPage","@id":"https:\/\/universnews224.com\/index.php\/bafoe-a-la-barre-les-manifestants-etaient-plus-forts-que-nous-quand-ils-sont-arrives-nous-avons-tous-fui\/","url":"https:\/\/universnews224.com\/index.php\/bafoe-a-la-barre-les-manifestants-etaient-plus-forts-que-nous-quand-ils-sont-arrives-nous-avons-tous-fui\/","name":"Bafo\u00e9 \u00e0 la barre : \u201cLes manifestants \u00e9taient plus forts que nous, quand ils sont arriv\u00e9s, nous avons tous fui\u201d - UNIVERSNEWS224","isPartOf":{"@id":"https:\/\/universnews224.com\/#website"},"datePublished":"2023-12-04T18:10:59+00:00","dateModified":"2023-12-04T18:10:59+00:00","inLanguage":"fr-FR","potentialAction":[{"@type":"ReadAction","target":["https:\/\/universnews224.com\/index.php\/bafoe-a-la-barre-les-manifestants-etaient-plus-forts-que-nous-quand-ils-sont-arrives-nous-avons-tous-fui\/"]}]},{"@type":"WebSite","@id":"https:\/\/universnews224.com\/#website","url":"https:\/\/universnews224.com\/","name":"UNIVERSNEWS224","description":"","publisher":{"@id":"https:\/\/universnews224.com\/#organization"},"potentialAction":[{"@type":"SearchAction","target":{"@type":"EntryPoint","urlTemplate":"https:\/\/universnews224.com\/?s={search_term_string}"},"query-input":"required name=search_term_string"}],"inLanguage":"fr-FR"},{"@type":"Organization","@id":"https:\/\/universnews224.com\/#organization","name":"UNIVERSNEWS224","url":"https:\/\/universnews224.com\/","logo":{"@type":"ImageObject","inLanguage":"fr-FR","@id":"https:\/\/universnews224.com\/#\/schema\/logo\/image\/","url":"https:\/\/universnews224.com\/wp-content\/uploads\/2022\/08\/cropped-cropped-logoban.jpg","contentUrl":"https:\/\/universnews224.com\/wp-content\/uploads\/2022\/08\/cropped-cropped-logoban.jpg","width":1080,"height":138,"caption":"UNIVERSNEWS224"},"image":{"@id":"https:\/\/universnews224.com\/#\/schema\/logo\/image\/"}},{"@type":"Person","@id":"https:\/\/universnews224.com\/#\/schema\/person\/a4b7d4f94a4716df60456a491260485e","name":"La R\u00e9daction","image":{"@type":"ImageObject","inLanguage":"fr-FR","@id":"https:\/\/universnews224.com\/#\/schema\/person\/image\/","url":"https:\/\/secure.gravatar.com\/avatar\/edb90acc7752b23e1b3307ad36c14f0d?s=96&d=mm&r=g","contentUrl":"https:\/\/secure.gravatar.com\/avatar\/edb90acc7752b23e1b3307ad36c14f0d?s=96&d=mm&r=g","caption":"La R\u00e9daction"},"sameAs":["https:\/\/universnews224.com"],"url":"https:\/\/universnews224.com\/index.php\/author\/m-camara\/"}]}},"_links":{"self":[{"href":"https:\/\/universnews224.com\/index.php\/wp-json\/wp\/v2\/posts\/4709"}],"collection":[{"href":"https:\/\/universnews224.com\/index.php\/wp-json\/wp\/v2\/posts"}],"about":[{"href":"https:\/\/universnews224.com\/index.php\/wp-json\/wp\/v2\/types\/post"}],"author":[{"embeddable":true,"href":"https:\/\/universnews224.com\/index.php\/wp-json\/wp\/v2\/users\/2"}],"replies":[{"embeddable":true,"href":"https:\/\/universnews224.com\/index.php\/wp-json\/wp\/v2\/comments?post=4709"}],"version-history":[{"count":1,"href":"https:\/\/universnews224.com\/index.php\/wp-json\/wp\/v2\/posts\/4709\/revisions"}],"predecessor-version":[{"id":4711,"href":"https:\/\/universnews224.com\/index.php\/wp-json\/wp\/v2\/posts\/4709\/revisions\/4711"}],"wp:featuredmedia":[{"embeddable":true,"href":"https:\/\/universnews224.com\/index.php\/wp-json\/wp\/v2\/media\/4710"}],"wp:attachment":[{"href":"https:\/\/universnews224.com\/index.php\/wp-json\/wp\/v2\/media?parent=4709"}],"wp:term":[{"taxonomy":"category","embeddable":true,"href":"https:\/\/universnews224.com\/index.php\/wp-json\/wp\/v2\/categories?post=4709"},{"taxonomy":"post_tag","embeddable":true,"href":"https:\/\/universnews224.com\/index.php\/wp-json\/wp\/v2\/tags?post=4709"}],"curies":[{"name":"wp","href":"https:\/\/api.w.org\/{rel}","templated":true}]}}