{"id":4712,"date":"2023-12-04T19:12:57","date_gmt":"2023-12-04T18:12:57","guid":{"rendered":"https:\/\/universnews224.com\/?p=4712"},"modified":"2023-12-04T19:12:57","modified_gmt":"2023-12-04T18:12:57","slug":"brouillage-des-ondes-les-associations-de-presse-et-du-syndicat-des-professionnels-de-la-presse-de-guinee-denoncent-et-annoncent-des-actions","status":"publish","type":"post","link":"https:\/\/universnews224.com\/index.php\/brouillage-des-ondes-les-associations-de-presse-et-du-syndicat-des-professionnels-de-la-presse-de-guinee-denoncent-et-annoncent-des-actions\/","title":{"rendered":"Brouillage  des ondes: les Associations de presse et du Syndicat des Professionnels de la Presse de Guin\u00e9e d\u00e9noncent et annoncent des actions."},"content":{"rendered":"<p class=\"p1\"><span class=\"s1\">Suite aux brouillages syst\u00e9matiques impos\u00e9s \u00e0 certains m\u00e9dias et la restriction des r\u00e9seaux sociaux en Guin\u00e9e, les Associations de presse et du Syndicat des Professionnels de la Presse de Guin\u00e9e (SPPG) ont tenu une r\u00e9union ce lundi, 04 d\u00e9cembre, \u00e0 la maison de la presse, pour statuer sur ce probl\u00e8me. <\/span><\/p>\n<p class=\"p1\"><span class=\"s1\">Dans une d\u00e9claration qui a sanctionn\u00e9 cette rencontre, les Associations de presse et du Syndicat des Professionnels de la Presse de Guin\u00e9e (SPPG) ont tout d\u2019abord, d\u00e9nonc\u00e9 et condamn\u00e9 ces pratiques qu\u2019ils qualifient de \u201cliberticides\u201d avant d\u2019annoncer des actions fortes. <\/span><\/p>\n<p class=\"p1\"><span class=\"s1\"><span class=\"Apple-converted-space\">\u00a0 \u00a0 \u00a0 \u00a0 \u00a0 \u00a0 \u00a0 \u00a0 \u00a0 \u00a0 \u00a0 \u00a0 <\/span>D\u00e9claration. <\/span><\/p>\n<p class=\"p1\"><span class=\"s1\">Constatant la menace d&rsquo;extinction des m\u00e9dias priv\u00e9s \u00e0 travers le brouillage ill\u00e9gal de plusieurs radios priv\u00e9es et le blocage des r\u00e9seaux sociaux impactant le fonctionnement des m\u00e9dias, les Associations de presse et le SPPG se sont r\u00e9unies en Assembl\u00e9e g\u00e9n\u00e9rale extraordinaire ce lundi, 04 d\u00e9cembre 2023 \u00e0 la Maison de la Presse de Guin\u00e9e.<\/span><\/p>\n<p class=\"p1\"><span class=\"s1\">Unanimement et sans r\u00e9serve, l&rsquo;Assembl\u00e9e G\u00e9n\u00e9rale d\u00e9nonce et condamne ces pratiques liberticides.<\/span><\/p>\n<p class=\"p1\"><span class=\"s1\">L&rsquo;Assembl\u00e9e G\u00e9n\u00e9rale regrette que toutes les d\u00e9marches men\u00e9es aupr\u00e8s des autorit\u00e9s comp\u00e9tentes soient rest\u00e9es jusque-l\u00e0 infructueuses.<\/span><\/p>\n<p class=\"p1\"><span class=\"s1\">L&rsquo;Assembl\u00e9e G\u00e9n\u00e9rale d\u00e9nonce l&rsquo;inaction et le silence coupable des services comp\u00e9tents de l&rsquo;Etat bien que saisis officiellement.<\/span><\/p>\n<p class=\"p1\"><span class=\"s1\">L&rsquo;Assembl\u00e9e G\u00e9n\u00e9rale a relev\u00e9 que ces actes sont contraires \u00e0 la charte de la transition et aux engagements du chefs de l&rsquo;Etat de prot\u00e9ger et de garantir la libert\u00e9 de la presse.<\/span><\/p>\n<p class=\"p1\"><span class=\"s1\">Au regard de cette situation dramatique in\u00e9dite, l&rsquo;Assembl\u00e9e G\u00e9n\u00e9rale exige la lev\u00e9e imm\u00e9diate et sans condition de ces restrictions.<\/span><\/p>\n<p class=\"p1\"><span class=\"s1\">A d\u00e9faut, les associations de presse et le SPPG entendent d\u00e8s mercredi, 06 d\u00e9cembre 2023, d&rsquo;engager les actions ci-apr\u00e8s:<\/span><\/p>\n<p class=\"p1\"><span class=\"s1\">\u2022 D\u00e9signer les personnalit\u00e9s dont les noms suivent ennemies de la presse :<\/span><\/p>\n<p class=\"p1\"><span class=\"s1\">\u2022 Dr Bernard Goumou (Premier Ministre);<\/span><\/p>\n<p class=\"p1\"><span class=\"s1\">\u2022 Djiba Diakit\u00e9 (PCA du Conseil national de r\u00e9gulation des t\u00e9l\u00e9communications); postes et<\/span><\/p>\n<p class=\"p1\"><span class=\"s1\">\u2022 Ousmane Gaoual Diallo (Ministre des Postes, T\u00e9l\u00e9communications num\u00e9rique); et de l&rsquo;Economie<\/span><\/p>\n<p class=\"p1\"><span class=\"s1\">\u2022 Mamady Doumbouya (Directeur G\u00e9n\u00e9ral de I&rsquo;ARPT);<\/span><\/p>\n<p class=\"p1\"><span class=\"s1\">\u2022 Adama Cond\u00e9 (DGA de l&rsquo;ARPT);<\/span><\/p>\n<p class=\"p1\"><span class=\"s1\">Engager des poursuites judiciaires contre l&rsquo;ARPT;<\/span><\/p>\n<p class=\"p1\"><span class=\"s1\">Organiser des Journ\u00e9es sans presse;<\/span><\/p>\n<p class=\"p1\"><span class=\"s1\">\u2022 Organiser des synergies des radios et t\u00e9l\u00e9visions priv\u00e9es;<\/span><\/p>\n<p class=\"p1\"><span class=\"s1\">\u2022 Organiser un sit-in devant la Haute Autorit\u00e9 de la Communication (HAC);<\/span><\/p>\n<p class=\"p1\"><span class=\"s1\">\u2022 Organiser une campagne num\u00e9rique;<\/span><\/p>\n<p class=\"p1\"><span class=\"s1\">\u2022 Organiser une marche pacifique;<\/span><\/p>\n<p class=\"p1\"><span class=\"s1\">\u2022 Boycotter les activit\u00e9s des organes de la transition;<\/span><\/p>\n<p class=\"p1\"><span class=\"s1\">\u2022 Demander la suspension de la participation des repr\u00e9sentants de la presse au Conseil national la Transition (CNT) et \u00e0 l&rsquo;Institut national de l&rsquo;Audiovisuel (INA).<\/span><\/p>\n<p class=\"p1\"><span class=\"s1\">Un comit\u00e9 de coordination est mis en place pour le suivi de l&rsquo;ex\u00e9cution de ces actions.<\/span><\/p>\n<p class=\"p1\"><span class=\"s1\">Conakry, le 04 d\u00e9cembre 2023<\/span><\/p>\n<p class=\"p1\"><span class=\"s1\">Les Organisations des Presse et le SPPG.<\/span><\/p>\n","protected":false},"excerpt":{"rendered":"<p>Suite aux brouillages syst\u00e9matiques impos\u00e9s \u00e0 certains m\u00e9dias et la restriction des r\u00e9seaux sociaux en<\/p>\n","protected":false},"author":2,"featured_media":4713,"comment_status":"closed","ping_status":"open","sticky":false,"template":"","format":"standard","meta":[],"categories":[3,5],"tags":[229],"yoast_head":"<!-- This site is optimized with the Yoast SEO plugin v19.13 - https:\/\/yoast.com\/wordpress\/plugins\/seo\/ -->\n<title>Brouillage des ondes: les Associations de presse et du Syndicat des Professionnels de la Presse de Guin\u00e9e d\u00e9noncent et annoncent des actions. - UNIVERSNEWS224<\/title>\n<meta name=\"robots\" content=\"index, follow, max-snippet:-1, max-image-preview:large, max-video-preview:-1\" \/>\n<link rel=\"canonical\" href=\"https:\/\/universnews224.com\/index.php\/brouillage-des-ondes-les-associations-de-presse-et-du-syndicat-des-professionnels-de-la-presse-de-guinee-denoncent-et-annoncent-des-actions\/\" \/>\n<meta property=\"og:locale\" content=\"fr_FR\" \/>\n<meta property=\"og:type\" content=\"article\" \/>\n<meta property=\"og:title\" content=\"Brouillage des ondes: les Associations de presse et du Syndicat des Professionnels de la Presse de Guin\u00e9e d\u00e9noncent et annoncent des actions. - UNIVERSNEWS224\" \/>\n<meta property=\"og:description\" content=\"Suite aux brouillages syst\u00e9matiques impos\u00e9s \u00e0 certains m\u00e9dias et la restriction des r\u00e9seaux sociaux en\" \/>\n<meta property=\"og:url\" content=\"https:\/\/universnews224.com\/index.php\/brouillage-des-ondes-les-associations-de-presse-et-du-syndicat-des-professionnels-de-la-presse-de-guinee-denoncent-et-annoncent-des-actions\/\" \/>\n<meta property=\"og:site_name\" content=\"UNIVERSNEWS224\" \/>\n<meta property=\"article:published_time\" content=\"2023-12-04T18:12:57+00:00\" \/>\n<meta property=\"og:image\" content=\"https:\/\/universnews224.com\/wp-content\/uploads\/2023\/12\/B6340708-93FF-4F07-87A3-FFBB9264DC7A.jpeg\" \/>\n\t<meta property=\"og:image:width\" content=\"1020\" \/>\n\t<meta property=\"og:image:height\" content=\"459\" \/>\n\t<meta property=\"og:image:type\" content=\"image\/jpeg\" \/>\n<meta name=\"author\" content=\"La R\u00e9daction\" \/>\n<meta name=\"twitter:label1\" content=\"\u00c9crit par\" \/>\n\t<meta name=\"twitter:data1\" content=\"La R\u00e9daction\" \/>\n\t<meta name=\"twitter:label2\" content=\"Dur\u00e9e de lecture estim\u00e9e\" \/>\n\t<meta name=\"twitter:data2\" content=\"3 minutes\" \/>\n<script type=\"application\/ld+json\" class=\"yoast-schema-graph\">{\"@context\":\"https:\/\/schema.org\",\"@graph\":[{\"@type\":\"Article\",\"@id\":\"https:\/\/universnews224.com\/index.php\/brouillage-des-ondes-les-associations-de-presse-et-du-syndicat-des-professionnels-de-la-presse-de-guinee-denoncent-et-annoncent-des-actions\/#article\",\"isPartOf\":{\"@id\":\"https:\/\/universnews224.com\/index.php\/brouillage-des-ondes-les-associations-de-presse-et-du-syndicat-des-professionnels-de-la-presse-de-guinee-denoncent-et-annoncent-des-actions\/\"},\"author\":{\"name\":\"La R\u00e9daction\",\"@id\":\"https:\/\/universnews224.com\/#\/schema\/person\/a4b7d4f94a4716df60456a491260485e\"},\"headline\":\"Brouillage des ondes: les Associations de presse et du Syndicat des Professionnels de la Presse de Guin\u00e9e d\u00e9noncent et annoncent des actions.\",\"datePublished\":\"2023-12-04T18:12:57+00:00\",\"dateModified\":\"2023-12-04T18:12:57+00:00\",\"mainEntityOfPage\":{\"@id\":\"https:\/\/universnews224.com\/index.php\/brouillage-des-ondes-les-associations-de-presse-et-du-syndicat-des-professionnels-de-la-presse-de-guinee-denoncent-et-annoncent-des-actions\/\"},\"wordCount\":499,\"publisher\":{\"@id\":\"https:\/\/universnews224.com\/#organization\"},\"keywords\":[\"La une\"],\"articleSection\":[\"ACTU\",\"SOCI\u00c9T\u00c9\"],\"inLanguage\":\"fr-FR\"},{\"@type\":\"WebPage\",\"@id\":\"https:\/\/universnews224.com\/index.php\/brouillage-des-ondes-les-associations-de-presse-et-du-syndicat-des-professionnels-de-la-presse-de-guinee-denoncent-et-annoncent-des-actions\/\",\"url\":\"https:\/\/universnews224.com\/index.php\/brouillage-des-ondes-les-associations-de-presse-et-du-syndicat-des-professionnels-de-la-presse-de-guinee-denoncent-et-annoncent-des-actions\/\",\"name\":\"Brouillage des ondes: les Associations de presse et du Syndicat des Professionnels de la Presse de Guin\u00e9e d\u00e9noncent et annoncent des actions. - UNIVERSNEWS224\",\"isPartOf\":{\"@id\":\"https:\/\/universnews224.com\/#website\"},\"datePublished\":\"2023-12-04T18:12:57+00:00\",\"dateModified\":\"2023-12-04T18:12:57+00:00\",\"inLanguage\":\"fr-FR\",\"potentialAction\":[{\"@type\":\"ReadAction\",\"target\":[\"https:\/\/universnews224.com\/index.php\/brouillage-des-ondes-les-associations-de-presse-et-du-syndicat-des-professionnels-de-la-presse-de-guinee-denoncent-et-annoncent-des-actions\/\"]}]},{\"@type\":\"WebSite\",\"@id\":\"https:\/\/universnews224.com\/#website\",\"url\":\"https:\/\/universnews224.com\/\",\"name\":\"UNIVERSNEWS224\",\"description\":\"\",\"publisher\":{\"@id\":\"https:\/\/universnews224.com\/#organization\"},\"potentialAction\":[{\"@type\":\"SearchAction\",\"target\":{\"@type\":\"EntryPoint\",\"urlTemplate\":\"https:\/\/universnews224.com\/?s={search_term_string}\"},\"query-input\":\"required name=search_term_string\"}],\"inLanguage\":\"fr-FR\"},{\"@type\":\"Organization\",\"@id\":\"https:\/\/universnews224.com\/#organization\",\"name\":\"UNIVERSNEWS224\",\"url\":\"https:\/\/universnews224.com\/\",\"logo\":{\"@type\":\"ImageObject\",\"inLanguage\":\"fr-FR\",\"@id\":\"https:\/\/universnews224.com\/#\/schema\/logo\/image\/\",\"url\":\"https:\/\/universnews224.com\/wp-content\/uploads\/2022\/08\/cropped-cropped-logoban.jpg\",\"contentUrl\":\"https:\/\/universnews224.com\/wp-content\/uploads\/2022\/08\/cropped-cropped-logoban.jpg\",\"width\":1080,\"height\":138,\"caption\":\"UNIVERSNEWS224\"},\"image\":{\"@id\":\"https:\/\/universnews224.com\/#\/schema\/logo\/image\/\"}},{\"@type\":\"Person\",\"@id\":\"https:\/\/universnews224.com\/#\/schema\/person\/a4b7d4f94a4716df60456a491260485e\",\"name\":\"La R\u00e9daction\",\"image\":{\"@type\":\"ImageObject\",\"inLanguage\":\"fr-FR\",\"@id\":\"https:\/\/universnews224.com\/#\/schema\/person\/image\/\",\"url\":\"https:\/\/secure.gravatar.com\/avatar\/edb90acc7752b23e1b3307ad36c14f0d?s=96&d=mm&r=g\",\"contentUrl\":\"https:\/\/secure.gravatar.com\/avatar\/edb90acc7752b23e1b3307ad36c14f0d?s=96&d=mm&r=g\",\"caption\":\"La R\u00e9daction\"},\"sameAs\":[\"https:\/\/universnews224.com\"],\"url\":\"https:\/\/universnews224.com\/index.php\/author\/m-camara\/\"}]}<\/script>\n<!-- \/ Yoast SEO plugin. -->","yoast_head_json":{"title":"Brouillage des ondes: les Associations de presse et du Syndicat des Professionnels de la Presse de Guin\u00e9e d\u00e9noncent et annoncent des actions. - UNIVERSNEWS224","robots":{"index":"index","follow":"follow","max-snippet":"max-snippet:-1","max-image-preview":"max-image-preview:large","max-video-preview":"max-video-preview:-1"},"canonical":"https:\/\/universnews224.com\/index.php\/brouillage-des-ondes-les-associations-de-presse-et-du-syndicat-des-professionnels-de-la-presse-de-guinee-denoncent-et-annoncent-des-actions\/","og_locale":"fr_FR","og_type":"article","og_title":"Brouillage des ondes: les Associations de presse et du Syndicat des Professionnels de la Presse de Guin\u00e9e d\u00e9noncent et annoncent des actions. - UNIVERSNEWS224","og_description":"Suite aux brouillages syst\u00e9matiques impos\u00e9s \u00e0 certains m\u00e9dias et la restriction des r\u00e9seaux sociaux en","og_url":"https:\/\/universnews224.com\/index.php\/brouillage-des-ondes-les-associations-de-presse-et-du-syndicat-des-professionnels-de-la-presse-de-guinee-denoncent-et-annoncent-des-actions\/","og_site_name":"UNIVERSNEWS224","article_published_time":"2023-12-04T18:12:57+00:00","og_image":[{"width":1020,"height":459,"url":"https:\/\/universnews224.com\/wp-content\/uploads\/2023\/12\/B6340708-93FF-4F07-87A3-FFBB9264DC7A.jpeg","type":"image\/jpeg"}],"author":"La R\u00e9daction","twitter_misc":{"\u00c9crit par":"La R\u00e9daction","Dur\u00e9e de lecture estim\u00e9e":"3 minutes"},"schema":{"@context":"https:\/\/schema.org","@graph":[{"@type":"Article","@id":"https:\/\/universnews224.com\/index.php\/brouillage-des-ondes-les-associations-de-presse-et-du-syndicat-des-professionnels-de-la-presse-de-guinee-denoncent-et-annoncent-des-actions\/#article","isPartOf":{"@id":"https:\/\/universnews224.com\/index.php\/brouillage-des-ondes-les-associations-de-presse-et-du-syndicat-des-professionnels-de-la-presse-de-guinee-denoncent-et-annoncent-des-actions\/"},"author":{"name":"La R\u00e9daction","@id":"https:\/\/universnews224.com\/#\/schema\/person\/a4b7d4f94a4716df60456a491260485e"},"headline":"Brouillage des ondes: les Associations de presse et du Syndicat des Professionnels de la Presse de Guin\u00e9e d\u00e9noncent et annoncent des actions.","datePublished":"2023-12-04T18:12:57+00:00","dateModified":"2023-12-04T18:12:57+00:00","mainEntityOfPage":{"@id":"https:\/\/universnews224.com\/index.php\/brouillage-des-ondes-les-associations-de-presse-et-du-syndicat-des-professionnels-de-la-presse-de-guinee-denoncent-et-annoncent-des-actions\/"},"wordCount":499,"publisher":{"@id":"https:\/\/universnews224.com\/#organization"},"keywords":["La une"],"articleSection":["ACTU","SOCI\u00c9T\u00c9"],"inLanguage":"fr-FR"},{"@type":"WebPage","@id":"https:\/\/universnews224.com\/index.php\/brouillage-des-ondes-les-associations-de-presse-et-du-syndicat-des-professionnels-de-la-presse-de-guinee-denoncent-et-annoncent-des-actions\/","url":"https:\/\/universnews224.com\/index.php\/brouillage-des-ondes-les-associations-de-presse-et-du-syndicat-des-professionnels-de-la-presse-de-guinee-denoncent-et-annoncent-des-actions\/","name":"Brouillage des ondes: les Associations de presse et du Syndicat des Professionnels de la Presse de Guin\u00e9e d\u00e9noncent et annoncent des actions. - UNIVERSNEWS224","isPartOf":{"@id":"https:\/\/universnews224.com\/#website"},"datePublished":"2023-12-04T18:12:57+00:00","dateModified":"2023-12-04T18:12:57+00:00","inLanguage":"fr-FR","potentialAction":[{"@type":"ReadAction","target":["https:\/\/universnews224.com\/index.php\/brouillage-des-ondes-les-associations-de-presse-et-du-syndicat-des-professionnels-de-la-presse-de-guinee-denoncent-et-annoncent-des-actions\/"]}]},{"@type":"WebSite","@id":"https:\/\/universnews224.com\/#website","url":"https:\/\/universnews224.com\/","name":"UNIVERSNEWS224","description":"","publisher":{"@id":"https:\/\/universnews224.com\/#organization"},"potentialAction":[{"@type":"SearchAction","target":{"@type":"EntryPoint","urlTemplate":"https:\/\/universnews224.com\/?s={search_term_string}"},"query-input":"required name=search_term_string"}],"inLanguage":"fr-FR"},{"@type":"Organization","@id":"https:\/\/universnews224.com\/#organization","name":"UNIVERSNEWS224","url":"https:\/\/universnews224.com\/","logo":{"@type":"ImageObject","inLanguage":"fr-FR","@id":"https:\/\/universnews224.com\/#\/schema\/logo\/image\/","url":"https:\/\/universnews224.com\/wp-content\/uploads\/2022\/08\/cropped-cropped-logoban.jpg","contentUrl":"https:\/\/universnews224.com\/wp-content\/uploads\/2022\/08\/cropped-cropped-logoban.jpg","width":1080,"height":138,"caption":"UNIVERSNEWS224"},"image":{"@id":"https:\/\/universnews224.com\/#\/schema\/logo\/image\/"}},{"@type":"Person","@id":"https:\/\/universnews224.com\/#\/schema\/person\/a4b7d4f94a4716df60456a491260485e","name":"La R\u00e9daction","image":{"@type":"ImageObject","inLanguage":"fr-FR","@id":"https:\/\/universnews224.com\/#\/schema\/person\/image\/","url":"https:\/\/secure.gravatar.com\/avatar\/edb90acc7752b23e1b3307ad36c14f0d?s=96&d=mm&r=g","contentUrl":"https:\/\/secure.gravatar.com\/avatar\/edb90acc7752b23e1b3307ad36c14f0d?s=96&d=mm&r=g","caption":"La R\u00e9daction"},"sameAs":["https:\/\/universnews224.com"],"url":"https:\/\/universnews224.com\/index.php\/author\/m-camara\/"}]}},"_links":{"self":[{"href":"https:\/\/universnews224.com\/index.php\/wp-json\/wp\/v2\/posts\/4712"}],"collection":[{"href":"https:\/\/universnews224.com\/index.php\/wp-json\/wp\/v2\/posts"}],"about":[{"href":"https:\/\/universnews224.com\/index.php\/wp-json\/wp\/v2\/types\/post"}],"author":[{"embeddable":true,"href":"https:\/\/universnews224.com\/index.php\/wp-json\/wp\/v2\/users\/2"}],"replies":[{"embeddable":true,"href":"https:\/\/universnews224.com\/index.php\/wp-json\/wp\/v2\/comments?post=4712"}],"version-history":[{"count":1,"href":"https:\/\/universnews224.com\/index.php\/wp-json\/wp\/v2\/posts\/4712\/revisions"}],"predecessor-version":[{"id":4714,"href":"https:\/\/universnews224.com\/index.php\/wp-json\/wp\/v2\/posts\/4712\/revisions\/4714"}],"wp:featuredmedia":[{"embeddable":true,"href":"https:\/\/universnews224.com\/index.php\/wp-json\/wp\/v2\/media\/4713"}],"wp:attachment":[{"href":"https:\/\/universnews224.com\/index.php\/wp-json\/wp\/v2\/media?parent=4712"}],"wp:term":[{"taxonomy":"category","embeddable":true,"href":"https:\/\/universnews224.com\/index.php\/wp-json\/wp\/v2\/categories?post=4712"},{"taxonomy":"post_tag","embeddable":true,"href":"https:\/\/universnews224.com\/index.php\/wp-json\/wp\/v2\/tags?post=4712"}],"curies":[{"name":"wp","href":"https:\/\/api.w.org\/{rel}","templated":true}]}}