{"id":4722,"date":"2023-12-07T20:32:48","date_gmt":"2023-12-07T19:32:48","guid":{"rendered":"https:\/\/universnews224.com\/?p=4722"},"modified":"2023-12-07T20:32:48","modified_gmt":"2023-12-07T19:32:48","slug":"retrait-des-chaines-djoma-sur-le-bouquet-canal-il-se-peut-quon-fasse-une-campagne-de-boycott-on-demande-a-tous-les-guineens-de-desabonner-de-canal-sekou-jamel-pendessa","status":"publish","type":"post","link":"https:\/\/universnews224.com\/index.php\/retrait-des-chaines-djoma-sur-le-bouquet-canal-il-se-peut-quon-fasse-une-campagne-de-boycott-on-demande-a-tous-les-guineens-de-desabonner-de-canal-sekou-jamel-pendessa\/","title":{"rendered":"Retrait des cha\u00eenes Djoma sur le bouquet Canal+: \u201cIl se peut qu\u2019on fasse une campagne de boycott, on demande \u00e0 tous les guin\u00e9ens de d\u00e9sabonner de Canal+\u201d, Sekou Jamel Pendessa."},"content":{"rendered":"<p class=\"p1\"><span class=\"s1\">Le Secr\u00e9taire g\u00e9n\u00e9ral du Syndicat des professionnels de la presse de Guin\u00e9e (SPPG) s\u2019est exprim\u00e9 ce jeudi, 07 d\u00e9cembre sur le retrait sans pr\u00e9avis des cha\u00eenes de Djoma m\u00e9dias sur le bouquet Canal+. <\/span><\/p>\n<p class=\"p1\"><span class=\"s1\">D\u2019entr\u00e9e de jeu, Sekou Jamal Pendessa reconna\u00eet que sa structure a \u00e9t\u00e9 saisie par les responsables de Djoma par rapport \u00e0 cette affaire et qu\u2019une enqu\u00eate est ouverte pour situer les responsabilit\u00e9s. <\/span><\/p>\n<p class=\"p1\"><span class=\"s1\">\u201cNous avons \u00e9t\u00e9 saisi du cas de Djoma, on est entrain d\u2019analyser, aucune d\u00e9cision n\u2019a \u00e9t\u00e9 encore arr\u00eat\u00e9e d\u2019abord. Parce qu\u2019on doit se retrouver, mais ce que je veux vous dire, c\u2019est que toutes les options sont sur la table. Il y a une certaine tendance qui pense que parmi nos actions, il faut inscrire le boycott de la soci\u00e9t\u00e9 Canal+. Mais, on va approfondir des enqu\u00eates. Djoma a \u00e9crit \u00e0 leur direction, on attend qu\u2019il ait une r\u00e9ponse, s\u2019il n y pas de r\u00e9ponse, on aura que c\u2019est fait sciemment\u201d, a t-il indiqu\u00e9. <\/span><\/p>\n<p class=\"p1\"><span class=\"s1\">Poursuivant, le secr\u00e9taire g\u00e9n\u00e9ral du SPPG laiss\u00e9 entendre, s\u2019il s\u2019av\u00e8re que les cha\u00eenes Djoma ont \u00e9t\u00e9 retir\u00e9es du bouquet Canal+ de fa\u00e7on d\u00e9lib\u00e9r\u00e9e, le SPPG n\u2019\u00e9carte pas de lancer une campagne de boycott contre la soci\u00e9t\u00e9. <\/span><\/p>\n<p class=\"p1\"><span class=\"s1\">\u201cLe jour o\u00f9 on aura avec certitude que Canal+ a retir\u00e9 de fa\u00e7on d\u00e9lib\u00e9r\u00e9e, il se peut qu\u2019on fasse une campagne de boycott. On demande \u00e0 tous les guin\u00e9ens de d\u00e9sabonner de Canal+. On va organiser une op\u00e9ration porte \u00e0 porte sur le terrain, on peut les inviter \u00e0 venir tous \u00e0 la maison de presse, on a une grande cour ici. On leur demande de venir pendant deux (2) jours, d\u00e9poser leurs d\u00e9codeurs Canal+, on va les briller. Parce que, si Canal se fait complice avec ceux-l\u00e0 qui veulent priver les guin\u00e9ens \u00e0 leur droit \u00e0 l\u2019information, cela veut dire qu\u2019on doit boycotter leur soci\u00e9t\u00e9. Nous sommes pr\u00eats \u00e0 mener ce combat et toute personne qui va s\u2019associer aux ennemis de la presse nous verra sur son chemin. Si les responsables de Canal+ nous \u00e9coute, il faut qu\u2019ils comprennent, on risque d\u2019engager une campagne de boycott. C\u2019est choquant de constater qu\u2019une soci\u00e9t\u00e9 puisse se permettre de venir chez nous, bafouer le droit des citoyens\u201d, a t-il ass\u00e9n\u00e9 chez nos confr\u00e8res d\u2019\u00c9vasion TV dans l\u2019\u00e9mission \u00abRien \u00e0 Cacher\u00bb<\/span><\/p>\n<p class=\"p1\"><span class=\"s1\">Mohamed Camara <\/span><\/p>\n","protected":false},"excerpt":{"rendered":"<p>Le Secr\u00e9taire g\u00e9n\u00e9ral du Syndicat des professionnels de la presse de Guin\u00e9e (SPPG) s\u2019est exprim\u00e9<\/p>\n","protected":false},"author":2,"featured_media":4723,"comment_status":"closed","ping_status":"open","sticky":false,"template":"","format":"standard","meta":[],"categories":[3,5],"tags":[229],"yoast_head":"<!-- This site is optimized with the Yoast SEO plugin v19.13 - https:\/\/yoast.com\/wordpress\/plugins\/seo\/ -->\n<title>Retrait des cha\u00eenes Djoma sur le bouquet Canal+: \u201cIl se peut qu\u2019on fasse une campagne de boycott, on demande \u00e0 tous les guin\u00e9ens de d\u00e9sabonner de Canal+\u201d, Sekou Jamel Pendessa. - UNIVERSNEWS224<\/title>\n<meta name=\"robots\" content=\"index, follow, max-snippet:-1, max-image-preview:large, max-video-preview:-1\" \/>\n<link rel=\"canonical\" href=\"https:\/\/universnews224.com\/index.php\/retrait-des-chaines-djoma-sur-le-bouquet-canal-il-se-peut-quon-fasse-une-campagne-de-boycott-on-demande-a-tous-les-guineens-de-desabonner-de-canal-sekou-jamel-pendessa\/\" \/>\n<meta property=\"og:locale\" content=\"fr_FR\" \/>\n<meta property=\"og:type\" content=\"article\" \/>\n<meta property=\"og:title\" content=\"Retrait des cha\u00eenes Djoma sur le bouquet Canal+: \u201cIl se peut qu\u2019on fasse une campagne de boycott, on demande \u00e0 tous les guin\u00e9ens de d\u00e9sabonner de Canal+\u201d, Sekou Jamel Pendessa. - UNIVERSNEWS224\" \/>\n<meta property=\"og:description\" content=\"Le Secr\u00e9taire g\u00e9n\u00e9ral du Syndicat des professionnels de la presse de Guin\u00e9e (SPPG) s\u2019est exprim\u00e9\" \/>\n<meta property=\"og:url\" content=\"https:\/\/universnews224.com\/index.php\/retrait-des-chaines-djoma-sur-le-bouquet-canal-il-se-peut-quon-fasse-une-campagne-de-boycott-on-demande-a-tous-les-guineens-de-desabonner-de-canal-sekou-jamel-pendessa\/\" \/>\n<meta property=\"og:site_name\" content=\"UNIVERSNEWS224\" \/>\n<meta property=\"article:published_time\" content=\"2023-12-07T19:32:48+00:00\" \/>\n<meta property=\"og:image\" content=\"https:\/\/universnews224.com\/wp-content\/uploads\/2023\/12\/BBE82B14-5055-4354-AABC-5263D8DF6260.jpeg\" \/>\n\t<meta property=\"og:image:width\" content=\"1080\" \/>\n\t<meta property=\"og:image:height\" content=\"608\" \/>\n\t<meta property=\"og:image:type\" content=\"image\/jpeg\" \/>\n<meta name=\"author\" content=\"La R\u00e9daction\" \/>\n<meta name=\"twitter:label1\" content=\"\u00c9crit par\" \/>\n\t<meta name=\"twitter:data1\" content=\"La R\u00e9daction\" \/>\n\t<meta name=\"twitter:label2\" content=\"Dur\u00e9e de lecture estim\u00e9e\" \/>\n\t<meta name=\"twitter:data2\" content=\"2 minutes\" \/>\n<script type=\"application\/ld+json\" class=\"yoast-schema-graph\">{\"@context\":\"https:\/\/schema.org\",\"@graph\":[{\"@type\":\"Article\",\"@id\":\"https:\/\/universnews224.com\/index.php\/retrait-des-chaines-djoma-sur-le-bouquet-canal-il-se-peut-quon-fasse-une-campagne-de-boycott-on-demande-a-tous-les-guineens-de-desabonner-de-canal-sekou-jamel-pendessa\/#article\",\"isPartOf\":{\"@id\":\"https:\/\/universnews224.com\/index.php\/retrait-des-chaines-djoma-sur-le-bouquet-canal-il-se-peut-quon-fasse-une-campagne-de-boycott-on-demande-a-tous-les-guineens-de-desabonner-de-canal-sekou-jamel-pendessa\/\"},\"author\":{\"name\":\"La R\u00e9daction\",\"@id\":\"https:\/\/universnews224.com\/#\/schema\/person\/a4b7d4f94a4716df60456a491260485e\"},\"headline\":\"Retrait des cha\u00eenes Djoma sur le bouquet Canal+: \u201cIl se peut qu\u2019on fasse une campagne de boycott, on demande \u00e0 tous les guin\u00e9ens de d\u00e9sabonner de Canal+\u201d, Sekou Jamel Pendessa.\",\"datePublished\":\"2023-12-07T19:32:48+00:00\",\"dateModified\":\"2023-12-07T19:32:48+00:00\",\"mainEntityOfPage\":{\"@id\":\"https:\/\/universnews224.com\/index.php\/retrait-des-chaines-djoma-sur-le-bouquet-canal-il-se-peut-quon-fasse-une-campagne-de-boycott-on-demande-a-tous-les-guineens-de-desabonner-de-canal-sekou-jamel-pendessa\/\"},\"wordCount\":465,\"publisher\":{\"@id\":\"https:\/\/universnews224.com\/#organization\"},\"keywords\":[\"La une\"],\"articleSection\":[\"ACTU\",\"SOCI\u00c9T\u00c9\"],\"inLanguage\":\"fr-FR\"},{\"@type\":\"WebPage\",\"@id\":\"https:\/\/universnews224.com\/index.php\/retrait-des-chaines-djoma-sur-le-bouquet-canal-il-se-peut-quon-fasse-une-campagne-de-boycott-on-demande-a-tous-les-guineens-de-desabonner-de-canal-sekou-jamel-pendessa\/\",\"url\":\"https:\/\/universnews224.com\/index.php\/retrait-des-chaines-djoma-sur-le-bouquet-canal-il-se-peut-quon-fasse-une-campagne-de-boycott-on-demande-a-tous-les-guineens-de-desabonner-de-canal-sekou-jamel-pendessa\/\",\"name\":\"Retrait des cha\u00eenes Djoma sur le bouquet Canal+: \u201cIl se peut qu\u2019on fasse une campagne de boycott, on demande \u00e0 tous les guin\u00e9ens de d\u00e9sabonner de Canal+\u201d, Sekou Jamel Pendessa. - UNIVERSNEWS224\",\"isPartOf\":{\"@id\":\"https:\/\/universnews224.com\/#website\"},\"datePublished\":\"2023-12-07T19:32:48+00:00\",\"dateModified\":\"2023-12-07T19:32:48+00:00\",\"inLanguage\":\"fr-FR\",\"potentialAction\":[{\"@type\":\"ReadAction\",\"target\":[\"https:\/\/universnews224.com\/index.php\/retrait-des-chaines-djoma-sur-le-bouquet-canal-il-se-peut-quon-fasse-une-campagne-de-boycott-on-demande-a-tous-les-guineens-de-desabonner-de-canal-sekou-jamel-pendessa\/\"]}]},{\"@type\":\"WebSite\",\"@id\":\"https:\/\/universnews224.com\/#website\",\"url\":\"https:\/\/universnews224.com\/\",\"name\":\"UNIVERSNEWS224\",\"description\":\"\",\"publisher\":{\"@id\":\"https:\/\/universnews224.com\/#organization\"},\"potentialAction\":[{\"@type\":\"SearchAction\",\"target\":{\"@type\":\"EntryPoint\",\"urlTemplate\":\"https:\/\/universnews224.com\/?s={search_term_string}\"},\"query-input\":\"required name=search_term_string\"}],\"inLanguage\":\"fr-FR\"},{\"@type\":\"Organization\",\"@id\":\"https:\/\/universnews224.com\/#organization\",\"name\":\"UNIVERSNEWS224\",\"url\":\"https:\/\/universnews224.com\/\",\"logo\":{\"@type\":\"ImageObject\",\"inLanguage\":\"fr-FR\",\"@id\":\"https:\/\/universnews224.com\/#\/schema\/logo\/image\/\",\"url\":\"https:\/\/universnews224.com\/wp-content\/uploads\/2022\/08\/cropped-cropped-logoban.jpg\",\"contentUrl\":\"https:\/\/universnews224.com\/wp-content\/uploads\/2022\/08\/cropped-cropped-logoban.jpg\",\"width\":1080,\"height\":138,\"caption\":\"UNIVERSNEWS224\"},\"image\":{\"@id\":\"https:\/\/universnews224.com\/#\/schema\/logo\/image\/\"}},{\"@type\":\"Person\",\"@id\":\"https:\/\/universnews224.com\/#\/schema\/person\/a4b7d4f94a4716df60456a491260485e\",\"name\":\"La R\u00e9daction\",\"image\":{\"@type\":\"ImageObject\",\"inLanguage\":\"fr-FR\",\"@id\":\"https:\/\/universnews224.com\/#\/schema\/person\/image\/\",\"url\":\"https:\/\/secure.gravatar.com\/avatar\/edb90acc7752b23e1b3307ad36c14f0d?s=96&d=mm&r=g\",\"contentUrl\":\"https:\/\/secure.gravatar.com\/avatar\/edb90acc7752b23e1b3307ad36c14f0d?s=96&d=mm&r=g\",\"caption\":\"La R\u00e9daction\"},\"sameAs\":[\"https:\/\/universnews224.com\"],\"url\":\"https:\/\/universnews224.com\/index.php\/author\/m-camara\/\"}]}<\/script>\n<!-- \/ Yoast SEO plugin. -->","yoast_head_json":{"title":"Retrait des cha\u00eenes Djoma sur le bouquet Canal+: \u201cIl se peut qu\u2019on fasse une campagne de boycott, on demande \u00e0 tous les guin\u00e9ens de d\u00e9sabonner de Canal+\u201d, Sekou Jamel Pendessa. - UNIVERSNEWS224","robots":{"index":"index","follow":"follow","max-snippet":"max-snippet:-1","max-image-preview":"max-image-preview:large","max-video-preview":"max-video-preview:-1"},"canonical":"https:\/\/universnews224.com\/index.php\/retrait-des-chaines-djoma-sur-le-bouquet-canal-il-se-peut-quon-fasse-une-campagne-de-boycott-on-demande-a-tous-les-guineens-de-desabonner-de-canal-sekou-jamel-pendessa\/","og_locale":"fr_FR","og_type":"article","og_title":"Retrait des cha\u00eenes Djoma sur le bouquet Canal+: \u201cIl se peut qu\u2019on fasse une campagne de boycott, on demande \u00e0 tous les guin\u00e9ens de d\u00e9sabonner de Canal+\u201d, Sekou Jamel Pendessa. - UNIVERSNEWS224","og_description":"Le Secr\u00e9taire g\u00e9n\u00e9ral du Syndicat des professionnels de la presse de Guin\u00e9e (SPPG) s\u2019est exprim\u00e9","og_url":"https:\/\/universnews224.com\/index.php\/retrait-des-chaines-djoma-sur-le-bouquet-canal-il-se-peut-quon-fasse-une-campagne-de-boycott-on-demande-a-tous-les-guineens-de-desabonner-de-canal-sekou-jamel-pendessa\/","og_site_name":"UNIVERSNEWS224","article_published_time":"2023-12-07T19:32:48+00:00","og_image":[{"width":1080,"height":608,"url":"https:\/\/universnews224.com\/wp-content\/uploads\/2023\/12\/BBE82B14-5055-4354-AABC-5263D8DF6260.jpeg","type":"image\/jpeg"}],"author":"La R\u00e9daction","twitter_misc":{"\u00c9crit par":"La R\u00e9daction","Dur\u00e9e de lecture estim\u00e9e":"2 minutes"},"schema":{"@context":"https:\/\/schema.org","@graph":[{"@type":"Article","@id":"https:\/\/universnews224.com\/index.php\/retrait-des-chaines-djoma-sur-le-bouquet-canal-il-se-peut-quon-fasse-une-campagne-de-boycott-on-demande-a-tous-les-guineens-de-desabonner-de-canal-sekou-jamel-pendessa\/#article","isPartOf":{"@id":"https:\/\/universnews224.com\/index.php\/retrait-des-chaines-djoma-sur-le-bouquet-canal-il-se-peut-quon-fasse-une-campagne-de-boycott-on-demande-a-tous-les-guineens-de-desabonner-de-canal-sekou-jamel-pendessa\/"},"author":{"name":"La R\u00e9daction","@id":"https:\/\/universnews224.com\/#\/schema\/person\/a4b7d4f94a4716df60456a491260485e"},"headline":"Retrait des cha\u00eenes Djoma sur le bouquet Canal+: \u201cIl se peut qu\u2019on fasse une campagne de boycott, on demande \u00e0 tous les guin\u00e9ens de d\u00e9sabonner de Canal+\u201d, Sekou Jamel Pendessa.","datePublished":"2023-12-07T19:32:48+00:00","dateModified":"2023-12-07T19:32:48+00:00","mainEntityOfPage":{"@id":"https:\/\/universnews224.com\/index.php\/retrait-des-chaines-djoma-sur-le-bouquet-canal-il-se-peut-quon-fasse-une-campagne-de-boycott-on-demande-a-tous-les-guineens-de-desabonner-de-canal-sekou-jamel-pendessa\/"},"wordCount":465,"publisher":{"@id":"https:\/\/universnews224.com\/#organization"},"keywords":["La une"],"articleSection":["ACTU","SOCI\u00c9T\u00c9"],"inLanguage":"fr-FR"},{"@type":"WebPage","@id":"https:\/\/universnews224.com\/index.php\/retrait-des-chaines-djoma-sur-le-bouquet-canal-il-se-peut-quon-fasse-une-campagne-de-boycott-on-demande-a-tous-les-guineens-de-desabonner-de-canal-sekou-jamel-pendessa\/","url":"https:\/\/universnews224.com\/index.php\/retrait-des-chaines-djoma-sur-le-bouquet-canal-il-se-peut-quon-fasse-une-campagne-de-boycott-on-demande-a-tous-les-guineens-de-desabonner-de-canal-sekou-jamel-pendessa\/","name":"Retrait des cha\u00eenes Djoma sur le bouquet Canal+: \u201cIl se peut qu\u2019on fasse une campagne de boycott, on demande \u00e0 tous les guin\u00e9ens de d\u00e9sabonner de Canal+\u201d, Sekou Jamel Pendessa. - UNIVERSNEWS224","isPartOf":{"@id":"https:\/\/universnews224.com\/#website"},"datePublished":"2023-12-07T19:32:48+00:00","dateModified":"2023-12-07T19:32:48+00:00","inLanguage":"fr-FR","potentialAction":[{"@type":"ReadAction","target":["https:\/\/universnews224.com\/index.php\/retrait-des-chaines-djoma-sur-le-bouquet-canal-il-se-peut-quon-fasse-une-campagne-de-boycott-on-demande-a-tous-les-guineens-de-desabonner-de-canal-sekou-jamel-pendessa\/"]}]},{"@type":"WebSite","@id":"https:\/\/universnews224.com\/#website","url":"https:\/\/universnews224.com\/","name":"UNIVERSNEWS224","description":"","publisher":{"@id":"https:\/\/universnews224.com\/#organization"},"potentialAction":[{"@type":"SearchAction","target":{"@type":"EntryPoint","urlTemplate":"https:\/\/universnews224.com\/?s={search_term_string}"},"query-input":"required name=search_term_string"}],"inLanguage":"fr-FR"},{"@type":"Organization","@id":"https:\/\/universnews224.com\/#organization","name":"UNIVERSNEWS224","url":"https:\/\/universnews224.com\/","logo":{"@type":"ImageObject","inLanguage":"fr-FR","@id":"https:\/\/universnews224.com\/#\/schema\/logo\/image\/","url":"https:\/\/universnews224.com\/wp-content\/uploads\/2022\/08\/cropped-cropped-logoban.jpg","contentUrl":"https:\/\/universnews224.com\/wp-content\/uploads\/2022\/08\/cropped-cropped-logoban.jpg","width":1080,"height":138,"caption":"UNIVERSNEWS224"},"image":{"@id":"https:\/\/universnews224.com\/#\/schema\/logo\/image\/"}},{"@type":"Person","@id":"https:\/\/universnews224.com\/#\/schema\/person\/a4b7d4f94a4716df60456a491260485e","name":"La R\u00e9daction","image":{"@type":"ImageObject","inLanguage":"fr-FR","@id":"https:\/\/universnews224.com\/#\/schema\/person\/image\/","url":"https:\/\/secure.gravatar.com\/avatar\/edb90acc7752b23e1b3307ad36c14f0d?s=96&d=mm&r=g","contentUrl":"https:\/\/secure.gravatar.com\/avatar\/edb90acc7752b23e1b3307ad36c14f0d?s=96&d=mm&r=g","caption":"La R\u00e9daction"},"sameAs":["https:\/\/universnews224.com"],"url":"https:\/\/universnews224.com\/index.php\/author\/m-camara\/"}]}},"_links":{"self":[{"href":"https:\/\/universnews224.com\/index.php\/wp-json\/wp\/v2\/posts\/4722"}],"collection":[{"href":"https:\/\/universnews224.com\/index.php\/wp-json\/wp\/v2\/posts"}],"about":[{"href":"https:\/\/universnews224.com\/index.php\/wp-json\/wp\/v2\/types\/post"}],"author":[{"embeddable":true,"href":"https:\/\/universnews224.com\/index.php\/wp-json\/wp\/v2\/users\/2"}],"replies":[{"embeddable":true,"href":"https:\/\/universnews224.com\/index.php\/wp-json\/wp\/v2\/comments?post=4722"}],"version-history":[{"count":1,"href":"https:\/\/universnews224.com\/index.php\/wp-json\/wp\/v2\/posts\/4722\/revisions"}],"predecessor-version":[{"id":4724,"href":"https:\/\/universnews224.com\/index.php\/wp-json\/wp\/v2\/posts\/4722\/revisions\/4724"}],"wp:featuredmedia":[{"embeddable":true,"href":"https:\/\/universnews224.com\/index.php\/wp-json\/wp\/v2\/media\/4723"}],"wp:attachment":[{"href":"https:\/\/universnews224.com\/index.php\/wp-json\/wp\/v2\/media?parent=4722"}],"wp:term":[{"taxonomy":"category","embeddable":true,"href":"https:\/\/universnews224.com\/index.php\/wp-json\/wp\/v2\/categories?post=4722"},{"taxonomy":"post_tag","embeddable":true,"href":"https:\/\/universnews224.com\/index.php\/wp-json\/wp\/v2\/tags?post=4722"}],"curies":[{"name":"wp","href":"https:\/\/api.w.org\/{rel}","templated":true}]}}