{"id":4731,"date":"2023-12-09T09:18:31","date_gmt":"2023-12-09T08:18:31","guid":{"rendered":"https:\/\/universnews224.com\/?p=4731"},"modified":"2023-12-09T09:18:31","modified_gmt":"2023-12-09T08:18:31","slug":"sogeac-le-directeur-general-dresse-le-bilan-de-sa-societe-et-presente-ses-perspectives","status":"publish","type":"post","link":"https:\/\/universnews224.com\/index.php\/sogeac-le-directeur-general-dresse-le-bilan-de-sa-societe-et-presente-ses-perspectives\/","title":{"rendered":"SOGEAC: Le Directeur g\u00e9n\u00e9ral dresse le Bilan de sa soci\u00e9t\u00e9 et pr\u00e9sente ses perspectives"},"content":{"rendered":"<p>Le Directeur g\u00e9n\u00e9ral de la Soci\u00e9t\u00e9 de gestion et de l\u2019a\u00e9roport de Conakry (SOGEAC), Namory Camara pr\u00e9sente un bilan remarquable. Lors d\u2019un d\u00e9jeuner de presse qu\u2019il a organis\u00e9e ce vendredi 08 d\u00e9cembre 2023, il a non seulement parl\u00e9 des r\u00e9formes engag\u00e9es, du travail abattu, mais a \u00e9galement annonc\u00e9 de belles perspectives de l\u00b4ann\u00e9e pour l\u2019a\u00e9roport international Ahmed S\u00e9kou Tour\u00e9.<\/p>\n<p>A l\u2019entame de son intervention, Namory Camara a rappel\u00e9 que l\u2019a\u00e9roport international Ahmed S\u00e9kou Tour\u00e9 est en plein expansion et modernisation :<\/p>\n<p>\u00ab C&rsquo;est une tradition chez nous, nous avons fait l\u00b4ann\u00e9e derni\u00e8re autour de notre bilan d\u00b4activit\u00e9 nous allons pas d\u00e9rober cette fois-ci, Je pense qu\u2019on a fait du bon travail. On vous a pr\u00e9sent\u00e9 toutes les activit\u00e9s r\u00e9alis\u00e9es. On est all\u00e9 au-del\u00e0 de ce qu\u2019on pouvait imaginer. M\u00eame le projet d\u2019extension et demodernisation conna\u00eet aujourd\u2019hui une progression appr\u00e9ciable. Donc \u00e0 mon avis, la trajectoire est bonne et c\u2019est une occasion de dire que ce r\u00e9sultat n\u2019est pas uniquement \u00e0 la SOGEAC, c\u2019est aussi celui du minist\u00e8re des transports et du pr\u00e9sident de la R\u00e9publique Colonel Mamadi Doumbouya. Un a\u00e9roport, c\u2019est une confiance. Je pense que s\u2019il a eu confiance en nous, c\u2019est parce qu\u2019il s\u2019est dit qu\u2019on peut faire un bon travail. La perception de la population \u00e0 beaucoup chang\u00e9 en ce qui concerne la SOGEAC et surtout de l\u2019activit\u00e9 a\u00e9roportuaire. En 2022, le total de passagers \u00e9tait de 630 213. Ce chiffre est pass\u00e9 cette ann\u00e9e \u00e0 676 820 passagers entre janvier et novembre 2023. Et d\u2019ici la fin d\u2019ann\u00e9e, le total avoisinerait les 725 000 passagers. Soit 100 mille passagers de plus qu\u2019en 2022. Ce qui repr\u00e9sente un taux de progression de 15% \u00bb, a indiqu\u00e9 le directeur g\u00e9n\u00e9ral de la SOGEAC.<\/p>\n<p>R\u00e9pondant \u00e0 la question, de la construction d&rsquo;un a\u00e9roport \u00e0 Maf\u00e9rinyah le DG de la SOGEAC indiqu\u00e9 que : \u00ab \u00e7a na pas de sens au cas o\u00f9 il n&rsquo;y a pas eu des \u00e9tudes pr\u00e9alables defaisabilit\u00e9 sur le site \u00bb.<\/p>\n<p>\u00ab Le probl\u00e8me de Maf\u00e9rinyah na pas de pertinence \u00e0 mon nouveau parce que il n&rsquo;y a pas eu des \u00e9tudes pr\u00e9alables de faisabilit\u00e9 c&rsquo;\u00e9tait pas un projet \u00bb, a conclu le DG.<\/p>\n<p>Sana Sylla.<\/p>\n","protected":false},"excerpt":{"rendered":"<p>Le Directeur g\u00e9n\u00e9ral de la Soci\u00e9t\u00e9 de gestion et de l\u2019a\u00e9roport de Conakry (SOGEAC), Namory<\/p>\n","protected":false},"author":2,"featured_media":4730,"comment_status":"closed","ping_status":"open","sticky":false,"template":"","format":"standard","meta":[],"categories":[3,5],"tags":[229],"yoast_head":"<!-- This site is optimized with the Yoast SEO plugin v19.13 - https:\/\/yoast.com\/wordpress\/plugins\/seo\/ -->\n<title>SOGEAC: Le Directeur g\u00e9n\u00e9ral dresse le Bilan de sa soci\u00e9t\u00e9 et pr\u00e9sente ses perspectives - UNIVERSNEWS224<\/title>\n<meta name=\"robots\" content=\"index, follow, max-snippet:-1, max-image-preview:large, max-video-preview:-1\" \/>\n<link rel=\"canonical\" href=\"https:\/\/universnews224.com\/index.php\/sogeac-le-directeur-general-dresse-le-bilan-de-sa-societe-et-presente-ses-perspectives\/\" \/>\n<meta property=\"og:locale\" content=\"fr_FR\" \/>\n<meta property=\"og:type\" content=\"article\" \/>\n<meta property=\"og:title\" content=\"SOGEAC: Le Directeur g\u00e9n\u00e9ral dresse le Bilan de sa soci\u00e9t\u00e9 et pr\u00e9sente ses perspectives - UNIVERSNEWS224\" \/>\n<meta property=\"og:description\" content=\"Le Directeur g\u00e9n\u00e9ral de la Soci\u00e9t\u00e9 de gestion et de l\u2019a\u00e9roport de Conakry (SOGEAC), Namory\" \/>\n<meta property=\"og:url\" content=\"https:\/\/universnews224.com\/index.php\/sogeac-le-directeur-general-dresse-le-bilan-de-sa-societe-et-presente-ses-perspectives\/\" \/>\n<meta property=\"og:site_name\" content=\"UNIVERSNEWS224\" \/>\n<meta property=\"article:published_time\" content=\"2023-12-09T08:18:31+00:00\" \/>\n<meta property=\"og:image\" content=\"https:\/\/universnews224.com\/wp-content\/uploads\/2023\/12\/027230EC-F46E-4A43-9DE9-6B923E59FD26.jpeg\" \/>\n\t<meta property=\"og:image:width\" content=\"1032\" \/>\n\t<meta property=\"og:image:height\" content=\"580\" \/>\n\t<meta property=\"og:image:type\" content=\"image\/jpeg\" \/>\n<meta name=\"author\" content=\"La R\u00e9daction\" \/>\n<meta name=\"twitter:label1\" content=\"\u00c9crit par\" \/>\n\t<meta name=\"twitter:data1\" content=\"La R\u00e9daction\" \/>\n\t<meta name=\"twitter:label2\" content=\"Dur\u00e9e de lecture estim\u00e9e\" \/>\n\t<meta name=\"twitter:data2\" content=\"2 minutes\" \/>\n<script type=\"application\/ld+json\" class=\"yoast-schema-graph\">{\"@context\":\"https:\/\/schema.org\",\"@graph\":[{\"@type\":\"Article\",\"@id\":\"https:\/\/universnews224.com\/index.php\/sogeac-le-directeur-general-dresse-le-bilan-de-sa-societe-et-presente-ses-perspectives\/#article\",\"isPartOf\":{\"@id\":\"https:\/\/universnews224.com\/index.php\/sogeac-le-directeur-general-dresse-le-bilan-de-sa-societe-et-presente-ses-perspectives\/\"},\"author\":{\"name\":\"La R\u00e9daction\",\"@id\":\"https:\/\/universnews224.com\/#\/schema\/person\/a4b7d4f94a4716df60456a491260485e\"},\"headline\":\"SOGEAC: Le Directeur g\u00e9n\u00e9ral dresse le Bilan de sa soci\u00e9t\u00e9 et pr\u00e9sente ses perspectives\",\"datePublished\":\"2023-12-09T08:18:31+00:00\",\"dateModified\":\"2023-12-09T08:18:31+00:00\",\"mainEntityOfPage\":{\"@id\":\"https:\/\/universnews224.com\/index.php\/sogeac-le-directeur-general-dresse-le-bilan-de-sa-societe-et-presente-ses-perspectives\/\"},\"wordCount\":421,\"publisher\":{\"@id\":\"https:\/\/universnews224.com\/#organization\"},\"keywords\":[\"La une\"],\"articleSection\":[\"ACTU\",\"SOCI\u00c9T\u00c9\"],\"inLanguage\":\"fr-FR\"},{\"@type\":\"WebPage\",\"@id\":\"https:\/\/universnews224.com\/index.php\/sogeac-le-directeur-general-dresse-le-bilan-de-sa-societe-et-presente-ses-perspectives\/\",\"url\":\"https:\/\/universnews224.com\/index.php\/sogeac-le-directeur-general-dresse-le-bilan-de-sa-societe-et-presente-ses-perspectives\/\",\"name\":\"SOGEAC: Le Directeur g\u00e9n\u00e9ral dresse le Bilan de sa soci\u00e9t\u00e9 et pr\u00e9sente ses perspectives - UNIVERSNEWS224\",\"isPartOf\":{\"@id\":\"https:\/\/universnews224.com\/#website\"},\"datePublished\":\"2023-12-09T08:18:31+00:00\",\"dateModified\":\"2023-12-09T08:18:31+00:00\",\"inLanguage\":\"fr-FR\",\"potentialAction\":[{\"@type\":\"ReadAction\",\"target\":[\"https:\/\/universnews224.com\/index.php\/sogeac-le-directeur-general-dresse-le-bilan-de-sa-societe-et-presente-ses-perspectives\/\"]}]},{\"@type\":\"WebSite\",\"@id\":\"https:\/\/universnews224.com\/#website\",\"url\":\"https:\/\/universnews224.com\/\",\"name\":\"UNIVERSNEWS224\",\"description\":\"\",\"publisher\":{\"@id\":\"https:\/\/universnews224.com\/#organization\"},\"potentialAction\":[{\"@type\":\"SearchAction\",\"target\":{\"@type\":\"EntryPoint\",\"urlTemplate\":\"https:\/\/universnews224.com\/?s={search_term_string}\"},\"query-input\":\"required name=search_term_string\"}],\"inLanguage\":\"fr-FR\"},{\"@type\":\"Organization\",\"@id\":\"https:\/\/universnews224.com\/#organization\",\"name\":\"UNIVERSNEWS224\",\"url\":\"https:\/\/universnews224.com\/\",\"logo\":{\"@type\":\"ImageObject\",\"inLanguage\":\"fr-FR\",\"@id\":\"https:\/\/universnews224.com\/#\/schema\/logo\/image\/\",\"url\":\"https:\/\/universnews224.com\/wp-content\/uploads\/2022\/08\/cropped-cropped-logoban.jpg\",\"contentUrl\":\"https:\/\/universnews224.com\/wp-content\/uploads\/2022\/08\/cropped-cropped-logoban.jpg\",\"width\":1080,\"height\":138,\"caption\":\"UNIVERSNEWS224\"},\"image\":{\"@id\":\"https:\/\/universnews224.com\/#\/schema\/logo\/image\/\"}},{\"@type\":\"Person\",\"@id\":\"https:\/\/universnews224.com\/#\/schema\/person\/a4b7d4f94a4716df60456a491260485e\",\"name\":\"La R\u00e9daction\",\"image\":{\"@type\":\"ImageObject\",\"inLanguage\":\"fr-FR\",\"@id\":\"https:\/\/universnews224.com\/#\/schema\/person\/image\/\",\"url\":\"https:\/\/secure.gravatar.com\/avatar\/edb90acc7752b23e1b3307ad36c14f0d?s=96&d=mm&r=g\",\"contentUrl\":\"https:\/\/secure.gravatar.com\/avatar\/edb90acc7752b23e1b3307ad36c14f0d?s=96&d=mm&r=g\",\"caption\":\"La R\u00e9daction\"},\"sameAs\":[\"https:\/\/universnews224.com\"],\"url\":\"https:\/\/universnews224.com\/index.php\/author\/m-camara\/\"}]}<\/script>\n<!-- \/ Yoast SEO plugin. -->","yoast_head_json":{"title":"SOGEAC: Le Directeur g\u00e9n\u00e9ral dresse le Bilan de sa soci\u00e9t\u00e9 et pr\u00e9sente ses perspectives - UNIVERSNEWS224","robots":{"index":"index","follow":"follow","max-snippet":"max-snippet:-1","max-image-preview":"max-image-preview:large","max-video-preview":"max-video-preview:-1"},"canonical":"https:\/\/universnews224.com\/index.php\/sogeac-le-directeur-general-dresse-le-bilan-de-sa-societe-et-presente-ses-perspectives\/","og_locale":"fr_FR","og_type":"article","og_title":"SOGEAC: Le Directeur g\u00e9n\u00e9ral dresse le Bilan de sa soci\u00e9t\u00e9 et pr\u00e9sente ses perspectives - UNIVERSNEWS224","og_description":"Le Directeur g\u00e9n\u00e9ral de la Soci\u00e9t\u00e9 de gestion et de l\u2019a\u00e9roport de Conakry (SOGEAC), Namory","og_url":"https:\/\/universnews224.com\/index.php\/sogeac-le-directeur-general-dresse-le-bilan-de-sa-societe-et-presente-ses-perspectives\/","og_site_name":"UNIVERSNEWS224","article_published_time":"2023-12-09T08:18:31+00:00","og_image":[{"width":1032,"height":580,"url":"https:\/\/universnews224.com\/wp-content\/uploads\/2023\/12\/027230EC-F46E-4A43-9DE9-6B923E59FD26.jpeg","type":"image\/jpeg"}],"author":"La R\u00e9daction","twitter_misc":{"\u00c9crit par":"La R\u00e9daction","Dur\u00e9e de lecture estim\u00e9e":"2 minutes"},"schema":{"@context":"https:\/\/schema.org","@graph":[{"@type":"Article","@id":"https:\/\/universnews224.com\/index.php\/sogeac-le-directeur-general-dresse-le-bilan-de-sa-societe-et-presente-ses-perspectives\/#article","isPartOf":{"@id":"https:\/\/universnews224.com\/index.php\/sogeac-le-directeur-general-dresse-le-bilan-de-sa-societe-et-presente-ses-perspectives\/"},"author":{"name":"La R\u00e9daction","@id":"https:\/\/universnews224.com\/#\/schema\/person\/a4b7d4f94a4716df60456a491260485e"},"headline":"SOGEAC: Le Directeur g\u00e9n\u00e9ral dresse le Bilan de sa soci\u00e9t\u00e9 et pr\u00e9sente ses perspectives","datePublished":"2023-12-09T08:18:31+00:00","dateModified":"2023-12-09T08:18:31+00:00","mainEntityOfPage":{"@id":"https:\/\/universnews224.com\/index.php\/sogeac-le-directeur-general-dresse-le-bilan-de-sa-societe-et-presente-ses-perspectives\/"},"wordCount":421,"publisher":{"@id":"https:\/\/universnews224.com\/#organization"},"keywords":["La une"],"articleSection":["ACTU","SOCI\u00c9T\u00c9"],"inLanguage":"fr-FR"},{"@type":"WebPage","@id":"https:\/\/universnews224.com\/index.php\/sogeac-le-directeur-general-dresse-le-bilan-de-sa-societe-et-presente-ses-perspectives\/","url":"https:\/\/universnews224.com\/index.php\/sogeac-le-directeur-general-dresse-le-bilan-de-sa-societe-et-presente-ses-perspectives\/","name":"SOGEAC: Le Directeur g\u00e9n\u00e9ral dresse le Bilan de sa soci\u00e9t\u00e9 et pr\u00e9sente ses perspectives - UNIVERSNEWS224","isPartOf":{"@id":"https:\/\/universnews224.com\/#website"},"datePublished":"2023-12-09T08:18:31+00:00","dateModified":"2023-12-09T08:18:31+00:00","inLanguage":"fr-FR","potentialAction":[{"@type":"ReadAction","target":["https:\/\/universnews224.com\/index.php\/sogeac-le-directeur-general-dresse-le-bilan-de-sa-societe-et-presente-ses-perspectives\/"]}]},{"@type":"WebSite","@id":"https:\/\/universnews224.com\/#website","url":"https:\/\/universnews224.com\/","name":"UNIVERSNEWS224","description":"","publisher":{"@id":"https:\/\/universnews224.com\/#organization"},"potentialAction":[{"@type":"SearchAction","target":{"@type":"EntryPoint","urlTemplate":"https:\/\/universnews224.com\/?s={search_term_string}"},"query-input":"required name=search_term_string"}],"inLanguage":"fr-FR"},{"@type":"Organization","@id":"https:\/\/universnews224.com\/#organization","name":"UNIVERSNEWS224","url":"https:\/\/universnews224.com\/","logo":{"@type":"ImageObject","inLanguage":"fr-FR","@id":"https:\/\/universnews224.com\/#\/schema\/logo\/image\/","url":"https:\/\/universnews224.com\/wp-content\/uploads\/2022\/08\/cropped-cropped-logoban.jpg","contentUrl":"https:\/\/universnews224.com\/wp-content\/uploads\/2022\/08\/cropped-cropped-logoban.jpg","width":1080,"height":138,"caption":"UNIVERSNEWS224"},"image":{"@id":"https:\/\/universnews224.com\/#\/schema\/logo\/image\/"}},{"@type":"Person","@id":"https:\/\/universnews224.com\/#\/schema\/person\/a4b7d4f94a4716df60456a491260485e","name":"La R\u00e9daction","image":{"@type":"ImageObject","inLanguage":"fr-FR","@id":"https:\/\/universnews224.com\/#\/schema\/person\/image\/","url":"https:\/\/secure.gravatar.com\/avatar\/edb90acc7752b23e1b3307ad36c14f0d?s=96&d=mm&r=g","contentUrl":"https:\/\/secure.gravatar.com\/avatar\/edb90acc7752b23e1b3307ad36c14f0d?s=96&d=mm&r=g","caption":"La R\u00e9daction"},"sameAs":["https:\/\/universnews224.com"],"url":"https:\/\/universnews224.com\/index.php\/author\/m-camara\/"}]}},"_links":{"self":[{"href":"https:\/\/universnews224.com\/index.php\/wp-json\/wp\/v2\/posts\/4731"}],"collection":[{"href":"https:\/\/universnews224.com\/index.php\/wp-json\/wp\/v2\/posts"}],"about":[{"href":"https:\/\/universnews224.com\/index.php\/wp-json\/wp\/v2\/types\/post"}],"author":[{"embeddable":true,"href":"https:\/\/universnews224.com\/index.php\/wp-json\/wp\/v2\/users\/2"}],"replies":[{"embeddable":true,"href":"https:\/\/universnews224.com\/index.php\/wp-json\/wp\/v2\/comments?post=4731"}],"version-history":[{"count":1,"href":"https:\/\/universnews224.com\/index.php\/wp-json\/wp\/v2\/posts\/4731\/revisions"}],"predecessor-version":[{"id":4733,"href":"https:\/\/universnews224.com\/index.php\/wp-json\/wp\/v2\/posts\/4731\/revisions\/4733"}],"wp:featuredmedia":[{"embeddable":true,"href":"https:\/\/universnews224.com\/index.php\/wp-json\/wp\/v2\/media\/4730"}],"wp:attachment":[{"href":"https:\/\/universnews224.com\/index.php\/wp-json\/wp\/v2\/media?parent=4731"}],"wp:term":[{"taxonomy":"category","embeddable":true,"href":"https:\/\/universnews224.com\/index.php\/wp-json\/wp\/v2\/categories?post=4731"},{"taxonomy":"post_tag","embeddable":true,"href":"https:\/\/universnews224.com\/index.php\/wp-json\/wp\/v2\/tags?post=4731"}],"curies":[{"name":"wp","href":"https:\/\/api.w.org\/{rel}","templated":true}]}}