{"id":4744,"date":"2023-12-12T23:43:15","date_gmt":"2023-12-12T22:43:15","guid":{"rendered":"https:\/\/universnews224.com\/?p=4744"},"modified":"2023-12-12T23:43:15","modified_gmt":"2023-12-12T22:43:15","slug":"general-ansoumane-kaba-sur-le-recrues-de-kaleya-jai-appris-que-le-president-moussa-dadis-camara-et-le-general-sekouba-konate-recrutent-pour-leurs-garde","status":"publish","type":"post","link":"https:\/\/universnews224.com\/index.php\/general-ansoumane-kaba-sur-le-recrues-de-kaleya-jai-appris-que-le-president-moussa-dadis-camara-et-le-general-sekouba-konate-recrutent-pour-leurs-garde\/","title":{"rendered":"G\u00e9n\u00e9ral Ansoumane Kaba sur le recrues de Kaleya: \u201cJ\u2019ai appris que le pr\u00e9sident Moussa Dadis Camara et le G\u00e9n\u00e9ral Sekouba Konat\u00e9 recrutent pour leurs garde\u201d"},"content":{"rendered":"<p>Le passage des t\u00e9moins dans l\u2019affaire des \u00e9v\u00e9nements douloureux du 28 septembre 2009 se poursuit au tribunal criminel de Dixinn d\u00e9localis\u00e9 \u00e0 la cour d\u2019appel de Conakry.<\/p>\n<p>Apr\u00e8s plusieurs jours d\u2019audition de l\u2019ancien haut commandement de la gendarmerie au moment des faits, le g\u00e9n\u00e9ral \u00e0 la retraite, Ibrahima Bald\u00e9, ce mardi, 12 d\u00e9cembre 2023, c\u2019\u00e9tait le tour du g\u00e9n\u00e9ral Ansoumane Kaba, ex-chef d\u2019\u00e9tat-major de l\u2019arm\u00e9e de terre, de livrer sa part v\u00e9rit\u00e9 dans ce massacre qui fait selon l\u2019ONU, plus de 150 morts et plusieurs bless\u00e9s.<\/p>\n<p>Dans sa d\u00e9position \u00e0 la barre, cet officier sup\u00e9rieur a laiss\u00e9 entendre que, suite aux instructions donn\u00e9es \u00e0 la veille par la hi\u00e9rarchie, demandant de consigner tous les militaires dans les cavernes qu\u2019il n\u2019a pas quitt\u00e9 son bureau le jour du 28 septembre 2009.<\/p>\n<p>Il ajoute d\u2019ailleurs que, personnellement il n\u2019a pas particip\u00e9 \u00e0 une r\u00e9union d\u2019urgence et ce sont aux environs de 22h qu\u2019il est rentr\u00e9 chez lui. Il d\u00e9clare ne rien savoir\u00a0des \u00e9v\u00e8nements du 28 septembre au del\u00e0 de ce qu\u2019il a appris dans les radios.<\/p>\n<p>\u201cLe soir, j\u2019\u00e9tais m\u00eame \u00e9tonn\u00e9 quand j\u2019ai appris que des corps sont venus au camp Samory parce que j\u2019\u00e9tais l\u00e0-bas mais je ne les pas vu, personne n\u2019est venu me dire. Je vous dis tout ce qu\u2019on a dit \u00e0 la radio et autres c\u2019est comme \u00e7a j\u2019ai appris. Je jure. Quand j\u2019ai appris que les corps sont venus au camp Samory, je me suis dis certainement c\u2019est l\u2019infirmerie du camp Samory,\u00a0 c\u2019est moi qui ai imagin\u00e9 comme \u00e7a\u201d, a t-il d\u00e9clar\u00e9.<\/p>\n<p>Interrog\u00e9 par le parquet s\u2019il a aper\u00e7u les camions qui transportaient les corps, l\u2019ancien chef d\u2019\u00e9tat-major de l\u2019arm\u00e9e de terre r\u00e9pond qu\u2019il n\u2019a vu aucun camion.<\/p>\n<p>\u201cJe n\u2019ai pas vu de camion, je ne suis pas sorti de mon bureau, personne n\u2019est venu \u00e0 mon bureau pour me dire des corps sont venus\u201d t-il indiqu\u00e9.<\/p>\n<p>S\u2019agissant de l\u2019\u00e9pineuse question des recrues de Kaleya, ce g\u00e9n\u00e9ral \u00e0 la retraite dit avoir appris que c\u2019est le pr\u00e9sident Moussa Dadis Camara et g\u00e9n\u00e9ral S\u00e9kouba Konat\u00e9<br \/>\nqui en \u00e9taient responsables.<\/p>\n<p>\u201cJe ne peux rien dire sur le recrutement de Kal\u00e9ya, parce qu\u2019on est pas inform\u00e9s officiellement mais j\u2019ai appris avec les gens qu\u2019il y a recrutement, des civils m\u00eame venaient me voir pour dire : mon colonel, aidez-nous \u00e0 int\u00e9grer. Je r\u00e9ponds que je ne suis pas au courant de \u00e7a, je ne me m\u00eale pas de \u00e7a. J\u2019ai appris que le pr\u00e9sident de la R\u00e9publique (capitaine Moussa Dadis Camara) et le ministre de la d\u00e9fense (G\u00e9n\u00e9ral Sekouba Konat\u00e9) recrutent pour leurs garde\u201d, a t-il martel\u00e9.<br \/>\nMohamed Camara<\/p>\n","protected":false},"excerpt":{"rendered":"<p>Le passage des t\u00e9moins dans l\u2019affaire des \u00e9v\u00e9nements douloureux du 28 septembre 2009 se poursuit<\/p>\n","protected":false},"author":2,"featured_media":4745,"comment_status":"closed","ping_status":"open","sticky":false,"template":"","format":"standard","meta":[],"categories":[3,4],"tags":[229],"yoast_head":"<!-- This site is optimized with the Yoast SEO plugin v19.13 - https:\/\/yoast.com\/wordpress\/plugins\/seo\/ -->\n<title>G\u00e9n\u00e9ral Ansoumane Kaba sur le recrues de Kaleya: \u201cJ\u2019ai appris que le pr\u00e9sident Moussa Dadis Camara et le G\u00e9n\u00e9ral Sekouba Konat\u00e9 recrutent pour leurs garde\u201d - UNIVERSNEWS224<\/title>\n<meta name=\"robots\" content=\"index, follow, max-snippet:-1, max-image-preview:large, max-video-preview:-1\" \/>\n<link rel=\"canonical\" href=\"https:\/\/universnews224.com\/index.php\/general-ansoumane-kaba-sur-le-recrues-de-kaleya-jai-appris-que-le-president-moussa-dadis-camara-et-le-general-sekouba-konate-recrutent-pour-leurs-garde\/\" \/>\n<meta property=\"og:locale\" content=\"fr_FR\" \/>\n<meta property=\"og:type\" content=\"article\" \/>\n<meta property=\"og:title\" content=\"G\u00e9n\u00e9ral Ansoumane Kaba sur le recrues de Kaleya: \u201cJ\u2019ai appris que le pr\u00e9sident Moussa Dadis Camara et le G\u00e9n\u00e9ral Sekouba Konat\u00e9 recrutent pour leurs garde\u201d - UNIVERSNEWS224\" \/>\n<meta property=\"og:description\" content=\"Le passage des t\u00e9moins dans l\u2019affaire des \u00e9v\u00e9nements douloureux du 28 septembre 2009 se poursuit\" \/>\n<meta property=\"og:url\" content=\"https:\/\/universnews224.com\/index.php\/general-ansoumane-kaba-sur-le-recrues-de-kaleya-jai-appris-que-le-president-moussa-dadis-camara-et-le-general-sekouba-konate-recrutent-pour-leurs-garde\/\" \/>\n<meta property=\"og:site_name\" content=\"UNIVERSNEWS224\" \/>\n<meta property=\"article:published_time\" content=\"2023-12-12T22:43:15+00:00\" \/>\n<meta property=\"og:image\" content=\"https:\/\/universnews224.com\/wp-content\/uploads\/2023\/12\/IMG-20231212-WA0060.jpg\" \/>\n\t<meta property=\"og:image:width\" content=\"1080\" \/>\n\t<meta property=\"og:image:height\" content=\"720\" \/>\n\t<meta property=\"og:image:type\" content=\"image\/jpeg\" \/>\n<meta name=\"author\" content=\"La R\u00e9daction\" \/>\n<meta name=\"twitter:label1\" content=\"\u00c9crit par\" \/>\n\t<meta name=\"twitter:data1\" content=\"La R\u00e9daction\" \/>\n\t<meta name=\"twitter:label2\" content=\"Dur\u00e9e de lecture estim\u00e9e\" \/>\n\t<meta name=\"twitter:data2\" content=\"2 minutes\" \/>\n<script type=\"application\/ld+json\" class=\"yoast-schema-graph\">{\"@context\":\"https:\/\/schema.org\",\"@graph\":[{\"@type\":\"Article\",\"@id\":\"https:\/\/universnews224.com\/index.php\/general-ansoumane-kaba-sur-le-recrues-de-kaleya-jai-appris-que-le-president-moussa-dadis-camara-et-le-general-sekouba-konate-recrutent-pour-leurs-garde\/#article\",\"isPartOf\":{\"@id\":\"https:\/\/universnews224.com\/index.php\/general-ansoumane-kaba-sur-le-recrues-de-kaleya-jai-appris-que-le-president-moussa-dadis-camara-et-le-general-sekouba-konate-recrutent-pour-leurs-garde\/\"},\"author\":{\"name\":\"La R\u00e9daction\",\"@id\":\"https:\/\/universnews224.com\/#\/schema\/person\/a4b7d4f94a4716df60456a491260485e\"},\"headline\":\"G\u00e9n\u00e9ral Ansoumane Kaba sur le recrues de Kaleya: \u201cJ\u2019ai appris que le pr\u00e9sident Moussa Dadis Camara et le G\u00e9n\u00e9ral Sekouba Konat\u00e9 recrutent pour leurs garde\u201d\",\"datePublished\":\"2023-12-12T22:43:15+00:00\",\"dateModified\":\"2023-12-12T22:43:15+00:00\",\"mainEntityOfPage\":{\"@id\":\"https:\/\/universnews224.com\/index.php\/general-ansoumane-kaba-sur-le-recrues-de-kaleya-jai-appris-que-le-president-moussa-dadis-camara-et-le-general-sekouba-konate-recrutent-pour-leurs-garde\/\"},\"wordCount\":527,\"publisher\":{\"@id\":\"https:\/\/universnews224.com\/#organization\"},\"keywords\":[\"La une\"],\"articleSection\":[\"ACTU\",\"POLITIQUE\"],\"inLanguage\":\"fr-FR\"},{\"@type\":\"WebPage\",\"@id\":\"https:\/\/universnews224.com\/index.php\/general-ansoumane-kaba-sur-le-recrues-de-kaleya-jai-appris-que-le-president-moussa-dadis-camara-et-le-general-sekouba-konate-recrutent-pour-leurs-garde\/\",\"url\":\"https:\/\/universnews224.com\/index.php\/general-ansoumane-kaba-sur-le-recrues-de-kaleya-jai-appris-que-le-president-moussa-dadis-camara-et-le-general-sekouba-konate-recrutent-pour-leurs-garde\/\",\"name\":\"G\u00e9n\u00e9ral Ansoumane Kaba sur le recrues de Kaleya: \u201cJ\u2019ai appris que le pr\u00e9sident Moussa Dadis Camara et le G\u00e9n\u00e9ral Sekouba Konat\u00e9 recrutent pour leurs garde\u201d - UNIVERSNEWS224\",\"isPartOf\":{\"@id\":\"https:\/\/universnews224.com\/#website\"},\"datePublished\":\"2023-12-12T22:43:15+00:00\",\"dateModified\":\"2023-12-12T22:43:15+00:00\",\"inLanguage\":\"fr-FR\",\"potentialAction\":[{\"@type\":\"ReadAction\",\"target\":[\"https:\/\/universnews224.com\/index.php\/general-ansoumane-kaba-sur-le-recrues-de-kaleya-jai-appris-que-le-president-moussa-dadis-camara-et-le-general-sekouba-konate-recrutent-pour-leurs-garde\/\"]}]},{\"@type\":\"WebSite\",\"@id\":\"https:\/\/universnews224.com\/#website\",\"url\":\"https:\/\/universnews224.com\/\",\"name\":\"UNIVERSNEWS224\",\"description\":\"\",\"publisher\":{\"@id\":\"https:\/\/universnews224.com\/#organization\"},\"potentialAction\":[{\"@type\":\"SearchAction\",\"target\":{\"@type\":\"EntryPoint\",\"urlTemplate\":\"https:\/\/universnews224.com\/?s={search_term_string}\"},\"query-input\":\"required name=search_term_string\"}],\"inLanguage\":\"fr-FR\"},{\"@type\":\"Organization\",\"@id\":\"https:\/\/universnews224.com\/#organization\",\"name\":\"UNIVERSNEWS224\",\"url\":\"https:\/\/universnews224.com\/\",\"logo\":{\"@type\":\"ImageObject\",\"inLanguage\":\"fr-FR\",\"@id\":\"https:\/\/universnews224.com\/#\/schema\/logo\/image\/\",\"url\":\"https:\/\/universnews224.com\/wp-content\/uploads\/2022\/08\/cropped-cropped-logoban.jpg\",\"contentUrl\":\"https:\/\/universnews224.com\/wp-content\/uploads\/2022\/08\/cropped-cropped-logoban.jpg\",\"width\":1080,\"height\":138,\"caption\":\"UNIVERSNEWS224\"},\"image\":{\"@id\":\"https:\/\/universnews224.com\/#\/schema\/logo\/image\/\"}},{\"@type\":\"Person\",\"@id\":\"https:\/\/universnews224.com\/#\/schema\/person\/a4b7d4f94a4716df60456a491260485e\",\"name\":\"La R\u00e9daction\",\"image\":{\"@type\":\"ImageObject\",\"inLanguage\":\"fr-FR\",\"@id\":\"https:\/\/universnews224.com\/#\/schema\/person\/image\/\",\"url\":\"https:\/\/secure.gravatar.com\/avatar\/edb90acc7752b23e1b3307ad36c14f0d?s=96&d=mm&r=g\",\"contentUrl\":\"https:\/\/secure.gravatar.com\/avatar\/edb90acc7752b23e1b3307ad36c14f0d?s=96&d=mm&r=g\",\"caption\":\"La R\u00e9daction\"},\"sameAs\":[\"https:\/\/universnews224.com\"],\"url\":\"https:\/\/universnews224.com\/index.php\/author\/m-camara\/\"}]}<\/script>\n<!-- \/ Yoast SEO plugin. -->","yoast_head_json":{"title":"G\u00e9n\u00e9ral Ansoumane Kaba sur le recrues de Kaleya: \u201cJ\u2019ai appris que le pr\u00e9sident Moussa Dadis Camara et le G\u00e9n\u00e9ral Sekouba Konat\u00e9 recrutent pour leurs garde\u201d - UNIVERSNEWS224","robots":{"index":"index","follow":"follow","max-snippet":"max-snippet:-1","max-image-preview":"max-image-preview:large","max-video-preview":"max-video-preview:-1"},"canonical":"https:\/\/universnews224.com\/index.php\/general-ansoumane-kaba-sur-le-recrues-de-kaleya-jai-appris-que-le-president-moussa-dadis-camara-et-le-general-sekouba-konate-recrutent-pour-leurs-garde\/","og_locale":"fr_FR","og_type":"article","og_title":"G\u00e9n\u00e9ral Ansoumane Kaba sur le recrues de Kaleya: \u201cJ\u2019ai appris que le pr\u00e9sident Moussa Dadis Camara et le G\u00e9n\u00e9ral Sekouba Konat\u00e9 recrutent pour leurs garde\u201d - UNIVERSNEWS224","og_description":"Le passage des t\u00e9moins dans l\u2019affaire des \u00e9v\u00e9nements douloureux du 28 septembre 2009 se poursuit","og_url":"https:\/\/universnews224.com\/index.php\/general-ansoumane-kaba-sur-le-recrues-de-kaleya-jai-appris-que-le-president-moussa-dadis-camara-et-le-general-sekouba-konate-recrutent-pour-leurs-garde\/","og_site_name":"UNIVERSNEWS224","article_published_time":"2023-12-12T22:43:15+00:00","og_image":[{"width":1080,"height":720,"url":"https:\/\/universnews224.com\/wp-content\/uploads\/2023\/12\/IMG-20231212-WA0060.jpg","type":"image\/jpeg"}],"author":"La R\u00e9daction","twitter_misc":{"\u00c9crit par":"La R\u00e9daction","Dur\u00e9e de lecture estim\u00e9e":"2 minutes"},"schema":{"@context":"https:\/\/schema.org","@graph":[{"@type":"Article","@id":"https:\/\/universnews224.com\/index.php\/general-ansoumane-kaba-sur-le-recrues-de-kaleya-jai-appris-que-le-president-moussa-dadis-camara-et-le-general-sekouba-konate-recrutent-pour-leurs-garde\/#article","isPartOf":{"@id":"https:\/\/universnews224.com\/index.php\/general-ansoumane-kaba-sur-le-recrues-de-kaleya-jai-appris-que-le-president-moussa-dadis-camara-et-le-general-sekouba-konate-recrutent-pour-leurs-garde\/"},"author":{"name":"La R\u00e9daction","@id":"https:\/\/universnews224.com\/#\/schema\/person\/a4b7d4f94a4716df60456a491260485e"},"headline":"G\u00e9n\u00e9ral Ansoumane Kaba sur le recrues de Kaleya: \u201cJ\u2019ai appris que le pr\u00e9sident Moussa Dadis Camara et le G\u00e9n\u00e9ral Sekouba Konat\u00e9 recrutent pour leurs garde\u201d","datePublished":"2023-12-12T22:43:15+00:00","dateModified":"2023-12-12T22:43:15+00:00","mainEntityOfPage":{"@id":"https:\/\/universnews224.com\/index.php\/general-ansoumane-kaba-sur-le-recrues-de-kaleya-jai-appris-que-le-president-moussa-dadis-camara-et-le-general-sekouba-konate-recrutent-pour-leurs-garde\/"},"wordCount":527,"publisher":{"@id":"https:\/\/universnews224.com\/#organization"},"keywords":["La une"],"articleSection":["ACTU","POLITIQUE"],"inLanguage":"fr-FR"},{"@type":"WebPage","@id":"https:\/\/universnews224.com\/index.php\/general-ansoumane-kaba-sur-le-recrues-de-kaleya-jai-appris-que-le-president-moussa-dadis-camara-et-le-general-sekouba-konate-recrutent-pour-leurs-garde\/","url":"https:\/\/universnews224.com\/index.php\/general-ansoumane-kaba-sur-le-recrues-de-kaleya-jai-appris-que-le-president-moussa-dadis-camara-et-le-general-sekouba-konate-recrutent-pour-leurs-garde\/","name":"G\u00e9n\u00e9ral Ansoumane Kaba sur le recrues de Kaleya: \u201cJ\u2019ai appris que le pr\u00e9sident Moussa Dadis Camara et le G\u00e9n\u00e9ral Sekouba Konat\u00e9 recrutent pour leurs garde\u201d - UNIVERSNEWS224","isPartOf":{"@id":"https:\/\/universnews224.com\/#website"},"datePublished":"2023-12-12T22:43:15+00:00","dateModified":"2023-12-12T22:43:15+00:00","inLanguage":"fr-FR","potentialAction":[{"@type":"ReadAction","target":["https:\/\/universnews224.com\/index.php\/general-ansoumane-kaba-sur-le-recrues-de-kaleya-jai-appris-que-le-president-moussa-dadis-camara-et-le-general-sekouba-konate-recrutent-pour-leurs-garde\/"]}]},{"@type":"WebSite","@id":"https:\/\/universnews224.com\/#website","url":"https:\/\/universnews224.com\/","name":"UNIVERSNEWS224","description":"","publisher":{"@id":"https:\/\/universnews224.com\/#organization"},"potentialAction":[{"@type":"SearchAction","target":{"@type":"EntryPoint","urlTemplate":"https:\/\/universnews224.com\/?s={search_term_string}"},"query-input":"required name=search_term_string"}],"inLanguage":"fr-FR"},{"@type":"Organization","@id":"https:\/\/universnews224.com\/#organization","name":"UNIVERSNEWS224","url":"https:\/\/universnews224.com\/","logo":{"@type":"ImageObject","inLanguage":"fr-FR","@id":"https:\/\/universnews224.com\/#\/schema\/logo\/image\/","url":"https:\/\/universnews224.com\/wp-content\/uploads\/2022\/08\/cropped-cropped-logoban.jpg","contentUrl":"https:\/\/universnews224.com\/wp-content\/uploads\/2022\/08\/cropped-cropped-logoban.jpg","width":1080,"height":138,"caption":"UNIVERSNEWS224"},"image":{"@id":"https:\/\/universnews224.com\/#\/schema\/logo\/image\/"}},{"@type":"Person","@id":"https:\/\/universnews224.com\/#\/schema\/person\/a4b7d4f94a4716df60456a491260485e","name":"La R\u00e9daction","image":{"@type":"ImageObject","inLanguage":"fr-FR","@id":"https:\/\/universnews224.com\/#\/schema\/person\/image\/","url":"https:\/\/secure.gravatar.com\/avatar\/edb90acc7752b23e1b3307ad36c14f0d?s=96&d=mm&r=g","contentUrl":"https:\/\/secure.gravatar.com\/avatar\/edb90acc7752b23e1b3307ad36c14f0d?s=96&d=mm&r=g","caption":"La R\u00e9daction"},"sameAs":["https:\/\/universnews224.com"],"url":"https:\/\/universnews224.com\/index.php\/author\/m-camara\/"}]}},"_links":{"self":[{"href":"https:\/\/universnews224.com\/index.php\/wp-json\/wp\/v2\/posts\/4744"}],"collection":[{"href":"https:\/\/universnews224.com\/index.php\/wp-json\/wp\/v2\/posts"}],"about":[{"href":"https:\/\/universnews224.com\/index.php\/wp-json\/wp\/v2\/types\/post"}],"author":[{"embeddable":true,"href":"https:\/\/universnews224.com\/index.php\/wp-json\/wp\/v2\/users\/2"}],"replies":[{"embeddable":true,"href":"https:\/\/universnews224.com\/index.php\/wp-json\/wp\/v2\/comments?post=4744"}],"version-history":[{"count":1,"href":"https:\/\/universnews224.com\/index.php\/wp-json\/wp\/v2\/posts\/4744\/revisions"}],"predecessor-version":[{"id":4746,"href":"https:\/\/universnews224.com\/index.php\/wp-json\/wp\/v2\/posts\/4744\/revisions\/4746"}],"wp:featuredmedia":[{"embeddable":true,"href":"https:\/\/universnews224.com\/index.php\/wp-json\/wp\/v2\/media\/4745"}],"wp:attachment":[{"href":"https:\/\/universnews224.com\/index.php\/wp-json\/wp\/v2\/media?parent=4744"}],"wp:term":[{"taxonomy":"category","embeddable":true,"href":"https:\/\/universnews224.com\/index.php\/wp-json\/wp\/v2\/categories?post=4744"},{"taxonomy":"post_tag","embeddable":true,"href":"https:\/\/universnews224.com\/index.php\/wp-json\/wp\/v2\/tags?post=4744"}],"curies":[{"name":"wp","href":"https:\/\/api.w.org\/{rel}","templated":true}]}}