{"id":4747,"date":"2023-12-12T23:47:59","date_gmt":"2023-12-12T22:47:59","guid":{"rendered":"https:\/\/universnews224.com\/?p=4747"},"modified":"2023-12-12T23:47:59","modified_gmt":"2023-12-12T22:47:59","slug":"annulation-de-la-journee-sans-presse-cest-sous-la-pression-de-la-junte-que-les-patrons-des-associations-de-presse-ont-fait-annuler-la-journee-sekou-jamel-pendessa","status":"publish","type":"post","link":"https:\/\/universnews224.com\/index.php\/annulation-de-la-journee-sans-presse-cest-sous-la-pression-de-la-junte-que-les-patrons-des-associations-de-presse-ont-fait-annuler-la-journee-sekou-jamel-pendessa\/","title":{"rendered":"Annulation de la journ\u00e9e sans presse: \u201cC\u2019est sous la pression de la junte que les patrons des associations de presse ont fait annuler la journ\u00e9e\u201d, Sekou Jamel Pendessa."},"content":{"rendered":"<p>Alors qu\u2019on attendait \u00e0 une journ\u00e9e sans presse hier lundi, 11 d\u00e9cembre pour protester contre le brouillage des ondes et le retrait de certains m\u00e9dias du bouquet Canal+, l\u2019Union des radiodiffusions et t\u00e9l\u00e9visions libres de Guin\u00e9e(URTELGUI), a sorti un communiqu\u00e9 \u00e0 quelques heures de cette journ\u00e9e, dans lequel, elle a demand\u00e9 \u00e0 ses membres de sursoir \u00e0 cette action pour donner une chance aux n\u00e9gociations.<\/p>\n<p>Dans une contre d\u00e9claration publi\u00e9e dans la soir\u00e9e du dimanche dernier, le syndicat des professionnels de la presse de Guin\u00e9e (SPPG) s\u2019est d\u00e9solidaris\u00e9 de cette d\u00e9marche l\u2019URTELGUI.<\/p>\n<p>Mais, que s\u2019est-il pass\u00e9 pour que l\u2019URTELGUI n\u2019abdique \u00e0 quelques heures de cet \u00e9v\u00e9nement? Les patrons de presse ont-ils eu des pressions de la part des autorit\u00e9s de la transition?<\/p>\n<p>R\u00e9pondant \u00e0 ces interrogations chez nos confr\u00e8res de la radio Nostalgie-Guin\u00e9e dans l\u2019\u00e9mission\u00abAfrica2015\u00bb, ce mardi, 12 d\u00e9cembre 2023, Sekou Jamel Pendessa, secr\u00e9taire g\u00e9n\u00e9ral du SPPG r\u00e9pond par l\u2019affirmative.<\/p>\n<p>\u201cCe qui est clair et qu\u2019on a mentionn\u00e9 dans notre d\u00e9claration de r\u00e9plique, c\u2019est sous la pression de la junte que les patrons des associations de presse ont fait annuler la journ\u00e9e sans presse. L\u00e0 on n\u2019a pas d\u2019h\u00e9sitation, on a la certitude\u00bb, a t-il d\u00e9noncer avant d\u2019indiquer que le SPPG a \u00e9t\u00e9 trahi par les patrons des associations de presse.<\/p>\n<p>\u201cLe communiqu\u00e9 des associations patronales de presse qui est a \u00e9t\u00e9 publi\u00e9 \u00e0 quelques heures de l\u2019\u00e9v\u00e9nement \u00e9tait une grosse erreur. \u00c7a ne se fait pas. On avait une dynamique qui \u00e9tait bien connue, la d\u00e9cision a \u00e9t\u00e9 prise au cours de l\u2019assembl\u00e9e g\u00e9n\u00e9rale extraordinaire du 0 4 d\u00e9cembre. Et, nous avons adopt\u00e9 des mesures unanimement contenues dans ladite d\u00e9claration. Vous pouvez r\u00e9\u00e9lire, tout a \u00e9t\u00e9 cit\u00e9 de dans y compris la journ\u00e9e sans presse et la d\u00e9claration a \u00e9t\u00e9 lue par le bloc du patronat \u00e0 travers le pr\u00e9sident de l\u2019URTELGUI. Donc, ce n\u2019\u00e9tait pas quelque chose qui a \u00e9t\u00e9 impos\u00e9, c\u2019\u00e9tait unanime. Maintenant, toute d\u00e9cision contraire devrait faire l\u2019objet d\u2019une autre assembl\u00e9e g\u00e9n\u00e9rale, on se retrouve et que la majorit\u00e9 dise qu\u2019on a d\u00e9cid\u00e9 de retirer telle activit\u00e9 ou telle activit\u00e9. Mais, vous ne pouvez pas attendre \u00e0 quelques heures de la journ\u00e9e sans presse pour demander au syndicat d\u2019accepter de suspendre cela, sans pour autant \u00e9voquer un motif valable\u201d, a t-il d\u00e9plorer.<\/p>\n<p>Et d\u2019ajouter: \u201cParce que je leur ai demand\u00e9 au cours de la r\u00e9union qu\u2019on a eue, je l\u2019ai dit pour quelle raison, on va suspendre cette journ\u00e9e sans presse? Ils disent c\u2019est pour donner la chance au dialogue, je l\u2019ai dit est-ce qu\u2019une journ\u00e9e sans presse peut vous emp\u00eacher de dialoguer? On peut faire les deux (2) parall\u00e8lement. Nous observons notre journ\u00e9e, vous partez rencontrer qui vous voulez, \u00e7a peut se faire. Mais, si on tenait co\u00fbte que co\u00fbte \u00e0 annuler, c\u2019est qu\u2019il y a quelque chose qui est cach\u00e9 derri\u00e8re.Ils ont tenu \u00e0 annuler, donc on dit, faites ce que vous voulez, nous, on n\u2019est pas dans \u00e7a et si vous communiquez pour dire le contraire de ce que l\u2019assembl\u00e9e g\u00e9n\u00e9rale du 04 d\u00e9cembre avait d\u00e9cid\u00e9, nous allons faire une contre d\u00e9claration pour recarder les choses\u201d, a t-il martel\u00e9.<\/p>\n<p>Mohamed Camara<\/p>\n<p>Annulation de la journ\u00e9e sans presse: \u201cC\u2019est sous la pression de la junte que les patrons des associations de presse ont fait annuler la journ\u00e9e\u201d, Sekou Jamel Pendessa.<\/p>\n<p>Alors qu\u2019on attendait \u00e0 une journ\u00e9e sans presse hier lundi, 11 d\u00e9cembre pour protester contre le brouillage des ondes et le retrait de certains m\u00e9dias du bouquet Canal+, l\u2019Union des radiodiffusions et t\u00e9l\u00e9visions libres de Guin\u00e9e(URTELGUI), a sorti un communiqu\u00e9 \u00e0 quelques heures de cette journ\u00e9e, dans lequel, elle a demand\u00e9 \u00e0 ses membres de sursoir \u00e0 cette action pour donner une chance aux n\u00e9gociations.<\/p>\n<p>Dans une contre d\u00e9claration publi\u00e9e dans la soir\u00e9e du dimanche dernier, le syndicat des professionnels de la presse de Guin\u00e9e (SPPG) s\u2019est d\u00e9solidaris\u00e9 de cette d\u00e9marche l\u2019URTELGUI.<\/p>\n<p>Mais, que s\u2019est-il pass\u00e9 pour que l\u2019URTELGUI n\u2019abdique \u00e0 quelques heures de cet \u00e9v\u00e9nement? Les patrons de presse ont-ils eu des pressions de la part des autorit\u00e9s de la transition?<\/p>\n<p>R\u00e9pondant \u00e0 ces interrogations chez nos confr\u00e8res de la radio Nostalgie-Guin\u00e9e dans l\u2019\u00e9mission\u00abAfrica2015\u00bb, ce mardi, 12 d\u00e9cembre 2023, Sekou Jamel Pendessa, secr\u00e9taire g\u00e9n\u00e9ral du SPPG r\u00e9pond par l\u2019affirmative.<\/p>\n<p>\u201cCe qui est clair et qu\u2019on a mentionn\u00e9 dans notre d\u00e9claration de r\u00e9plique, c\u2019est sous la pression de la junte que les patrons des associations de presse ont fait annuler la journ\u00e9e sans presse. L\u00e0 on n\u2019a pas d\u2019h\u00e9sitation, on a la certitude\u00bb, a t-il d\u00e9noncer avant d\u2019indiquer que le SPPG a \u00e9t\u00e9 trahi par les patrons des associations de presse.<\/p>\n<p>\u201cLe communiqu\u00e9 des associations patronales de presse qui est a \u00e9t\u00e9 publi\u00e9 \u00e0 quelques heures de l\u2019\u00e9v\u00e9nement \u00e9tait une grosse erreur. \u00c7a ne se fait pas. On avait une dynamique qui \u00e9tait bien connue, la d\u00e9cision a \u00e9t\u00e9 prise au cours de l\u2019assembl\u00e9e g\u00e9n\u00e9rale extraordinaire du 0 4 d\u00e9cembre. Et, nous avons adopt\u00e9 des mesures unanimement contenues dans ladite d\u00e9claration. Vous pouvez r\u00e9\u00e9lire, tout a \u00e9t\u00e9 cit\u00e9 de dans y compris la journ\u00e9e sans presse et la d\u00e9claration a \u00e9t\u00e9 lue par le bloc du patronat \u00e0 travers le pr\u00e9sident de l\u2019URTELGUI. Donc, ce n\u2019\u00e9tait pas quelque chose qui a \u00e9t\u00e9 impos\u00e9, c\u2019\u00e9tait unanime. Maintenant, toute d\u00e9cision contraire devrait faire l\u2019objet d\u2019une autre assembl\u00e9e g\u00e9n\u00e9rale, on se retrouve et que la majorit\u00e9 dise qu\u2019on a d\u00e9cid\u00e9 de retirer telle activit\u00e9 ou telle activit\u00e9. Mais, vous ne pouvez pas attendre \u00e0 quelques heures de la journ\u00e9e sans presse pour demander au syndicat d\u2019accepter de suspendre cela, sans pour autant \u00e9voquer un motif valable\u201d, a t-il d\u00e9plorer.<\/p>\n<p>Et d\u2019ajouter: \u201cParce que je leur ai demand\u00e9 au cours de la r\u00e9union qu\u2019on a eue, je l\u2019ai dit pour quelle raison, on va suspendre cette journ\u00e9e sans presse? Ils disent c\u2019est pour donner la chance au dialogue, je l\u2019ai dit est-ce qu\u2019une journ\u00e9e sans presse peut vous emp\u00eacher de dialoguer? On peut faire les deux (2) parall\u00e8lement. Nous observons notre journ\u00e9e, vous partez rencontrer qui vous voulez, \u00e7a peut se faire. Mais, si on tenait co\u00fbte que co\u00fbte \u00e0 annuler, c\u2019est qu\u2019il y a quelque chose qui est cach\u00e9 derri\u00e8re.Ils ont tenu \u00e0 annuler, donc on dit, faites ce que vous voulez, nous, on n\u2019est pas dans \u00e7a et si vous communiquez pour dire le contraire de ce que l\u2019assembl\u00e9e g\u00e9n\u00e9rale du 04 d\u00e9cembre avait d\u00e9cid\u00e9, nous allons faire une contre d\u00e9claration pour recarder les choses\u201d, a t-il martel\u00e9.<\/p>\n<p>Mohamed Camara<\/p>\n","protected":false},"excerpt":{"rendered":"<p>Alors qu\u2019on attendait \u00e0 une journ\u00e9e sans presse hier lundi, 11 d\u00e9cembre pour protester contre<\/p>\n","protected":false},"author":2,"featured_media":4748,"comment_status":"closed","ping_status":"open","sticky":false,"template":"","format":"standard","meta":[],"categories":[3,4],"tags":[229],"yoast_head":"<!-- This site is optimized with the Yoast SEO plugin v19.13 - https:\/\/yoast.com\/wordpress\/plugins\/seo\/ -->\n<title>Annulation de la journ\u00e9e sans presse: \u201cC\u2019est sous la pression de la junte que les patrons des associations de presse ont fait annuler la journ\u00e9e\u201d, Sekou Jamel Pendessa. - UNIVERSNEWS224<\/title>\n<meta name=\"robots\" content=\"index, follow, max-snippet:-1, max-image-preview:large, max-video-preview:-1\" \/>\n<link rel=\"canonical\" href=\"https:\/\/universnews224.com\/index.php\/annulation-de-la-journee-sans-presse-cest-sous-la-pression-de-la-junte-que-les-patrons-des-associations-de-presse-ont-fait-annuler-la-journee-sekou-jamel-pendessa\/\" \/>\n<meta property=\"og:locale\" content=\"fr_FR\" \/>\n<meta property=\"og:type\" content=\"article\" \/>\n<meta property=\"og:title\" content=\"Annulation de la journ\u00e9e sans presse: \u201cC\u2019est sous la pression de la junte que les patrons des associations de presse ont fait annuler la journ\u00e9e\u201d, Sekou Jamel Pendessa. - UNIVERSNEWS224\" \/>\n<meta property=\"og:description\" content=\"Alors qu\u2019on attendait \u00e0 une journ\u00e9e sans presse hier lundi, 11 d\u00e9cembre pour protester contre\" \/>\n<meta property=\"og:url\" content=\"https:\/\/universnews224.com\/index.php\/annulation-de-la-journee-sans-presse-cest-sous-la-pression-de-la-junte-que-les-patrons-des-associations-de-presse-ont-fait-annuler-la-journee-sekou-jamel-pendessa\/\" \/>\n<meta property=\"og:site_name\" content=\"UNIVERSNEWS224\" \/>\n<meta property=\"article:published_time\" content=\"2023-12-12T22:47:59+00:00\" \/>\n<meta property=\"og:image\" content=\"https:\/\/universnews224.com\/wp-content\/uploads\/2023\/12\/IMG-20231212-WA0059.jpg\" \/>\n\t<meta property=\"og:image:width\" content=\"800\" \/>\n\t<meta property=\"og:image:height\" content=\"450\" \/>\n\t<meta property=\"og:image:type\" content=\"image\/jpeg\" \/>\n<meta name=\"author\" content=\"La R\u00e9daction\" \/>\n<meta name=\"twitter:label1\" content=\"\u00c9crit par\" \/>\n\t<meta name=\"twitter:data1\" content=\"La R\u00e9daction\" \/>\n\t<meta name=\"twitter:label2\" content=\"Dur\u00e9e de lecture estim\u00e9e\" \/>\n\t<meta name=\"twitter:data2\" content=\"6 minutes\" \/>\n<script type=\"application\/ld+json\" class=\"yoast-schema-graph\">{\"@context\":\"https:\/\/schema.org\",\"@graph\":[{\"@type\":\"Article\",\"@id\":\"https:\/\/universnews224.com\/index.php\/annulation-de-la-journee-sans-presse-cest-sous-la-pression-de-la-junte-que-les-patrons-des-associations-de-presse-ont-fait-annuler-la-journee-sekou-jamel-pendessa\/#article\",\"isPartOf\":{\"@id\":\"https:\/\/universnews224.com\/index.php\/annulation-de-la-journee-sans-presse-cest-sous-la-pression-de-la-junte-que-les-patrons-des-associations-de-presse-ont-fait-annuler-la-journee-sekou-jamel-pendessa\/\"},\"author\":{\"name\":\"La R\u00e9daction\",\"@id\":\"https:\/\/universnews224.com\/#\/schema\/person\/a4b7d4f94a4716df60456a491260485e\"},\"headline\":\"Annulation de la journ\u00e9e sans presse: \u201cC\u2019est sous la pression de la junte que les patrons des associations de presse ont fait annuler la journ\u00e9e\u201d, Sekou Jamel Pendessa.\",\"datePublished\":\"2023-12-12T22:47:59+00:00\",\"dateModified\":\"2023-12-12T22:47:59+00:00\",\"mainEntityOfPage\":{\"@id\":\"https:\/\/universnews224.com\/index.php\/annulation-de-la-journee-sans-presse-cest-sous-la-pression-de-la-junte-que-les-patrons-des-associations-de-presse-ont-fait-annuler-la-journee-sekou-jamel-pendessa\/\"},\"wordCount\":1258,\"publisher\":{\"@id\":\"https:\/\/universnews224.com\/#organization\"},\"keywords\":[\"La une\"],\"articleSection\":[\"ACTU\",\"POLITIQUE\"],\"inLanguage\":\"fr-FR\"},{\"@type\":\"WebPage\",\"@id\":\"https:\/\/universnews224.com\/index.php\/annulation-de-la-journee-sans-presse-cest-sous-la-pression-de-la-junte-que-les-patrons-des-associations-de-presse-ont-fait-annuler-la-journee-sekou-jamel-pendessa\/\",\"url\":\"https:\/\/universnews224.com\/index.php\/annulation-de-la-journee-sans-presse-cest-sous-la-pression-de-la-junte-que-les-patrons-des-associations-de-presse-ont-fait-annuler-la-journee-sekou-jamel-pendessa\/\",\"name\":\"Annulation de la journ\u00e9e sans presse: \u201cC\u2019est sous la pression de la junte que les patrons des associations de presse ont fait annuler la journ\u00e9e\u201d, Sekou Jamel Pendessa. - UNIVERSNEWS224\",\"isPartOf\":{\"@id\":\"https:\/\/universnews224.com\/#website\"},\"datePublished\":\"2023-12-12T22:47:59+00:00\",\"dateModified\":\"2023-12-12T22:47:59+00:00\",\"inLanguage\":\"fr-FR\",\"potentialAction\":[{\"@type\":\"ReadAction\",\"target\":[\"https:\/\/universnews224.com\/index.php\/annulation-de-la-journee-sans-presse-cest-sous-la-pression-de-la-junte-que-les-patrons-des-associations-de-presse-ont-fait-annuler-la-journee-sekou-jamel-pendessa\/\"]}]},{\"@type\":\"WebSite\",\"@id\":\"https:\/\/universnews224.com\/#website\",\"url\":\"https:\/\/universnews224.com\/\",\"name\":\"UNIVERSNEWS224\",\"description\":\"\",\"publisher\":{\"@id\":\"https:\/\/universnews224.com\/#organization\"},\"potentialAction\":[{\"@type\":\"SearchAction\",\"target\":{\"@type\":\"EntryPoint\",\"urlTemplate\":\"https:\/\/universnews224.com\/?s={search_term_string}\"},\"query-input\":\"required name=search_term_string\"}],\"inLanguage\":\"fr-FR\"},{\"@type\":\"Organization\",\"@id\":\"https:\/\/universnews224.com\/#organization\",\"name\":\"UNIVERSNEWS224\",\"url\":\"https:\/\/universnews224.com\/\",\"logo\":{\"@type\":\"ImageObject\",\"inLanguage\":\"fr-FR\",\"@id\":\"https:\/\/universnews224.com\/#\/schema\/logo\/image\/\",\"url\":\"https:\/\/universnews224.com\/wp-content\/uploads\/2022\/08\/cropped-cropped-logoban.jpg\",\"contentUrl\":\"https:\/\/universnews224.com\/wp-content\/uploads\/2022\/08\/cropped-cropped-logoban.jpg\",\"width\":1080,\"height\":138,\"caption\":\"UNIVERSNEWS224\"},\"image\":{\"@id\":\"https:\/\/universnews224.com\/#\/schema\/logo\/image\/\"}},{\"@type\":\"Person\",\"@id\":\"https:\/\/universnews224.com\/#\/schema\/person\/a4b7d4f94a4716df60456a491260485e\",\"name\":\"La R\u00e9daction\",\"image\":{\"@type\":\"ImageObject\",\"inLanguage\":\"fr-FR\",\"@id\":\"https:\/\/universnews224.com\/#\/schema\/person\/image\/\",\"url\":\"https:\/\/secure.gravatar.com\/avatar\/edb90acc7752b23e1b3307ad36c14f0d?s=96&d=mm&r=g\",\"contentUrl\":\"https:\/\/secure.gravatar.com\/avatar\/edb90acc7752b23e1b3307ad36c14f0d?s=96&d=mm&r=g\",\"caption\":\"La R\u00e9daction\"},\"sameAs\":[\"https:\/\/universnews224.com\"],\"url\":\"https:\/\/universnews224.com\/index.php\/author\/m-camara\/\"}]}<\/script>\n<!-- \/ Yoast SEO plugin. -->","yoast_head_json":{"title":"Annulation de la journ\u00e9e sans presse: \u201cC\u2019est sous la pression de la junte que les patrons des associations de presse ont fait annuler la journ\u00e9e\u201d, Sekou Jamel Pendessa. - UNIVERSNEWS224","robots":{"index":"index","follow":"follow","max-snippet":"max-snippet:-1","max-image-preview":"max-image-preview:large","max-video-preview":"max-video-preview:-1"},"canonical":"https:\/\/universnews224.com\/index.php\/annulation-de-la-journee-sans-presse-cest-sous-la-pression-de-la-junte-que-les-patrons-des-associations-de-presse-ont-fait-annuler-la-journee-sekou-jamel-pendessa\/","og_locale":"fr_FR","og_type":"article","og_title":"Annulation de la journ\u00e9e sans presse: \u201cC\u2019est sous la pression de la junte que les patrons des associations de presse ont fait annuler la journ\u00e9e\u201d, Sekou Jamel Pendessa. - UNIVERSNEWS224","og_description":"Alors qu\u2019on attendait \u00e0 une journ\u00e9e sans presse hier lundi, 11 d\u00e9cembre pour protester contre","og_url":"https:\/\/universnews224.com\/index.php\/annulation-de-la-journee-sans-presse-cest-sous-la-pression-de-la-junte-que-les-patrons-des-associations-de-presse-ont-fait-annuler-la-journee-sekou-jamel-pendessa\/","og_site_name":"UNIVERSNEWS224","article_published_time":"2023-12-12T22:47:59+00:00","og_image":[{"width":800,"height":450,"url":"https:\/\/universnews224.com\/wp-content\/uploads\/2023\/12\/IMG-20231212-WA0059.jpg","type":"image\/jpeg"}],"author":"La R\u00e9daction","twitter_misc":{"\u00c9crit par":"La R\u00e9daction","Dur\u00e9e de lecture estim\u00e9e":"6 minutes"},"schema":{"@context":"https:\/\/schema.org","@graph":[{"@type":"Article","@id":"https:\/\/universnews224.com\/index.php\/annulation-de-la-journee-sans-presse-cest-sous-la-pression-de-la-junte-que-les-patrons-des-associations-de-presse-ont-fait-annuler-la-journee-sekou-jamel-pendessa\/#article","isPartOf":{"@id":"https:\/\/universnews224.com\/index.php\/annulation-de-la-journee-sans-presse-cest-sous-la-pression-de-la-junte-que-les-patrons-des-associations-de-presse-ont-fait-annuler-la-journee-sekou-jamel-pendessa\/"},"author":{"name":"La R\u00e9daction","@id":"https:\/\/universnews224.com\/#\/schema\/person\/a4b7d4f94a4716df60456a491260485e"},"headline":"Annulation de la journ\u00e9e sans presse: \u201cC\u2019est sous la pression de la junte que les patrons des associations de presse ont fait annuler la journ\u00e9e\u201d, Sekou Jamel Pendessa.","datePublished":"2023-12-12T22:47:59+00:00","dateModified":"2023-12-12T22:47:59+00:00","mainEntityOfPage":{"@id":"https:\/\/universnews224.com\/index.php\/annulation-de-la-journee-sans-presse-cest-sous-la-pression-de-la-junte-que-les-patrons-des-associations-de-presse-ont-fait-annuler-la-journee-sekou-jamel-pendessa\/"},"wordCount":1258,"publisher":{"@id":"https:\/\/universnews224.com\/#organization"},"keywords":["La une"],"articleSection":["ACTU","POLITIQUE"],"inLanguage":"fr-FR"},{"@type":"WebPage","@id":"https:\/\/universnews224.com\/index.php\/annulation-de-la-journee-sans-presse-cest-sous-la-pression-de-la-junte-que-les-patrons-des-associations-de-presse-ont-fait-annuler-la-journee-sekou-jamel-pendessa\/","url":"https:\/\/universnews224.com\/index.php\/annulation-de-la-journee-sans-presse-cest-sous-la-pression-de-la-junte-que-les-patrons-des-associations-de-presse-ont-fait-annuler-la-journee-sekou-jamel-pendessa\/","name":"Annulation de la journ\u00e9e sans presse: \u201cC\u2019est sous la pression de la junte que les patrons des associations de presse ont fait annuler la journ\u00e9e\u201d, Sekou Jamel Pendessa. - UNIVERSNEWS224","isPartOf":{"@id":"https:\/\/universnews224.com\/#website"},"datePublished":"2023-12-12T22:47:59+00:00","dateModified":"2023-12-12T22:47:59+00:00","inLanguage":"fr-FR","potentialAction":[{"@type":"ReadAction","target":["https:\/\/universnews224.com\/index.php\/annulation-de-la-journee-sans-presse-cest-sous-la-pression-de-la-junte-que-les-patrons-des-associations-de-presse-ont-fait-annuler-la-journee-sekou-jamel-pendessa\/"]}]},{"@type":"WebSite","@id":"https:\/\/universnews224.com\/#website","url":"https:\/\/universnews224.com\/","name":"UNIVERSNEWS224","description":"","publisher":{"@id":"https:\/\/universnews224.com\/#organization"},"potentialAction":[{"@type":"SearchAction","target":{"@type":"EntryPoint","urlTemplate":"https:\/\/universnews224.com\/?s={search_term_string}"},"query-input":"required name=search_term_string"}],"inLanguage":"fr-FR"},{"@type":"Organization","@id":"https:\/\/universnews224.com\/#organization","name":"UNIVERSNEWS224","url":"https:\/\/universnews224.com\/","logo":{"@type":"ImageObject","inLanguage":"fr-FR","@id":"https:\/\/universnews224.com\/#\/schema\/logo\/image\/","url":"https:\/\/universnews224.com\/wp-content\/uploads\/2022\/08\/cropped-cropped-logoban.jpg","contentUrl":"https:\/\/universnews224.com\/wp-content\/uploads\/2022\/08\/cropped-cropped-logoban.jpg","width":1080,"height":138,"caption":"UNIVERSNEWS224"},"image":{"@id":"https:\/\/universnews224.com\/#\/schema\/logo\/image\/"}},{"@type":"Person","@id":"https:\/\/universnews224.com\/#\/schema\/person\/a4b7d4f94a4716df60456a491260485e","name":"La R\u00e9daction","image":{"@type":"ImageObject","inLanguage":"fr-FR","@id":"https:\/\/universnews224.com\/#\/schema\/person\/image\/","url":"https:\/\/secure.gravatar.com\/avatar\/edb90acc7752b23e1b3307ad36c14f0d?s=96&d=mm&r=g","contentUrl":"https:\/\/secure.gravatar.com\/avatar\/edb90acc7752b23e1b3307ad36c14f0d?s=96&d=mm&r=g","caption":"La R\u00e9daction"},"sameAs":["https:\/\/universnews224.com"],"url":"https:\/\/universnews224.com\/index.php\/author\/m-camara\/"}]}},"_links":{"self":[{"href":"https:\/\/universnews224.com\/index.php\/wp-json\/wp\/v2\/posts\/4747"}],"collection":[{"href":"https:\/\/universnews224.com\/index.php\/wp-json\/wp\/v2\/posts"}],"about":[{"href":"https:\/\/universnews224.com\/index.php\/wp-json\/wp\/v2\/types\/post"}],"author":[{"embeddable":true,"href":"https:\/\/universnews224.com\/index.php\/wp-json\/wp\/v2\/users\/2"}],"replies":[{"embeddable":true,"href":"https:\/\/universnews224.com\/index.php\/wp-json\/wp\/v2\/comments?post=4747"}],"version-history":[{"count":1,"href":"https:\/\/universnews224.com\/index.php\/wp-json\/wp\/v2\/posts\/4747\/revisions"}],"predecessor-version":[{"id":4749,"href":"https:\/\/universnews224.com\/index.php\/wp-json\/wp\/v2\/posts\/4747\/revisions\/4749"}],"wp:featuredmedia":[{"embeddable":true,"href":"https:\/\/universnews224.com\/index.php\/wp-json\/wp\/v2\/media\/4748"}],"wp:attachment":[{"href":"https:\/\/universnews224.com\/index.php\/wp-json\/wp\/v2\/media?parent=4747"}],"wp:term":[{"taxonomy":"category","embeddable":true,"href":"https:\/\/universnews224.com\/index.php\/wp-json\/wp\/v2\/categories?post=4747"},{"taxonomy":"post_tag","embeddable":true,"href":"https:\/\/universnews224.com\/index.php\/wp-json\/wp\/v2\/tags?post=4747"}],"curies":[{"name":"wp","href":"https:\/\/api.w.org\/{rel}","templated":true}]}}