{"id":4750,"date":"2023-12-13T11:14:06","date_gmt":"2023-12-13T10:14:06","guid":{"rendered":"https:\/\/universnews224.com\/?p=4750"},"modified":"2023-12-13T11:14:06","modified_gmt":"2023-12-13T10:14:06","slug":"conakry-lancement-de-la-19eme-edition-du-festival-national-des-arts-et-de-la-culture","status":"publish","type":"post","link":"https:\/\/universnews224.com\/index.php\/conakry-lancement-de-la-19eme-edition-du-festival-national-des-arts-et-de-la-culture\/","title":{"rendered":"Conakry : Lancement de la 19\u00e8me \u00e9dition du Festival National des Arts et de la Culture"},"content":{"rendered":"<p class=\"p3\">A l\u2019image des pr\u00e9c\u00e9dentes \u00e9ditions du Festival National des Arts et de la Culture (FENAC), le pr\u00e9sident du Conseil National de la Transition (CNT), Dr Dansa Kourouma a pr\u00e9sid\u00e9 ce mardi 12 d\u00e9cembre 2023, la c\u00e9r\u00e9monie d\u2019ouverture de la 19\u00e8me \u00e9dition de ce festival havre de paix.<a href=\"https:\/\/universnews224.com\/wp-content\/uploads\/2023\/12\/6F205DA3-0F67-4375-BA80-935AD1730903.jpeg\"><img loading=\"lazy\" class=\"alignnone size-medium wp-image-4753\" src=\"https:\/\/universnews224.com\/wp-content\/uploads\/2023\/12\/6F205DA3-0F67-4375-BA80-935AD1730903-300x169.jpeg\" alt=\"\" width=\"300\" height=\"169\" srcset=\"https:\/\/universnews224.com\/wp-content\/uploads\/2023\/12\/6F205DA3-0F67-4375-BA80-935AD1730903-300x169.jpeg 300w, https:\/\/universnews224.com\/wp-content\/uploads\/2023\/12\/6F205DA3-0F67-4375-BA80-935AD1730903-1024x576.jpeg 1024w, https:\/\/universnews224.com\/wp-content\/uploads\/2023\/12\/6F205DA3-0F67-4375-BA80-935AD1730903-768x432.jpeg 768w, https:\/\/universnews224.com\/wp-content\/uploads\/2023\/12\/6F205DA3-0F67-4375-BA80-935AD1730903-800x450.jpeg 800w, https:\/\/universnews224.com\/wp-content\/uploads\/2023\/12\/6F205DA3-0F67-4375-BA80-935AD1730903.jpeg 1032w\" sizes=\"(max-width: 300px) 100vw, 300px\" \/><\/a><\/p>\n<p class=\"p3\"><span class=\"s2\">Pr\u00e9vu du 12 au 16 d\u00e9cembre \u00e0 Conakry sous le th\u00e8me \u00abL\u00b4art et culture au service de la paix et de la coh\u00e9sion sociale \u00bb, le FENAC se veut un espace permettant de vulgariser et promouvoir la qui\u00e9tude sociale dans le pays par l\u2019entremise de la culture, qui traduit l\u2019engagement et la volont\u00e9 des autorit\u00e9s \u00e0 sortir la culture guin\u00e9enne de sa l\u00e9thargie.<\/span><\/p>\n<p class=\"p3\"><span class=\"s2\">Devant un parterre d\u2019invit\u00e9s, le ministre de la culture Alpha Soumah accompagn\u00e9 du pr\u00e9sident du CNT<span class=\"Apple-converted-space\">\u00a0 <\/span>Dr Dansa Kourouma a eu droit au d\u00e9fil\u00e9 des diff\u00e9rentes artistes. Lors de cette c\u00e9r\u00e9monie d\u2019ouverture qui s\u2019est tenue au grand stade de la mission \u00e0 Kaloum, Alpha Soumah indique :<a href=\"https:\/\/universnews224.com\/wp-content\/uploads\/2023\/12\/33DFABED-7BC0-4209-BCD3-4C45343D2507.jpeg\"><img loading=\"lazy\" class=\"alignnone size-medium wp-image-4751\" src=\"https:\/\/universnews224.com\/wp-content\/uploads\/2023\/12\/33DFABED-7BC0-4209-BCD3-4C45343D2507-300x169.jpeg\" alt=\"\" width=\"300\" height=\"169\" srcset=\"https:\/\/universnews224.com\/wp-content\/uploads\/2023\/12\/33DFABED-7BC0-4209-BCD3-4C45343D2507-300x169.jpeg 300w, https:\/\/universnews224.com\/wp-content\/uploads\/2023\/12\/33DFABED-7BC0-4209-BCD3-4C45343D2507-1024x576.jpeg 1024w, https:\/\/universnews224.com\/wp-content\/uploads\/2023\/12\/33DFABED-7BC0-4209-BCD3-4C45343D2507-768x432.jpeg 768w, https:\/\/universnews224.com\/wp-content\/uploads\/2023\/12\/33DFABED-7BC0-4209-BCD3-4C45343D2507-800x450.jpeg 800w, https:\/\/universnews224.com\/wp-content\/uploads\/2023\/12\/33DFABED-7BC0-4209-BCD3-4C45343D2507.jpeg 1032w\" sizes=\"(max-width: 300px) 100vw, 300px\" \/><\/a> <\/span><\/p>\n<p class=\"p3\"><span class=\"s2\">\u00ab La c\u00e9r\u00e9monie de cet apr\u00e8s-midi est le r\u00e9sultat d&rsquo;un long processus. Apr\u00e8s plusieurs ann\u00e9es de lethargie, nous voil\u00e0 de nouveau sur le chemin du renouveau Culturel de notre cher pays, la Guin\u00e9e. Durant six (06) jours les Valeureux artistes de l&rsquo;int\u00e9rieur vont rivaliser d&rsquo;ardeur avec leurs fr\u00e8res et s\u0153urs de la ville de Conakry dans des disciplines riches et vari\u00e9es que sont: la danse patrimoniale, les percussions, la musique traditionnelle, le th\u00e9atre, la chorale, et le r\u00e9cital \u00bb, a affirm\u00e9 le ministre. <\/span><\/p>\n<p class=\"p3\"><span class=\"s2\">Tr\u00e8s \u00e9mu par la prestation des artistes de Bembeya Jazz national, de la Base Guin\u00e9e, la Moyenne Guin\u00e9e, la Haute de Guin\u00e9e et la Guin\u00e9e Foresti\u00e8re le pr\u00e9sident du CNT Dr Dansa Kourouma parle de la culture<\/span><\/p>\n<p class=\"p3\"><span class=\"s2\">.<a href=\"https:\/\/universnews224.com\/wp-content\/uploads\/2023\/12\/76EDC408-F435-4A58-8B29-7A3A18BCB4C3.jpeg\"><img loading=\"lazy\" class=\"alignnone size-medium wp-image-4752\" src=\"https:\/\/universnews224.com\/wp-content\/uploads\/2023\/12\/76EDC408-F435-4A58-8B29-7A3A18BCB4C3-300x169.jpeg\" alt=\"\" width=\"300\" height=\"169\" srcset=\"https:\/\/universnews224.com\/wp-content\/uploads\/2023\/12\/76EDC408-F435-4A58-8B29-7A3A18BCB4C3-300x169.jpeg 300w, https:\/\/universnews224.com\/wp-content\/uploads\/2023\/12\/76EDC408-F435-4A58-8B29-7A3A18BCB4C3-1024x576.jpeg 1024w, https:\/\/universnews224.com\/wp-content\/uploads\/2023\/12\/76EDC408-F435-4A58-8B29-7A3A18BCB4C3-768x432.jpeg 768w, https:\/\/universnews224.com\/wp-content\/uploads\/2023\/12\/76EDC408-F435-4A58-8B29-7A3A18BCB4C3-800x450.jpeg 800w, https:\/\/universnews224.com\/wp-content\/uploads\/2023\/12\/76EDC408-F435-4A58-8B29-7A3A18BCB4C3.jpeg 1032w\" sizes=\"(max-width: 300px) 100vw, 300px\" \/><\/a><\/span><\/p>\n<p class=\"p3\"><span class=\"s2\">\u00abCe grand \u00e9v\u00e9nement<span class=\"Apple-converted-space\">\u00a0 <\/span>de la 19\u00e8me \u00e9dition du festival des arts et de la culture s&rsquo;inscrit en droite ligne les valeurs assign\u00e9s \u00e0 la transition en cours dans notre pays, valeur dont les 5 principales sont la rectification institutionnelle parce que tout simplement nous avons abandonn\u00e9 ce que la Guin\u00e9e avait le plus pr\u00e9cieux l\u00b4affirmation de son identit\u00e9 dans la diversit\u00e9 culturelle. Donc je vous invite \u00e0 assumer avec responsabilit\u00e9 votre mission telle de donner aux peuples de l&rsquo;espoir, l\u00b4espoir de son histoire,<span class=\"Apple-converted-space\">\u00a0 <\/span>ses valeurs et sa dignit\u00e9 car vous \u00eates le secret de notre r\u00e9conciliation et de n&rsquo;est jamais renoncer \u00e0 cette mission parce que la culture est l\u00b4\u00e2me de la transition et de la d\u00e9mocratie \u00bb, a lanc\u00e9 le pr\u00e9sident du CNT. <\/span><\/p>\n<p class=\"p3\"><span class=\"s2\"><a href=\"https:\/\/universnews224.com\/wp-content\/uploads\/2023\/12\/07BAE3CE-CF49-4F3C-AE62-27D9A56C5D90.jpeg\"><img loading=\"lazy\" class=\"alignnone size-medium wp-image-4754\" src=\"https:\/\/universnews224.com\/wp-content\/uploads\/2023\/12\/07BAE3CE-CF49-4F3C-AE62-27D9A56C5D90-300x169.jpeg\" alt=\"\" width=\"300\" height=\"169\" srcset=\"https:\/\/universnews224.com\/wp-content\/uploads\/2023\/12\/07BAE3CE-CF49-4F3C-AE62-27D9A56C5D90-300x169.jpeg 300w, https:\/\/universnews224.com\/wp-content\/uploads\/2023\/12\/07BAE3CE-CF49-4F3C-AE62-27D9A56C5D90-1024x576.jpeg 1024w, https:\/\/universnews224.com\/wp-content\/uploads\/2023\/12\/07BAE3CE-CF49-4F3C-AE62-27D9A56C5D90-768x432.jpeg 768w, https:\/\/universnews224.com\/wp-content\/uploads\/2023\/12\/07BAE3CE-CF49-4F3C-AE62-27D9A56C5D90-800x450.jpeg 800w, https:\/\/universnews224.com\/wp-content\/uploads\/2023\/12\/07BAE3CE-CF49-4F3C-AE62-27D9A56C5D90.jpeg 1032w\" sizes=\"(max-width: 300px) 100vw, 300px\" \/><\/a>Sana Sylla.<\/span><\/p>\n","protected":false},"excerpt":{"rendered":"<p>A l\u2019image des pr\u00e9c\u00e9dentes \u00e9ditions du Festival National des Arts et de la Culture (FENAC),<\/p>\n","protected":false},"author":2,"featured_media":4753,"comment_status":"closed","ping_status":"open","sticky":false,"template":"","format":"standard","meta":[],"categories":[3,6],"tags":[229],"yoast_head":"<!-- This site is optimized with the Yoast SEO plugin v19.13 - https:\/\/yoast.com\/wordpress\/plugins\/seo\/ -->\n<title>Conakry : Lancement de la 19\u00e8me \u00e9dition du Festival National des Arts et de la Culture - UNIVERSNEWS224<\/title>\n<meta name=\"robots\" content=\"index, follow, max-snippet:-1, max-image-preview:large, max-video-preview:-1\" \/>\n<link rel=\"canonical\" href=\"https:\/\/universnews224.com\/index.php\/conakry-lancement-de-la-19eme-edition-du-festival-national-des-arts-et-de-la-culture\/\" \/>\n<meta property=\"og:locale\" content=\"fr_FR\" \/>\n<meta property=\"og:type\" content=\"article\" \/>\n<meta property=\"og:title\" content=\"Conakry : Lancement de la 19\u00e8me \u00e9dition du Festival National des Arts et de la Culture - UNIVERSNEWS224\" \/>\n<meta property=\"og:description\" content=\"A l\u2019image des pr\u00e9c\u00e9dentes \u00e9ditions du Festival National des Arts et de la Culture (FENAC),\" \/>\n<meta property=\"og:url\" content=\"https:\/\/universnews224.com\/index.php\/conakry-lancement-de-la-19eme-edition-du-festival-national-des-arts-et-de-la-culture\/\" \/>\n<meta property=\"og:site_name\" content=\"UNIVERSNEWS224\" \/>\n<meta property=\"article:published_time\" content=\"2023-12-13T10:14:06+00:00\" \/>\n<meta property=\"og:image\" content=\"https:\/\/universnews224.com\/wp-content\/uploads\/2023\/12\/6F205DA3-0F67-4375-BA80-935AD1730903.jpeg\" \/>\n\t<meta property=\"og:image:width\" content=\"1032\" \/>\n\t<meta property=\"og:image:height\" content=\"580\" \/>\n\t<meta property=\"og:image:type\" content=\"image\/jpeg\" \/>\n<meta name=\"author\" content=\"La R\u00e9daction\" \/>\n<meta name=\"twitter:label1\" content=\"\u00c9crit par\" \/>\n\t<meta name=\"twitter:data1\" content=\"La R\u00e9daction\" \/>\n\t<meta name=\"twitter:label2\" content=\"Dur\u00e9e de lecture estim\u00e9e\" \/>\n\t<meta name=\"twitter:data2\" content=\"3 minutes\" \/>\n<script type=\"application\/ld+json\" class=\"yoast-schema-graph\">{\"@context\":\"https:\/\/schema.org\",\"@graph\":[{\"@type\":\"Article\",\"@id\":\"https:\/\/universnews224.com\/index.php\/conakry-lancement-de-la-19eme-edition-du-festival-national-des-arts-et-de-la-culture\/#article\",\"isPartOf\":{\"@id\":\"https:\/\/universnews224.com\/index.php\/conakry-lancement-de-la-19eme-edition-du-festival-national-des-arts-et-de-la-culture\/\"},\"author\":{\"name\":\"La R\u00e9daction\",\"@id\":\"https:\/\/universnews224.com\/#\/schema\/person\/a4b7d4f94a4716df60456a491260485e\"},\"headline\":\"Conakry : Lancement de la 19\u00e8me \u00e9dition du Festival National des Arts et de la Culture\",\"datePublished\":\"2023-12-13T10:14:06+00:00\",\"dateModified\":\"2023-12-13T10:14:06+00:00\",\"mainEntityOfPage\":{\"@id\":\"https:\/\/universnews224.com\/index.php\/conakry-lancement-de-la-19eme-edition-du-festival-national-des-arts-et-de-la-culture\/\"},\"wordCount\":460,\"publisher\":{\"@id\":\"https:\/\/universnews224.com\/#organization\"},\"keywords\":[\"La une\"],\"articleSection\":[\"ACTU\",\"CULTURE\"],\"inLanguage\":\"fr-FR\"},{\"@type\":\"WebPage\",\"@id\":\"https:\/\/universnews224.com\/index.php\/conakry-lancement-de-la-19eme-edition-du-festival-national-des-arts-et-de-la-culture\/\",\"url\":\"https:\/\/universnews224.com\/index.php\/conakry-lancement-de-la-19eme-edition-du-festival-national-des-arts-et-de-la-culture\/\",\"name\":\"Conakry : Lancement de la 19\u00e8me \u00e9dition du Festival National des Arts et de la Culture - UNIVERSNEWS224\",\"isPartOf\":{\"@id\":\"https:\/\/universnews224.com\/#website\"},\"datePublished\":\"2023-12-13T10:14:06+00:00\",\"dateModified\":\"2023-12-13T10:14:06+00:00\",\"inLanguage\":\"fr-FR\",\"potentialAction\":[{\"@type\":\"ReadAction\",\"target\":[\"https:\/\/universnews224.com\/index.php\/conakry-lancement-de-la-19eme-edition-du-festival-national-des-arts-et-de-la-culture\/\"]}]},{\"@type\":\"WebSite\",\"@id\":\"https:\/\/universnews224.com\/#website\",\"url\":\"https:\/\/universnews224.com\/\",\"name\":\"UNIVERSNEWS224\",\"description\":\"\",\"publisher\":{\"@id\":\"https:\/\/universnews224.com\/#organization\"},\"potentialAction\":[{\"@type\":\"SearchAction\",\"target\":{\"@type\":\"EntryPoint\",\"urlTemplate\":\"https:\/\/universnews224.com\/?s={search_term_string}\"},\"query-input\":\"required name=search_term_string\"}],\"inLanguage\":\"fr-FR\"},{\"@type\":\"Organization\",\"@id\":\"https:\/\/universnews224.com\/#organization\",\"name\":\"UNIVERSNEWS224\",\"url\":\"https:\/\/universnews224.com\/\",\"logo\":{\"@type\":\"ImageObject\",\"inLanguage\":\"fr-FR\",\"@id\":\"https:\/\/universnews224.com\/#\/schema\/logo\/image\/\",\"url\":\"https:\/\/universnews224.com\/wp-content\/uploads\/2022\/08\/cropped-cropped-logoban.jpg\",\"contentUrl\":\"https:\/\/universnews224.com\/wp-content\/uploads\/2022\/08\/cropped-cropped-logoban.jpg\",\"width\":1080,\"height\":138,\"caption\":\"UNIVERSNEWS224\"},\"image\":{\"@id\":\"https:\/\/universnews224.com\/#\/schema\/logo\/image\/\"}},{\"@type\":\"Person\",\"@id\":\"https:\/\/universnews224.com\/#\/schema\/person\/a4b7d4f94a4716df60456a491260485e\",\"name\":\"La R\u00e9daction\",\"image\":{\"@type\":\"ImageObject\",\"inLanguage\":\"fr-FR\",\"@id\":\"https:\/\/universnews224.com\/#\/schema\/person\/image\/\",\"url\":\"https:\/\/secure.gravatar.com\/avatar\/edb90acc7752b23e1b3307ad36c14f0d?s=96&d=mm&r=g\",\"contentUrl\":\"https:\/\/secure.gravatar.com\/avatar\/edb90acc7752b23e1b3307ad36c14f0d?s=96&d=mm&r=g\",\"caption\":\"La R\u00e9daction\"},\"sameAs\":[\"https:\/\/universnews224.com\"],\"url\":\"https:\/\/universnews224.com\/index.php\/author\/m-camara\/\"}]}<\/script>\n<!-- \/ Yoast SEO plugin. -->","yoast_head_json":{"title":"Conakry : Lancement de la 19\u00e8me \u00e9dition du Festival National des Arts et de la Culture - UNIVERSNEWS224","robots":{"index":"index","follow":"follow","max-snippet":"max-snippet:-1","max-image-preview":"max-image-preview:large","max-video-preview":"max-video-preview:-1"},"canonical":"https:\/\/universnews224.com\/index.php\/conakry-lancement-de-la-19eme-edition-du-festival-national-des-arts-et-de-la-culture\/","og_locale":"fr_FR","og_type":"article","og_title":"Conakry : Lancement de la 19\u00e8me \u00e9dition du Festival National des Arts et de la Culture - UNIVERSNEWS224","og_description":"A l\u2019image des pr\u00e9c\u00e9dentes \u00e9ditions du Festival National des Arts et de la Culture (FENAC),","og_url":"https:\/\/universnews224.com\/index.php\/conakry-lancement-de-la-19eme-edition-du-festival-national-des-arts-et-de-la-culture\/","og_site_name":"UNIVERSNEWS224","article_published_time":"2023-12-13T10:14:06+00:00","og_image":[{"width":1032,"height":580,"url":"https:\/\/universnews224.com\/wp-content\/uploads\/2023\/12\/6F205DA3-0F67-4375-BA80-935AD1730903.jpeg","type":"image\/jpeg"}],"author":"La R\u00e9daction","twitter_misc":{"\u00c9crit par":"La R\u00e9daction","Dur\u00e9e de lecture estim\u00e9e":"3 minutes"},"schema":{"@context":"https:\/\/schema.org","@graph":[{"@type":"Article","@id":"https:\/\/universnews224.com\/index.php\/conakry-lancement-de-la-19eme-edition-du-festival-national-des-arts-et-de-la-culture\/#article","isPartOf":{"@id":"https:\/\/universnews224.com\/index.php\/conakry-lancement-de-la-19eme-edition-du-festival-national-des-arts-et-de-la-culture\/"},"author":{"name":"La R\u00e9daction","@id":"https:\/\/universnews224.com\/#\/schema\/person\/a4b7d4f94a4716df60456a491260485e"},"headline":"Conakry : Lancement de la 19\u00e8me \u00e9dition du Festival National des Arts et de la Culture","datePublished":"2023-12-13T10:14:06+00:00","dateModified":"2023-12-13T10:14:06+00:00","mainEntityOfPage":{"@id":"https:\/\/universnews224.com\/index.php\/conakry-lancement-de-la-19eme-edition-du-festival-national-des-arts-et-de-la-culture\/"},"wordCount":460,"publisher":{"@id":"https:\/\/universnews224.com\/#organization"},"keywords":["La une"],"articleSection":["ACTU","CULTURE"],"inLanguage":"fr-FR"},{"@type":"WebPage","@id":"https:\/\/universnews224.com\/index.php\/conakry-lancement-de-la-19eme-edition-du-festival-national-des-arts-et-de-la-culture\/","url":"https:\/\/universnews224.com\/index.php\/conakry-lancement-de-la-19eme-edition-du-festival-national-des-arts-et-de-la-culture\/","name":"Conakry : Lancement de la 19\u00e8me \u00e9dition du Festival National des Arts et de la Culture - UNIVERSNEWS224","isPartOf":{"@id":"https:\/\/universnews224.com\/#website"},"datePublished":"2023-12-13T10:14:06+00:00","dateModified":"2023-12-13T10:14:06+00:00","inLanguage":"fr-FR","potentialAction":[{"@type":"ReadAction","target":["https:\/\/universnews224.com\/index.php\/conakry-lancement-de-la-19eme-edition-du-festival-national-des-arts-et-de-la-culture\/"]}]},{"@type":"WebSite","@id":"https:\/\/universnews224.com\/#website","url":"https:\/\/universnews224.com\/","name":"UNIVERSNEWS224","description":"","publisher":{"@id":"https:\/\/universnews224.com\/#organization"},"potentialAction":[{"@type":"SearchAction","target":{"@type":"EntryPoint","urlTemplate":"https:\/\/universnews224.com\/?s={search_term_string}"},"query-input":"required name=search_term_string"}],"inLanguage":"fr-FR"},{"@type":"Organization","@id":"https:\/\/universnews224.com\/#organization","name":"UNIVERSNEWS224","url":"https:\/\/universnews224.com\/","logo":{"@type":"ImageObject","inLanguage":"fr-FR","@id":"https:\/\/universnews224.com\/#\/schema\/logo\/image\/","url":"https:\/\/universnews224.com\/wp-content\/uploads\/2022\/08\/cropped-cropped-logoban.jpg","contentUrl":"https:\/\/universnews224.com\/wp-content\/uploads\/2022\/08\/cropped-cropped-logoban.jpg","width":1080,"height":138,"caption":"UNIVERSNEWS224"},"image":{"@id":"https:\/\/universnews224.com\/#\/schema\/logo\/image\/"}},{"@type":"Person","@id":"https:\/\/universnews224.com\/#\/schema\/person\/a4b7d4f94a4716df60456a491260485e","name":"La R\u00e9daction","image":{"@type":"ImageObject","inLanguage":"fr-FR","@id":"https:\/\/universnews224.com\/#\/schema\/person\/image\/","url":"https:\/\/secure.gravatar.com\/avatar\/edb90acc7752b23e1b3307ad36c14f0d?s=96&d=mm&r=g","contentUrl":"https:\/\/secure.gravatar.com\/avatar\/edb90acc7752b23e1b3307ad36c14f0d?s=96&d=mm&r=g","caption":"La R\u00e9daction"},"sameAs":["https:\/\/universnews224.com"],"url":"https:\/\/universnews224.com\/index.php\/author\/m-camara\/"}]}},"_links":{"self":[{"href":"https:\/\/universnews224.com\/index.php\/wp-json\/wp\/v2\/posts\/4750"}],"collection":[{"href":"https:\/\/universnews224.com\/index.php\/wp-json\/wp\/v2\/posts"}],"about":[{"href":"https:\/\/universnews224.com\/index.php\/wp-json\/wp\/v2\/types\/post"}],"author":[{"embeddable":true,"href":"https:\/\/universnews224.com\/index.php\/wp-json\/wp\/v2\/users\/2"}],"replies":[{"embeddable":true,"href":"https:\/\/universnews224.com\/index.php\/wp-json\/wp\/v2\/comments?post=4750"}],"version-history":[{"count":1,"href":"https:\/\/universnews224.com\/index.php\/wp-json\/wp\/v2\/posts\/4750\/revisions"}],"predecessor-version":[{"id":4755,"href":"https:\/\/universnews224.com\/index.php\/wp-json\/wp\/v2\/posts\/4750\/revisions\/4755"}],"wp:featuredmedia":[{"embeddable":true,"href":"https:\/\/universnews224.com\/index.php\/wp-json\/wp\/v2\/media\/4753"}],"wp:attachment":[{"href":"https:\/\/universnews224.com\/index.php\/wp-json\/wp\/v2\/media?parent=4750"}],"wp:term":[{"taxonomy":"category","embeddable":true,"href":"https:\/\/universnews224.com\/index.php\/wp-json\/wp\/v2\/categories?post=4750"},{"taxonomy":"post_tag","embeddable":true,"href":"https:\/\/universnews224.com\/index.php\/wp-json\/wp\/v2\/tags?post=4750"}],"curies":[{"name":"wp","href":"https:\/\/api.w.org\/{rel}","templated":true}]}}