{"id":4756,"date":"2023-12-13T16:44:06","date_gmt":"2023-12-13T15:44:06","guid":{"rendered":"https:\/\/universnews224.com\/?p=4756"},"modified":"2023-12-14T14:47:31","modified_gmt":"2023-12-14T13:47:31","slug":"promotion-des-langues-nationales-linstitut-de-recherche-linguistique-appliquee-lance-la-deuxieme-journee-porte-ouverte","status":"publish","type":"post","link":"https:\/\/universnews224.com\/index.php\/promotion-des-langues-nationales-linstitut-de-recherche-linguistique-appliquee-lance-la-deuxieme-journee-porte-ouverte\/","title":{"rendered":"Promotion des langues nationales : l\u2019Institut de Recherche Linguistique Appliqu\u00e9e lance la deuxi\u00e8me Journ\u00e9e porte ouverte"},"content":{"rendered":"<p>Dans le cadre de la valorisation et de la vulgarisation des oeuvres linguistiques,le directeur national de la recherche scientifique, Dr Ramadane Diallo a lanc\u00e9 ce mercredi 13 d\u00e9cembre 2023 \u00e0 son si\u00e8ge \u00e0 Kaloum, la deuxi\u00e8me Journ\u00e9e Portes Ouvertes de L\u2019Institut de Recherche Linguistique Appliqu\u00e9e ( l&rsquo;IRLA).<a href=\"https:\/\/universnews224.com\/wp-content\/uploads\/2023\/12\/00924334-1398-445B-B9F4-F2B613139784.jpeg\"><img loading=\"lazy\" class=\"alignnone size-medium wp-image-4768\" src=\"https:\/\/universnews224.com\/wp-content\/uploads\/2023\/12\/00924334-1398-445B-B9F4-F2B613139784-300x169.jpeg\" alt=\"\" width=\"300\" height=\"169\" srcset=\"https:\/\/universnews224.com\/wp-content\/uploads\/2023\/12\/00924334-1398-445B-B9F4-F2B613139784-300x169.jpeg 300w, https:\/\/universnews224.com\/wp-content\/uploads\/2023\/12\/00924334-1398-445B-B9F4-F2B613139784-1024x576.jpeg 1024w, https:\/\/universnews224.com\/wp-content\/uploads\/2023\/12\/00924334-1398-445B-B9F4-F2B613139784-768x432.jpeg 768w, https:\/\/universnews224.com\/wp-content\/uploads\/2023\/12\/00924334-1398-445B-B9F4-F2B613139784-800x450.jpeg 800w, https:\/\/universnews224.com\/wp-content\/uploads\/2023\/12\/00924334-1398-445B-B9F4-F2B613139784.jpeg 1032w\" sizes=\"(max-width: 300px) 100vw, 300px\" \/><\/a><\/p>\n<p>L&rsquo;objectif vis\u00e9 pour le directeur g\u00e9n\u00e9ral \u00e9tait de pr\u00e9senter de mani\u00e8re g\u00e9n\u00e9rale, les missions et attributions de l\u2019IRLA, mais aussi ses projets futurs.<\/p>\n<p>L\u00b4ambition du directeur g\u00e9n\u00e9ral est d\u2019\u0153uvrer \u00e0 la promotion des langues nationales comme \u00e9l\u00e9ments intrins\u00e8ques de nos cultures et de nos identit\u00e9s, et \u00e0 v\u00e9hiculer \u00e0 travers elles les savoirs et connaissances n\u00e9cessaires au bon d\u00e9veloppement de la Guin\u00e9e.<\/p>\n<p>Dans sa prise de parole devant plusieurs personnalit\u00e9s, le Directeur G\u00e9n\u00e9ral de cet institut, Dr Mohamed Bintou Keita est revenu sur l&rsquo;historique de cet institut mais aussi son avantage pour le d\u00e9veloppement du pays.<a href=\"https:\/\/universnews224.com\/wp-content\/uploads\/2023\/12\/20231213_103809.heic\"><img loading=\"lazy\" class=\"alignnone size-medium wp-image-4757\" src=\"https:\/\/universnews224.com\/wp-content\/uploads\/2023\/12\/20231213_103809.heic\" alt=\"\" width=\"1\" height=\"1\" \/><\/a><a href=\"https:\/\/universnews224.com\/wp-content\/uploads\/2023\/12\/652F9B0E-55F1-4DB1-8DC2-D3BB42439058.jpeg\"><img loading=\"lazy\" class=\"alignnone size-medium wp-image-4765\" src=\"https:\/\/universnews224.com\/wp-content\/uploads\/2023\/12\/652F9B0E-55F1-4DB1-8DC2-D3BB42439058-300x169.jpeg\" alt=\"\" width=\"300\" height=\"169\" srcset=\"https:\/\/universnews224.com\/wp-content\/uploads\/2023\/12\/652F9B0E-55F1-4DB1-8DC2-D3BB42439058-300x169.jpeg 300w, https:\/\/universnews224.com\/wp-content\/uploads\/2023\/12\/652F9B0E-55F1-4DB1-8DC2-D3BB42439058-1024x576.jpeg 1024w, https:\/\/universnews224.com\/wp-content\/uploads\/2023\/12\/652F9B0E-55F1-4DB1-8DC2-D3BB42439058-768x432.jpeg 768w, https:\/\/universnews224.com\/wp-content\/uploads\/2023\/12\/652F9B0E-55F1-4DB1-8DC2-D3BB42439058-800x450.jpeg 800w, https:\/\/universnews224.com\/wp-content\/uploads\/2023\/12\/652F9B0E-55F1-4DB1-8DC2-D3BB42439058.jpeg 1032w\" sizes=\"(max-width: 300px) 100vw, 300px\" \/><\/a><\/p>\n<p>\u00abHier, 12 d\u00e9cembre 2023, d\u00e8s l\u00b4an 69 de la cr\u00e9ation d\u00b4IRLA qui a remplac\u00e9 l\u00b4acad\u00e9mie de langue donc cumulativement IRLA \u00e0 52 ans, une demi si\u00e8cle. Le plus grand acquis de notre institution dont je suis fi\u00e8re ce que ce institution \u00e0 r\u00e9sister au temps 52 ans insistance de donner et de recevoir, 52 ans de service en langue nationale et nous avons comme mission principal de d\u00e9velopper et de sauvegarder le patrimoine linguistique guin\u00e9ens. la semaine de la langue guin\u00e9en, durant laquelle nous c\u00e9l\u00e9brons nos langues, est de faire de nos langues des outils de gouvernance et de rapprochement, aujourd\u2019hui nos langues sont m\u00e9lang\u00e9 et menac\u00e9 de disparition tout les langues de la Guin\u00e9e ont des degr\u00e9s diff\u00e9rents et c&rsquo;est tr\u00e8s difficile aujourd&rsquo;hui de trouver un guin\u00e9en qui parle correctement jusqu&rsquo;\u00e0 5 minutes sans associ\u00e9 la langue \u00e9trang\u00e8re, c&rsquo;est un danger. Donc il faut qu&rsquo;on fasse tout possible de faire de nos langues un combat de tout les jours. es activit\u00e9s r\u00e9alis\u00e9s au cours de l\u00b4ann\u00e9e 2023 sont : Lexique des \u00e9llections; Vulgarisation de l&rsquo;Alphabet National Harmonis\u00e9; ldentification des Langues guin\u00e9ennes ; Monographie des lles de Loos (Kassa) : Retraite \u00e0 Mafereyah; Recueil de contes proverbes en Wamey; Mariage en milieu Maninka (&#8230;)\u00bb, dit-il le directeur g\u00e9n\u00e9ral Dr Mohamed Bintou Keita.<\/p>\n<p>Pour sa, le directeur national de la recherche scientifique, Dr Ramadane Diallo, fier d&rsquo;\u00eatre l\u00e0 \u00e0 IRLA pour parler des langues.<a href=\"https:\/\/universnews224.com\/wp-content\/uploads\/2023\/12\/20231213_105751.heic\"><img loading=\"lazy\" class=\"alignnone size-medium wp-image-4758\" src=\"https:\/\/universnews224.com\/wp-content\/uploads\/2023\/12\/20231213_105751.heic\" alt=\"\" width=\"1\" height=\"1\" \/><\/a><a href=\"https:\/\/universnews224.com\/wp-content\/uploads\/2023\/12\/24DB01E9-5800-435D-9AC8-4AFEF5016A4B.jpeg\"><img loading=\"lazy\" class=\"alignnone size-medium wp-image-4766\" src=\"https:\/\/universnews224.com\/wp-content\/uploads\/2023\/12\/24DB01E9-5800-435D-9AC8-4AFEF5016A4B-300x169.jpeg\" alt=\"\" width=\"300\" height=\"169\" srcset=\"https:\/\/universnews224.com\/wp-content\/uploads\/2023\/12\/24DB01E9-5800-435D-9AC8-4AFEF5016A4B-300x169.jpeg 300w, https:\/\/universnews224.com\/wp-content\/uploads\/2023\/12\/24DB01E9-5800-435D-9AC8-4AFEF5016A4B-1024x576.jpeg 1024w, https:\/\/universnews224.com\/wp-content\/uploads\/2023\/12\/24DB01E9-5800-435D-9AC8-4AFEF5016A4B-768x432.jpeg 768w, https:\/\/universnews224.com\/wp-content\/uploads\/2023\/12\/24DB01E9-5800-435D-9AC8-4AFEF5016A4B-800x450.jpeg 800w, https:\/\/universnews224.com\/wp-content\/uploads\/2023\/12\/24DB01E9-5800-435D-9AC8-4AFEF5016A4B.jpeg 1032w\" sizes=\"(max-width: 300px) 100vw, 300px\" \/><\/a> \u00ab Ce qui me marque personnellement, j&rsquo;ai vu le slogan nos langues sont notre identit\u00e9 nationale, en r\u00e9alit\u00e9 nos langues c&rsquo;est la langue nationale. Je f\u00e9licite IRLA et les participants qui sont venus c\u00e9l\u00e9brer les 52 ans et je souhaite vivement que cette semaine des langues nationales qui sont toutes menac\u00e9s soient une occasion de pouvoir tirer la sonnette d\u00b4alarme et vous interpell\u00e9 chacun sur notre responsabilit\u00e9 personnelle sur le r\u00f4le de chacun d\u00b4entre nous peux jouer dans le d\u00e9veloppement de ces langues \u00bb, a lanc\u00e9 M. Diallo.<\/p>\n<p>Sana Sylla.<\/p>\n","protected":false},"excerpt":{"rendered":"<p>Dans le cadre de la valorisation et de la vulgarisation des oeuvres linguistiques,le directeur national<\/p>\n","protected":false},"author":2,"featured_media":4759,"comment_status":"closed","ping_status":"open","sticky":false,"template":"","format":"standard","meta":[],"categories":[3,9],"tags":[229],"yoast_head":"<!-- This site is optimized with the Yoast SEO plugin v19.13 - https:\/\/yoast.com\/wordpress\/plugins\/seo\/ -->\n<title>Promotion des langues nationales : l\u2019Institut de Recherche Linguistique Appliqu\u00e9e lance la deuxi\u00e8me Journ\u00e9e porte ouverte - UNIVERSNEWS224<\/title>\n<meta name=\"robots\" content=\"index, follow, max-snippet:-1, max-image-preview:large, max-video-preview:-1\" \/>\n<link rel=\"canonical\" href=\"https:\/\/universnews224.com\/index.php\/promotion-des-langues-nationales-linstitut-de-recherche-linguistique-appliquee-lance-la-deuxieme-journee-porte-ouverte\/\" \/>\n<meta property=\"og:locale\" content=\"fr_FR\" \/>\n<meta property=\"og:type\" content=\"article\" \/>\n<meta property=\"og:title\" content=\"Promotion des langues nationales : l\u2019Institut de Recherche Linguistique Appliqu\u00e9e lance la deuxi\u00e8me Journ\u00e9e porte ouverte - UNIVERSNEWS224\" \/>\n<meta property=\"og:description\" content=\"Dans le cadre de la valorisation et de la vulgarisation des oeuvres linguistiques,le directeur national\" \/>\n<meta property=\"og:url\" content=\"https:\/\/universnews224.com\/index.php\/promotion-des-langues-nationales-linstitut-de-recherche-linguistique-appliquee-lance-la-deuxieme-journee-porte-ouverte\/\" \/>\n<meta property=\"og:site_name\" content=\"UNIVERSNEWS224\" \/>\n<meta property=\"article:published_time\" content=\"2023-12-13T15:44:06+00:00\" \/>\n<meta property=\"article:modified_time\" content=\"2023-12-14T13:47:31+00:00\" \/>\n<meta name=\"author\" content=\"La R\u00e9daction\" \/>\n<meta name=\"twitter:label1\" content=\"\u00c9crit par\" \/>\n\t<meta name=\"twitter:data1\" content=\"La R\u00e9daction\" \/>\n\t<meta name=\"twitter:label2\" content=\"Dur\u00e9e de lecture estim\u00e9e\" \/>\n\t<meta name=\"twitter:data2\" content=\"4 minutes\" \/>\n<script type=\"application\/ld+json\" class=\"yoast-schema-graph\">{\"@context\":\"https:\/\/schema.org\",\"@graph\":[{\"@type\":\"Article\",\"@id\":\"https:\/\/universnews224.com\/index.php\/promotion-des-langues-nationales-linstitut-de-recherche-linguistique-appliquee-lance-la-deuxieme-journee-porte-ouverte\/#article\",\"isPartOf\":{\"@id\":\"https:\/\/universnews224.com\/index.php\/promotion-des-langues-nationales-linstitut-de-recherche-linguistique-appliquee-lance-la-deuxieme-journee-porte-ouverte\/\"},\"author\":{\"name\":\"La R\u00e9daction\",\"@id\":\"https:\/\/universnews224.com\/#\/schema\/person\/a4b7d4f94a4716df60456a491260485e\"},\"headline\":\"Promotion des langues nationales : l\u2019Institut de Recherche Linguistique Appliqu\u00e9e lance la deuxi\u00e8me Journ\u00e9e porte ouverte\",\"datePublished\":\"2023-12-13T15:44:06+00:00\",\"dateModified\":\"2023-12-14T13:47:31+00:00\",\"mainEntityOfPage\":{\"@id\":\"https:\/\/universnews224.com\/index.php\/promotion-des-langues-nationales-linstitut-de-recherche-linguistique-appliquee-lance-la-deuxieme-journee-porte-ouverte\/\"},\"wordCount\":528,\"publisher\":{\"@id\":\"https:\/\/universnews224.com\/#organization\"},\"keywords\":[\"La une\"],\"articleSection\":[\"ACTU\",\"SPORT\"],\"inLanguage\":\"fr-FR\"},{\"@type\":\"WebPage\",\"@id\":\"https:\/\/universnews224.com\/index.php\/promotion-des-langues-nationales-linstitut-de-recherche-linguistique-appliquee-lance-la-deuxieme-journee-porte-ouverte\/\",\"url\":\"https:\/\/universnews224.com\/index.php\/promotion-des-langues-nationales-linstitut-de-recherche-linguistique-appliquee-lance-la-deuxieme-journee-porte-ouverte\/\",\"name\":\"Promotion des langues nationales : l\u2019Institut de Recherche Linguistique Appliqu\u00e9e lance la deuxi\u00e8me Journ\u00e9e porte ouverte - UNIVERSNEWS224\",\"isPartOf\":{\"@id\":\"https:\/\/universnews224.com\/#website\"},\"datePublished\":\"2023-12-13T15:44:06+00:00\",\"dateModified\":\"2023-12-14T13:47:31+00:00\",\"inLanguage\":\"fr-FR\",\"potentialAction\":[{\"@type\":\"ReadAction\",\"target\":[\"https:\/\/universnews224.com\/index.php\/promotion-des-langues-nationales-linstitut-de-recherche-linguistique-appliquee-lance-la-deuxieme-journee-porte-ouverte\/\"]}]},{\"@type\":\"WebSite\",\"@id\":\"https:\/\/universnews224.com\/#website\",\"url\":\"https:\/\/universnews224.com\/\",\"name\":\"UNIVERSNEWS224\",\"description\":\"\",\"publisher\":{\"@id\":\"https:\/\/universnews224.com\/#organization\"},\"potentialAction\":[{\"@type\":\"SearchAction\",\"target\":{\"@type\":\"EntryPoint\",\"urlTemplate\":\"https:\/\/universnews224.com\/?s={search_term_string}\"},\"query-input\":\"required name=search_term_string\"}],\"inLanguage\":\"fr-FR\"},{\"@type\":\"Organization\",\"@id\":\"https:\/\/universnews224.com\/#organization\",\"name\":\"UNIVERSNEWS224\",\"url\":\"https:\/\/universnews224.com\/\",\"logo\":{\"@type\":\"ImageObject\",\"inLanguage\":\"fr-FR\",\"@id\":\"https:\/\/universnews224.com\/#\/schema\/logo\/image\/\",\"url\":\"https:\/\/universnews224.com\/wp-content\/uploads\/2022\/08\/cropped-cropped-logoban.jpg\",\"contentUrl\":\"https:\/\/universnews224.com\/wp-content\/uploads\/2022\/08\/cropped-cropped-logoban.jpg\",\"width\":1080,\"height\":138,\"caption\":\"UNIVERSNEWS224\"},\"image\":{\"@id\":\"https:\/\/universnews224.com\/#\/schema\/logo\/image\/\"}},{\"@type\":\"Person\",\"@id\":\"https:\/\/universnews224.com\/#\/schema\/person\/a4b7d4f94a4716df60456a491260485e\",\"name\":\"La R\u00e9daction\",\"image\":{\"@type\":\"ImageObject\",\"inLanguage\":\"fr-FR\",\"@id\":\"https:\/\/universnews224.com\/#\/schema\/person\/image\/\",\"url\":\"https:\/\/secure.gravatar.com\/avatar\/edb90acc7752b23e1b3307ad36c14f0d?s=96&d=mm&r=g\",\"contentUrl\":\"https:\/\/secure.gravatar.com\/avatar\/edb90acc7752b23e1b3307ad36c14f0d?s=96&d=mm&r=g\",\"caption\":\"La R\u00e9daction\"},\"sameAs\":[\"https:\/\/universnews224.com\"],\"url\":\"https:\/\/universnews224.com\/index.php\/author\/m-camara\/\"}]}<\/script>\n<!-- \/ Yoast SEO plugin. -->","yoast_head_json":{"title":"Promotion des langues nationales : l\u2019Institut de Recherche Linguistique Appliqu\u00e9e lance la deuxi\u00e8me Journ\u00e9e porte ouverte - UNIVERSNEWS224","robots":{"index":"index","follow":"follow","max-snippet":"max-snippet:-1","max-image-preview":"max-image-preview:large","max-video-preview":"max-video-preview:-1"},"canonical":"https:\/\/universnews224.com\/index.php\/promotion-des-langues-nationales-linstitut-de-recherche-linguistique-appliquee-lance-la-deuxieme-journee-porte-ouverte\/","og_locale":"fr_FR","og_type":"article","og_title":"Promotion des langues nationales : l\u2019Institut de Recherche Linguistique Appliqu\u00e9e lance la deuxi\u00e8me Journ\u00e9e porte ouverte - UNIVERSNEWS224","og_description":"Dans le cadre de la valorisation et de la vulgarisation des oeuvres linguistiques,le directeur national","og_url":"https:\/\/universnews224.com\/index.php\/promotion-des-langues-nationales-linstitut-de-recherche-linguistique-appliquee-lance-la-deuxieme-journee-porte-ouverte\/","og_site_name":"UNIVERSNEWS224","article_published_time":"2023-12-13T15:44:06+00:00","article_modified_time":"2023-12-14T13:47:31+00:00","author":"La R\u00e9daction","twitter_misc":{"\u00c9crit par":"La R\u00e9daction","Dur\u00e9e de lecture estim\u00e9e":"4 minutes"},"schema":{"@context":"https:\/\/schema.org","@graph":[{"@type":"Article","@id":"https:\/\/universnews224.com\/index.php\/promotion-des-langues-nationales-linstitut-de-recherche-linguistique-appliquee-lance-la-deuxieme-journee-porte-ouverte\/#article","isPartOf":{"@id":"https:\/\/universnews224.com\/index.php\/promotion-des-langues-nationales-linstitut-de-recherche-linguistique-appliquee-lance-la-deuxieme-journee-porte-ouverte\/"},"author":{"name":"La R\u00e9daction","@id":"https:\/\/universnews224.com\/#\/schema\/person\/a4b7d4f94a4716df60456a491260485e"},"headline":"Promotion des langues nationales : l\u2019Institut de Recherche Linguistique Appliqu\u00e9e lance la deuxi\u00e8me Journ\u00e9e porte ouverte","datePublished":"2023-12-13T15:44:06+00:00","dateModified":"2023-12-14T13:47:31+00:00","mainEntityOfPage":{"@id":"https:\/\/universnews224.com\/index.php\/promotion-des-langues-nationales-linstitut-de-recherche-linguistique-appliquee-lance-la-deuxieme-journee-porte-ouverte\/"},"wordCount":528,"publisher":{"@id":"https:\/\/universnews224.com\/#organization"},"keywords":["La une"],"articleSection":["ACTU","SPORT"],"inLanguage":"fr-FR"},{"@type":"WebPage","@id":"https:\/\/universnews224.com\/index.php\/promotion-des-langues-nationales-linstitut-de-recherche-linguistique-appliquee-lance-la-deuxieme-journee-porte-ouverte\/","url":"https:\/\/universnews224.com\/index.php\/promotion-des-langues-nationales-linstitut-de-recherche-linguistique-appliquee-lance-la-deuxieme-journee-porte-ouverte\/","name":"Promotion des langues nationales : l\u2019Institut de Recherche Linguistique Appliqu\u00e9e lance la deuxi\u00e8me Journ\u00e9e porte ouverte - UNIVERSNEWS224","isPartOf":{"@id":"https:\/\/universnews224.com\/#website"},"datePublished":"2023-12-13T15:44:06+00:00","dateModified":"2023-12-14T13:47:31+00:00","inLanguage":"fr-FR","potentialAction":[{"@type":"ReadAction","target":["https:\/\/universnews224.com\/index.php\/promotion-des-langues-nationales-linstitut-de-recherche-linguistique-appliquee-lance-la-deuxieme-journee-porte-ouverte\/"]}]},{"@type":"WebSite","@id":"https:\/\/universnews224.com\/#website","url":"https:\/\/universnews224.com\/","name":"UNIVERSNEWS224","description":"","publisher":{"@id":"https:\/\/universnews224.com\/#organization"},"potentialAction":[{"@type":"SearchAction","target":{"@type":"EntryPoint","urlTemplate":"https:\/\/universnews224.com\/?s={search_term_string}"},"query-input":"required name=search_term_string"}],"inLanguage":"fr-FR"},{"@type":"Organization","@id":"https:\/\/universnews224.com\/#organization","name":"UNIVERSNEWS224","url":"https:\/\/universnews224.com\/","logo":{"@type":"ImageObject","inLanguage":"fr-FR","@id":"https:\/\/universnews224.com\/#\/schema\/logo\/image\/","url":"https:\/\/universnews224.com\/wp-content\/uploads\/2022\/08\/cropped-cropped-logoban.jpg","contentUrl":"https:\/\/universnews224.com\/wp-content\/uploads\/2022\/08\/cropped-cropped-logoban.jpg","width":1080,"height":138,"caption":"UNIVERSNEWS224"},"image":{"@id":"https:\/\/universnews224.com\/#\/schema\/logo\/image\/"}},{"@type":"Person","@id":"https:\/\/universnews224.com\/#\/schema\/person\/a4b7d4f94a4716df60456a491260485e","name":"La R\u00e9daction","image":{"@type":"ImageObject","inLanguage":"fr-FR","@id":"https:\/\/universnews224.com\/#\/schema\/person\/image\/","url":"https:\/\/secure.gravatar.com\/avatar\/edb90acc7752b23e1b3307ad36c14f0d?s=96&d=mm&r=g","contentUrl":"https:\/\/secure.gravatar.com\/avatar\/edb90acc7752b23e1b3307ad36c14f0d?s=96&d=mm&r=g","caption":"La R\u00e9daction"},"sameAs":["https:\/\/universnews224.com"],"url":"https:\/\/universnews224.com\/index.php\/author\/m-camara\/"}]}},"_links":{"self":[{"href":"https:\/\/universnews224.com\/index.php\/wp-json\/wp\/v2\/posts\/4756"}],"collection":[{"href":"https:\/\/universnews224.com\/index.php\/wp-json\/wp\/v2\/posts"}],"about":[{"href":"https:\/\/universnews224.com\/index.php\/wp-json\/wp\/v2\/types\/post"}],"author":[{"embeddable":true,"href":"https:\/\/universnews224.com\/index.php\/wp-json\/wp\/v2\/users\/2"}],"replies":[{"embeddable":true,"href":"https:\/\/universnews224.com\/index.php\/wp-json\/wp\/v2\/comments?post=4756"}],"version-history":[{"count":3,"href":"https:\/\/universnews224.com\/index.php\/wp-json\/wp\/v2\/posts\/4756\/revisions"}],"predecessor-version":[{"id":4769,"href":"https:\/\/universnews224.com\/index.php\/wp-json\/wp\/v2\/posts\/4756\/revisions\/4769"}],"wp:featuredmedia":[{"embeddable":true,"href":"https:\/\/universnews224.com\/index.php\/wp-json\/wp\/v2\/media\/4759"}],"wp:attachment":[{"href":"https:\/\/universnews224.com\/index.php\/wp-json\/wp\/v2\/media?parent=4756"}],"wp:term":[{"taxonomy":"category","embeddable":true,"href":"https:\/\/universnews224.com\/index.php\/wp-json\/wp\/v2\/categories?post=4756"},{"taxonomy":"post_tag","embeddable":true,"href":"https:\/\/universnews224.com\/index.php\/wp-json\/wp\/v2\/tags?post=4756"}],"curies":[{"name":"wp","href":"https:\/\/api.w.org\/{rel}","templated":true}]}}