{"id":4773,"date":"2023-12-16T10:46:54","date_gmt":"2023-12-16T09:46:54","guid":{"rendered":"https:\/\/universnews224.com\/?p=4773"},"modified":"2023-12-16T10:46:54","modified_gmt":"2023-12-16T09:46:54","slug":"musique-urbaine-lartiste-ivoirien-didi-b-en-concert-a-conakry-les-15-et-16-decembre","status":"publish","type":"post","link":"https:\/\/universnews224.com\/index.php\/musique-urbaine-lartiste-ivoirien-didi-b-en-concert-a-conakry-les-15-et-16-decembre\/","title":{"rendered":"Musique urbaine: l\u2019artiste ivoirien Didi B en concert \u00e0 Conakry les 15 et 16 d\u00e9cembre"},"content":{"rendered":"<p class=\"p3\"><span class=\"s2\">L\u2019artiste ivoirien, Didi B revient pour une seconde fois en Guin\u00e9e, en collaboration avec la structure Mack Team et Mazik Park ont anim\u00e9 ce vendredi 15 d\u00e9cembre 2023, un point de presse dans un r\u00e9ceptif h\u00f4telier de Conakry. Pour annoncer deux concerts\u00a0<\/span>\u00e0 un au stade Nongo pour le lancement de la 1\u00e8re f\u00eate foraine Magic Park et le second \u00e0 l&rsquo;espace Kaki \u00e0 Bambeto dans la commune de Ratoma.<\/p>\n<p class=\"p3\"><span class=\"s2\">Dans son intervention, Macka Traor\u00e9, de la Structure Mack TEAM parle des raisons qui l\u2019ont pouss\u00e9 \u00e0 faire venir l\u2019artiste : \u00ab Je suis tr\u00e8s content du grand retour de l\u2019artiste Didi B, vous avez il y&rsquo;a jusqu&rsquo;\u00e0 pr\u00e9sent les gens se posent la question pourquoi DIDI-B encore ici, c&rsquo;est pour deux raisons la premi\u00e8re est que pour notre premi\u00e8re collaboration s&rsquo;\u00e9tait vraiment une collaboration magnifique et y&rsquo;a deux choses qui m&rsquo;a marqu\u00e9 de lui, c&rsquo;est quand m\u00eame \u00e0 la conf\u00e9rence de presse DIDI-B l\u2019a rappel\u00e9 qu&rsquo;il n&rsquo;a jamais \u00e9t\u00e9 au tant bien accueilli ici qu&rsquo;ailleurs. La deuxi\u00e8me j&rsquo;aime collaborer avec les meilleurs. Donc pour le concert il aura deux concerts, aujourd&rsquo;hui nous sommes au stade Nongo pour mazic Park et demain nous serons \u00e0 Kaki pour le concert VIP\u00bb, a<span class=\"Apple-converted-space\">\u00a0 <\/span>rappel\u00e9 Macka Traor\u00e9. <\/span><\/p>\n<p class=\"p3\"><span class=\"s2\">Alpha Camara partenaire aussi dit son mot pour les deux concerts<span class=\"Apple-converted-space\">\u00a0 <\/span>pr\u00e9vus \u00e0 Conakry :<\/span><\/p>\n<p class=\"p3\"><span class=\"s2\">\u00abNous sommes tr\u00e8s heureux de travailler avec Mazic Park pour deux raisons, le premier, il y&rsquo;a un c\u00f4t\u00e9 professionnel qui est l\u00e0, secondons Mazic Park offre un contenue \u00e9v\u00e9nementiel pour \u00e9merveill\u00e9 les guin\u00e9ens et les montrer qu&rsquo;on peut se retrouver pour f\u00eater les diff\u00e9rentes f\u00eate de fin d&rsquo;ann\u00e9e ensemble. Donc on a accept\u00e9 avec Mazic \u00e0 la hauteur qui est adapt\u00e9e au diff\u00e9rentes types,<span class=\"Apple-converted-space\">\u00a0 <\/span>Mazic Park, permettre \u00e0 d&rsquo;autre structure de rendre un potentiel guin\u00e9ens. Sur ceux nous pourrons se mettre ensemble et travailler enfi de donn\u00e9 une belle image \u00e0 la Guin\u00e9e \u00bb, dit-il Alpha de Mazic Park. <\/span><\/p>\n<p class=\"p3\"><span class=\"s2\">Fier d&rsquo;\u00eatre l\u00e0 encore en Guin\u00e9e l&rsquo;artiste rappeur<span class=\"Apple-converted-space\">\u00a0 <\/span>ivoirien DIDI B satisfait de sa venue.<\/span><\/p>\n<p class=\"p3\"><span class=\"s2\">\u00ab\u00c7a fait toujours plaisir d&rsquo;\u00eatre chez vous chez nous ma belle famille, et nous sommes contents et vous voyez question internet c&rsquo;est vraiment dr\u00f4le mais bon, merci \u00e0 l&rsquo;organisation. Moi personnellement je suis content de revenir parce que vous avons fait le concert l\u00b4ann\u00e9e pass\u00e9 pour le succ\u00e8s de l&rsquo;album et il y\u2019a plein de son que j&rsquo;ai pas fait ici, plein de tourn\u00e9e aussi que j&rsquo;ai pas fait ici encore mais je vais voir comment le public guin\u00e9en va r\u00e9agir car nous allons jouer les gros morceaux et les nouveaux sons pour \u00e9merveill\u00e9 le public, on va s&rsquo;amuser car moi j&rsquo;aime m\u00b4amus\u00e9 et je sais que aujourd\u2019hui c&rsquo;est un pays de paradis la Guin\u00e9e bon \u00e7a va aller \u00bb, d\u00e9clar\u00e9 Didi B. <\/span><\/p>\n<p class=\"p3\"><span class=\"s2\">Sana Sylla.<\/span><\/p>\n","protected":false},"excerpt":{"rendered":"<p>L\u2019artiste ivoirien, Didi B revient pour une seconde fois en Guin\u00e9e, en collaboration avec la<\/p>\n","protected":false},"author":2,"featured_media":4774,"comment_status":"closed","ping_status":"open","sticky":false,"template":"","format":"standard","meta":[],"categories":[3],"tags":[229],"yoast_head":"<!-- This site is optimized with the Yoast SEO plugin v19.13 - https:\/\/yoast.com\/wordpress\/plugins\/seo\/ -->\n<title>Musique urbaine: l\u2019artiste ivoirien Didi B en concert \u00e0 Conakry les 15 et 16 d\u00e9cembre - UNIVERSNEWS224<\/title>\n<meta name=\"robots\" content=\"index, follow, max-snippet:-1, max-image-preview:large, max-video-preview:-1\" \/>\n<link rel=\"canonical\" href=\"https:\/\/universnews224.com\/index.php\/musique-urbaine-lartiste-ivoirien-didi-b-en-concert-a-conakry-les-15-et-16-decembre\/\" \/>\n<meta property=\"og:locale\" content=\"fr_FR\" \/>\n<meta property=\"og:type\" content=\"article\" \/>\n<meta property=\"og:title\" content=\"Musique urbaine: l\u2019artiste ivoirien Didi B en concert \u00e0 Conakry les 15 et 16 d\u00e9cembre - UNIVERSNEWS224\" \/>\n<meta property=\"og:description\" content=\"L\u2019artiste ivoirien, Didi B revient pour une seconde fois en Guin\u00e9e, en collaboration avec la\" \/>\n<meta property=\"og:url\" content=\"https:\/\/universnews224.com\/index.php\/musique-urbaine-lartiste-ivoirien-didi-b-en-concert-a-conakry-les-15-et-16-decembre\/\" \/>\n<meta property=\"og:site_name\" content=\"UNIVERSNEWS224\" \/>\n<meta property=\"article:published_time\" content=\"2023-12-16T09:46:54+00:00\" \/>\n<meta property=\"og:image\" content=\"https:\/\/universnews224.com\/wp-content\/uploads\/2023\/12\/D9490147-0BAA-48A1-A882-8A747539D3B8.jpeg\" \/>\n\t<meta property=\"og:image:width\" content=\"720\" \/>\n\t<meta property=\"og:image:height\" content=\"459\" \/>\n\t<meta property=\"og:image:type\" content=\"image\/jpeg\" \/>\n<meta name=\"author\" content=\"La R\u00e9daction\" \/>\n<meta name=\"twitter:label1\" content=\"\u00c9crit par\" \/>\n\t<meta name=\"twitter:data1\" content=\"La R\u00e9daction\" \/>\n\t<meta name=\"twitter:label2\" content=\"Dur\u00e9e de lecture estim\u00e9e\" \/>\n\t<meta name=\"twitter:data2\" content=\"3 minutes\" \/>\n<script type=\"application\/ld+json\" class=\"yoast-schema-graph\">{\"@context\":\"https:\/\/schema.org\",\"@graph\":[{\"@type\":\"Article\",\"@id\":\"https:\/\/universnews224.com\/index.php\/musique-urbaine-lartiste-ivoirien-didi-b-en-concert-a-conakry-les-15-et-16-decembre\/#article\",\"isPartOf\":{\"@id\":\"https:\/\/universnews224.com\/index.php\/musique-urbaine-lartiste-ivoirien-didi-b-en-concert-a-conakry-les-15-et-16-decembre\/\"},\"author\":{\"name\":\"La R\u00e9daction\",\"@id\":\"https:\/\/universnews224.com\/#\/schema\/person\/a4b7d4f94a4716df60456a491260485e\"},\"headline\":\"Musique urbaine: l\u2019artiste ivoirien Didi B en concert \u00e0 Conakry les 15 et 16 d\u00e9cembre\",\"datePublished\":\"2023-12-16T09:46:54+00:00\",\"dateModified\":\"2023-12-16T09:46:54+00:00\",\"mainEntityOfPage\":{\"@id\":\"https:\/\/universnews224.com\/index.php\/musique-urbaine-lartiste-ivoirien-didi-b-en-concert-a-conakry-les-15-et-16-decembre\/\"},\"wordCount\":500,\"publisher\":{\"@id\":\"https:\/\/universnews224.com\/#organization\"},\"keywords\":[\"La une\"],\"articleSection\":[\"ACTU\"],\"inLanguage\":\"fr-FR\"},{\"@type\":\"WebPage\",\"@id\":\"https:\/\/universnews224.com\/index.php\/musique-urbaine-lartiste-ivoirien-didi-b-en-concert-a-conakry-les-15-et-16-decembre\/\",\"url\":\"https:\/\/universnews224.com\/index.php\/musique-urbaine-lartiste-ivoirien-didi-b-en-concert-a-conakry-les-15-et-16-decembre\/\",\"name\":\"Musique urbaine: l\u2019artiste ivoirien Didi B en concert \u00e0 Conakry les 15 et 16 d\u00e9cembre - UNIVERSNEWS224\",\"isPartOf\":{\"@id\":\"https:\/\/universnews224.com\/#website\"},\"datePublished\":\"2023-12-16T09:46:54+00:00\",\"dateModified\":\"2023-12-16T09:46:54+00:00\",\"inLanguage\":\"fr-FR\",\"potentialAction\":[{\"@type\":\"ReadAction\",\"target\":[\"https:\/\/universnews224.com\/index.php\/musique-urbaine-lartiste-ivoirien-didi-b-en-concert-a-conakry-les-15-et-16-decembre\/\"]}]},{\"@type\":\"WebSite\",\"@id\":\"https:\/\/universnews224.com\/#website\",\"url\":\"https:\/\/universnews224.com\/\",\"name\":\"UNIVERSNEWS224\",\"description\":\"\",\"publisher\":{\"@id\":\"https:\/\/universnews224.com\/#organization\"},\"potentialAction\":[{\"@type\":\"SearchAction\",\"target\":{\"@type\":\"EntryPoint\",\"urlTemplate\":\"https:\/\/universnews224.com\/?s={search_term_string}\"},\"query-input\":\"required name=search_term_string\"}],\"inLanguage\":\"fr-FR\"},{\"@type\":\"Organization\",\"@id\":\"https:\/\/universnews224.com\/#organization\",\"name\":\"UNIVERSNEWS224\",\"url\":\"https:\/\/universnews224.com\/\",\"logo\":{\"@type\":\"ImageObject\",\"inLanguage\":\"fr-FR\",\"@id\":\"https:\/\/universnews224.com\/#\/schema\/logo\/image\/\",\"url\":\"https:\/\/universnews224.com\/wp-content\/uploads\/2022\/08\/cropped-cropped-logoban.jpg\",\"contentUrl\":\"https:\/\/universnews224.com\/wp-content\/uploads\/2022\/08\/cropped-cropped-logoban.jpg\",\"width\":1080,\"height\":138,\"caption\":\"UNIVERSNEWS224\"},\"image\":{\"@id\":\"https:\/\/universnews224.com\/#\/schema\/logo\/image\/\"}},{\"@type\":\"Person\",\"@id\":\"https:\/\/universnews224.com\/#\/schema\/person\/a4b7d4f94a4716df60456a491260485e\",\"name\":\"La R\u00e9daction\",\"image\":{\"@type\":\"ImageObject\",\"inLanguage\":\"fr-FR\",\"@id\":\"https:\/\/universnews224.com\/#\/schema\/person\/image\/\",\"url\":\"https:\/\/secure.gravatar.com\/avatar\/edb90acc7752b23e1b3307ad36c14f0d?s=96&d=mm&r=g\",\"contentUrl\":\"https:\/\/secure.gravatar.com\/avatar\/edb90acc7752b23e1b3307ad36c14f0d?s=96&d=mm&r=g\",\"caption\":\"La R\u00e9daction\"},\"sameAs\":[\"https:\/\/universnews224.com\"],\"url\":\"https:\/\/universnews224.com\/index.php\/author\/m-camara\/\"}]}<\/script>\n<!-- \/ Yoast SEO plugin. -->","yoast_head_json":{"title":"Musique urbaine: l\u2019artiste ivoirien Didi B en concert \u00e0 Conakry les 15 et 16 d\u00e9cembre - UNIVERSNEWS224","robots":{"index":"index","follow":"follow","max-snippet":"max-snippet:-1","max-image-preview":"max-image-preview:large","max-video-preview":"max-video-preview:-1"},"canonical":"https:\/\/universnews224.com\/index.php\/musique-urbaine-lartiste-ivoirien-didi-b-en-concert-a-conakry-les-15-et-16-decembre\/","og_locale":"fr_FR","og_type":"article","og_title":"Musique urbaine: l\u2019artiste ivoirien Didi B en concert \u00e0 Conakry les 15 et 16 d\u00e9cembre - UNIVERSNEWS224","og_description":"L\u2019artiste ivoirien, Didi B revient pour une seconde fois en Guin\u00e9e, en collaboration avec la","og_url":"https:\/\/universnews224.com\/index.php\/musique-urbaine-lartiste-ivoirien-didi-b-en-concert-a-conakry-les-15-et-16-decembre\/","og_site_name":"UNIVERSNEWS224","article_published_time":"2023-12-16T09:46:54+00:00","og_image":[{"width":720,"height":459,"url":"https:\/\/universnews224.com\/wp-content\/uploads\/2023\/12\/D9490147-0BAA-48A1-A882-8A747539D3B8.jpeg","type":"image\/jpeg"}],"author":"La R\u00e9daction","twitter_misc":{"\u00c9crit par":"La R\u00e9daction","Dur\u00e9e de lecture estim\u00e9e":"3 minutes"},"schema":{"@context":"https:\/\/schema.org","@graph":[{"@type":"Article","@id":"https:\/\/universnews224.com\/index.php\/musique-urbaine-lartiste-ivoirien-didi-b-en-concert-a-conakry-les-15-et-16-decembre\/#article","isPartOf":{"@id":"https:\/\/universnews224.com\/index.php\/musique-urbaine-lartiste-ivoirien-didi-b-en-concert-a-conakry-les-15-et-16-decembre\/"},"author":{"name":"La R\u00e9daction","@id":"https:\/\/universnews224.com\/#\/schema\/person\/a4b7d4f94a4716df60456a491260485e"},"headline":"Musique urbaine: l\u2019artiste ivoirien Didi B en concert \u00e0 Conakry les 15 et 16 d\u00e9cembre","datePublished":"2023-12-16T09:46:54+00:00","dateModified":"2023-12-16T09:46:54+00:00","mainEntityOfPage":{"@id":"https:\/\/universnews224.com\/index.php\/musique-urbaine-lartiste-ivoirien-didi-b-en-concert-a-conakry-les-15-et-16-decembre\/"},"wordCount":500,"publisher":{"@id":"https:\/\/universnews224.com\/#organization"},"keywords":["La une"],"articleSection":["ACTU"],"inLanguage":"fr-FR"},{"@type":"WebPage","@id":"https:\/\/universnews224.com\/index.php\/musique-urbaine-lartiste-ivoirien-didi-b-en-concert-a-conakry-les-15-et-16-decembre\/","url":"https:\/\/universnews224.com\/index.php\/musique-urbaine-lartiste-ivoirien-didi-b-en-concert-a-conakry-les-15-et-16-decembre\/","name":"Musique urbaine: l\u2019artiste ivoirien Didi B en concert \u00e0 Conakry les 15 et 16 d\u00e9cembre - UNIVERSNEWS224","isPartOf":{"@id":"https:\/\/universnews224.com\/#website"},"datePublished":"2023-12-16T09:46:54+00:00","dateModified":"2023-12-16T09:46:54+00:00","inLanguage":"fr-FR","potentialAction":[{"@type":"ReadAction","target":["https:\/\/universnews224.com\/index.php\/musique-urbaine-lartiste-ivoirien-didi-b-en-concert-a-conakry-les-15-et-16-decembre\/"]}]},{"@type":"WebSite","@id":"https:\/\/universnews224.com\/#website","url":"https:\/\/universnews224.com\/","name":"UNIVERSNEWS224","description":"","publisher":{"@id":"https:\/\/universnews224.com\/#organization"},"potentialAction":[{"@type":"SearchAction","target":{"@type":"EntryPoint","urlTemplate":"https:\/\/universnews224.com\/?s={search_term_string}"},"query-input":"required name=search_term_string"}],"inLanguage":"fr-FR"},{"@type":"Organization","@id":"https:\/\/universnews224.com\/#organization","name":"UNIVERSNEWS224","url":"https:\/\/universnews224.com\/","logo":{"@type":"ImageObject","inLanguage":"fr-FR","@id":"https:\/\/universnews224.com\/#\/schema\/logo\/image\/","url":"https:\/\/universnews224.com\/wp-content\/uploads\/2022\/08\/cropped-cropped-logoban.jpg","contentUrl":"https:\/\/universnews224.com\/wp-content\/uploads\/2022\/08\/cropped-cropped-logoban.jpg","width":1080,"height":138,"caption":"UNIVERSNEWS224"},"image":{"@id":"https:\/\/universnews224.com\/#\/schema\/logo\/image\/"}},{"@type":"Person","@id":"https:\/\/universnews224.com\/#\/schema\/person\/a4b7d4f94a4716df60456a491260485e","name":"La R\u00e9daction","image":{"@type":"ImageObject","inLanguage":"fr-FR","@id":"https:\/\/universnews224.com\/#\/schema\/person\/image\/","url":"https:\/\/secure.gravatar.com\/avatar\/edb90acc7752b23e1b3307ad36c14f0d?s=96&d=mm&r=g","contentUrl":"https:\/\/secure.gravatar.com\/avatar\/edb90acc7752b23e1b3307ad36c14f0d?s=96&d=mm&r=g","caption":"La R\u00e9daction"},"sameAs":["https:\/\/universnews224.com"],"url":"https:\/\/universnews224.com\/index.php\/author\/m-camara\/"}]}},"_links":{"self":[{"href":"https:\/\/universnews224.com\/index.php\/wp-json\/wp\/v2\/posts\/4773"}],"collection":[{"href":"https:\/\/universnews224.com\/index.php\/wp-json\/wp\/v2\/posts"}],"about":[{"href":"https:\/\/universnews224.com\/index.php\/wp-json\/wp\/v2\/types\/post"}],"author":[{"embeddable":true,"href":"https:\/\/universnews224.com\/index.php\/wp-json\/wp\/v2\/users\/2"}],"replies":[{"embeddable":true,"href":"https:\/\/universnews224.com\/index.php\/wp-json\/wp\/v2\/comments?post=4773"}],"version-history":[{"count":1,"href":"https:\/\/universnews224.com\/index.php\/wp-json\/wp\/v2\/posts\/4773\/revisions"}],"predecessor-version":[{"id":4775,"href":"https:\/\/universnews224.com\/index.php\/wp-json\/wp\/v2\/posts\/4773\/revisions\/4775"}],"wp:featuredmedia":[{"embeddable":true,"href":"https:\/\/universnews224.com\/index.php\/wp-json\/wp\/v2\/media\/4774"}],"wp:attachment":[{"href":"https:\/\/universnews224.com\/index.php\/wp-json\/wp\/v2\/media?parent=4773"}],"wp:term":[{"taxonomy":"category","embeddable":true,"href":"https:\/\/universnews224.com\/index.php\/wp-json\/wp\/v2\/categories?post=4773"},{"taxonomy":"post_tag","embeddable":true,"href":"https:\/\/universnews224.com\/index.php\/wp-json\/wp\/v2\/tags?post=4773"}],"curies":[{"name":"wp","href":"https:\/\/api.w.org\/{rel}","templated":true}]}}