{"id":4776,"date":"2023-12-16T10:50:46","date_gmt":"2023-12-16T09:50:46","guid":{"rendered":"https:\/\/universnews224.com\/?p=4776"},"modified":"2023-12-16T10:50:46","modified_gmt":"2023-12-16T09:50:46","slug":"sekou-jamel-pendessa-nous-avons-aussi-profite-de-ce-congres-pour-lancer-un-appel-solennel-a-tout-le-mouvement-syndical-guineen-se-lever-pour-accompagner-la-presse","status":"publish","type":"post","link":"https:\/\/universnews224.com\/index.php\/sekou-jamel-pendessa-nous-avons-aussi-profite-de-ce-congres-pour-lancer-un-appel-solennel-a-tout-le-mouvement-syndical-guineen-se-lever-pour-accompagner-la-presse\/","title":{"rendered":"Sekou Jamel Pendessa: \u201cNous avons aussi profit\u00e9 de ce congr\u00e8s pour lancer un appel solennel \u00e0 tout le mouvement syndical guin\u00e9en se lever pour accompagner la presse\u201d"},"content":{"rendered":"<p class=\"p1\"><span class=\"s1\">Le secr\u00e9taire g\u00e9n\u00e9ral du Syndicat des professionnels de la presse de Guin\u00e9e (SPPG) a pris part ce vendredi, 15 d\u00e9cembre 2023 \u00e0 Conakry, au 7\u00e8me congr\u00e8s du SLECG, version Aboubacar Soumah. <\/span><\/p>\n<p class=\"p1\"><span class=\"s1\">Apr\u00e8s le vote, c\u2019est Aboubacar Soumah qui a \u00e9t\u00e9 r\u00e9\u00e9lu \u00e0 l\u2019unanimit\u00e9 des congressistes pr\u00e9sents, nouveau secr\u00e9taire g\u00e9n\u00e9ral du Syndicat Libre Enseignants Chercheur de Guin\u00e9e. <\/span><\/p>\n<p class=\"p1\"><span class=\"s1\">Prenant la parole \u00e0 cette occasion, Sekou Jamel Pendessa n\u2019a pas manquer de f\u00e9liciter Aboubacar Soumah pour sa r\u00e9\u00e9lection \u00e0 la t\u00eate du SLECG. <\/span><\/p>\n<p class=\"p1\"><span class=\"s1\">\u201cC\u2019est un sentiment de joie d\u2019\u00eatre invit\u00e9 \u00e0 ce congr\u00e8s. Le congr\u00e8s d\u2019un syndicat qui est connu pour son combat en faveur des enseignants et de l\u2019\u00e9ducation guin\u00e9enne. C\u2019est aussi un sentiment de satisfaction de voir que le camarade Aboubacar Soumah a \u00e9t\u00e9 r\u00e9\u00e9lu. Il le m\u00e9rite, nous lui adressons toutes nos f\u00e9licitations. Nous avons une longue histoire avec le camarade Aboubacar Soumah, personnellement, je le connais. Je sais que c\u2019est un homme de conviction, c\u2019est un combattant, un r\u00e9sistant. Il m\u00e8ne un combat sinc\u00e8re, c\u2019est pourquoi, nous sommes tr\u00e8s heureux de le voir \u00e0 la t\u00eate du SLECG. C\u2019est un<span class=\"Apple-converted-space\">\u00a0 <\/span>espoir pour les enseignants\u201d, a t-il souhait\u00e9. <\/span><\/p>\n<p class=\"p1\"><span class=\"s1\">Poursuivant, le secr\u00e9taire g\u00e9n\u00e9ral du SPPG a mis ce congr\u00e8s en exergue pour inviter le mouvement syndical guin\u00e9en \u00e0 une unit\u00e9 d\u2019action, afin d\u2019accompagner la presse guin\u00e9enne qui traverse une situation tr\u00e8s difficile en moment. <\/span><\/p>\n<p class=\"p1\"><span class=\"s1\">\u201cNous avons aussi profit\u00e9 de ce congr\u00e8s pour lancer un appel solennel au SLECG, aux enseignants et \u00e0 tout le mouvement syndical guin\u00e9en se lever pour accompagner la presse. La presse est entrain de traverser des moments difficiles et lorsqu\u2019on est touch\u00e9, c\u2019est tout le peuple de Guin\u00e9e et les toutes les entit\u00e9s qui sont touch\u00e9es, parce que ces acteurs sociopolitiques du pays se fassent entendre par la voie de la presse. Qu\u2019ils comprennent que le danger qui est l\u00e0, si on est \u00e9touff\u00e9, ils seront tous neutralis\u00e9s.Par cons\u00e9quent, ils doivent se lever\u201d a t-il d\u00e9nonce. <\/span><\/p>\n<p class=\"p1\"><span class=\"s1\">Plus loin, Sekou Jamal Pendessa a laiss\u00e9 entendre que, le SPPG est entrain de peaufiner de nouvelles strat\u00e9gies afin rendre \u00e0 la presse guin\u00e9enne ce qui l\u2019appartient. <\/span><\/p>\n<p class=\"p1\"><span class=\"s1\">\u201cEut \u00e9t\u00e9 le coup de frein qui a \u00e9t\u00e9 marqu\u00e9 par les organisations patronales de presse, vous allez voir un mouvement du jamais vu. Et nous sommes entrain de faire un travail de fond, il suffit qu\u2019un certain nombre de conditions soit<span class=\"Apple-converted-space\">\u00a0 <\/span>rempli. Nous avons pos\u00e9 des conditions \u00e0 remplir de la part de nos patrons, si ces conditions sont remplies, rassurez-vous, on va lib\u00e9rer les m\u00e9dias \u00e0 moins d\u2019une semaine. Puisque Ousmane Gaoul a form\u00e9 une coalition\u00abEnnemi de la presse\u00bb, le SPPG est entrain de former la plus grande coalition de but, nous mettrons n\u2019importe quel ennemi en d\u00e9route. Aucune force ne peut r\u00e9sister \u00e0 notre force de frappe\u201d, a t-il lanc\u00e9. <\/span><\/p>\n<p class=\"p1\"><span class=\"s1\">Mohamed Camara\u00a0<\/span><\/p>\n<p class=\"p1\">\n","protected":false},"excerpt":{"rendered":"<p>Le secr\u00e9taire g\u00e9n\u00e9ral du Syndicat des professionnels de la presse de Guin\u00e9e (SPPG) a pris<\/p>\n","protected":false},"author":2,"featured_media":4777,"comment_status":"closed","ping_status":"open","sticky":false,"template":"","format":"standard","meta":[],"categories":[3,5],"tags":[229],"yoast_head":"<!-- This site is optimized with the Yoast SEO plugin v19.13 - https:\/\/yoast.com\/wordpress\/plugins\/seo\/ -->\n<title>Sekou Jamel Pendessa: \u201cNous avons aussi profit\u00e9 de ce congr\u00e8s pour lancer un appel solennel \u00e0 tout le mouvement syndical guin\u00e9en se lever pour accompagner la presse\u201d - UNIVERSNEWS224<\/title>\n<meta name=\"robots\" content=\"index, follow, max-snippet:-1, max-image-preview:large, max-video-preview:-1\" \/>\n<link rel=\"canonical\" href=\"https:\/\/universnews224.com\/index.php\/sekou-jamel-pendessa-nous-avons-aussi-profite-de-ce-congres-pour-lancer-un-appel-solennel-a-tout-le-mouvement-syndical-guineen-se-lever-pour-accompagner-la-presse\/\" \/>\n<meta property=\"og:locale\" content=\"fr_FR\" \/>\n<meta property=\"og:type\" content=\"article\" \/>\n<meta property=\"og:title\" content=\"Sekou Jamel Pendessa: \u201cNous avons aussi profit\u00e9 de ce congr\u00e8s pour lancer un appel solennel \u00e0 tout le mouvement syndical guin\u00e9en se lever pour accompagner la presse\u201d - UNIVERSNEWS224\" \/>\n<meta property=\"og:description\" content=\"Le secr\u00e9taire g\u00e9n\u00e9ral du Syndicat des professionnels de la presse de Guin\u00e9e (SPPG) a pris\" \/>\n<meta property=\"og:url\" content=\"https:\/\/universnews224.com\/index.php\/sekou-jamel-pendessa-nous-avons-aussi-profite-de-ce-congres-pour-lancer-un-appel-solennel-a-tout-le-mouvement-syndical-guineen-se-lever-pour-accompagner-la-presse\/\" \/>\n<meta property=\"og:site_name\" content=\"UNIVERSNEWS224\" \/>\n<meta property=\"article:published_time\" content=\"2023-12-16T09:50:46+00:00\" \/>\n<meta property=\"og:image\" content=\"https:\/\/universnews224.com\/wp-content\/uploads\/2023\/12\/16F6A67E-213A-4852-B202-6E21833C7BD5.jpeg\" \/>\n\t<meta property=\"og:image:width\" content=\"1008\" \/>\n\t<meta property=\"og:image:height\" content=\"454\" \/>\n\t<meta property=\"og:image:type\" content=\"image\/jpeg\" \/>\n<meta name=\"author\" content=\"La R\u00e9daction\" \/>\n<meta name=\"twitter:label1\" content=\"\u00c9crit par\" \/>\n\t<meta name=\"twitter:data1\" content=\"La R\u00e9daction\" \/>\n\t<meta name=\"twitter:label2\" content=\"Dur\u00e9e de lecture estim\u00e9e\" \/>\n\t<meta name=\"twitter:data2\" content=\"3 minutes\" \/>\n<script type=\"application\/ld+json\" class=\"yoast-schema-graph\">{\"@context\":\"https:\/\/schema.org\",\"@graph\":[{\"@type\":\"Article\",\"@id\":\"https:\/\/universnews224.com\/index.php\/sekou-jamel-pendessa-nous-avons-aussi-profite-de-ce-congres-pour-lancer-un-appel-solennel-a-tout-le-mouvement-syndical-guineen-se-lever-pour-accompagner-la-presse\/#article\",\"isPartOf\":{\"@id\":\"https:\/\/universnews224.com\/index.php\/sekou-jamel-pendessa-nous-avons-aussi-profite-de-ce-congres-pour-lancer-un-appel-solennel-a-tout-le-mouvement-syndical-guineen-se-lever-pour-accompagner-la-presse\/\"},\"author\":{\"name\":\"La R\u00e9daction\",\"@id\":\"https:\/\/universnews224.com\/#\/schema\/person\/a4b7d4f94a4716df60456a491260485e\"},\"headline\":\"Sekou Jamel Pendessa: \u201cNous avons aussi profit\u00e9 de ce congr\u00e8s pour lancer un appel solennel \u00e0 tout le mouvement syndical guin\u00e9en se lever pour accompagner la presse\u201d\",\"datePublished\":\"2023-12-16T09:50:46+00:00\",\"dateModified\":\"2023-12-16T09:50:46+00:00\",\"mainEntityOfPage\":{\"@id\":\"https:\/\/universnews224.com\/index.php\/sekou-jamel-pendessa-nous-avons-aussi-profite-de-ce-congres-pour-lancer-un-appel-solennel-a-tout-le-mouvement-syndical-guineen-se-lever-pour-accompagner-la-presse\/\"},\"wordCount\":546,\"publisher\":{\"@id\":\"https:\/\/universnews224.com\/#organization\"},\"keywords\":[\"La une\"],\"articleSection\":[\"ACTU\",\"SOCI\u00c9T\u00c9\"],\"inLanguage\":\"fr-FR\"},{\"@type\":\"WebPage\",\"@id\":\"https:\/\/universnews224.com\/index.php\/sekou-jamel-pendessa-nous-avons-aussi-profite-de-ce-congres-pour-lancer-un-appel-solennel-a-tout-le-mouvement-syndical-guineen-se-lever-pour-accompagner-la-presse\/\",\"url\":\"https:\/\/universnews224.com\/index.php\/sekou-jamel-pendessa-nous-avons-aussi-profite-de-ce-congres-pour-lancer-un-appel-solennel-a-tout-le-mouvement-syndical-guineen-se-lever-pour-accompagner-la-presse\/\",\"name\":\"Sekou Jamel Pendessa: \u201cNous avons aussi profit\u00e9 de ce congr\u00e8s pour lancer un appel solennel \u00e0 tout le mouvement syndical guin\u00e9en se lever pour accompagner la presse\u201d - UNIVERSNEWS224\",\"isPartOf\":{\"@id\":\"https:\/\/universnews224.com\/#website\"},\"datePublished\":\"2023-12-16T09:50:46+00:00\",\"dateModified\":\"2023-12-16T09:50:46+00:00\",\"inLanguage\":\"fr-FR\",\"potentialAction\":[{\"@type\":\"ReadAction\",\"target\":[\"https:\/\/universnews224.com\/index.php\/sekou-jamel-pendessa-nous-avons-aussi-profite-de-ce-congres-pour-lancer-un-appel-solennel-a-tout-le-mouvement-syndical-guineen-se-lever-pour-accompagner-la-presse\/\"]}]},{\"@type\":\"WebSite\",\"@id\":\"https:\/\/universnews224.com\/#website\",\"url\":\"https:\/\/universnews224.com\/\",\"name\":\"UNIVERSNEWS224\",\"description\":\"\",\"publisher\":{\"@id\":\"https:\/\/universnews224.com\/#organization\"},\"potentialAction\":[{\"@type\":\"SearchAction\",\"target\":{\"@type\":\"EntryPoint\",\"urlTemplate\":\"https:\/\/universnews224.com\/?s={search_term_string}\"},\"query-input\":\"required name=search_term_string\"}],\"inLanguage\":\"fr-FR\"},{\"@type\":\"Organization\",\"@id\":\"https:\/\/universnews224.com\/#organization\",\"name\":\"UNIVERSNEWS224\",\"url\":\"https:\/\/universnews224.com\/\",\"logo\":{\"@type\":\"ImageObject\",\"inLanguage\":\"fr-FR\",\"@id\":\"https:\/\/universnews224.com\/#\/schema\/logo\/image\/\",\"url\":\"https:\/\/universnews224.com\/wp-content\/uploads\/2022\/08\/cropped-cropped-logoban.jpg\",\"contentUrl\":\"https:\/\/universnews224.com\/wp-content\/uploads\/2022\/08\/cropped-cropped-logoban.jpg\",\"width\":1080,\"height\":138,\"caption\":\"UNIVERSNEWS224\"},\"image\":{\"@id\":\"https:\/\/universnews224.com\/#\/schema\/logo\/image\/\"}},{\"@type\":\"Person\",\"@id\":\"https:\/\/universnews224.com\/#\/schema\/person\/a4b7d4f94a4716df60456a491260485e\",\"name\":\"La R\u00e9daction\",\"image\":{\"@type\":\"ImageObject\",\"inLanguage\":\"fr-FR\",\"@id\":\"https:\/\/universnews224.com\/#\/schema\/person\/image\/\",\"url\":\"https:\/\/secure.gravatar.com\/avatar\/edb90acc7752b23e1b3307ad36c14f0d?s=96&d=mm&r=g\",\"contentUrl\":\"https:\/\/secure.gravatar.com\/avatar\/edb90acc7752b23e1b3307ad36c14f0d?s=96&d=mm&r=g\",\"caption\":\"La R\u00e9daction\"},\"sameAs\":[\"https:\/\/universnews224.com\"],\"url\":\"https:\/\/universnews224.com\/index.php\/author\/m-camara\/\"}]}<\/script>\n<!-- \/ Yoast SEO plugin. -->","yoast_head_json":{"title":"Sekou Jamel Pendessa: \u201cNous avons aussi profit\u00e9 de ce congr\u00e8s pour lancer un appel solennel \u00e0 tout le mouvement syndical guin\u00e9en se lever pour accompagner la presse\u201d - UNIVERSNEWS224","robots":{"index":"index","follow":"follow","max-snippet":"max-snippet:-1","max-image-preview":"max-image-preview:large","max-video-preview":"max-video-preview:-1"},"canonical":"https:\/\/universnews224.com\/index.php\/sekou-jamel-pendessa-nous-avons-aussi-profite-de-ce-congres-pour-lancer-un-appel-solennel-a-tout-le-mouvement-syndical-guineen-se-lever-pour-accompagner-la-presse\/","og_locale":"fr_FR","og_type":"article","og_title":"Sekou Jamel Pendessa: \u201cNous avons aussi profit\u00e9 de ce congr\u00e8s pour lancer un appel solennel \u00e0 tout le mouvement syndical guin\u00e9en se lever pour accompagner la presse\u201d - UNIVERSNEWS224","og_description":"Le secr\u00e9taire g\u00e9n\u00e9ral du Syndicat des professionnels de la presse de Guin\u00e9e (SPPG) a pris","og_url":"https:\/\/universnews224.com\/index.php\/sekou-jamel-pendessa-nous-avons-aussi-profite-de-ce-congres-pour-lancer-un-appel-solennel-a-tout-le-mouvement-syndical-guineen-se-lever-pour-accompagner-la-presse\/","og_site_name":"UNIVERSNEWS224","article_published_time":"2023-12-16T09:50:46+00:00","og_image":[{"width":1008,"height":454,"url":"https:\/\/universnews224.com\/wp-content\/uploads\/2023\/12\/16F6A67E-213A-4852-B202-6E21833C7BD5.jpeg","type":"image\/jpeg"}],"author":"La R\u00e9daction","twitter_misc":{"\u00c9crit par":"La R\u00e9daction","Dur\u00e9e de lecture estim\u00e9e":"3 minutes"},"schema":{"@context":"https:\/\/schema.org","@graph":[{"@type":"Article","@id":"https:\/\/universnews224.com\/index.php\/sekou-jamel-pendessa-nous-avons-aussi-profite-de-ce-congres-pour-lancer-un-appel-solennel-a-tout-le-mouvement-syndical-guineen-se-lever-pour-accompagner-la-presse\/#article","isPartOf":{"@id":"https:\/\/universnews224.com\/index.php\/sekou-jamel-pendessa-nous-avons-aussi-profite-de-ce-congres-pour-lancer-un-appel-solennel-a-tout-le-mouvement-syndical-guineen-se-lever-pour-accompagner-la-presse\/"},"author":{"name":"La R\u00e9daction","@id":"https:\/\/universnews224.com\/#\/schema\/person\/a4b7d4f94a4716df60456a491260485e"},"headline":"Sekou Jamel Pendessa: \u201cNous avons aussi profit\u00e9 de ce congr\u00e8s pour lancer un appel solennel \u00e0 tout le mouvement syndical guin\u00e9en se lever pour accompagner la presse\u201d","datePublished":"2023-12-16T09:50:46+00:00","dateModified":"2023-12-16T09:50:46+00:00","mainEntityOfPage":{"@id":"https:\/\/universnews224.com\/index.php\/sekou-jamel-pendessa-nous-avons-aussi-profite-de-ce-congres-pour-lancer-un-appel-solennel-a-tout-le-mouvement-syndical-guineen-se-lever-pour-accompagner-la-presse\/"},"wordCount":546,"publisher":{"@id":"https:\/\/universnews224.com\/#organization"},"keywords":["La une"],"articleSection":["ACTU","SOCI\u00c9T\u00c9"],"inLanguage":"fr-FR"},{"@type":"WebPage","@id":"https:\/\/universnews224.com\/index.php\/sekou-jamel-pendessa-nous-avons-aussi-profite-de-ce-congres-pour-lancer-un-appel-solennel-a-tout-le-mouvement-syndical-guineen-se-lever-pour-accompagner-la-presse\/","url":"https:\/\/universnews224.com\/index.php\/sekou-jamel-pendessa-nous-avons-aussi-profite-de-ce-congres-pour-lancer-un-appel-solennel-a-tout-le-mouvement-syndical-guineen-se-lever-pour-accompagner-la-presse\/","name":"Sekou Jamel Pendessa: \u201cNous avons aussi profit\u00e9 de ce congr\u00e8s pour lancer un appel solennel \u00e0 tout le mouvement syndical guin\u00e9en se lever pour accompagner la presse\u201d - UNIVERSNEWS224","isPartOf":{"@id":"https:\/\/universnews224.com\/#website"},"datePublished":"2023-12-16T09:50:46+00:00","dateModified":"2023-12-16T09:50:46+00:00","inLanguage":"fr-FR","potentialAction":[{"@type":"ReadAction","target":["https:\/\/universnews224.com\/index.php\/sekou-jamel-pendessa-nous-avons-aussi-profite-de-ce-congres-pour-lancer-un-appel-solennel-a-tout-le-mouvement-syndical-guineen-se-lever-pour-accompagner-la-presse\/"]}]},{"@type":"WebSite","@id":"https:\/\/universnews224.com\/#website","url":"https:\/\/universnews224.com\/","name":"UNIVERSNEWS224","description":"","publisher":{"@id":"https:\/\/universnews224.com\/#organization"},"potentialAction":[{"@type":"SearchAction","target":{"@type":"EntryPoint","urlTemplate":"https:\/\/universnews224.com\/?s={search_term_string}"},"query-input":"required name=search_term_string"}],"inLanguage":"fr-FR"},{"@type":"Organization","@id":"https:\/\/universnews224.com\/#organization","name":"UNIVERSNEWS224","url":"https:\/\/universnews224.com\/","logo":{"@type":"ImageObject","inLanguage":"fr-FR","@id":"https:\/\/universnews224.com\/#\/schema\/logo\/image\/","url":"https:\/\/universnews224.com\/wp-content\/uploads\/2022\/08\/cropped-cropped-logoban.jpg","contentUrl":"https:\/\/universnews224.com\/wp-content\/uploads\/2022\/08\/cropped-cropped-logoban.jpg","width":1080,"height":138,"caption":"UNIVERSNEWS224"},"image":{"@id":"https:\/\/universnews224.com\/#\/schema\/logo\/image\/"}},{"@type":"Person","@id":"https:\/\/universnews224.com\/#\/schema\/person\/a4b7d4f94a4716df60456a491260485e","name":"La R\u00e9daction","image":{"@type":"ImageObject","inLanguage":"fr-FR","@id":"https:\/\/universnews224.com\/#\/schema\/person\/image\/","url":"https:\/\/secure.gravatar.com\/avatar\/edb90acc7752b23e1b3307ad36c14f0d?s=96&d=mm&r=g","contentUrl":"https:\/\/secure.gravatar.com\/avatar\/edb90acc7752b23e1b3307ad36c14f0d?s=96&d=mm&r=g","caption":"La R\u00e9daction"},"sameAs":["https:\/\/universnews224.com"],"url":"https:\/\/universnews224.com\/index.php\/author\/m-camara\/"}]}},"_links":{"self":[{"href":"https:\/\/universnews224.com\/index.php\/wp-json\/wp\/v2\/posts\/4776"}],"collection":[{"href":"https:\/\/universnews224.com\/index.php\/wp-json\/wp\/v2\/posts"}],"about":[{"href":"https:\/\/universnews224.com\/index.php\/wp-json\/wp\/v2\/types\/post"}],"author":[{"embeddable":true,"href":"https:\/\/universnews224.com\/index.php\/wp-json\/wp\/v2\/users\/2"}],"replies":[{"embeddable":true,"href":"https:\/\/universnews224.com\/index.php\/wp-json\/wp\/v2\/comments?post=4776"}],"version-history":[{"count":1,"href":"https:\/\/universnews224.com\/index.php\/wp-json\/wp\/v2\/posts\/4776\/revisions"}],"predecessor-version":[{"id":4778,"href":"https:\/\/universnews224.com\/index.php\/wp-json\/wp\/v2\/posts\/4776\/revisions\/4778"}],"wp:featuredmedia":[{"embeddable":true,"href":"https:\/\/universnews224.com\/index.php\/wp-json\/wp\/v2\/media\/4777"}],"wp:attachment":[{"href":"https:\/\/universnews224.com\/index.php\/wp-json\/wp\/v2\/media?parent=4776"}],"wp:term":[{"taxonomy":"category","embeddable":true,"href":"https:\/\/universnews224.com\/index.php\/wp-json\/wp\/v2\/categories?post=4776"},{"taxonomy":"post_tag","embeddable":true,"href":"https:\/\/universnews224.com\/index.php\/wp-json\/wp\/v2\/tags?post=4776"}],"curies":[{"name":"wp","href":"https:\/\/api.w.org\/{rel}","templated":true}]}}