{"id":4779,"date":"2023-12-16T10:53:42","date_gmt":"2023-12-16T09:53:42","guid":{"rendered":"https:\/\/universnews224.com\/?p=4779"},"modified":"2023-12-16T10:53:42","modified_gmt":"2023-12-16T09:53:42","slug":"7eme-conges-du-slecg-aboubacar-soumah-elu-a-lunanimite","status":"publish","type":"post","link":"https:\/\/universnews224.com\/index.php\/7eme-conges-du-slecg-aboubacar-soumah-elu-a-lunanimite\/","title":{"rendered":"7\u00e8me cong\u00e9s du SLECG : Aboubacar Soumah \u00e9lu \u00e0 l\u2019unanimit\u00e9."},"content":{"rendered":"<p class=\"p1\">C\u2019est sous le th\u00e8me:\u00ables libert\u00e9s syndicales et les droits syndicaux\u00bb que, le Syndicat Libre des Enseignants et Chercheurs de Guin\u00e9e (SLECG), version Aboubacar Soumah, a tenu ce vendredi, 15 d\u00e9cembre 2023 \u00e0 l\u2019Universit\u00e9 Gamal Abdel Nasser de Conakry, son 7\u00e8me congr\u00e8s.<\/p>\n<p class=\"p1\"><span class=\"s1\">Et sans surprise, c\u2019est Aboubacar Soumah qui a \u00e9t\u00e9 pl\u00e9biscit\u00e9 \u00e0 nouveau \u00e0 la t\u00eate du SLECG pour un mandat de 5 ans. <\/span><\/p>\n<p class=\"p1\"><span class=\"s1\">Juste apr\u00e8s la proclamation des r\u00e9sultats, le nouveau secr\u00e9taire g\u00e9n\u00e9ral du SLECG n\u2019a pas cach\u00e9 sa satisfaction d\u2019avoir obtenu la confiance des enseignants pour conduire les destin\u00e9es du SLECG pendant les 5 prochaines ann\u00e9es. <\/span><\/p>\n<p class=\"p1\"><span class=\"s1\">\u201cJ\u2019ai un sentiment de satisfaction et de fiert\u00e9 et aussi de grand soumis, quand je vois cet engouement de tous les enseignants de Guin\u00e9e et surtout, la mobilisation des responsables syndicaux \u00e0 la base au niveau de toutes les pr\u00e9fectures dont les bureaux de l\u2019union communale et pr\u00e9fectorale vient d\u2019\u00eatre renouvel\u00e9e. C\u2019est une grande responsabilit\u00e9 pour moi aujourd\u2019hui le fait de renouveler la confiance en moi. Quand je mesure l\u2019ampleur de la t\u00e2che, des revendications que nous allons encore \u00e0 faire, sachant tr\u00e8s bien que les enseignants ou les travailleurs d\u2019une mani\u00e8re g\u00e9n\u00e9rale sont entrain de traverser des moments extr\u00eamement difficiles. Parce que les travailleurs guin\u00e9ens sont plus mal pay\u00e9s de la sous r\u00e9gion. Nous nous sommes toujours battus dans ce sens l\u00e0, pour tenter de rehausser le niveau salarial des enseignants en particulier et de tous les travailleurs en g\u00e9n\u00e9ral. Donc, je mesure la responsabilit\u00e9 qui m\u2019a \u00e9t\u00e9 confi\u00e9e aujourd\u2019hui pour lancer une fois de plus dans le combat noble pour essayer avec abn\u00e9gation et fermet\u00e9, de faire en sorte que les revendications allant dans le sens de l\u2019am\u00e9lioration de vie des enseignants puisse abouti\u201d, a t-il martel\u00e9. <\/span><\/p>\n<p class=\"p1\"><span class=\"s1\">Il faut noter que 28 congressistes pr\u00e9fectoraux sur 33 \u00e9taient \u00e9galement pr\u00e9sents. <\/span><\/p>\n<p class=\"p1\"><span class=\"s1\">Mohamed Camara <\/span><\/p>\n","protected":false},"excerpt":{"rendered":"<p>C\u2019est sous le th\u00e8me:\u00ables libert\u00e9s syndicales et les droits syndicaux\u00bb que, le Syndicat Libre des<\/p>\n","protected":false},"author":2,"featured_media":4780,"comment_status":"closed","ping_status":"open","sticky":false,"template":"","format":"standard","meta":[],"categories":[3,5],"tags":[229],"yoast_head":"<!-- This site is optimized with the Yoast SEO plugin v19.13 - https:\/\/yoast.com\/wordpress\/plugins\/seo\/ -->\n<title>7\u00e8me cong\u00e9s du SLECG : Aboubacar Soumah \u00e9lu \u00e0 l\u2019unanimit\u00e9. - UNIVERSNEWS224<\/title>\n<meta name=\"robots\" content=\"index, follow, max-snippet:-1, max-image-preview:large, max-video-preview:-1\" \/>\n<link rel=\"canonical\" href=\"https:\/\/universnews224.com\/index.php\/7eme-conges-du-slecg-aboubacar-soumah-elu-a-lunanimite\/\" \/>\n<meta property=\"og:locale\" content=\"fr_FR\" \/>\n<meta property=\"og:type\" content=\"article\" \/>\n<meta property=\"og:title\" content=\"7\u00e8me cong\u00e9s du SLECG : Aboubacar Soumah \u00e9lu \u00e0 l\u2019unanimit\u00e9. - UNIVERSNEWS224\" \/>\n<meta property=\"og:description\" content=\"C\u2019est sous le th\u00e8me:\u00ables libert\u00e9s syndicales et les droits syndicaux\u00bb que, le Syndicat Libre des\" \/>\n<meta property=\"og:url\" content=\"https:\/\/universnews224.com\/index.php\/7eme-conges-du-slecg-aboubacar-soumah-elu-a-lunanimite\/\" \/>\n<meta property=\"og:site_name\" content=\"UNIVERSNEWS224\" \/>\n<meta property=\"article:published_time\" content=\"2023-12-16T09:53:42+00:00\" \/>\n<meta property=\"og:image\" content=\"https:\/\/universnews224.com\/wp-content\/uploads\/2023\/12\/92526F68-428E-4D72-9C68-BAF4C2E2925D.jpeg\" \/>\n\t<meta property=\"og:image:width\" content=\"1008\" \/>\n\t<meta property=\"og:image:height\" content=\"454\" \/>\n\t<meta property=\"og:image:type\" content=\"image\/jpeg\" \/>\n<meta name=\"author\" content=\"La R\u00e9daction\" \/>\n<meta name=\"twitter:label1\" content=\"\u00c9crit par\" \/>\n\t<meta name=\"twitter:data1\" content=\"La R\u00e9daction\" \/>\n\t<meta name=\"twitter:label2\" content=\"Dur\u00e9e de lecture estim\u00e9e\" \/>\n\t<meta name=\"twitter:data2\" content=\"2 minutes\" \/>\n<script type=\"application\/ld+json\" class=\"yoast-schema-graph\">{\"@context\":\"https:\/\/schema.org\",\"@graph\":[{\"@type\":\"Article\",\"@id\":\"https:\/\/universnews224.com\/index.php\/7eme-conges-du-slecg-aboubacar-soumah-elu-a-lunanimite\/#article\",\"isPartOf\":{\"@id\":\"https:\/\/universnews224.com\/index.php\/7eme-conges-du-slecg-aboubacar-soumah-elu-a-lunanimite\/\"},\"author\":{\"name\":\"La R\u00e9daction\",\"@id\":\"https:\/\/universnews224.com\/#\/schema\/person\/a4b7d4f94a4716df60456a491260485e\"},\"headline\":\"7\u00e8me cong\u00e9s du SLECG : Aboubacar Soumah \u00e9lu \u00e0 l\u2019unanimit\u00e9.\",\"datePublished\":\"2023-12-16T09:53:42+00:00\",\"dateModified\":\"2023-12-16T09:53:42+00:00\",\"mainEntityOfPage\":{\"@id\":\"https:\/\/universnews224.com\/index.php\/7eme-conges-du-slecg-aboubacar-soumah-elu-a-lunanimite\/\"},\"wordCount\":350,\"publisher\":{\"@id\":\"https:\/\/universnews224.com\/#organization\"},\"keywords\":[\"La une\"],\"articleSection\":[\"ACTU\",\"SOCI\u00c9T\u00c9\"],\"inLanguage\":\"fr-FR\"},{\"@type\":\"WebPage\",\"@id\":\"https:\/\/universnews224.com\/index.php\/7eme-conges-du-slecg-aboubacar-soumah-elu-a-lunanimite\/\",\"url\":\"https:\/\/universnews224.com\/index.php\/7eme-conges-du-slecg-aboubacar-soumah-elu-a-lunanimite\/\",\"name\":\"7\u00e8me cong\u00e9s du SLECG : Aboubacar Soumah \u00e9lu \u00e0 l\u2019unanimit\u00e9. - UNIVERSNEWS224\",\"isPartOf\":{\"@id\":\"https:\/\/universnews224.com\/#website\"},\"datePublished\":\"2023-12-16T09:53:42+00:00\",\"dateModified\":\"2023-12-16T09:53:42+00:00\",\"inLanguage\":\"fr-FR\",\"potentialAction\":[{\"@type\":\"ReadAction\",\"target\":[\"https:\/\/universnews224.com\/index.php\/7eme-conges-du-slecg-aboubacar-soumah-elu-a-lunanimite\/\"]}]},{\"@type\":\"WebSite\",\"@id\":\"https:\/\/universnews224.com\/#website\",\"url\":\"https:\/\/universnews224.com\/\",\"name\":\"UNIVERSNEWS224\",\"description\":\"\",\"publisher\":{\"@id\":\"https:\/\/universnews224.com\/#organization\"},\"potentialAction\":[{\"@type\":\"SearchAction\",\"target\":{\"@type\":\"EntryPoint\",\"urlTemplate\":\"https:\/\/universnews224.com\/?s={search_term_string}\"},\"query-input\":\"required name=search_term_string\"}],\"inLanguage\":\"fr-FR\"},{\"@type\":\"Organization\",\"@id\":\"https:\/\/universnews224.com\/#organization\",\"name\":\"UNIVERSNEWS224\",\"url\":\"https:\/\/universnews224.com\/\",\"logo\":{\"@type\":\"ImageObject\",\"inLanguage\":\"fr-FR\",\"@id\":\"https:\/\/universnews224.com\/#\/schema\/logo\/image\/\",\"url\":\"https:\/\/universnews224.com\/wp-content\/uploads\/2022\/08\/cropped-cropped-logoban.jpg\",\"contentUrl\":\"https:\/\/universnews224.com\/wp-content\/uploads\/2022\/08\/cropped-cropped-logoban.jpg\",\"width\":1080,\"height\":138,\"caption\":\"UNIVERSNEWS224\"},\"image\":{\"@id\":\"https:\/\/universnews224.com\/#\/schema\/logo\/image\/\"}},{\"@type\":\"Person\",\"@id\":\"https:\/\/universnews224.com\/#\/schema\/person\/a4b7d4f94a4716df60456a491260485e\",\"name\":\"La R\u00e9daction\",\"image\":{\"@type\":\"ImageObject\",\"inLanguage\":\"fr-FR\",\"@id\":\"https:\/\/universnews224.com\/#\/schema\/person\/image\/\",\"url\":\"https:\/\/secure.gravatar.com\/avatar\/edb90acc7752b23e1b3307ad36c14f0d?s=96&d=mm&r=g\",\"contentUrl\":\"https:\/\/secure.gravatar.com\/avatar\/edb90acc7752b23e1b3307ad36c14f0d?s=96&d=mm&r=g\",\"caption\":\"La R\u00e9daction\"},\"sameAs\":[\"https:\/\/universnews224.com\"],\"url\":\"https:\/\/universnews224.com\/index.php\/author\/m-camara\/\"}]}<\/script>\n<!-- \/ Yoast SEO plugin. -->","yoast_head_json":{"title":"7\u00e8me cong\u00e9s du SLECG : Aboubacar Soumah \u00e9lu \u00e0 l\u2019unanimit\u00e9. - UNIVERSNEWS224","robots":{"index":"index","follow":"follow","max-snippet":"max-snippet:-1","max-image-preview":"max-image-preview:large","max-video-preview":"max-video-preview:-1"},"canonical":"https:\/\/universnews224.com\/index.php\/7eme-conges-du-slecg-aboubacar-soumah-elu-a-lunanimite\/","og_locale":"fr_FR","og_type":"article","og_title":"7\u00e8me cong\u00e9s du SLECG : Aboubacar Soumah \u00e9lu \u00e0 l\u2019unanimit\u00e9. - UNIVERSNEWS224","og_description":"C\u2019est sous le th\u00e8me:\u00ables libert\u00e9s syndicales et les droits syndicaux\u00bb que, le Syndicat Libre des","og_url":"https:\/\/universnews224.com\/index.php\/7eme-conges-du-slecg-aboubacar-soumah-elu-a-lunanimite\/","og_site_name":"UNIVERSNEWS224","article_published_time":"2023-12-16T09:53:42+00:00","og_image":[{"width":1008,"height":454,"url":"https:\/\/universnews224.com\/wp-content\/uploads\/2023\/12\/92526F68-428E-4D72-9C68-BAF4C2E2925D.jpeg","type":"image\/jpeg"}],"author":"La R\u00e9daction","twitter_misc":{"\u00c9crit par":"La R\u00e9daction","Dur\u00e9e de lecture estim\u00e9e":"2 minutes"},"schema":{"@context":"https:\/\/schema.org","@graph":[{"@type":"Article","@id":"https:\/\/universnews224.com\/index.php\/7eme-conges-du-slecg-aboubacar-soumah-elu-a-lunanimite\/#article","isPartOf":{"@id":"https:\/\/universnews224.com\/index.php\/7eme-conges-du-slecg-aboubacar-soumah-elu-a-lunanimite\/"},"author":{"name":"La R\u00e9daction","@id":"https:\/\/universnews224.com\/#\/schema\/person\/a4b7d4f94a4716df60456a491260485e"},"headline":"7\u00e8me cong\u00e9s du SLECG : Aboubacar Soumah \u00e9lu \u00e0 l\u2019unanimit\u00e9.","datePublished":"2023-12-16T09:53:42+00:00","dateModified":"2023-12-16T09:53:42+00:00","mainEntityOfPage":{"@id":"https:\/\/universnews224.com\/index.php\/7eme-conges-du-slecg-aboubacar-soumah-elu-a-lunanimite\/"},"wordCount":350,"publisher":{"@id":"https:\/\/universnews224.com\/#organization"},"keywords":["La une"],"articleSection":["ACTU","SOCI\u00c9T\u00c9"],"inLanguage":"fr-FR"},{"@type":"WebPage","@id":"https:\/\/universnews224.com\/index.php\/7eme-conges-du-slecg-aboubacar-soumah-elu-a-lunanimite\/","url":"https:\/\/universnews224.com\/index.php\/7eme-conges-du-slecg-aboubacar-soumah-elu-a-lunanimite\/","name":"7\u00e8me cong\u00e9s du SLECG : Aboubacar Soumah \u00e9lu \u00e0 l\u2019unanimit\u00e9. - UNIVERSNEWS224","isPartOf":{"@id":"https:\/\/universnews224.com\/#website"},"datePublished":"2023-12-16T09:53:42+00:00","dateModified":"2023-12-16T09:53:42+00:00","inLanguage":"fr-FR","potentialAction":[{"@type":"ReadAction","target":["https:\/\/universnews224.com\/index.php\/7eme-conges-du-slecg-aboubacar-soumah-elu-a-lunanimite\/"]}]},{"@type":"WebSite","@id":"https:\/\/universnews224.com\/#website","url":"https:\/\/universnews224.com\/","name":"UNIVERSNEWS224","description":"","publisher":{"@id":"https:\/\/universnews224.com\/#organization"},"potentialAction":[{"@type":"SearchAction","target":{"@type":"EntryPoint","urlTemplate":"https:\/\/universnews224.com\/?s={search_term_string}"},"query-input":"required name=search_term_string"}],"inLanguage":"fr-FR"},{"@type":"Organization","@id":"https:\/\/universnews224.com\/#organization","name":"UNIVERSNEWS224","url":"https:\/\/universnews224.com\/","logo":{"@type":"ImageObject","inLanguage":"fr-FR","@id":"https:\/\/universnews224.com\/#\/schema\/logo\/image\/","url":"https:\/\/universnews224.com\/wp-content\/uploads\/2022\/08\/cropped-cropped-logoban.jpg","contentUrl":"https:\/\/universnews224.com\/wp-content\/uploads\/2022\/08\/cropped-cropped-logoban.jpg","width":1080,"height":138,"caption":"UNIVERSNEWS224"},"image":{"@id":"https:\/\/universnews224.com\/#\/schema\/logo\/image\/"}},{"@type":"Person","@id":"https:\/\/universnews224.com\/#\/schema\/person\/a4b7d4f94a4716df60456a491260485e","name":"La R\u00e9daction","image":{"@type":"ImageObject","inLanguage":"fr-FR","@id":"https:\/\/universnews224.com\/#\/schema\/person\/image\/","url":"https:\/\/secure.gravatar.com\/avatar\/edb90acc7752b23e1b3307ad36c14f0d?s=96&d=mm&r=g","contentUrl":"https:\/\/secure.gravatar.com\/avatar\/edb90acc7752b23e1b3307ad36c14f0d?s=96&d=mm&r=g","caption":"La R\u00e9daction"},"sameAs":["https:\/\/universnews224.com"],"url":"https:\/\/universnews224.com\/index.php\/author\/m-camara\/"}]}},"_links":{"self":[{"href":"https:\/\/universnews224.com\/index.php\/wp-json\/wp\/v2\/posts\/4779"}],"collection":[{"href":"https:\/\/universnews224.com\/index.php\/wp-json\/wp\/v2\/posts"}],"about":[{"href":"https:\/\/universnews224.com\/index.php\/wp-json\/wp\/v2\/types\/post"}],"author":[{"embeddable":true,"href":"https:\/\/universnews224.com\/index.php\/wp-json\/wp\/v2\/users\/2"}],"replies":[{"embeddable":true,"href":"https:\/\/universnews224.com\/index.php\/wp-json\/wp\/v2\/comments?post=4779"}],"version-history":[{"count":1,"href":"https:\/\/universnews224.com\/index.php\/wp-json\/wp\/v2\/posts\/4779\/revisions"}],"predecessor-version":[{"id":4781,"href":"https:\/\/universnews224.com\/index.php\/wp-json\/wp\/v2\/posts\/4779\/revisions\/4781"}],"wp:featuredmedia":[{"embeddable":true,"href":"https:\/\/universnews224.com\/index.php\/wp-json\/wp\/v2\/media\/4780"}],"wp:attachment":[{"href":"https:\/\/universnews224.com\/index.php\/wp-json\/wp\/v2\/media?parent=4779"}],"wp:term":[{"taxonomy":"category","embeddable":true,"href":"https:\/\/universnews224.com\/index.php\/wp-json\/wp\/v2\/categories?post=4779"},{"taxonomy":"post_tag","embeddable":true,"href":"https:\/\/universnews224.com\/index.php\/wp-json\/wp\/v2\/tags?post=4779"}],"curies":[{"name":"wp","href":"https:\/\/api.w.org\/{rel}","templated":true}]}}