{"id":4838,"date":"2023-12-23T17:27:58","date_gmt":"2023-12-23T16:27:58","guid":{"rendered":"https:\/\/universnews224.com\/?p=4838"},"modified":"2023-12-23T17:27:58","modified_gmt":"2023-12-23T16:27:58","slug":"le-gouverneur-de-bcrg-alerte-soyons-clairs-et-lucides-cet-incendie-aura-des-repercussions-economiques-et-sociales-importantes","status":"publish","type":"post","link":"https:\/\/universnews224.com\/index.php\/le-gouverneur-de-bcrg-alerte-soyons-clairs-et-lucides-cet-incendie-aura-des-repercussions-economiques-et-sociales-importantes\/","title":{"rendered":"Le gouverneur de BCRG alerte: \u201cSoyons clairs et lucides, cet incendie aura des r\u00e9percussions \u00e9conomiques et sociales importantes\u201d"},"content":{"rendered":"<p class=\"p1\"><span class=\"s1\">Prenant la parole en marge \u00e0 l\u2019ouverture des travaux de l\u2019examen de la Loi des Finances initiale 2024 ce vendredi, 22 d\u00e9cembre 2023, le Gouverneur de la banque centrale de R\u00e9publique a alert\u00e9 que, l\u2019explosion qui a ravag\u00e9 le principal d\u00e9p\u00f4t des hydrocarbures de Kaloum, aura des cons\u00e9quences \u00e9conomiques et sociales consid\u00e9rables. <\/span><\/p>\n<p class=\"p1\"><span class=\"s1\">\u201cSoyons clairs et lucides, cet incendie aura des r\u00e9percussions \u00e9conomiques et sociales importantes. Au plan \u00e9conomique, la croissance sera affect\u00e9e\u201d, a indiqu\u00e9, Dr Karamo Kaba. <\/span><\/p>\n<p class=\"p1\"><span class=\"s1\">Pour le gouverneur de la BCRG, si la destruction des installations de la SGP entraine \u00e0 moyen terme une rupture de l&rsquo;approvisionnement du pays en carburant, cela risque de perturber les dans secteurs des transports, de l&rsquo;industrie, du commerce, des services, etc.<\/span><\/p>\n<p class=\"p1\"><span class=\"s1\">\u201cL&rsquo;INS entrevoit ainsi une baisse des importations de p\u00e9trole raffin\u00e9 pour le reste de l&rsquo;ann\u00e9e 2023 de l&rsquo;ordre de 4,2%, et un ralentissement des activit\u00e9s de transports d&rsquo;environ 2 points de pourcentage par rapport \u00e0 une situation normale. Dans ce contexte, la croissance \u00e9conomique pourrait \u00eatre amput\u00e9e de 0,7 point de pourcentage\u201d, a t-il soulign\u00e9. <\/span><\/p>\n<p class=\"p1\"><span class=\"s1\">Au niveau de l&rsquo;inflation, Dr Karamo Kaba laisse entendre que cette perturbation pourrait vraisemblablement occasionner une flamb\u00e9e des prix \u00e0 la consommation. <\/span><\/p>\n<p class=\"p1\"><span class=\"s1\">\u201c\u00c0 date les transports interurbains ont augment\u00e9 de plus de 60% dans l&rsquo;ensemble du pays et ont tripl\u00e9 par endroit. Si cette tendance se poursuit, l&rsquo;inflation en glissement annuel au niveau national pourrait se situer \u00e0 plus de 10% en d\u00e9cembre 2023, contre une pr\u00e9vision de moins de 5%. Elle pourrait d\u00e9passer 15% dans la r\u00e9gion de Conakry alors qu&rsquo;elle se situait \u00e0 8% en novembre 2023.<\/span><\/p>\n<p class=\"p1\"><span class=\"s1\">Plus loin, le gouverneur de la banque centrale de R\u00e9publique de Guin\u00e9e a indiqu\u00e9 qu\u2019en termes de finances publiques, le budget de l&rsquo;Etat sera affect\u00e9 par la baisse des recettes li\u00e9es au ralentissement des activit\u00e9s, et par la hausse des d\u00e9penses sociales li\u00e9es \u00e0 la prise en charge des sinistr\u00e9s et \u00e0 la reconstruction des infrastructures endommag\u00e9es.<\/span><\/p>\n<p class=\"p1\"><span class=\"s1\">\u201cCompte tenu de la situation d&rsquo;urgence, le Gouvernement pourrait : envisager l&rsquo;\u00e9laboration d&rsquo;un plan de riposte, avec l&rsquo;appui des partenaires au d\u00e9veloppement.<\/span><\/p>\n<p class=\"p1\"><span class=\"s1\">Il pourrait \u00e9galement solliciter le soutien des pays voisins pour assurer l&rsquo;approvisionnement continu du pays en carburant jusqu&rsquo;\u00e0 la construction de nouvelles infrastructures p\u00e9troli\u00e8res. En attendant la de ces infrastructures, le Gouvernement pourrait envisager la transformation certaines cuves \u00e0 gasoil en cuves \u00e0 essence. Bien entendu, les nouvelles infrastructures p\u00e9troli\u00e8res devraient \u00eatre construites sur des sites \u00e9loign\u00e9s des habitations, avec les mesures de s\u00e9curit\u00e9 appropri\u00e9es. Ce que la SONAP avait commenc\u00e9 \u00e0 faire suivant les instructions du de la R\u00e9publique \u00e0 Mandiana et \u00e0 Morybaya\u201d, a martel\u00e9 le patron de la BCRG <\/span><\/p>\n<p class=\"p1\">\n","protected":false},"excerpt":{"rendered":"<p>Prenant la parole en marge \u00e0 l\u2019ouverture des travaux de l\u2019examen de la Loi des<\/p>\n","protected":false},"author":2,"featured_media":4839,"comment_status":"closed","ping_status":"open","sticky":false,"template":"","format":"standard","meta":[],"categories":[3,5],"tags":[229],"yoast_head":"<!-- This site is optimized with the Yoast SEO plugin v19.13 - https:\/\/yoast.com\/wordpress\/plugins\/seo\/ -->\n<title>Le gouverneur de BCRG alerte: \u201cSoyons clairs et lucides, cet incendie aura des r\u00e9percussions \u00e9conomiques et sociales importantes\u201d - UNIVERSNEWS224<\/title>\n<meta name=\"robots\" content=\"index, follow, max-snippet:-1, max-image-preview:large, max-video-preview:-1\" \/>\n<link rel=\"canonical\" href=\"https:\/\/universnews224.com\/index.php\/le-gouverneur-de-bcrg-alerte-soyons-clairs-et-lucides-cet-incendie-aura-des-repercussions-economiques-et-sociales-importantes\/\" \/>\n<meta property=\"og:locale\" content=\"fr_FR\" \/>\n<meta property=\"og:type\" content=\"article\" \/>\n<meta property=\"og:title\" content=\"Le gouverneur de BCRG alerte: \u201cSoyons clairs et lucides, cet incendie aura des r\u00e9percussions \u00e9conomiques et sociales importantes\u201d - UNIVERSNEWS224\" \/>\n<meta property=\"og:description\" content=\"Prenant la parole en marge \u00e0 l\u2019ouverture des travaux de l\u2019examen de la Loi des\" \/>\n<meta property=\"og:url\" content=\"https:\/\/universnews224.com\/index.php\/le-gouverneur-de-bcrg-alerte-soyons-clairs-et-lucides-cet-incendie-aura-des-repercussions-economiques-et-sociales-importantes\/\" \/>\n<meta property=\"og:site_name\" content=\"UNIVERSNEWS224\" \/>\n<meta property=\"article:published_time\" content=\"2023-12-23T16:27:58+00:00\" \/>\n<meta property=\"og:image\" content=\"https:\/\/universnews224.com\/wp-content\/uploads\/2023\/12\/141FCE25-F1D3-4C7D-9000-767EBCE08137.jpeg\" \/>\n\t<meta property=\"og:image:width\" content=\"266\" \/>\n\t<meta property=\"og:image:height\" content=\"190\" \/>\n\t<meta property=\"og:image:type\" content=\"image\/jpeg\" \/>\n<meta name=\"author\" content=\"La R\u00e9daction\" \/>\n<meta name=\"twitter:label1\" content=\"\u00c9crit par\" \/>\n\t<meta name=\"twitter:data1\" content=\"La R\u00e9daction\" \/>\n\t<meta name=\"twitter:label2\" content=\"Dur\u00e9e de lecture estim\u00e9e\" \/>\n\t<meta name=\"twitter:data2\" content=\"3 minutes\" \/>\n<script type=\"application\/ld+json\" class=\"yoast-schema-graph\">{\"@context\":\"https:\/\/schema.org\",\"@graph\":[{\"@type\":\"Article\",\"@id\":\"https:\/\/universnews224.com\/index.php\/le-gouverneur-de-bcrg-alerte-soyons-clairs-et-lucides-cet-incendie-aura-des-repercussions-economiques-et-sociales-importantes\/#article\",\"isPartOf\":{\"@id\":\"https:\/\/universnews224.com\/index.php\/le-gouverneur-de-bcrg-alerte-soyons-clairs-et-lucides-cet-incendie-aura-des-repercussions-economiques-et-sociales-importantes\/\"},\"author\":{\"name\":\"La R\u00e9daction\",\"@id\":\"https:\/\/universnews224.com\/#\/schema\/person\/a4b7d4f94a4716df60456a491260485e\"},\"headline\":\"Le gouverneur de BCRG alerte: \u201cSoyons clairs et lucides, cet incendie aura des r\u00e9percussions \u00e9conomiques et sociales importantes\u201d\",\"datePublished\":\"2023-12-23T16:27:58+00:00\",\"dateModified\":\"2023-12-23T16:27:58+00:00\",\"mainEntityOfPage\":{\"@id\":\"https:\/\/universnews224.com\/index.php\/le-gouverneur-de-bcrg-alerte-soyons-clairs-et-lucides-cet-incendie-aura-des-repercussions-economiques-et-sociales-importantes\/\"},\"wordCount\":463,\"publisher\":{\"@id\":\"https:\/\/universnews224.com\/#organization\"},\"keywords\":[\"La une\"],\"articleSection\":[\"ACTU\",\"SOCI\u00c9T\u00c9\"],\"inLanguage\":\"fr-FR\"},{\"@type\":\"WebPage\",\"@id\":\"https:\/\/universnews224.com\/index.php\/le-gouverneur-de-bcrg-alerte-soyons-clairs-et-lucides-cet-incendie-aura-des-repercussions-economiques-et-sociales-importantes\/\",\"url\":\"https:\/\/universnews224.com\/index.php\/le-gouverneur-de-bcrg-alerte-soyons-clairs-et-lucides-cet-incendie-aura-des-repercussions-economiques-et-sociales-importantes\/\",\"name\":\"Le gouverneur de BCRG alerte: \u201cSoyons clairs et lucides, cet incendie aura des r\u00e9percussions \u00e9conomiques et sociales importantes\u201d - UNIVERSNEWS224\",\"isPartOf\":{\"@id\":\"https:\/\/universnews224.com\/#website\"},\"datePublished\":\"2023-12-23T16:27:58+00:00\",\"dateModified\":\"2023-12-23T16:27:58+00:00\",\"inLanguage\":\"fr-FR\",\"potentialAction\":[{\"@type\":\"ReadAction\",\"target\":[\"https:\/\/universnews224.com\/index.php\/le-gouverneur-de-bcrg-alerte-soyons-clairs-et-lucides-cet-incendie-aura-des-repercussions-economiques-et-sociales-importantes\/\"]}]},{\"@type\":\"WebSite\",\"@id\":\"https:\/\/universnews224.com\/#website\",\"url\":\"https:\/\/universnews224.com\/\",\"name\":\"UNIVERSNEWS224\",\"description\":\"\",\"publisher\":{\"@id\":\"https:\/\/universnews224.com\/#organization\"},\"potentialAction\":[{\"@type\":\"SearchAction\",\"target\":{\"@type\":\"EntryPoint\",\"urlTemplate\":\"https:\/\/universnews224.com\/?s={search_term_string}\"},\"query-input\":\"required name=search_term_string\"}],\"inLanguage\":\"fr-FR\"},{\"@type\":\"Organization\",\"@id\":\"https:\/\/universnews224.com\/#organization\",\"name\":\"UNIVERSNEWS224\",\"url\":\"https:\/\/universnews224.com\/\",\"logo\":{\"@type\":\"ImageObject\",\"inLanguage\":\"fr-FR\",\"@id\":\"https:\/\/universnews224.com\/#\/schema\/logo\/image\/\",\"url\":\"https:\/\/universnews224.com\/wp-content\/uploads\/2022\/08\/cropped-cropped-logoban.jpg\",\"contentUrl\":\"https:\/\/universnews224.com\/wp-content\/uploads\/2022\/08\/cropped-cropped-logoban.jpg\",\"width\":1080,\"height\":138,\"caption\":\"UNIVERSNEWS224\"},\"image\":{\"@id\":\"https:\/\/universnews224.com\/#\/schema\/logo\/image\/\"}},{\"@type\":\"Person\",\"@id\":\"https:\/\/universnews224.com\/#\/schema\/person\/a4b7d4f94a4716df60456a491260485e\",\"name\":\"La R\u00e9daction\",\"image\":{\"@type\":\"ImageObject\",\"inLanguage\":\"fr-FR\",\"@id\":\"https:\/\/universnews224.com\/#\/schema\/person\/image\/\",\"url\":\"https:\/\/secure.gravatar.com\/avatar\/edb90acc7752b23e1b3307ad36c14f0d?s=96&d=mm&r=g\",\"contentUrl\":\"https:\/\/secure.gravatar.com\/avatar\/edb90acc7752b23e1b3307ad36c14f0d?s=96&d=mm&r=g\",\"caption\":\"La R\u00e9daction\"},\"sameAs\":[\"https:\/\/universnews224.com\"],\"url\":\"https:\/\/universnews224.com\/index.php\/author\/m-camara\/\"}]}<\/script>\n<!-- \/ Yoast SEO plugin. -->","yoast_head_json":{"title":"Le gouverneur de BCRG alerte: \u201cSoyons clairs et lucides, cet incendie aura des r\u00e9percussions \u00e9conomiques et sociales importantes\u201d - UNIVERSNEWS224","robots":{"index":"index","follow":"follow","max-snippet":"max-snippet:-1","max-image-preview":"max-image-preview:large","max-video-preview":"max-video-preview:-1"},"canonical":"https:\/\/universnews224.com\/index.php\/le-gouverneur-de-bcrg-alerte-soyons-clairs-et-lucides-cet-incendie-aura-des-repercussions-economiques-et-sociales-importantes\/","og_locale":"fr_FR","og_type":"article","og_title":"Le gouverneur de BCRG alerte: \u201cSoyons clairs et lucides, cet incendie aura des r\u00e9percussions \u00e9conomiques et sociales importantes\u201d - UNIVERSNEWS224","og_description":"Prenant la parole en marge \u00e0 l\u2019ouverture des travaux de l\u2019examen de la Loi des","og_url":"https:\/\/universnews224.com\/index.php\/le-gouverneur-de-bcrg-alerte-soyons-clairs-et-lucides-cet-incendie-aura-des-repercussions-economiques-et-sociales-importantes\/","og_site_name":"UNIVERSNEWS224","article_published_time":"2023-12-23T16:27:58+00:00","og_image":[{"width":266,"height":190,"url":"https:\/\/universnews224.com\/wp-content\/uploads\/2023\/12\/141FCE25-F1D3-4C7D-9000-767EBCE08137.jpeg","type":"image\/jpeg"}],"author":"La R\u00e9daction","twitter_misc":{"\u00c9crit par":"La R\u00e9daction","Dur\u00e9e de lecture estim\u00e9e":"3 minutes"},"schema":{"@context":"https:\/\/schema.org","@graph":[{"@type":"Article","@id":"https:\/\/universnews224.com\/index.php\/le-gouverneur-de-bcrg-alerte-soyons-clairs-et-lucides-cet-incendie-aura-des-repercussions-economiques-et-sociales-importantes\/#article","isPartOf":{"@id":"https:\/\/universnews224.com\/index.php\/le-gouverneur-de-bcrg-alerte-soyons-clairs-et-lucides-cet-incendie-aura-des-repercussions-economiques-et-sociales-importantes\/"},"author":{"name":"La R\u00e9daction","@id":"https:\/\/universnews224.com\/#\/schema\/person\/a4b7d4f94a4716df60456a491260485e"},"headline":"Le gouverneur de BCRG alerte: \u201cSoyons clairs et lucides, cet incendie aura des r\u00e9percussions \u00e9conomiques et sociales importantes\u201d","datePublished":"2023-12-23T16:27:58+00:00","dateModified":"2023-12-23T16:27:58+00:00","mainEntityOfPage":{"@id":"https:\/\/universnews224.com\/index.php\/le-gouverneur-de-bcrg-alerte-soyons-clairs-et-lucides-cet-incendie-aura-des-repercussions-economiques-et-sociales-importantes\/"},"wordCount":463,"publisher":{"@id":"https:\/\/universnews224.com\/#organization"},"keywords":["La une"],"articleSection":["ACTU","SOCI\u00c9T\u00c9"],"inLanguage":"fr-FR"},{"@type":"WebPage","@id":"https:\/\/universnews224.com\/index.php\/le-gouverneur-de-bcrg-alerte-soyons-clairs-et-lucides-cet-incendie-aura-des-repercussions-economiques-et-sociales-importantes\/","url":"https:\/\/universnews224.com\/index.php\/le-gouverneur-de-bcrg-alerte-soyons-clairs-et-lucides-cet-incendie-aura-des-repercussions-economiques-et-sociales-importantes\/","name":"Le gouverneur de BCRG alerte: \u201cSoyons clairs et lucides, cet incendie aura des r\u00e9percussions \u00e9conomiques et sociales importantes\u201d - UNIVERSNEWS224","isPartOf":{"@id":"https:\/\/universnews224.com\/#website"},"datePublished":"2023-12-23T16:27:58+00:00","dateModified":"2023-12-23T16:27:58+00:00","inLanguage":"fr-FR","potentialAction":[{"@type":"ReadAction","target":["https:\/\/universnews224.com\/index.php\/le-gouverneur-de-bcrg-alerte-soyons-clairs-et-lucides-cet-incendie-aura-des-repercussions-economiques-et-sociales-importantes\/"]}]},{"@type":"WebSite","@id":"https:\/\/universnews224.com\/#website","url":"https:\/\/universnews224.com\/","name":"UNIVERSNEWS224","description":"","publisher":{"@id":"https:\/\/universnews224.com\/#organization"},"potentialAction":[{"@type":"SearchAction","target":{"@type":"EntryPoint","urlTemplate":"https:\/\/universnews224.com\/?s={search_term_string}"},"query-input":"required name=search_term_string"}],"inLanguage":"fr-FR"},{"@type":"Organization","@id":"https:\/\/universnews224.com\/#organization","name":"UNIVERSNEWS224","url":"https:\/\/universnews224.com\/","logo":{"@type":"ImageObject","inLanguage":"fr-FR","@id":"https:\/\/universnews224.com\/#\/schema\/logo\/image\/","url":"https:\/\/universnews224.com\/wp-content\/uploads\/2022\/08\/cropped-cropped-logoban.jpg","contentUrl":"https:\/\/universnews224.com\/wp-content\/uploads\/2022\/08\/cropped-cropped-logoban.jpg","width":1080,"height":138,"caption":"UNIVERSNEWS224"},"image":{"@id":"https:\/\/universnews224.com\/#\/schema\/logo\/image\/"}},{"@type":"Person","@id":"https:\/\/universnews224.com\/#\/schema\/person\/a4b7d4f94a4716df60456a491260485e","name":"La R\u00e9daction","image":{"@type":"ImageObject","inLanguage":"fr-FR","@id":"https:\/\/universnews224.com\/#\/schema\/person\/image\/","url":"https:\/\/secure.gravatar.com\/avatar\/edb90acc7752b23e1b3307ad36c14f0d?s=96&d=mm&r=g","contentUrl":"https:\/\/secure.gravatar.com\/avatar\/edb90acc7752b23e1b3307ad36c14f0d?s=96&d=mm&r=g","caption":"La R\u00e9daction"},"sameAs":["https:\/\/universnews224.com"],"url":"https:\/\/universnews224.com\/index.php\/author\/m-camara\/"}]}},"_links":{"self":[{"href":"https:\/\/universnews224.com\/index.php\/wp-json\/wp\/v2\/posts\/4838"}],"collection":[{"href":"https:\/\/universnews224.com\/index.php\/wp-json\/wp\/v2\/posts"}],"about":[{"href":"https:\/\/universnews224.com\/index.php\/wp-json\/wp\/v2\/types\/post"}],"author":[{"embeddable":true,"href":"https:\/\/universnews224.com\/index.php\/wp-json\/wp\/v2\/users\/2"}],"replies":[{"embeddable":true,"href":"https:\/\/universnews224.com\/index.php\/wp-json\/wp\/v2\/comments?post=4838"}],"version-history":[{"count":1,"href":"https:\/\/universnews224.com\/index.php\/wp-json\/wp\/v2\/posts\/4838\/revisions"}],"predecessor-version":[{"id":4840,"href":"https:\/\/universnews224.com\/index.php\/wp-json\/wp\/v2\/posts\/4838\/revisions\/4840"}],"wp:featuredmedia":[{"embeddable":true,"href":"https:\/\/universnews224.com\/index.php\/wp-json\/wp\/v2\/media\/4839"}],"wp:attachment":[{"href":"https:\/\/universnews224.com\/index.php\/wp-json\/wp\/v2\/media?parent=4838"}],"wp:term":[{"taxonomy":"category","embeddable":true,"href":"https:\/\/universnews224.com\/index.php\/wp-json\/wp\/v2\/categories?post=4838"},{"taxonomy":"post_tag","embeddable":true,"href":"https:\/\/universnews224.com\/index.php\/wp-json\/wp\/v2\/tags?post=4838"}],"curies":[{"name":"wp","href":"https:\/\/api.w.org\/{rel}","templated":true}]}}