{"id":4844,"date":"2023-12-25T23:52:33","date_gmt":"2023-12-25T22:52:33","guid":{"rendered":"https:\/\/universnews224.com\/?p=4844"},"modified":"2023-12-25T23:52:33","modified_gmt":"2023-12-25T22:52:33","slug":"incendie-de-kaloum-une-semaine-apres-le-drame-doumbouya-se-rend-sur-le-site-et-au-chevet-des-sinistres","status":"publish","type":"post","link":"https:\/\/universnews224.com\/index.php\/incendie-de-kaloum-une-semaine-apres-le-drame-doumbouya-se-rend-sur-le-site-et-au-chevet-des-sinistres\/","title":{"rendered":"Incendie de Kaloum : Une semaine apr\u00e8s le drame Doumbouya se rend sur le site et au chevet des sinistr\u00e9s."},"content":{"rendered":"<p>Apr\u00e8s avoir pr\u00e9sent\u00e9 ses condol\u00e9ances au peuple de Guin\u00e9e et exprim\u00e9 sa profonde compassion aux victimes de l\u2019incendie survenu au d\u00e9p\u00f4t d\u2019hydrocarbures de Kaloum, Son Excellence le Colonel Mamadi Doumbouya, suite au travail de coordination entam\u00e9 avec le Comit\u00e9 de crise, a choisi le lundi 25 d\u00e9cembre 2023, jour de No\u00ebl, pour se rendre sur le site du sinistre, situ\u00e9 au quartier Coronthie.<br \/>\n<a href=\"https:\/\/universnews224.com\/wp-content\/uploads\/2023\/12\/682D2856-EFAC-495C-ADD3-A9B324E95318.jpeg\"><img loading=\"lazy\" class=\"alignnone size-medium wp-image-4846\" src=\"https:\/\/universnews224.com\/wp-content\/uploads\/2023\/12\/682D2856-EFAC-495C-ADD3-A9B324E95318-300x200.jpeg\" alt=\"\" width=\"300\" height=\"200\" srcset=\"https:\/\/universnews224.com\/wp-content\/uploads\/2023\/12\/682D2856-EFAC-495C-ADD3-A9B324E95318-300x200.jpeg 300w, https:\/\/universnews224.com\/wp-content\/uploads\/2023\/12\/682D2856-EFAC-495C-ADD3-A9B324E95318-1024x683.jpeg 1024w, https:\/\/universnews224.com\/wp-content\/uploads\/2023\/12\/682D2856-EFAC-495C-ADD3-A9B324E95318-768x512.jpeg 768w, https:\/\/universnews224.com\/wp-content\/uploads\/2023\/12\/682D2856-EFAC-495C-ADD3-A9B324E95318.jpeg 1280w\" sizes=\"(max-width: 300px) 100vw, 300px\" \/><\/a><br \/>\nSur place, en compagnie des pompiers, tant du public que du priv\u00e9 et du personnel de la Soci\u00e9t\u00e9 Guin\u00e9enne de P\u00e9trole (SGP), le Chef de l\u2019\u00c9tat a pris la mesure de la r\u00e9alit\u00e9 du terrain. Il leur a r\u00e9affirm\u00e9 son soutien et la reconnaissance totale du peuple de Guin\u00e9e pour les efforts louables qu\u2019ils ont fournis d\u00e8s les premi\u00e8res heures de l\u2019incendie.<a href=\"https:\/\/universnews224.com\/wp-content\/uploads\/2023\/12\/69240CE4-3B9C-4DE9-A569-4EC2AAC64536.jpeg\"><img loading=\"lazy\" class=\"alignnone size-medium wp-image-4847\" src=\"https:\/\/universnews224.com\/wp-content\/uploads\/2023\/12\/69240CE4-3B9C-4DE9-A569-4EC2AAC64536-300x200.jpeg\" alt=\"\" width=\"300\" height=\"200\" srcset=\"https:\/\/universnews224.com\/wp-content\/uploads\/2023\/12\/69240CE4-3B9C-4DE9-A569-4EC2AAC64536-300x200.jpeg 300w, https:\/\/universnews224.com\/wp-content\/uploads\/2023\/12\/69240CE4-3B9C-4DE9-A569-4EC2AAC64536-1024x683.jpeg 1024w, https:\/\/universnews224.com\/wp-content\/uploads\/2023\/12\/69240CE4-3B9C-4DE9-A569-4EC2AAC64536-768x512.jpeg 768w, https:\/\/universnews224.com\/wp-content\/uploads\/2023\/12\/69240CE4-3B9C-4DE9-A569-4EC2AAC64536.jpeg 1280w\" sizes=\"(max-width: 300px) 100vw, 300px\" \/><\/a><\/p>\n<p>Pour le Pr\u00e9sident Colonel Mamadi Doumbouya, cette s\u00e9rie de visites qu\u2019il entreprend aujourd\u2019hui marque la solidarit\u00e9 et la communion envers le peuple de Guin\u00e9e que tous doivent avoir en ces moments de difficult\u00e9s. En cette journ\u00e9e de No\u00ebl, il a appel\u00e9 le peuple \u00e0 se joindre \u00e0 la c\u00e9l\u00e9bration de la Nativit\u00e9 pour prier et avoir des pens\u00e9es pieuses \u00e0 l\u2019endroit des victimes de l\u2019incendie d\u00e9vastateur.<a href=\"https:\/\/universnews224.com\/wp-content\/uploads\/2023\/12\/120EE462-AE79-4DBD-BC12-DF3E135CBDC7.jpeg\"><img loading=\"lazy\" class=\"alignnone size-medium wp-image-4848\" src=\"https:\/\/universnews224.com\/wp-content\/uploads\/2023\/12\/120EE462-AE79-4DBD-BC12-DF3E135CBDC7-300x169.jpeg\" alt=\"\" width=\"300\" height=\"169\" srcset=\"https:\/\/universnews224.com\/wp-content\/uploads\/2023\/12\/120EE462-AE79-4DBD-BC12-DF3E135CBDC7-300x169.jpeg 300w, https:\/\/universnews224.com\/wp-content\/uploads\/2023\/12\/120EE462-AE79-4DBD-BC12-DF3E135CBDC7-1024x576.jpeg 1024w, https:\/\/universnews224.com\/wp-content\/uploads\/2023\/12\/120EE462-AE79-4DBD-BC12-DF3E135CBDC7-768x432.jpeg 768w, https:\/\/universnews224.com\/wp-content\/uploads\/2023\/12\/120EE462-AE79-4DBD-BC12-DF3E135CBDC7-800x450.jpeg 800w, https:\/\/universnews224.com\/wp-content\/uploads\/2023\/12\/120EE462-AE79-4DBD-BC12-DF3E135CBDC7.jpeg 1280w\" sizes=\"(max-width: 300px) 100vw, 300px\" \/><\/a><\/p>\n<p>Apr\u00e8s avoir visit\u00e9 les lieux du drame, le Chef de l\u2019\u00c9tat s\u2019est rendu \u00e0 la Cath\u00e9drale Sainte-Marie de Conakry, rejoignant les fid\u00e8les chr\u00e9tiens pour c\u00e9l\u00e9brer la naissance de l\u2019enfant J\u00e9sus.<br \/>\nAux c\u00f4t\u00e9s des dirigeants de l\u2019\u00e9glise catholique et des fid\u00e8les, le Pr\u00e9sident a activement particip\u00e9 \u00e0 l\u2019Eucharistie, partageant des moments de communion avec Dieu et la communaut\u00e9 chr\u00e9tienne.<\/p>\n<p>.<a href=\"https:\/\/universnews224.com\/wp-content\/uploads\/2023\/12\/9231AF1B-87BC-4414-BA5A-D854B17BA961.jpeg\"><img loading=\"lazy\" class=\"alignnone size-medium wp-image-4849\" src=\"https:\/\/universnews224.com\/wp-content\/uploads\/2023\/12\/9231AF1B-87BC-4414-BA5A-D854B17BA961-200x300.jpeg\" alt=\"\" width=\"200\" height=\"300\" srcset=\"https:\/\/universnews224.com\/wp-content\/uploads\/2023\/12\/9231AF1B-87BC-4414-BA5A-D854B17BA961-200x300.jpeg 200w, https:\/\/universnews224.com\/wp-content\/uploads\/2023\/12\/9231AF1B-87BC-4414-BA5A-D854B17BA961-683x1024.jpeg 683w, https:\/\/universnews224.com\/wp-content\/uploads\/2023\/12\/9231AF1B-87BC-4414-BA5A-D854B17BA961-768x1151.jpeg 768w, https:\/\/universnews224.com\/wp-content\/uploads\/2023\/12\/9231AF1B-87BC-4414-BA5A-D854B17BA961.jpeg 854w\" sizes=\"(max-width: 200px) 100vw, 200px\" \/><\/a><\/p>\n<p>L\u2019Archev\u00eaque M\u00e9tropolitain de Conakry, Monseigneur Vincent Koulibaly, a saisi cette opportunit\u00e9 pour appeler les Guin\u00e9ens \u00e0 la r\u00e9conciliation et \u00e0 rejeter toute forme d\u2019intol\u00e9rance.<\/p>\n<p><a href=\"https:\/\/universnews224.com\/wp-content\/uploads\/2023\/12\/048B267D-D853-4DBD-87B5-5EBE32B75019.jpeg\"><img loading=\"lazy\" class=\"alignnone size-medium wp-image-4850\" src=\"https:\/\/universnews224.com\/wp-content\/uploads\/2023\/12\/048B267D-D853-4DBD-87B5-5EBE32B75019-300x200.jpeg\" alt=\"\" width=\"300\" height=\"200\" srcset=\"https:\/\/universnews224.com\/wp-content\/uploads\/2023\/12\/048B267D-D853-4DBD-87B5-5EBE32B75019-300x200.jpeg 300w, https:\/\/universnews224.com\/wp-content\/uploads\/2023\/12\/048B267D-D853-4DBD-87B5-5EBE32B75019-1024x683.jpeg 1024w, https:\/\/universnews224.com\/wp-content\/uploads\/2023\/12\/048B267D-D853-4DBD-87B5-5EBE32B75019-768x512.jpeg 768w, https:\/\/universnews224.com\/wp-content\/uploads\/2023\/12\/048B267D-D853-4DBD-87B5-5EBE32B75019.jpeg 1280w\" sizes=\"(max-width: 300px) 100vw, 300px\" \/><\/a><\/p>\n<p>Par la suite, le Pr\u00e9sident Doumbouya a rendu visite aux victimes hospitalis\u00e9es. Sa pr\u00e9sence r\u00e9confortante, ses gestes apaisants et ses paroles de soutien ont apport\u00e9 un soulagement tant aux sinistr\u00e9s qu\u2019au personnel m\u00e9dical. Cette magnanimit\u00e9 a \u00e9t\u00e9 salu\u00e9e non seulement par les responsables m\u00e9dicaux et les victimes, mais aussi par les ministres de la S\u00e9curit\u00e9 et de la Sant\u00e9, membres du Comit\u00e9 de crise institu\u00e9 \u00e0 cet effet.<a href=\"https:\/\/universnews224.com\/wp-content\/uploads\/2023\/12\/FD59E9F8-3D57-4142-825F-B22B524B83EB.jpeg\"><img loading=\"lazy\" class=\"alignnone size-medium wp-image-4851\" src=\"https:\/\/universnews224.com\/wp-content\/uploads\/2023\/12\/FD59E9F8-3D57-4142-825F-B22B524B83EB-200x300.jpeg\" alt=\"\" width=\"200\" height=\"300\" srcset=\"https:\/\/universnews224.com\/wp-content\/uploads\/2023\/12\/FD59E9F8-3D57-4142-825F-B22B524B83EB-200x300.jpeg 200w, https:\/\/universnews224.com\/wp-content\/uploads\/2023\/12\/FD59E9F8-3D57-4142-825F-B22B524B83EB-683x1024.jpeg 683w, https:\/\/universnews224.com\/wp-content\/uploads\/2023\/12\/FD59E9F8-3D57-4142-825F-B22B524B83EB-768x1151.jpeg 768w, https:\/\/universnews224.com\/wp-content\/uploads\/2023\/12\/FD59E9F8-3D57-4142-825F-B22B524B83EB.jpeg 854w\" sizes=\"(max-width: 200px) 100vw, 200px\" \/><\/a><\/p>\n<p>Cette s\u00e9rie de visites montre l\u2019engagement du Pr\u00e9sident de la R\u00e9publique, P\u00e8re de la Nation, le Colonel Mamadi Doumbouya, dans la solidarit\u00e9, la compassion envers son peuple en situation difficile et illustre si besoin en \u00e9tait, sa volont\u00e9 d\u2019asseoir la coh\u00e9sion sociale, favoriser leG vivre-ensemble dans le respect de la la\u00efcit\u00e9 r\u00e9publicaine. Sa proximit\u00e9 avec les citoyens dans ces moments difficiles t\u00e9moigne de son engagement pour le bien-\u00eatre de tous.<\/p>\n<p>.<a href=\"https:\/\/universnews224.com\/wp-content\/uploads\/2023\/12\/BED2A248-F2F2-4823-8B7C-1A2801938EFE.jpeg\"><img loading=\"lazy\" class=\"alignnone size-medium wp-image-4852\" src=\"https:\/\/universnews224.com\/wp-content\/uploads\/2023\/12\/BED2A248-F2F2-4823-8B7C-1A2801938EFE-300x200.jpeg\" alt=\"\" width=\"300\" height=\"200\" srcset=\"https:\/\/universnews224.com\/wp-content\/uploads\/2023\/12\/BED2A248-F2F2-4823-8B7C-1A2801938EFE-300x200.jpeg 300w, https:\/\/universnews224.com\/wp-content\/uploads\/2023\/12\/BED2A248-F2F2-4823-8B7C-1A2801938EFE-1024x683.jpeg 1024w, https:\/\/universnews224.com\/wp-content\/uploads\/2023\/12\/BED2A248-F2F2-4823-8B7C-1A2801938EFE-768x512.jpeg 768w, https:\/\/universnews224.com\/wp-content\/uploads\/2023\/12\/BED2A248-F2F2-4823-8B7C-1A2801938EFE.jpeg 1280w\" sizes=\"(max-width: 300px) 100vw, 300px\" \/><\/a><\/p>\n","protected":false},"excerpt":{"rendered":"<p>Apr\u00e8s avoir pr\u00e9sent\u00e9 ses condol\u00e9ances au peuple de Guin\u00e9e et exprim\u00e9 sa profonde compassion aux<\/p>\n","protected":false},"author":2,"featured_media":0,"comment_status":"closed","ping_status":"open","sticky":false,"template":"","format":"standard","meta":[],"categories":[3,4],"tags":[229],"yoast_head":"<!-- This site is optimized with the Yoast SEO plugin v19.13 - https:\/\/yoast.com\/wordpress\/plugins\/seo\/ -->\n<title>Incendie de Kaloum : Une semaine apr\u00e8s le drame Doumbouya se rend sur le site et au chevet des sinistr\u00e9s. - UNIVERSNEWS224<\/title>\n<meta name=\"robots\" content=\"index, follow, max-snippet:-1, max-image-preview:large, max-video-preview:-1\" \/>\n<link rel=\"canonical\" href=\"https:\/\/universnews224.com\/index.php\/incendie-de-kaloum-une-semaine-apres-le-drame-doumbouya-se-rend-sur-le-site-et-au-chevet-des-sinistres\/\" \/>\n<meta property=\"og:locale\" content=\"fr_FR\" \/>\n<meta property=\"og:type\" content=\"article\" \/>\n<meta property=\"og:title\" content=\"Incendie de Kaloum : Une semaine apr\u00e8s le drame Doumbouya se rend sur le site et au chevet des sinistr\u00e9s. - UNIVERSNEWS224\" \/>\n<meta property=\"og:description\" content=\"Apr\u00e8s avoir pr\u00e9sent\u00e9 ses condol\u00e9ances au peuple de Guin\u00e9e et exprim\u00e9 sa profonde compassion aux\" \/>\n<meta property=\"og:url\" content=\"https:\/\/universnews224.com\/index.php\/incendie-de-kaloum-une-semaine-apres-le-drame-doumbouya-se-rend-sur-le-site-et-au-chevet-des-sinistres\/\" \/>\n<meta property=\"og:site_name\" content=\"UNIVERSNEWS224\" \/>\n<meta property=\"article:published_time\" content=\"2023-12-25T22:52:33+00:00\" \/>\n<meta property=\"og:image\" content=\"https:\/\/universnews224.com\/wp-content\/uploads\/2023\/12\/682D2856-EFAC-495C-ADD3-A9B324E95318-300x200.jpeg\" \/>\n<meta name=\"author\" content=\"La R\u00e9daction\" \/>\n<meta name=\"twitter:label1\" content=\"\u00c9crit par\" \/>\n\t<meta name=\"twitter:data1\" content=\"La R\u00e9daction\" \/>\n\t<meta name=\"twitter:label2\" content=\"Dur\u00e9e de lecture estim\u00e9e\" \/>\n\t<meta name=\"twitter:data2\" content=\"4 minutes\" \/>\n<script type=\"application\/ld+json\" class=\"yoast-schema-graph\">{\"@context\":\"https:\/\/schema.org\",\"@graph\":[{\"@type\":\"Article\",\"@id\":\"https:\/\/universnews224.com\/index.php\/incendie-de-kaloum-une-semaine-apres-le-drame-doumbouya-se-rend-sur-le-site-et-au-chevet-des-sinistres\/#article\",\"isPartOf\":{\"@id\":\"https:\/\/universnews224.com\/index.php\/incendie-de-kaloum-une-semaine-apres-le-drame-doumbouya-se-rend-sur-le-site-et-au-chevet-des-sinistres\/\"},\"author\":{\"name\":\"La R\u00e9daction\",\"@id\":\"https:\/\/universnews224.com\/#\/schema\/person\/a4b7d4f94a4716df60456a491260485e\"},\"headline\":\"Incendie de Kaloum : Une semaine apr\u00e8s le drame Doumbouya se rend sur le site et au chevet des sinistr\u00e9s.\",\"datePublished\":\"2023-12-25T22:52:33+00:00\",\"dateModified\":\"2023-12-25T22:52:33+00:00\",\"mainEntityOfPage\":{\"@id\":\"https:\/\/universnews224.com\/index.php\/incendie-de-kaloum-une-semaine-apres-le-drame-doumbouya-se-rend-sur-le-site-et-au-chevet-des-sinistres\/\"},\"wordCount\":502,\"publisher\":{\"@id\":\"https:\/\/universnews224.com\/#organization\"},\"keywords\":[\"La une\"],\"articleSection\":[\"ACTU\",\"POLITIQUE\"],\"inLanguage\":\"fr-FR\"},{\"@type\":\"WebPage\",\"@id\":\"https:\/\/universnews224.com\/index.php\/incendie-de-kaloum-une-semaine-apres-le-drame-doumbouya-se-rend-sur-le-site-et-au-chevet-des-sinistres\/\",\"url\":\"https:\/\/universnews224.com\/index.php\/incendie-de-kaloum-une-semaine-apres-le-drame-doumbouya-se-rend-sur-le-site-et-au-chevet-des-sinistres\/\",\"name\":\"Incendie de Kaloum : Une semaine apr\u00e8s le drame Doumbouya se rend sur le site et au chevet des sinistr\u00e9s. - UNIVERSNEWS224\",\"isPartOf\":{\"@id\":\"https:\/\/universnews224.com\/#website\"},\"datePublished\":\"2023-12-25T22:52:33+00:00\",\"dateModified\":\"2023-12-25T22:52:33+00:00\",\"inLanguage\":\"fr-FR\",\"potentialAction\":[{\"@type\":\"ReadAction\",\"target\":[\"https:\/\/universnews224.com\/index.php\/incendie-de-kaloum-une-semaine-apres-le-drame-doumbouya-se-rend-sur-le-site-et-au-chevet-des-sinistres\/\"]}]},{\"@type\":\"WebSite\",\"@id\":\"https:\/\/universnews224.com\/#website\",\"url\":\"https:\/\/universnews224.com\/\",\"name\":\"UNIVERSNEWS224\",\"description\":\"\",\"publisher\":{\"@id\":\"https:\/\/universnews224.com\/#organization\"},\"potentialAction\":[{\"@type\":\"SearchAction\",\"target\":{\"@type\":\"EntryPoint\",\"urlTemplate\":\"https:\/\/universnews224.com\/?s={search_term_string}\"},\"query-input\":\"required name=search_term_string\"}],\"inLanguage\":\"fr-FR\"},{\"@type\":\"Organization\",\"@id\":\"https:\/\/universnews224.com\/#organization\",\"name\":\"UNIVERSNEWS224\",\"url\":\"https:\/\/universnews224.com\/\",\"logo\":{\"@type\":\"ImageObject\",\"inLanguage\":\"fr-FR\",\"@id\":\"https:\/\/universnews224.com\/#\/schema\/logo\/image\/\",\"url\":\"https:\/\/universnews224.com\/wp-content\/uploads\/2022\/08\/cropped-cropped-logoban.jpg\",\"contentUrl\":\"https:\/\/universnews224.com\/wp-content\/uploads\/2022\/08\/cropped-cropped-logoban.jpg\",\"width\":1080,\"height\":138,\"caption\":\"UNIVERSNEWS224\"},\"image\":{\"@id\":\"https:\/\/universnews224.com\/#\/schema\/logo\/image\/\"}},{\"@type\":\"Person\",\"@id\":\"https:\/\/universnews224.com\/#\/schema\/person\/a4b7d4f94a4716df60456a491260485e\",\"name\":\"La R\u00e9daction\",\"image\":{\"@type\":\"ImageObject\",\"inLanguage\":\"fr-FR\",\"@id\":\"https:\/\/universnews224.com\/#\/schema\/person\/image\/\",\"url\":\"https:\/\/secure.gravatar.com\/avatar\/edb90acc7752b23e1b3307ad36c14f0d?s=96&d=mm&r=g\",\"contentUrl\":\"https:\/\/secure.gravatar.com\/avatar\/edb90acc7752b23e1b3307ad36c14f0d?s=96&d=mm&r=g\",\"caption\":\"La R\u00e9daction\"},\"sameAs\":[\"https:\/\/universnews224.com\"],\"url\":\"https:\/\/universnews224.com\/index.php\/author\/m-camara\/\"}]}<\/script>\n<!-- \/ Yoast SEO plugin. -->","yoast_head_json":{"title":"Incendie de Kaloum : Une semaine apr\u00e8s le drame Doumbouya se rend sur le site et au chevet des sinistr\u00e9s. - UNIVERSNEWS224","robots":{"index":"index","follow":"follow","max-snippet":"max-snippet:-1","max-image-preview":"max-image-preview:large","max-video-preview":"max-video-preview:-1"},"canonical":"https:\/\/universnews224.com\/index.php\/incendie-de-kaloum-une-semaine-apres-le-drame-doumbouya-se-rend-sur-le-site-et-au-chevet-des-sinistres\/","og_locale":"fr_FR","og_type":"article","og_title":"Incendie de Kaloum : Une semaine apr\u00e8s le drame Doumbouya se rend sur le site et au chevet des sinistr\u00e9s. - UNIVERSNEWS224","og_description":"Apr\u00e8s avoir pr\u00e9sent\u00e9 ses condol\u00e9ances au peuple de Guin\u00e9e et exprim\u00e9 sa profonde compassion aux","og_url":"https:\/\/universnews224.com\/index.php\/incendie-de-kaloum-une-semaine-apres-le-drame-doumbouya-se-rend-sur-le-site-et-au-chevet-des-sinistres\/","og_site_name":"UNIVERSNEWS224","article_published_time":"2023-12-25T22:52:33+00:00","og_image":[{"url":"https:\/\/universnews224.com\/wp-content\/uploads\/2023\/12\/682D2856-EFAC-495C-ADD3-A9B324E95318-300x200.jpeg"}],"author":"La R\u00e9daction","twitter_misc":{"\u00c9crit par":"La R\u00e9daction","Dur\u00e9e de lecture estim\u00e9e":"4 minutes"},"schema":{"@context":"https:\/\/schema.org","@graph":[{"@type":"Article","@id":"https:\/\/universnews224.com\/index.php\/incendie-de-kaloum-une-semaine-apres-le-drame-doumbouya-se-rend-sur-le-site-et-au-chevet-des-sinistres\/#article","isPartOf":{"@id":"https:\/\/universnews224.com\/index.php\/incendie-de-kaloum-une-semaine-apres-le-drame-doumbouya-se-rend-sur-le-site-et-au-chevet-des-sinistres\/"},"author":{"name":"La R\u00e9daction","@id":"https:\/\/universnews224.com\/#\/schema\/person\/a4b7d4f94a4716df60456a491260485e"},"headline":"Incendie de Kaloum : Une semaine apr\u00e8s le drame Doumbouya se rend sur le site et au chevet des sinistr\u00e9s.","datePublished":"2023-12-25T22:52:33+00:00","dateModified":"2023-12-25T22:52:33+00:00","mainEntityOfPage":{"@id":"https:\/\/universnews224.com\/index.php\/incendie-de-kaloum-une-semaine-apres-le-drame-doumbouya-se-rend-sur-le-site-et-au-chevet-des-sinistres\/"},"wordCount":502,"publisher":{"@id":"https:\/\/universnews224.com\/#organization"},"keywords":["La une"],"articleSection":["ACTU","POLITIQUE"],"inLanguage":"fr-FR"},{"@type":"WebPage","@id":"https:\/\/universnews224.com\/index.php\/incendie-de-kaloum-une-semaine-apres-le-drame-doumbouya-se-rend-sur-le-site-et-au-chevet-des-sinistres\/","url":"https:\/\/universnews224.com\/index.php\/incendie-de-kaloum-une-semaine-apres-le-drame-doumbouya-se-rend-sur-le-site-et-au-chevet-des-sinistres\/","name":"Incendie de Kaloum : Une semaine apr\u00e8s le drame Doumbouya se rend sur le site et au chevet des sinistr\u00e9s. - UNIVERSNEWS224","isPartOf":{"@id":"https:\/\/universnews224.com\/#website"},"datePublished":"2023-12-25T22:52:33+00:00","dateModified":"2023-12-25T22:52:33+00:00","inLanguage":"fr-FR","potentialAction":[{"@type":"ReadAction","target":["https:\/\/universnews224.com\/index.php\/incendie-de-kaloum-une-semaine-apres-le-drame-doumbouya-se-rend-sur-le-site-et-au-chevet-des-sinistres\/"]}]},{"@type":"WebSite","@id":"https:\/\/universnews224.com\/#website","url":"https:\/\/universnews224.com\/","name":"UNIVERSNEWS224","description":"","publisher":{"@id":"https:\/\/universnews224.com\/#organization"},"potentialAction":[{"@type":"SearchAction","target":{"@type":"EntryPoint","urlTemplate":"https:\/\/universnews224.com\/?s={search_term_string}"},"query-input":"required name=search_term_string"}],"inLanguage":"fr-FR"},{"@type":"Organization","@id":"https:\/\/universnews224.com\/#organization","name":"UNIVERSNEWS224","url":"https:\/\/universnews224.com\/","logo":{"@type":"ImageObject","inLanguage":"fr-FR","@id":"https:\/\/universnews224.com\/#\/schema\/logo\/image\/","url":"https:\/\/universnews224.com\/wp-content\/uploads\/2022\/08\/cropped-cropped-logoban.jpg","contentUrl":"https:\/\/universnews224.com\/wp-content\/uploads\/2022\/08\/cropped-cropped-logoban.jpg","width":1080,"height":138,"caption":"UNIVERSNEWS224"},"image":{"@id":"https:\/\/universnews224.com\/#\/schema\/logo\/image\/"}},{"@type":"Person","@id":"https:\/\/universnews224.com\/#\/schema\/person\/a4b7d4f94a4716df60456a491260485e","name":"La R\u00e9daction","image":{"@type":"ImageObject","inLanguage":"fr-FR","@id":"https:\/\/universnews224.com\/#\/schema\/person\/image\/","url":"https:\/\/secure.gravatar.com\/avatar\/edb90acc7752b23e1b3307ad36c14f0d?s=96&d=mm&r=g","contentUrl":"https:\/\/secure.gravatar.com\/avatar\/edb90acc7752b23e1b3307ad36c14f0d?s=96&d=mm&r=g","caption":"La R\u00e9daction"},"sameAs":["https:\/\/universnews224.com"],"url":"https:\/\/universnews224.com\/index.php\/author\/m-camara\/"}]}},"_links":{"self":[{"href":"https:\/\/universnews224.com\/index.php\/wp-json\/wp\/v2\/posts\/4844"}],"collection":[{"href":"https:\/\/universnews224.com\/index.php\/wp-json\/wp\/v2\/posts"}],"about":[{"href":"https:\/\/universnews224.com\/index.php\/wp-json\/wp\/v2\/types\/post"}],"author":[{"embeddable":true,"href":"https:\/\/universnews224.com\/index.php\/wp-json\/wp\/v2\/users\/2"}],"replies":[{"embeddable":true,"href":"https:\/\/universnews224.com\/index.php\/wp-json\/wp\/v2\/comments?post=4844"}],"version-history":[{"count":1,"href":"https:\/\/universnews224.com\/index.php\/wp-json\/wp\/v2\/posts\/4844\/revisions"}],"predecessor-version":[{"id":4853,"href":"https:\/\/universnews224.com\/index.php\/wp-json\/wp\/v2\/posts\/4844\/revisions\/4853"}],"wp:attachment":[{"href":"https:\/\/universnews224.com\/index.php\/wp-json\/wp\/v2\/media?parent=4844"}],"wp:term":[{"taxonomy":"category","embeddable":true,"href":"https:\/\/universnews224.com\/index.php\/wp-json\/wp\/v2\/categories?post=4844"},{"taxonomy":"post_tag","embeddable":true,"href":"https:\/\/universnews224.com\/index.php\/wp-json\/wp\/v2\/tags?post=4844"}],"curies":[{"name":"wp","href":"https:\/\/api.w.org\/{rel}","templated":true}]}}