{"id":4854,"date":"2023-12-25T23:56:01","date_gmt":"2023-12-25T22:56:01","guid":{"rendered":"https:\/\/universnews224.com\/?p=4854"},"modified":"2023-12-25T23:56:01","modified_gmt":"2023-12-25T22:56:01","slug":"rumeurs-de-couvre-feu-a-conakry-le-dementi-formel-et-categorique-du-ministere-de-la-securite","status":"publish","type":"post","link":"https:\/\/universnews224.com\/index.php\/rumeurs-de-couvre-feu-a-conakry-le-dementi-formel-et-categorique-du-ministere-de-la-securite\/","title":{"rendered":"Rumeurs de couvre-feu \u00e0 Conakry : le \u201cd\u00e9menti formel et cat\u00e9gorique\u201d du Minist\u00e8re de la S\u00e9curit\u00e9"},"content":{"rendered":"<p>Suite aux rumeurs persistantes faisant \u00e9tat d\u2019une \u00e9ventuelle pr\u00e9tendue instauration d\u2019un couvre-feu dans la ville de Conakry \u00e0 partir du lundi 25 d\u00e9cembre 2023, le Minist\u00e8re de la S\u00e9curit\u00e9 et de la Protection Civile oppose un d\u00e9menti formel et cat\u00e9gorique \u00e0 ces all\u00e9gations dont le but ne vise qu\u2019\u00e0 instaurer un climat de terreur et de panique au sein de la paisible et laborieuse population.<\/p>\n<p><span lang=\"FR\">Le Minist\u00e8re de la S\u00e9curit\u00e9 et de la Protection Civile rappelle que l\u2019instauration d\u2019un couvre-feu ob\u00e9it \u00e0 un processus administratif pr\u00e9cis et qu\u2019\u00e0 l\u2019instant, aucune d\u00e9cision officielle n\u2019a \u00e9t\u00e9 prise dans ce sens.<\/span><\/p>\n<p><span lang=\"FR\">Les auteurs de ces rumeurs ne cherchent qu\u2019\u00e0 instaurer la psychose au sein des paisibles populations de la capitale, cr\u00e9ant ainsi une situation pr\u00e9occupante de crise infond\u00e9e.<\/span><\/p>\n<p><span lang=\"FR\">Le ministre de la S\u00e9curit\u00e9 et de la Protection Civile appelle instamment les auteurs de ces rumeurs \u00e0 cesser imm\u00e9diatement leur diffusion au risque de voir infliger des sanctions p\u00e9nales. Toute propagation de fausses informations pouvant perturber l\u2019ordre public et la qui\u00e9tude sociale sera trait\u00e9e avec la plus grande rigueur.<\/span><\/p>\n<p><span lang=\"FR\">Le Minist\u00e8re de la S\u00e9curit\u00e9 et de la Protection Civile invite donc vivement les habitants de Conakry \u00e0 vaquer librement \u00e0 leurs occupations. Il est \u00e9galement recommand\u00e9 \u00e0 chacun de se r\u00e9f\u00e9rer uniquement aux informations officielles diffus\u00e9es par les canaux officiels du Gouvernement pour obtenir des informations pr\u00e9cises et v\u00e9rifi\u00e9es.<\/span><\/p>\n<p><span lang=\"FR\">Le D\u00e9partement de la S\u00e9curit\u00e9 rassure tous les citoyens que les autorit\u00e9s comp\u00e9tentes veillent minutieusement \u00e0 leur bien-\u00eatre et toute mesure d\u2019exception serait annonc\u00e9e de mani\u00e8re officielle.<\/span><\/p>\n<p><span lang=\"FR\">\u00a0<\/span><b>Conakry le 25 d\u00e9cembre 2023<\/b><\/p>\n<p><span lang=\"FR\"><b>Le Minist\u00e8re de la S\u00e9curit\u00e9 et de la Protection Civile<\/b><\/span><\/p>\n","protected":false},"excerpt":{"rendered":"<p>Suite aux rumeurs persistantes faisant \u00e9tat d\u2019une \u00e9ventuelle pr\u00e9tendue instauration d\u2019un couvre-feu dans la ville<\/p>\n","protected":false},"author":2,"featured_media":4855,"comment_status":"closed","ping_status":"open","sticky":false,"template":"","format":"standard","meta":[],"categories":[3,5],"tags":[229],"yoast_head":"<!-- This site is optimized with the Yoast SEO plugin v19.13 - https:\/\/yoast.com\/wordpress\/plugins\/seo\/ -->\n<title>Rumeurs de couvre-feu \u00e0 Conakry : le \u201cd\u00e9menti formel et cat\u00e9gorique\u201d du Minist\u00e8re de la S\u00e9curit\u00e9 - UNIVERSNEWS224<\/title>\n<meta name=\"robots\" content=\"index, follow, max-snippet:-1, max-image-preview:large, max-video-preview:-1\" \/>\n<link rel=\"canonical\" href=\"https:\/\/universnews224.com\/index.php\/rumeurs-de-couvre-feu-a-conakry-le-dementi-formel-et-categorique-du-ministere-de-la-securite\/\" \/>\n<meta property=\"og:locale\" content=\"fr_FR\" \/>\n<meta property=\"og:type\" content=\"article\" \/>\n<meta property=\"og:title\" content=\"Rumeurs de couvre-feu \u00e0 Conakry : le \u201cd\u00e9menti formel et cat\u00e9gorique\u201d du Minist\u00e8re de la S\u00e9curit\u00e9 - UNIVERSNEWS224\" \/>\n<meta property=\"og:description\" content=\"Suite aux rumeurs persistantes faisant \u00e9tat d\u2019une \u00e9ventuelle pr\u00e9tendue instauration d\u2019un couvre-feu dans la ville\" \/>\n<meta property=\"og:url\" content=\"https:\/\/universnews224.com\/index.php\/rumeurs-de-couvre-feu-a-conakry-le-dementi-formel-et-categorique-du-ministere-de-la-securite\/\" \/>\n<meta property=\"og:site_name\" content=\"UNIVERSNEWS224\" \/>\n<meta property=\"article:published_time\" content=\"2023-12-25T22:56:01+00:00\" \/>\n<meta property=\"og:image\" content=\"https:\/\/universnews224.com\/wp-content\/uploads\/2023\/12\/3C1047C7-67DC-4A30-ACE1-7232E9196B8A.jpeg\" \/>\n\t<meta property=\"og:image:width\" content=\"1600\" \/>\n\t<meta property=\"og:image:height\" content=\"1365\" \/>\n\t<meta property=\"og:image:type\" content=\"image\/jpeg\" \/>\n<meta name=\"author\" content=\"La R\u00e9daction\" \/>\n<meta name=\"twitter:label1\" content=\"\u00c9crit par\" \/>\n\t<meta name=\"twitter:data1\" content=\"La R\u00e9daction\" \/>\n\t<meta name=\"twitter:label2\" content=\"Dur\u00e9e de lecture estim\u00e9e\" \/>\n\t<meta name=\"twitter:data2\" content=\"2 minutes\" \/>\n<script type=\"application\/ld+json\" class=\"yoast-schema-graph\">{\"@context\":\"https:\/\/schema.org\",\"@graph\":[{\"@type\":\"Article\",\"@id\":\"https:\/\/universnews224.com\/index.php\/rumeurs-de-couvre-feu-a-conakry-le-dementi-formel-et-categorique-du-ministere-de-la-securite\/#article\",\"isPartOf\":{\"@id\":\"https:\/\/universnews224.com\/index.php\/rumeurs-de-couvre-feu-a-conakry-le-dementi-formel-et-categorique-du-ministere-de-la-securite\/\"},\"author\":{\"name\":\"La R\u00e9daction\",\"@id\":\"https:\/\/universnews224.com\/#\/schema\/person\/a4b7d4f94a4716df60456a491260485e\"},\"headline\":\"Rumeurs de couvre-feu \u00e0 Conakry : le \u201cd\u00e9menti formel et cat\u00e9gorique\u201d du Minist\u00e8re de la S\u00e9curit\u00e9\",\"datePublished\":\"2023-12-25T22:56:01+00:00\",\"dateModified\":\"2023-12-25T22:56:01+00:00\",\"mainEntityOfPage\":{\"@id\":\"https:\/\/universnews224.com\/index.php\/rumeurs-de-couvre-feu-a-conakry-le-dementi-formel-et-categorique-du-ministere-de-la-securite\/\"},\"wordCount\":319,\"publisher\":{\"@id\":\"https:\/\/universnews224.com\/#organization\"},\"keywords\":[\"La une\"],\"articleSection\":[\"ACTU\",\"SOCI\u00c9T\u00c9\"],\"inLanguage\":\"fr-FR\"},{\"@type\":\"WebPage\",\"@id\":\"https:\/\/universnews224.com\/index.php\/rumeurs-de-couvre-feu-a-conakry-le-dementi-formel-et-categorique-du-ministere-de-la-securite\/\",\"url\":\"https:\/\/universnews224.com\/index.php\/rumeurs-de-couvre-feu-a-conakry-le-dementi-formel-et-categorique-du-ministere-de-la-securite\/\",\"name\":\"Rumeurs de couvre-feu \u00e0 Conakry : le \u201cd\u00e9menti formel et cat\u00e9gorique\u201d du Minist\u00e8re de la S\u00e9curit\u00e9 - UNIVERSNEWS224\",\"isPartOf\":{\"@id\":\"https:\/\/universnews224.com\/#website\"},\"datePublished\":\"2023-12-25T22:56:01+00:00\",\"dateModified\":\"2023-12-25T22:56:01+00:00\",\"inLanguage\":\"fr-FR\",\"potentialAction\":[{\"@type\":\"ReadAction\",\"target\":[\"https:\/\/universnews224.com\/index.php\/rumeurs-de-couvre-feu-a-conakry-le-dementi-formel-et-categorique-du-ministere-de-la-securite\/\"]}]},{\"@type\":\"WebSite\",\"@id\":\"https:\/\/universnews224.com\/#website\",\"url\":\"https:\/\/universnews224.com\/\",\"name\":\"UNIVERSNEWS224\",\"description\":\"\",\"publisher\":{\"@id\":\"https:\/\/universnews224.com\/#organization\"},\"potentialAction\":[{\"@type\":\"SearchAction\",\"target\":{\"@type\":\"EntryPoint\",\"urlTemplate\":\"https:\/\/universnews224.com\/?s={search_term_string}\"},\"query-input\":\"required name=search_term_string\"}],\"inLanguage\":\"fr-FR\"},{\"@type\":\"Organization\",\"@id\":\"https:\/\/universnews224.com\/#organization\",\"name\":\"UNIVERSNEWS224\",\"url\":\"https:\/\/universnews224.com\/\",\"logo\":{\"@type\":\"ImageObject\",\"inLanguage\":\"fr-FR\",\"@id\":\"https:\/\/universnews224.com\/#\/schema\/logo\/image\/\",\"url\":\"https:\/\/universnews224.com\/wp-content\/uploads\/2022\/08\/cropped-cropped-logoban.jpg\",\"contentUrl\":\"https:\/\/universnews224.com\/wp-content\/uploads\/2022\/08\/cropped-cropped-logoban.jpg\",\"width\":1080,\"height\":138,\"caption\":\"UNIVERSNEWS224\"},\"image\":{\"@id\":\"https:\/\/universnews224.com\/#\/schema\/logo\/image\/\"}},{\"@type\":\"Person\",\"@id\":\"https:\/\/universnews224.com\/#\/schema\/person\/a4b7d4f94a4716df60456a491260485e\",\"name\":\"La R\u00e9daction\",\"image\":{\"@type\":\"ImageObject\",\"inLanguage\":\"fr-FR\",\"@id\":\"https:\/\/universnews224.com\/#\/schema\/person\/image\/\",\"url\":\"https:\/\/secure.gravatar.com\/avatar\/edb90acc7752b23e1b3307ad36c14f0d?s=96&d=mm&r=g\",\"contentUrl\":\"https:\/\/secure.gravatar.com\/avatar\/edb90acc7752b23e1b3307ad36c14f0d?s=96&d=mm&r=g\",\"caption\":\"La R\u00e9daction\"},\"sameAs\":[\"https:\/\/universnews224.com\"],\"url\":\"https:\/\/universnews224.com\/index.php\/author\/m-camara\/\"}]}<\/script>\n<!-- \/ Yoast SEO plugin. -->","yoast_head_json":{"title":"Rumeurs de couvre-feu \u00e0 Conakry : le \u201cd\u00e9menti formel et cat\u00e9gorique\u201d du Minist\u00e8re de la S\u00e9curit\u00e9 - UNIVERSNEWS224","robots":{"index":"index","follow":"follow","max-snippet":"max-snippet:-1","max-image-preview":"max-image-preview:large","max-video-preview":"max-video-preview:-1"},"canonical":"https:\/\/universnews224.com\/index.php\/rumeurs-de-couvre-feu-a-conakry-le-dementi-formel-et-categorique-du-ministere-de-la-securite\/","og_locale":"fr_FR","og_type":"article","og_title":"Rumeurs de couvre-feu \u00e0 Conakry : le \u201cd\u00e9menti formel et cat\u00e9gorique\u201d du Minist\u00e8re de la S\u00e9curit\u00e9 - UNIVERSNEWS224","og_description":"Suite aux rumeurs persistantes faisant \u00e9tat d\u2019une \u00e9ventuelle pr\u00e9tendue instauration d\u2019un couvre-feu dans la ville","og_url":"https:\/\/universnews224.com\/index.php\/rumeurs-de-couvre-feu-a-conakry-le-dementi-formel-et-categorique-du-ministere-de-la-securite\/","og_site_name":"UNIVERSNEWS224","article_published_time":"2023-12-25T22:56:01+00:00","og_image":[{"width":1600,"height":1365,"url":"https:\/\/universnews224.com\/wp-content\/uploads\/2023\/12\/3C1047C7-67DC-4A30-ACE1-7232E9196B8A.jpeg","type":"image\/jpeg"}],"author":"La R\u00e9daction","twitter_misc":{"\u00c9crit par":"La R\u00e9daction","Dur\u00e9e de lecture estim\u00e9e":"2 minutes"},"schema":{"@context":"https:\/\/schema.org","@graph":[{"@type":"Article","@id":"https:\/\/universnews224.com\/index.php\/rumeurs-de-couvre-feu-a-conakry-le-dementi-formel-et-categorique-du-ministere-de-la-securite\/#article","isPartOf":{"@id":"https:\/\/universnews224.com\/index.php\/rumeurs-de-couvre-feu-a-conakry-le-dementi-formel-et-categorique-du-ministere-de-la-securite\/"},"author":{"name":"La R\u00e9daction","@id":"https:\/\/universnews224.com\/#\/schema\/person\/a4b7d4f94a4716df60456a491260485e"},"headline":"Rumeurs de couvre-feu \u00e0 Conakry : le \u201cd\u00e9menti formel et cat\u00e9gorique\u201d du Minist\u00e8re de la S\u00e9curit\u00e9","datePublished":"2023-12-25T22:56:01+00:00","dateModified":"2023-12-25T22:56:01+00:00","mainEntityOfPage":{"@id":"https:\/\/universnews224.com\/index.php\/rumeurs-de-couvre-feu-a-conakry-le-dementi-formel-et-categorique-du-ministere-de-la-securite\/"},"wordCount":319,"publisher":{"@id":"https:\/\/universnews224.com\/#organization"},"keywords":["La une"],"articleSection":["ACTU","SOCI\u00c9T\u00c9"],"inLanguage":"fr-FR"},{"@type":"WebPage","@id":"https:\/\/universnews224.com\/index.php\/rumeurs-de-couvre-feu-a-conakry-le-dementi-formel-et-categorique-du-ministere-de-la-securite\/","url":"https:\/\/universnews224.com\/index.php\/rumeurs-de-couvre-feu-a-conakry-le-dementi-formel-et-categorique-du-ministere-de-la-securite\/","name":"Rumeurs de couvre-feu \u00e0 Conakry : le \u201cd\u00e9menti formel et cat\u00e9gorique\u201d du Minist\u00e8re de la S\u00e9curit\u00e9 - UNIVERSNEWS224","isPartOf":{"@id":"https:\/\/universnews224.com\/#website"},"datePublished":"2023-12-25T22:56:01+00:00","dateModified":"2023-12-25T22:56:01+00:00","inLanguage":"fr-FR","potentialAction":[{"@type":"ReadAction","target":["https:\/\/universnews224.com\/index.php\/rumeurs-de-couvre-feu-a-conakry-le-dementi-formel-et-categorique-du-ministere-de-la-securite\/"]}]},{"@type":"WebSite","@id":"https:\/\/universnews224.com\/#website","url":"https:\/\/universnews224.com\/","name":"UNIVERSNEWS224","description":"","publisher":{"@id":"https:\/\/universnews224.com\/#organization"},"potentialAction":[{"@type":"SearchAction","target":{"@type":"EntryPoint","urlTemplate":"https:\/\/universnews224.com\/?s={search_term_string}"},"query-input":"required name=search_term_string"}],"inLanguage":"fr-FR"},{"@type":"Organization","@id":"https:\/\/universnews224.com\/#organization","name":"UNIVERSNEWS224","url":"https:\/\/universnews224.com\/","logo":{"@type":"ImageObject","inLanguage":"fr-FR","@id":"https:\/\/universnews224.com\/#\/schema\/logo\/image\/","url":"https:\/\/universnews224.com\/wp-content\/uploads\/2022\/08\/cropped-cropped-logoban.jpg","contentUrl":"https:\/\/universnews224.com\/wp-content\/uploads\/2022\/08\/cropped-cropped-logoban.jpg","width":1080,"height":138,"caption":"UNIVERSNEWS224"},"image":{"@id":"https:\/\/universnews224.com\/#\/schema\/logo\/image\/"}},{"@type":"Person","@id":"https:\/\/universnews224.com\/#\/schema\/person\/a4b7d4f94a4716df60456a491260485e","name":"La R\u00e9daction","image":{"@type":"ImageObject","inLanguage":"fr-FR","@id":"https:\/\/universnews224.com\/#\/schema\/person\/image\/","url":"https:\/\/secure.gravatar.com\/avatar\/edb90acc7752b23e1b3307ad36c14f0d?s=96&d=mm&r=g","contentUrl":"https:\/\/secure.gravatar.com\/avatar\/edb90acc7752b23e1b3307ad36c14f0d?s=96&d=mm&r=g","caption":"La R\u00e9daction"},"sameAs":["https:\/\/universnews224.com"],"url":"https:\/\/universnews224.com\/index.php\/author\/m-camara\/"}]}},"_links":{"self":[{"href":"https:\/\/universnews224.com\/index.php\/wp-json\/wp\/v2\/posts\/4854"}],"collection":[{"href":"https:\/\/universnews224.com\/index.php\/wp-json\/wp\/v2\/posts"}],"about":[{"href":"https:\/\/universnews224.com\/index.php\/wp-json\/wp\/v2\/types\/post"}],"author":[{"embeddable":true,"href":"https:\/\/universnews224.com\/index.php\/wp-json\/wp\/v2\/users\/2"}],"replies":[{"embeddable":true,"href":"https:\/\/universnews224.com\/index.php\/wp-json\/wp\/v2\/comments?post=4854"}],"version-history":[{"count":1,"href":"https:\/\/universnews224.com\/index.php\/wp-json\/wp\/v2\/posts\/4854\/revisions"}],"predecessor-version":[{"id":4856,"href":"https:\/\/universnews224.com\/index.php\/wp-json\/wp\/v2\/posts\/4854\/revisions\/4856"}],"wp:featuredmedia":[{"embeddable":true,"href":"https:\/\/universnews224.com\/index.php\/wp-json\/wp\/v2\/media\/4855"}],"wp:attachment":[{"href":"https:\/\/universnews224.com\/index.php\/wp-json\/wp\/v2\/media?parent=4854"}],"wp:term":[{"taxonomy":"category","embeddable":true,"href":"https:\/\/universnews224.com\/index.php\/wp-json\/wp\/v2\/categories?post=4854"},{"taxonomy":"post_tag","embeddable":true,"href":"https:\/\/universnews224.com\/index.php\/wp-json\/wp\/v2\/tags?post=4854"}],"curies":[{"name":"wp","href":"https:\/\/api.w.org\/{rel}","templated":true}]}}