{"id":4861,"date":"2023-12-27T00:30:00","date_gmt":"2023-12-26T23:30:00","guid":{"rendered":"https:\/\/universnews224.com\/?p=4861"},"modified":"2023-12-27T00:30:00","modified_gmt":"2023-12-26T23:30:00","slug":"cnt-les-conseillers-nationaux-adoptent-de-loi-de-finances-initiale-2024","status":"publish","type":"post","link":"https:\/\/universnews224.com\/index.php\/cnt-les-conseillers-nationaux-adoptent-de-loi-de-finances-initiale-2024\/","title":{"rendered":"CNT: Les conseillers nationaux adoptent de Loi de Finances Initiale 2024."},"content":{"rendered":"<p>\u00c0 la faveur d\u2019une pl\u00e9ni\u00e8re tenue ce mardi, 26 d\u00e9cembre 2023 \u00e0 l\u2019h\u00e9micycle du palais du peuple que, les conseillers nationaux, sous l\u2019\u00e9gide de Dr Dansa Kourouma, apr\u00e8s examen, ont proc\u00e9d\u00e9 \u00e0 l\u2019adoption du projet de Loi de Finances Initiale 2024, dans son volet recettes.<\/p>\n<p>C\u2019\u00e9tait en pr\u00e9sence des pr\u00e9sidents des institutions r\u00e9publicaines, des membres du gouvernement ainsi que les repr\u00e9sentants des organisations syndicales et de la soci\u00e9t\u00e9 civile.<\/p>\n<p>Dans son discours pr\u00e9sentation du rapport final, Mme. Fatima Camara, rapporteure de Commission du Plan, des Affaires Financi\u00e8res et du Contr\u00f4le Budg\u00e9taire a rappel\u00e9 que, la Conf\u00e9rence des Pr\u00e9sidents a saisi la Commission du Plan, des Affaires Financi\u00e8res et du Contr\u00f4le Budg\u00e9taire en qualit\u00e9 de commission de fonds et toutes les autres commissions permanentes du CNT pour avis, \u00e0 l\u2019effet d\u2019examiner le Projet de Loi de Finances Initiale (PLFI) 2024.<\/p>\n<p>\u201cLe 19 d\u00e9cembre 2023, le CNT a entam\u00e9 l\u2019examen de ce projet de Loi, en vue de son adoption, Conform\u00e9ment \u00e0 l\u2019article 56 de la Loi Organique relative aux Lois de Finances. Le projet a \u00e9t\u00e9 pr\u00e9sent\u00e9 au nom du Gouvernement, en s\u00e9ance pl\u00e9ni\u00e8re, par les Ministres de l\u2019\u00c9conomie et des Finances, du Plan et de la Coop\u00e9ration Internationale et celui du Budget. La politique mon\u00e9taire, quant \u00e0 elle a \u00e9t\u00e9 d\u00e9roul\u00e9e par le Gouverneur de la Banque Centrale. Ces diff\u00e9rentes interventions ont port\u00e9 essentiellement sur l\u2019approfondissement de la mise en \u0153uvre de la vision du Comit\u00e9 National du Rassemblement pour le D\u00e9veloppement (CNRD) en mati\u00e8re de gestion des finances publiques, pour doter notre administration des moyens indispensables \u00e0 la promotion d\u2019une gouvernance vertueuse, en vue d\u2019un d\u00e9veloppement durable. Elles s\u2019inscrivent \u00e9galement dans le cadre de la poursuite des objectifs de refondation de l\u2019\u00c9tat, promue par le Pr\u00e9sident de la R\u00e9publique\u201d, a t-elle<\/p>\n<p class=\"p1\"><span class=\"s1\">Poursuivant Mme. Fatima Camara, a laiss\u00e9 entendre que, les Objectifs de la politique budg\u00e9taire qui d\u00e9coulent de la lettre de cadrage du Premier Ministre, fixant les orientations et les mesures sp\u00e9cifiques de l\u2019\u00e9laboration du Projet de Loi de Finances 2024 visent \u00e0 :\u00ab\u00a0<\/span><span class=\"s1\">accroitre significativement le niveau de mobilisation des recettes fiscales, de mani\u00e8re \u00e0 atteindre un taux de pression fiscale de 13,25% en 2024 ;<\/span><\/p>\n<p class=\"p1\"><span class=\"s1\">assurer la mobilisation optimale des recettes int\u00e9rieures par une relance \u00e9conomique \u00e0 travers le soutien aux entreprises et aux m\u00e9nages, pour contenir les chocs \u00e9conomiques des crises en cours ;<\/span><\/p>\n<p class=\"p1\"><span class=\"s3\">\uf0b7<\/span><span class=\"s1\"> poursuivre les r\u00e9formes et mesures de s\u00e9curisation des recettes ;<\/span><\/p>\n<p class=\"p1\"><span class=\"s3\">\uf0b7<\/span><span class=\"s1\"> d\u00e9ployer des plans de modernisation des r\u00e9gies financi\u00e8res ;<\/span><\/p>\n<p class=\"p1\"><span class=\"s3\">\uf0b7<\/span><span class=\"s1\"> maintenir l\u2019allocation de 20% du budget des d\u00e9partements aux services d\u00e9concentr\u00e9s au titre de leur fonctionnement ;<\/span><\/p>\n<p class=\"p1\"><span class=\"s3\">\uf0b7<\/span><span class=\"s1\"> r\u00e9affirmer le caract\u00e8re prioritaire des investissements en les maintenant \u00e0 un taux sup\u00e9rieur \u00e0 35 % des d\u00e9penses totales du budget de l\u2019Etat ;<\/span><\/p>\n<p class=\"p1\"><span class=\"s3\">\uf0b7<\/span><span class=\"s1\"> limiter le d\u00e9ficit budg\u00e9taire autour de 3,62% du PIB ;<\/span><\/p>\n<p class=\"p1\"><span class=\"s3\">\uf0b7<\/span><span class=\"s1\"> poursuivre l\u2019apurement de la dette int\u00e9rieure (dette fournisseur) afin d\u2019am\u00e9liorer le<\/span><\/p>\n<p class=\"p1\"><span class=\"s1\">climat des affaires ;<\/span><\/p>\n<p class=\"p1\"><span class=\"s3\">\uf0b7<\/span><span class=\"s1\"> pr\u00e9voir une dotation cons\u00e9quente pour l\u2019ex\u00e9cution des activit\u00e9s du chronogramme de la Transition ;<\/span><\/p>\n<p class=\"p1\"><span class=\"s3\">\uf0b7<\/span><span class=\"s1\"> revoir \u00e0 la baisse de plus de 1000 milliards la subvention du prix de consommation de l\u2019\u00e9lectricit\u00e9 ;<\/span><\/p>\n<p class=\"p1\"><span class=\"s3\">\uf0b7<\/span><span class=\"s1\"> poursuivre l\u2019effort d\u2019augmentation des d\u00e9penses de sant\u00e9 et d\u2019\u00e9ducation pour les porter \u00e0 20% des d\u00e9penses de l\u2019\u00c9tat ;<\/span><\/p>\n<p class=\"p1\"><span class=\"s3\">\uf0b7<\/span><span class=\"s1\"> accroitre le niveau des d\u00e9penses du secteur de d\u00e9veloppement rural (Agriculture, \u00e9levage, p\u00eache et environnement), en le portant au minimum \u00e0 8% des d\u00e9penses de l\u2019\u00c9tat\u201d, a t-elle indiqu\u00e9. <\/span><\/p>\n<p class=\"p1\"><span class=\"s1\">Ainsi, ajoute-t-elle \u201cles projections budg\u00e9taires pour 2024, tant au niveau des recettes, des d\u00e9penses que du financement, tablent sur :<\/span><\/p>\n<p class=\"p1\"><span class=\"s1\">\u2013 un taux de croissance \u00e9conomique de 5,4% du PIB ;<\/span><\/p>\n<p class=\"p1\"><span class=\"s1\">\u2013 un taux d\u2019inflation moyen de 8,9% du PIB ;<\/span><\/p>\n<p class=\"p1\"><span class=\"s1\">\u2013 un taux de pression fiscale de 13,25% du PIB ;<\/span><\/p>\n<p class=\"p1\"><span class=\"s1\">\u2013 des r\u00e9serves de changes correspondant \u00e0 au moins trois (3) mois d\u2019importations ;<\/span><\/p>\n<p class=\"p1\"><span class=\"s1\">\u2013 un taux de change de 8 805,74 GNF pour 1 Dollar\u201d, a t-il soulign\u00e9. <\/span><\/p>\n<p class=\"p1\">S\u2019agissant des recettes du<a href=\"https:\/\/www.leguide-info.com\/2023\/12\/22\/politique-monetaire-les-transports-ont-augmente-de-plus-de-60-et-ont-triple-par-endroits-bcrg\/\"> budget de l\u2019\u00c9tat<\/a>, la rapporteure de la Commission du Plan, des Affaires Financi\u00e8res et du Contr\u00f4le Budg\u00e9taire<\/p>\n<p class=\"p1\"><span class=\"s1\">a affirm\u00e9 qu\u2019elles sont \u00e9valu\u00e9es \u00e0 <a href=\"https:\/\/www.leguide-info.com\/2023\/09\/19\/volet-reception-lfr2023-le-cnt-regrette-beaucoup-de-floue-dans-certaines-regies-et-institutions\/\">29 942,48 Mds contre 29 029,32 Mds en 2023<\/a>, soit une augmentation de 913,16 Mds (3,15%). <\/span><\/p>\n<p class=\"p1\"><span class=\"s1\">\u201cElles sont compos\u00e9es de recettes fiscales (yc BAS) pour 26 920,98 Mds (89,91%), des dons, legs et fonds de concours (yc BAS FCE) pour 1 214,57 Mds (4,06%) et des autres recettes pour 1 806,93 Mds (6,03%). Quant aux projections des recettes hors Budgets d\u2019Affectation Sp\u00e9ciale (BAS), elles se chiffrent \u00e0 28 893,84 Mds et se d\u00e9composent en : recettes fiscales pour 25 872,34 Mds, et augmenterait de 1 573,20 Mds par rapport \u00e0 la LFR 2023 ; dons projets et programmes pour 1 088,44 Mds et diminuerait de 197,11 Mds compar\u00e9s \u00e0 la LFR 2023 ;\u00a0autres recettes pour 1 806,93 Mds en baisse de 73,09 Mds par rapport \u00e0 la LFR 2023. Les Budgets d\u2019Affectation Sp\u00e9ciale sont \u00e9valu\u00e9s \u00e0 1 048,64 Mds contre 1 197,15 Mds dans la LFR 2023, soit une baisse de 148,51 Mds, imputable aux ressources du BAS FCE\u201d, a t-elle dit.<\/span><\/p>\n","protected":false},"excerpt":{"rendered":"<p>\u00c0 la faveur d\u2019une pl\u00e9ni\u00e8re tenue ce mardi, 26 d\u00e9cembre 2023 \u00e0 l\u2019h\u00e9micycle du palais<\/p>\n","protected":false},"author":2,"featured_media":4862,"comment_status":"closed","ping_status":"open","sticky":false,"template":"","format":"standard","meta":[],"categories":[3,4],"tags":[229],"yoast_head":"<!-- This site is optimized with the Yoast SEO plugin v19.13 - https:\/\/yoast.com\/wordpress\/plugins\/seo\/ -->\n<title>CNT: Les conseillers nationaux adoptent de Loi de Finances Initiale 2024. - UNIVERSNEWS224<\/title>\n<meta name=\"robots\" content=\"index, follow, max-snippet:-1, max-image-preview:large, max-video-preview:-1\" \/>\n<link rel=\"canonical\" href=\"https:\/\/universnews224.com\/index.php\/cnt-les-conseillers-nationaux-adoptent-de-loi-de-finances-initiale-2024\/\" \/>\n<meta property=\"og:locale\" content=\"fr_FR\" \/>\n<meta property=\"og:type\" content=\"article\" \/>\n<meta property=\"og:title\" content=\"CNT: Les conseillers nationaux adoptent de Loi de Finances Initiale 2024. - UNIVERSNEWS224\" \/>\n<meta property=\"og:description\" content=\"\u00c0 la faveur d\u2019une pl\u00e9ni\u00e8re tenue ce mardi, 26 d\u00e9cembre 2023 \u00e0 l\u2019h\u00e9micycle du palais\" \/>\n<meta property=\"og:url\" content=\"https:\/\/universnews224.com\/index.php\/cnt-les-conseillers-nationaux-adoptent-de-loi-de-finances-initiale-2024\/\" \/>\n<meta property=\"og:site_name\" content=\"UNIVERSNEWS224\" \/>\n<meta property=\"article:published_time\" content=\"2023-12-26T23:30:00+00:00\" \/>\n<meta property=\"og:image\" content=\"https:\/\/universnews224.com\/wp-content\/uploads\/2023\/12\/97BE489D-212E-4D11-9482-82878DC2BC07.jpeg\" \/>\n\t<meta property=\"og:image:width\" content=\"1600\" \/>\n\t<meta property=\"og:image:height\" content=\"1066\" \/>\n\t<meta property=\"og:image:type\" content=\"image\/jpeg\" \/>\n<meta name=\"author\" content=\"La R\u00e9daction\" \/>\n<meta name=\"twitter:label1\" content=\"\u00c9crit par\" \/>\n\t<meta name=\"twitter:data1\" content=\"La R\u00e9daction\" \/>\n\t<meta name=\"twitter:label2\" content=\"Dur\u00e9e de lecture estim\u00e9e\" \/>\n\t<meta name=\"twitter:data2\" content=\"5 minutes\" \/>\n<script type=\"application\/ld+json\" class=\"yoast-schema-graph\">{\"@context\":\"https:\/\/schema.org\",\"@graph\":[{\"@type\":\"Article\",\"@id\":\"https:\/\/universnews224.com\/index.php\/cnt-les-conseillers-nationaux-adoptent-de-loi-de-finances-initiale-2024\/#article\",\"isPartOf\":{\"@id\":\"https:\/\/universnews224.com\/index.php\/cnt-les-conseillers-nationaux-adoptent-de-loi-de-finances-initiale-2024\/\"},\"author\":{\"name\":\"La R\u00e9daction\",\"@id\":\"https:\/\/universnews224.com\/#\/schema\/person\/a4b7d4f94a4716df60456a491260485e\"},\"headline\":\"CNT: Les conseillers nationaux adoptent de Loi de Finances Initiale 2024.\",\"datePublished\":\"2023-12-26T23:30:00+00:00\",\"dateModified\":\"2023-12-26T23:30:00+00:00\",\"mainEntityOfPage\":{\"@id\":\"https:\/\/universnews224.com\/index.php\/cnt-les-conseillers-nationaux-adoptent-de-loi-de-finances-initiale-2024\/\"},\"wordCount\":840,\"publisher\":{\"@id\":\"https:\/\/universnews224.com\/#organization\"},\"keywords\":[\"La une\"],\"articleSection\":[\"ACTU\",\"POLITIQUE\"],\"inLanguage\":\"fr-FR\"},{\"@type\":\"WebPage\",\"@id\":\"https:\/\/universnews224.com\/index.php\/cnt-les-conseillers-nationaux-adoptent-de-loi-de-finances-initiale-2024\/\",\"url\":\"https:\/\/universnews224.com\/index.php\/cnt-les-conseillers-nationaux-adoptent-de-loi-de-finances-initiale-2024\/\",\"name\":\"CNT: Les conseillers nationaux adoptent de Loi de Finances Initiale 2024. - UNIVERSNEWS224\",\"isPartOf\":{\"@id\":\"https:\/\/universnews224.com\/#website\"},\"datePublished\":\"2023-12-26T23:30:00+00:00\",\"dateModified\":\"2023-12-26T23:30:00+00:00\",\"inLanguage\":\"fr-FR\",\"potentialAction\":[{\"@type\":\"ReadAction\",\"target\":[\"https:\/\/universnews224.com\/index.php\/cnt-les-conseillers-nationaux-adoptent-de-loi-de-finances-initiale-2024\/\"]}]},{\"@type\":\"WebSite\",\"@id\":\"https:\/\/universnews224.com\/#website\",\"url\":\"https:\/\/universnews224.com\/\",\"name\":\"UNIVERSNEWS224\",\"description\":\"\",\"publisher\":{\"@id\":\"https:\/\/universnews224.com\/#organization\"},\"potentialAction\":[{\"@type\":\"SearchAction\",\"target\":{\"@type\":\"EntryPoint\",\"urlTemplate\":\"https:\/\/universnews224.com\/?s={search_term_string}\"},\"query-input\":\"required name=search_term_string\"}],\"inLanguage\":\"fr-FR\"},{\"@type\":\"Organization\",\"@id\":\"https:\/\/universnews224.com\/#organization\",\"name\":\"UNIVERSNEWS224\",\"url\":\"https:\/\/universnews224.com\/\",\"logo\":{\"@type\":\"ImageObject\",\"inLanguage\":\"fr-FR\",\"@id\":\"https:\/\/universnews224.com\/#\/schema\/logo\/image\/\",\"url\":\"https:\/\/universnews224.com\/wp-content\/uploads\/2022\/08\/cropped-cropped-logoban.jpg\",\"contentUrl\":\"https:\/\/universnews224.com\/wp-content\/uploads\/2022\/08\/cropped-cropped-logoban.jpg\",\"width\":1080,\"height\":138,\"caption\":\"UNIVERSNEWS224\"},\"image\":{\"@id\":\"https:\/\/universnews224.com\/#\/schema\/logo\/image\/\"}},{\"@type\":\"Person\",\"@id\":\"https:\/\/universnews224.com\/#\/schema\/person\/a4b7d4f94a4716df60456a491260485e\",\"name\":\"La R\u00e9daction\",\"image\":{\"@type\":\"ImageObject\",\"inLanguage\":\"fr-FR\",\"@id\":\"https:\/\/universnews224.com\/#\/schema\/person\/image\/\",\"url\":\"https:\/\/secure.gravatar.com\/avatar\/edb90acc7752b23e1b3307ad36c14f0d?s=96&d=mm&r=g\",\"contentUrl\":\"https:\/\/secure.gravatar.com\/avatar\/edb90acc7752b23e1b3307ad36c14f0d?s=96&d=mm&r=g\",\"caption\":\"La R\u00e9daction\"},\"sameAs\":[\"https:\/\/universnews224.com\"],\"url\":\"https:\/\/universnews224.com\/index.php\/author\/m-camara\/\"}]}<\/script>\n<!-- \/ Yoast SEO plugin. -->","yoast_head_json":{"title":"CNT: Les conseillers nationaux adoptent de Loi de Finances Initiale 2024. - UNIVERSNEWS224","robots":{"index":"index","follow":"follow","max-snippet":"max-snippet:-1","max-image-preview":"max-image-preview:large","max-video-preview":"max-video-preview:-1"},"canonical":"https:\/\/universnews224.com\/index.php\/cnt-les-conseillers-nationaux-adoptent-de-loi-de-finances-initiale-2024\/","og_locale":"fr_FR","og_type":"article","og_title":"CNT: Les conseillers nationaux adoptent de Loi de Finances Initiale 2024. - UNIVERSNEWS224","og_description":"\u00c0 la faveur d\u2019une pl\u00e9ni\u00e8re tenue ce mardi, 26 d\u00e9cembre 2023 \u00e0 l\u2019h\u00e9micycle du palais","og_url":"https:\/\/universnews224.com\/index.php\/cnt-les-conseillers-nationaux-adoptent-de-loi-de-finances-initiale-2024\/","og_site_name":"UNIVERSNEWS224","article_published_time":"2023-12-26T23:30:00+00:00","og_image":[{"width":1600,"height":1066,"url":"https:\/\/universnews224.com\/wp-content\/uploads\/2023\/12\/97BE489D-212E-4D11-9482-82878DC2BC07.jpeg","type":"image\/jpeg"}],"author":"La R\u00e9daction","twitter_misc":{"\u00c9crit par":"La R\u00e9daction","Dur\u00e9e de lecture estim\u00e9e":"5 minutes"},"schema":{"@context":"https:\/\/schema.org","@graph":[{"@type":"Article","@id":"https:\/\/universnews224.com\/index.php\/cnt-les-conseillers-nationaux-adoptent-de-loi-de-finances-initiale-2024\/#article","isPartOf":{"@id":"https:\/\/universnews224.com\/index.php\/cnt-les-conseillers-nationaux-adoptent-de-loi-de-finances-initiale-2024\/"},"author":{"name":"La R\u00e9daction","@id":"https:\/\/universnews224.com\/#\/schema\/person\/a4b7d4f94a4716df60456a491260485e"},"headline":"CNT: Les conseillers nationaux adoptent de Loi de Finances Initiale 2024.","datePublished":"2023-12-26T23:30:00+00:00","dateModified":"2023-12-26T23:30:00+00:00","mainEntityOfPage":{"@id":"https:\/\/universnews224.com\/index.php\/cnt-les-conseillers-nationaux-adoptent-de-loi-de-finances-initiale-2024\/"},"wordCount":840,"publisher":{"@id":"https:\/\/universnews224.com\/#organization"},"keywords":["La une"],"articleSection":["ACTU","POLITIQUE"],"inLanguage":"fr-FR"},{"@type":"WebPage","@id":"https:\/\/universnews224.com\/index.php\/cnt-les-conseillers-nationaux-adoptent-de-loi-de-finances-initiale-2024\/","url":"https:\/\/universnews224.com\/index.php\/cnt-les-conseillers-nationaux-adoptent-de-loi-de-finances-initiale-2024\/","name":"CNT: Les conseillers nationaux adoptent de Loi de Finances Initiale 2024. - UNIVERSNEWS224","isPartOf":{"@id":"https:\/\/universnews224.com\/#website"},"datePublished":"2023-12-26T23:30:00+00:00","dateModified":"2023-12-26T23:30:00+00:00","inLanguage":"fr-FR","potentialAction":[{"@type":"ReadAction","target":["https:\/\/universnews224.com\/index.php\/cnt-les-conseillers-nationaux-adoptent-de-loi-de-finances-initiale-2024\/"]}]},{"@type":"WebSite","@id":"https:\/\/universnews224.com\/#website","url":"https:\/\/universnews224.com\/","name":"UNIVERSNEWS224","description":"","publisher":{"@id":"https:\/\/universnews224.com\/#organization"},"potentialAction":[{"@type":"SearchAction","target":{"@type":"EntryPoint","urlTemplate":"https:\/\/universnews224.com\/?s={search_term_string}"},"query-input":"required name=search_term_string"}],"inLanguage":"fr-FR"},{"@type":"Organization","@id":"https:\/\/universnews224.com\/#organization","name":"UNIVERSNEWS224","url":"https:\/\/universnews224.com\/","logo":{"@type":"ImageObject","inLanguage":"fr-FR","@id":"https:\/\/universnews224.com\/#\/schema\/logo\/image\/","url":"https:\/\/universnews224.com\/wp-content\/uploads\/2022\/08\/cropped-cropped-logoban.jpg","contentUrl":"https:\/\/universnews224.com\/wp-content\/uploads\/2022\/08\/cropped-cropped-logoban.jpg","width":1080,"height":138,"caption":"UNIVERSNEWS224"},"image":{"@id":"https:\/\/universnews224.com\/#\/schema\/logo\/image\/"}},{"@type":"Person","@id":"https:\/\/universnews224.com\/#\/schema\/person\/a4b7d4f94a4716df60456a491260485e","name":"La R\u00e9daction","image":{"@type":"ImageObject","inLanguage":"fr-FR","@id":"https:\/\/universnews224.com\/#\/schema\/person\/image\/","url":"https:\/\/secure.gravatar.com\/avatar\/edb90acc7752b23e1b3307ad36c14f0d?s=96&d=mm&r=g","contentUrl":"https:\/\/secure.gravatar.com\/avatar\/edb90acc7752b23e1b3307ad36c14f0d?s=96&d=mm&r=g","caption":"La R\u00e9daction"},"sameAs":["https:\/\/universnews224.com"],"url":"https:\/\/universnews224.com\/index.php\/author\/m-camara\/"}]}},"_links":{"self":[{"href":"https:\/\/universnews224.com\/index.php\/wp-json\/wp\/v2\/posts\/4861"}],"collection":[{"href":"https:\/\/universnews224.com\/index.php\/wp-json\/wp\/v2\/posts"}],"about":[{"href":"https:\/\/universnews224.com\/index.php\/wp-json\/wp\/v2\/types\/post"}],"author":[{"embeddable":true,"href":"https:\/\/universnews224.com\/index.php\/wp-json\/wp\/v2\/users\/2"}],"replies":[{"embeddable":true,"href":"https:\/\/universnews224.com\/index.php\/wp-json\/wp\/v2\/comments?post=4861"}],"version-history":[{"count":1,"href":"https:\/\/universnews224.com\/index.php\/wp-json\/wp\/v2\/posts\/4861\/revisions"}],"predecessor-version":[{"id":4863,"href":"https:\/\/universnews224.com\/index.php\/wp-json\/wp\/v2\/posts\/4861\/revisions\/4863"}],"wp:featuredmedia":[{"embeddable":true,"href":"https:\/\/universnews224.com\/index.php\/wp-json\/wp\/v2\/media\/4862"}],"wp:attachment":[{"href":"https:\/\/universnews224.com\/index.php\/wp-json\/wp\/v2\/media?parent=4861"}],"wp:term":[{"taxonomy":"category","embeddable":true,"href":"https:\/\/universnews224.com\/index.php\/wp-json\/wp\/v2\/categories?post=4861"},{"taxonomy":"post_tag","embeddable":true,"href":"https:\/\/universnews224.com\/index.php\/wp-json\/wp\/v2\/tags?post=4861"}],"curies":[{"name":"wp","href":"https:\/\/api.w.org\/{rel}","templated":true}]}}