{"id":4868,"date":"2023-12-28T02:12:20","date_gmt":"2023-12-28T01:12:20","guid":{"rendered":"https:\/\/universnews224.com\/?p=4868"},"modified":"2023-12-28T02:12:20","modified_gmt":"2023-12-28T01:12:20","slug":"moussa-solano-a-fode-bangoura-quand-on-est-illegal-et-illegitime-on-ne-peut-pas-gouverner-on-ne-peut-appeler-a-un-congres","status":"publish","type":"post","link":"https:\/\/universnews224.com\/index.php\/moussa-solano-a-fode-bangoura-quand-on-est-illegal-et-illegitime-on-ne-peut-pas-gouverner-on-ne-peut-appeler-a-un-congres\/","title":{"rendered":"Moussa Solano \u00e0 Fod\u00e9 Bangoura: \u2018\u2019Quand on est ill\u00e9gal et ill\u00e9gitime, on ne peut pas gouverner, on ne peut appeler \u00e0 un congr\u00e8s\u2019\u2019"},"content":{"rendered":"<p>Malgr\u00e9 une certaine accalmie, la crise au sein du Parti de l\u2019unit\u00e9 et du progr\u00e8s (PUP) est visiblement loin de conna\u00eetre son \u00e9pilogue. Depuis des mois, le parti de l\u2019ancien pr\u00e9sident, feu G\u00e9n\u00e9ral Lansana Cont\u00e9, traverse une crise de leadership sous fond de division entre deux camps rivaux.<\/p>\n<p>Pour rappel, des militantes du PUP soutenues par le camp de Cheick Ahmed Camara r\u00e9clament le d\u00e9part de l\u2019actuel pr\u00e9sident Fod\u00e9 Bangoura \u00e0 la t\u00eate du parti. Dans un entretien accord\u00e9 \u00e0 notre r\u00e9daction, l\u2019ancien pr\u00e9sident de cette formation politique, actuellement pr\u00e9sident d\u2019honneur, Moussa Solano a indiqu\u00e9 que cette crise a pour cause fondamentale, l\u2019absence de congr\u00e8s.<\/p>\n<p>\u2018\u2019Je crois que la crise au sein du PUP, c\u2019est un probl\u00e8me de droit, on l\u2019a d\u00e9j\u00e0 dit. El le ministre m\u00eame a \u00e9lev\u00e9 le ton et il a demand\u00e9 \u00e0 tous les partis politiques de faire leurs congr\u00e8s. Le soul\u00e8vement au PUP, c\u2019est un soul\u00e8vement qui a pour cause fondamentale, l\u2019absence de congr\u00e8s. Donc, si on ne fait pas de congr\u00e8s, il n\u2019y a pas de parti, parce que la participation aux diff\u00e9rentes consultations nationales pr\u00e9c\u00e8de des mandats que les institutions doivent confier \u00e0 ceux qui doivent participer. On ne peut pas participer \u00e0 une \u00e9lection quelconque, si vous n\u2019avez pas un mandat d\u2019une instance du parti. C\u2019est l\u2019instance du parti qui se r\u00e9unit, qui donne mandat et qui voit quels sont ceux qui seront habilit\u00e9s \u00e0 participer \u00e0 une \u00e9lection. Mais s\u2019il n\u2019y a pas de congr\u00e8s, m\u00eame ceux qui organisent cette instance ne seront pas dans le pouvoir de l\u2019organiser, parce qu\u2019ils seront ill\u00e9gaux, ils seront ill\u00e9gitimes.<\/p>\n<div class=\"jeg_ad jeg_ad_article jnews_content_inline_3_ads  \">\n<div class=\"ads-wrapper align-center \"><\/div>\n<\/div>\n<p>Quand on est ill\u00e9gal et ill\u00e9gitime, on ne peut pas gouverner, on ne peut appeler \u00e0 un congr\u00e8s, vous ne pouvez m\u00eame pas appeler une instance du parti pour dire venez. Vous le ferez en tant que qui? Voil\u00e0 les probl\u00e8mes qui se posent dans le parti et c\u2019est de cela dont on parle\u2019\u2019, souligne l\u2019ancien pr\u00e9sident du PUP, qui a d\u2019ailleurs indiqu\u00e9 que leur volont\u00e9, c\u2019est que ces probl\u00e8mes cessent pour permettre au parti de redevenir ce qu\u2019il a \u00e9t\u00e9 sous le magist\u00e8re du feu pr\u00e9sident Lansana Cont\u00e9.<\/p>\n<p>\u2018\u2019Nous voulons que ces probl\u00e8mes l\u00e0 cessent, pour que le parti redevienne ce qu\u2019il a \u00e9t\u00e9. Nous sommes un parti exemplaire, cinq personnes se sont succ\u00e9d\u00e9es depuis sa cr\u00e9ation. Donc, \u00e7a devrait continuer, il n\u2019y a pas de raison d\u2019interrompre ce processus qui est un processus d\u00e9mocratique salutaire. Donc, l\u2019interrompre, c\u2019est un g\u00e2chis, c\u2019est une faute grave et \u00e7a met en p\u00e9ril le parti. \u00c7a met le parti dans une certaine hibernation, \u00e7a met le parti dans l\u2019immobilisme. Ce qui n\u2019est pas \u00e0 l\u2019avantage des militants et militantes et \u00e7a ne fait pas progresser le parti. Et c\u2019est pourquoi, le parti doit \u00eatre toujours dans les conditions de pouvoir renouveler ses instances, faire sa mue et faire peau neuve\u2019\u2019, a martel\u00e9 Moussa Solano.<\/p>\n<p>Lerevelateur<\/p>\n","protected":false},"excerpt":{"rendered":"<p>Malgr\u00e9 une certaine accalmie, la crise au sein du Parti de l\u2019unit\u00e9 et du progr\u00e8s<\/p>\n","protected":false},"author":2,"featured_media":4235,"comment_status":"closed","ping_status":"open","sticky":false,"template":"","format":"standard","meta":[],"categories":[3,4],"tags":[229],"yoast_head":"<!-- This site is optimized with the Yoast SEO plugin v19.13 - https:\/\/yoast.com\/wordpress\/plugins\/seo\/ -->\n<title>Moussa Solano \u00e0 Fod\u00e9 Bangoura: \u2018\u2019Quand on est ill\u00e9gal et ill\u00e9gitime, on ne peut pas gouverner, on ne peut appeler \u00e0 un congr\u00e8s\u2019\u2019 - UNIVERSNEWS224<\/title>\n<meta name=\"robots\" content=\"index, follow, max-snippet:-1, max-image-preview:large, max-video-preview:-1\" \/>\n<link rel=\"canonical\" href=\"https:\/\/universnews224.com\/index.php\/moussa-solano-a-fode-bangoura-quand-on-est-illegal-et-illegitime-on-ne-peut-pas-gouverner-on-ne-peut-appeler-a-un-congres\/\" \/>\n<meta property=\"og:locale\" content=\"fr_FR\" \/>\n<meta property=\"og:type\" content=\"article\" \/>\n<meta property=\"og:title\" content=\"Moussa Solano \u00e0 Fod\u00e9 Bangoura: \u2018\u2019Quand on est ill\u00e9gal et ill\u00e9gitime, on ne peut pas gouverner, on ne peut appeler \u00e0 un congr\u00e8s\u2019\u2019 - UNIVERSNEWS224\" \/>\n<meta property=\"og:description\" content=\"Malgr\u00e9 une certaine accalmie, la crise au sein du Parti de l\u2019unit\u00e9 et du progr\u00e8s\" \/>\n<meta property=\"og:url\" content=\"https:\/\/universnews224.com\/index.php\/moussa-solano-a-fode-bangoura-quand-on-est-illegal-et-illegitime-on-ne-peut-pas-gouverner-on-ne-peut-appeler-a-un-congres\/\" \/>\n<meta property=\"og:site_name\" content=\"UNIVERSNEWS224\" \/>\n<meta property=\"article:published_time\" content=\"2023-12-28T01:12:20+00:00\" \/>\n<meta property=\"og:image\" content=\"https:\/\/universnews224.com\/wp-content\/uploads\/2023\/09\/2173D577-B71D-400B-B0E8-DA21B37257F8.jpeg\" \/>\n\t<meta property=\"og:image:width\" content=\"800\" \/>\n\t<meta property=\"og:image:height\" content=\"540\" \/>\n\t<meta property=\"og:image:type\" content=\"image\/jpeg\" \/>\n<meta name=\"author\" content=\"La R\u00e9daction\" \/>\n<meta name=\"twitter:label1\" content=\"\u00c9crit par\" \/>\n\t<meta name=\"twitter:data1\" content=\"La R\u00e9daction\" \/>\n\t<meta name=\"twitter:label2\" content=\"Dur\u00e9e de lecture estim\u00e9e\" \/>\n\t<meta name=\"twitter:data2\" content=\"3 minutes\" \/>\n<script type=\"application\/ld+json\" class=\"yoast-schema-graph\">{\"@context\":\"https:\/\/schema.org\",\"@graph\":[{\"@type\":\"Article\",\"@id\":\"https:\/\/universnews224.com\/index.php\/moussa-solano-a-fode-bangoura-quand-on-est-illegal-et-illegitime-on-ne-peut-pas-gouverner-on-ne-peut-appeler-a-un-congres\/#article\",\"isPartOf\":{\"@id\":\"https:\/\/universnews224.com\/index.php\/moussa-solano-a-fode-bangoura-quand-on-est-illegal-et-illegitime-on-ne-peut-pas-gouverner-on-ne-peut-appeler-a-un-congres\/\"},\"author\":{\"name\":\"La R\u00e9daction\",\"@id\":\"https:\/\/universnews224.com\/#\/schema\/person\/a4b7d4f94a4716df60456a491260485e\"},\"headline\":\"Moussa Solano \u00e0 Fod\u00e9 Bangoura: \u2018\u2019Quand on est ill\u00e9gal et ill\u00e9gitime, on ne peut pas gouverner, on ne peut appeler \u00e0 un congr\u00e8s\u2019\u2019\",\"datePublished\":\"2023-12-28T01:12:20+00:00\",\"dateModified\":\"2023-12-28T01:12:20+00:00\",\"mainEntityOfPage\":{\"@id\":\"https:\/\/universnews224.com\/index.php\/moussa-solano-a-fode-bangoura-quand-on-est-illegal-et-illegitime-on-ne-peut-pas-gouverner-on-ne-peut-appeler-a-un-congres\/\"},\"wordCount\":573,\"publisher\":{\"@id\":\"https:\/\/universnews224.com\/#organization\"},\"keywords\":[\"La une\"],\"articleSection\":[\"ACTU\",\"POLITIQUE\"],\"inLanguage\":\"fr-FR\"},{\"@type\":\"WebPage\",\"@id\":\"https:\/\/universnews224.com\/index.php\/moussa-solano-a-fode-bangoura-quand-on-est-illegal-et-illegitime-on-ne-peut-pas-gouverner-on-ne-peut-appeler-a-un-congres\/\",\"url\":\"https:\/\/universnews224.com\/index.php\/moussa-solano-a-fode-bangoura-quand-on-est-illegal-et-illegitime-on-ne-peut-pas-gouverner-on-ne-peut-appeler-a-un-congres\/\",\"name\":\"Moussa Solano \u00e0 Fod\u00e9 Bangoura: \u2018\u2019Quand on est ill\u00e9gal et ill\u00e9gitime, on ne peut pas gouverner, on ne peut appeler \u00e0 un congr\u00e8s\u2019\u2019 - UNIVERSNEWS224\",\"isPartOf\":{\"@id\":\"https:\/\/universnews224.com\/#website\"},\"datePublished\":\"2023-12-28T01:12:20+00:00\",\"dateModified\":\"2023-12-28T01:12:20+00:00\",\"inLanguage\":\"fr-FR\",\"potentialAction\":[{\"@type\":\"ReadAction\",\"target\":[\"https:\/\/universnews224.com\/index.php\/moussa-solano-a-fode-bangoura-quand-on-est-illegal-et-illegitime-on-ne-peut-pas-gouverner-on-ne-peut-appeler-a-un-congres\/\"]}]},{\"@type\":\"WebSite\",\"@id\":\"https:\/\/universnews224.com\/#website\",\"url\":\"https:\/\/universnews224.com\/\",\"name\":\"UNIVERSNEWS224\",\"description\":\"\",\"publisher\":{\"@id\":\"https:\/\/universnews224.com\/#organization\"},\"potentialAction\":[{\"@type\":\"SearchAction\",\"target\":{\"@type\":\"EntryPoint\",\"urlTemplate\":\"https:\/\/universnews224.com\/?s={search_term_string}\"},\"query-input\":\"required name=search_term_string\"}],\"inLanguage\":\"fr-FR\"},{\"@type\":\"Organization\",\"@id\":\"https:\/\/universnews224.com\/#organization\",\"name\":\"UNIVERSNEWS224\",\"url\":\"https:\/\/universnews224.com\/\",\"logo\":{\"@type\":\"ImageObject\",\"inLanguage\":\"fr-FR\",\"@id\":\"https:\/\/universnews224.com\/#\/schema\/logo\/image\/\",\"url\":\"https:\/\/universnews224.com\/wp-content\/uploads\/2022\/08\/cropped-cropped-logoban.jpg\",\"contentUrl\":\"https:\/\/universnews224.com\/wp-content\/uploads\/2022\/08\/cropped-cropped-logoban.jpg\",\"width\":1080,\"height\":138,\"caption\":\"UNIVERSNEWS224\"},\"image\":{\"@id\":\"https:\/\/universnews224.com\/#\/schema\/logo\/image\/\"}},{\"@type\":\"Person\",\"@id\":\"https:\/\/universnews224.com\/#\/schema\/person\/a4b7d4f94a4716df60456a491260485e\",\"name\":\"La R\u00e9daction\",\"image\":{\"@type\":\"ImageObject\",\"inLanguage\":\"fr-FR\",\"@id\":\"https:\/\/universnews224.com\/#\/schema\/person\/image\/\",\"url\":\"https:\/\/secure.gravatar.com\/avatar\/edb90acc7752b23e1b3307ad36c14f0d?s=96&d=mm&r=g\",\"contentUrl\":\"https:\/\/secure.gravatar.com\/avatar\/edb90acc7752b23e1b3307ad36c14f0d?s=96&d=mm&r=g\",\"caption\":\"La R\u00e9daction\"},\"sameAs\":[\"https:\/\/universnews224.com\"],\"url\":\"https:\/\/universnews224.com\/index.php\/author\/m-camara\/\"}]}<\/script>\n<!-- \/ Yoast SEO plugin. -->","yoast_head_json":{"title":"Moussa Solano \u00e0 Fod\u00e9 Bangoura: \u2018\u2019Quand on est ill\u00e9gal et ill\u00e9gitime, on ne peut pas gouverner, on ne peut appeler \u00e0 un congr\u00e8s\u2019\u2019 - UNIVERSNEWS224","robots":{"index":"index","follow":"follow","max-snippet":"max-snippet:-1","max-image-preview":"max-image-preview:large","max-video-preview":"max-video-preview:-1"},"canonical":"https:\/\/universnews224.com\/index.php\/moussa-solano-a-fode-bangoura-quand-on-est-illegal-et-illegitime-on-ne-peut-pas-gouverner-on-ne-peut-appeler-a-un-congres\/","og_locale":"fr_FR","og_type":"article","og_title":"Moussa Solano \u00e0 Fod\u00e9 Bangoura: \u2018\u2019Quand on est ill\u00e9gal et ill\u00e9gitime, on ne peut pas gouverner, on ne peut appeler \u00e0 un congr\u00e8s\u2019\u2019 - UNIVERSNEWS224","og_description":"Malgr\u00e9 une certaine accalmie, la crise au sein du Parti de l\u2019unit\u00e9 et du progr\u00e8s","og_url":"https:\/\/universnews224.com\/index.php\/moussa-solano-a-fode-bangoura-quand-on-est-illegal-et-illegitime-on-ne-peut-pas-gouverner-on-ne-peut-appeler-a-un-congres\/","og_site_name":"UNIVERSNEWS224","article_published_time":"2023-12-28T01:12:20+00:00","og_image":[{"width":800,"height":540,"url":"https:\/\/universnews224.com\/wp-content\/uploads\/2023\/09\/2173D577-B71D-400B-B0E8-DA21B37257F8.jpeg","type":"image\/jpeg"}],"author":"La R\u00e9daction","twitter_misc":{"\u00c9crit par":"La R\u00e9daction","Dur\u00e9e de lecture estim\u00e9e":"3 minutes"},"schema":{"@context":"https:\/\/schema.org","@graph":[{"@type":"Article","@id":"https:\/\/universnews224.com\/index.php\/moussa-solano-a-fode-bangoura-quand-on-est-illegal-et-illegitime-on-ne-peut-pas-gouverner-on-ne-peut-appeler-a-un-congres\/#article","isPartOf":{"@id":"https:\/\/universnews224.com\/index.php\/moussa-solano-a-fode-bangoura-quand-on-est-illegal-et-illegitime-on-ne-peut-pas-gouverner-on-ne-peut-appeler-a-un-congres\/"},"author":{"name":"La R\u00e9daction","@id":"https:\/\/universnews224.com\/#\/schema\/person\/a4b7d4f94a4716df60456a491260485e"},"headline":"Moussa Solano \u00e0 Fod\u00e9 Bangoura: \u2018\u2019Quand on est ill\u00e9gal et ill\u00e9gitime, on ne peut pas gouverner, on ne peut appeler \u00e0 un congr\u00e8s\u2019\u2019","datePublished":"2023-12-28T01:12:20+00:00","dateModified":"2023-12-28T01:12:20+00:00","mainEntityOfPage":{"@id":"https:\/\/universnews224.com\/index.php\/moussa-solano-a-fode-bangoura-quand-on-est-illegal-et-illegitime-on-ne-peut-pas-gouverner-on-ne-peut-appeler-a-un-congres\/"},"wordCount":573,"publisher":{"@id":"https:\/\/universnews224.com\/#organization"},"keywords":["La une"],"articleSection":["ACTU","POLITIQUE"],"inLanguage":"fr-FR"},{"@type":"WebPage","@id":"https:\/\/universnews224.com\/index.php\/moussa-solano-a-fode-bangoura-quand-on-est-illegal-et-illegitime-on-ne-peut-pas-gouverner-on-ne-peut-appeler-a-un-congres\/","url":"https:\/\/universnews224.com\/index.php\/moussa-solano-a-fode-bangoura-quand-on-est-illegal-et-illegitime-on-ne-peut-pas-gouverner-on-ne-peut-appeler-a-un-congres\/","name":"Moussa Solano \u00e0 Fod\u00e9 Bangoura: \u2018\u2019Quand on est ill\u00e9gal et ill\u00e9gitime, on ne peut pas gouverner, on ne peut appeler \u00e0 un congr\u00e8s\u2019\u2019 - UNIVERSNEWS224","isPartOf":{"@id":"https:\/\/universnews224.com\/#website"},"datePublished":"2023-12-28T01:12:20+00:00","dateModified":"2023-12-28T01:12:20+00:00","inLanguage":"fr-FR","potentialAction":[{"@type":"ReadAction","target":["https:\/\/universnews224.com\/index.php\/moussa-solano-a-fode-bangoura-quand-on-est-illegal-et-illegitime-on-ne-peut-pas-gouverner-on-ne-peut-appeler-a-un-congres\/"]}]},{"@type":"WebSite","@id":"https:\/\/universnews224.com\/#website","url":"https:\/\/universnews224.com\/","name":"UNIVERSNEWS224","description":"","publisher":{"@id":"https:\/\/universnews224.com\/#organization"},"potentialAction":[{"@type":"SearchAction","target":{"@type":"EntryPoint","urlTemplate":"https:\/\/universnews224.com\/?s={search_term_string}"},"query-input":"required name=search_term_string"}],"inLanguage":"fr-FR"},{"@type":"Organization","@id":"https:\/\/universnews224.com\/#organization","name":"UNIVERSNEWS224","url":"https:\/\/universnews224.com\/","logo":{"@type":"ImageObject","inLanguage":"fr-FR","@id":"https:\/\/universnews224.com\/#\/schema\/logo\/image\/","url":"https:\/\/universnews224.com\/wp-content\/uploads\/2022\/08\/cropped-cropped-logoban.jpg","contentUrl":"https:\/\/universnews224.com\/wp-content\/uploads\/2022\/08\/cropped-cropped-logoban.jpg","width":1080,"height":138,"caption":"UNIVERSNEWS224"},"image":{"@id":"https:\/\/universnews224.com\/#\/schema\/logo\/image\/"}},{"@type":"Person","@id":"https:\/\/universnews224.com\/#\/schema\/person\/a4b7d4f94a4716df60456a491260485e","name":"La R\u00e9daction","image":{"@type":"ImageObject","inLanguage":"fr-FR","@id":"https:\/\/universnews224.com\/#\/schema\/person\/image\/","url":"https:\/\/secure.gravatar.com\/avatar\/edb90acc7752b23e1b3307ad36c14f0d?s=96&d=mm&r=g","contentUrl":"https:\/\/secure.gravatar.com\/avatar\/edb90acc7752b23e1b3307ad36c14f0d?s=96&d=mm&r=g","caption":"La R\u00e9daction"},"sameAs":["https:\/\/universnews224.com"],"url":"https:\/\/universnews224.com\/index.php\/author\/m-camara\/"}]}},"_links":{"self":[{"href":"https:\/\/universnews224.com\/index.php\/wp-json\/wp\/v2\/posts\/4868"}],"collection":[{"href":"https:\/\/universnews224.com\/index.php\/wp-json\/wp\/v2\/posts"}],"about":[{"href":"https:\/\/universnews224.com\/index.php\/wp-json\/wp\/v2\/types\/post"}],"author":[{"embeddable":true,"href":"https:\/\/universnews224.com\/index.php\/wp-json\/wp\/v2\/users\/2"}],"replies":[{"embeddable":true,"href":"https:\/\/universnews224.com\/index.php\/wp-json\/wp\/v2\/comments?post=4868"}],"version-history":[{"count":1,"href":"https:\/\/universnews224.com\/index.php\/wp-json\/wp\/v2\/posts\/4868\/revisions"}],"predecessor-version":[{"id":4869,"href":"https:\/\/universnews224.com\/index.php\/wp-json\/wp\/v2\/posts\/4868\/revisions\/4869"}],"wp:featuredmedia":[{"embeddable":true,"href":"https:\/\/universnews224.com\/index.php\/wp-json\/wp\/v2\/media\/4235"}],"wp:attachment":[{"href":"https:\/\/universnews224.com\/index.php\/wp-json\/wp\/v2\/media?parent=4868"}],"wp:term":[{"taxonomy":"category","embeddable":true,"href":"https:\/\/universnews224.com\/index.php\/wp-json\/wp\/v2\/categories?post=4868"},{"taxonomy":"post_tag","embeddable":true,"href":"https:\/\/universnews224.com\/index.php\/wp-json\/wp\/v2\/tags?post=4868"}],"curies":[{"name":"wp","href":"https:\/\/api.w.org\/{rel}","templated":true}]}}