{"id":4881,"date":"2024-01-01T01:02:20","date_gmt":"2024-01-01T00:02:20","guid":{"rendered":"https:\/\/universnews224.com\/?p=4881"},"modified":"2024-01-01T01:02:20","modified_gmt":"2024-01-01T00:02:20","slug":"cnt-les-conseillers-nationaux-adoptent-le-projet-de-loi-des-finances-initiale-2024-dans-son-volet-depense","status":"publish","type":"post","link":"https:\/\/universnews224.com\/index.php\/cnt-les-conseillers-nationaux-adoptent-le-projet-de-loi-des-finances-initiale-2024-dans-son-volet-depense\/","title":{"rendered":"CNT:  les conseillers nationaux adoptent le Projet de Loi des Finances Initiale 2024, dans son volet D\u00e9pense."},"content":{"rendered":"<p class=\"p1\"><span class=\"s1\">CNT:<span class=\"Apple-converted-space\">\u00a0 <\/span>les conseillers nationaux adoptent le Projet de Loi des Finances Initiale 2024, dans son volet D\u00e9pense. <\/span><\/p>\n<p class=\"p1\"><span class=\"s1\">R\u00e9unis en pl\u00e9ni\u00e8re dans l\u2019apr\u00e8s-midi ce dimanche, 31 d\u00e9cembre 2023, \u00e0 l\u2019h\u00e9micycle du palais du peuple, sous l\u2019\u00e9gide de Dr Dansa Kourouma, les conseillers nationaux de la transition apr\u00e8s examen, ont adopt\u00e9 \u00e0 la majorit\u00e9 des les conseillers pr\u00e9sents, le Projet de Loi des Finances Initiale 2024, dans son volet D\u00e9pense. <\/span><\/p>\n<p class=\"p1\"><span class=\"s1\">Cette pl\u00e9ni\u00e8re a connu la pr\u00e9sence des membres du CNRD et du gouvernement, les repr\u00e9sentants des institutions r\u00e9publicaines et des organisations syndicales et de la soci\u00e9t\u00e9 civile ainsi que le grand imam de la grande mosqu\u00e9e Faycal et de l\u2019archev\u00eaque de Conakry. <\/span><\/p>\n<p class=\"p1\"><span class=\"s1\">Selon Mme. Fatima Camara, rapporteure <\/span><\/p>\n<p class=\"p1\"><span class=\"s2\">de \u00a0la Commission du Plan, des Affaires Financi\u00e8res et du Contr\u00f4le Budg\u00e9taire, <\/span><span class=\"s1\">suite<span class=\"Apple-converted-space\">\u00a0 <\/span>\u00e0 la baisse des recettes du projet de loi de finances 2024 de 446,11 Mds, les d\u00e9penses ont \u00e9t\u00e9 r\u00e9\u00e9valu\u00e9es \u00e0 37\u00a0682,58 Mds contre une pr\u00e9vision dans la Loi de Finances Rectificative 2023 de 37\u00a0249,45 Mds (+1,16%).<\/span><\/p>\n<p class=\"p1\"><span class=\"s1\">\u201cRapport\u00e9es au PIB, les d\u00e9penses s\u2019\u00e9tablissent \u00e0 18,55%. L\u2019augmentation des d\u00e9penses de 433,13 Mds par rapport \u00e0 2023, est imputable aux d\u00e9penses courantes pour 453,22 Mds (2,10%). Elle est att\u00e9nu\u00e9e par la l\u00e9g\u00e8re baisse des d\u00e9penses d\u2019investissement y compris les BAS pour 20,09 Mds (-0,13%). Cette baisse s\u2019explique par la r\u00e9duction des d\u00e9penses du BAS Fonds Commun de l\u2019Education pour 241,33 Mds\u201d, a t-elle indiqu\u00e9. <\/span><\/p>\n<p class=\"p1\"><span class=\"s1\">Ainsi, poursuit-elle, \u201cles d\u00e9penses courantes ont \u00e9t\u00e9 projet\u00e9es \u00e0 22\u202f076,10 Mds, et repr\u00e9sentent 60,62% du total des d\u00e9penses du Budget G\u00e9n\u00e9ral du PLF 2024. <\/span><\/p>\n<p class=\"p1\"><span class=\"s1\">\u201cCes d\u00e9penses portent sur les charges financi\u00e8res de la dette pour 1\u00a0406,23 Mds, les d\u00e9penses de personnel pour 9\u202f270,53 Mds, les d\u00e9penses de biens et services pour 3\u202f994,19 Mds et les d\u00e9penses de transfert pour 7\u00a0405,15 Mds\u201d, a t-elle soulign\u00e9. <\/span><\/p>\n<p class=\"p1\"><span class=\"s1\">\u00a0<\/span><\/p>\n<p class=\"p1\"><span class=\"s1\">Au titre des charges financi\u00e8res de la dette, l\u2019honorable Fatima Camara a indiqu\u00e9 que, les projections pour 2024 se chiffrent \u00e0 1\u00a0406,23 Mds contre une pr\u00e9vision de la LFR 2023 de 1\u00a0063,20 Mds, soit une hausse de 343,03 Mds (+32,26%). <\/span><\/p>\n<p class=\"p1\"><span class=\"s1\">\u201cLa part des charges financi\u00e8res de la dette dans les d\u00e9penses courantes est de 6,27% et se d\u00e9composent en int\u00e9r\u00eats de la dette int\u00e9rieure pour 810,58 Mds (57,64%) et en int\u00e9r\u00eats de la dette ext\u00e9rieure pour 595,66 Mds (42,36%)\u201d, a t-elle dit. <\/span><\/p>\n<p class=\"p1\"><span class=\"s1\">\u00a0<\/span><\/p>\n<p class=\"p1\"><span class=\"s1\">S\u2019agissant des d\u00e9penses de personnel, Mme<\/span><\/p>\n<p class=\"p1\"><span class=\"s1\">Fatima Camara a d\u00e9clar\u00e9 qu\u2019elles sont \u00e9valu\u00e9es \u00e0 9\u202f270,53 Mds contre 7\u00a0831,50 Mds en 2023, soit une augmentation de 1\u202f439,03 Mds (+18,37%). <\/span><\/p>\n<p class=\"p1\"><span class=\"s1\">\u201cCe niveau de pr\u00e9vision prend en compte le programme de recrutement de 20\u00a0000 nouveaux fonctionnaires en 2024, l\u2019impact du protocole d\u2019accord sign\u00e9 entre le mouvement syndical, le Gouvernement et le Patronat, les primes de l\u2019\u00e9quipe nationale de football pour la Coupe d\u2019Afrique des Nations 2024, le recrutement de nouveaux agents en faveur des forces de d\u00e9fense et de s\u00e9curit\u00e9 et les salaires projets. La part des d\u00e9penses de personnel dans les d\u00e9penses courantes se situe \u00e0 41,99%. Rapport\u00e9es aux recettes fiscales, elles passent de 30,72% en LFR 2023 \u00e0 34,44% dans le PLF 2024. Ce taux reste l\u00e9g\u00e8rement encore inf\u00e9rieur au seuil du crit\u00e8re de convergence de la CEDEAO qui est de 35%. Toutefois, en int\u00e9grant les allocations familiales et les pensions civiles et militaires enti\u00e8rement support\u00e9es par l\u2019Etat, ce taux se porterait \u00e0 42,42%\u201d, a t-il not\u00e9. <\/span><\/p>\n<p class=\"p1\"><span class=\"s1\">\u00a0<\/span><\/p>\n<p class=\"p1\"><span class=\"s1\">\u00c0 ce qui concerne les d\u00e9penses de biens et services, la rapporteure de la de \u00a0la Commission du Plan, des Affaires Financi\u00e8res et du Contr\u00f4le Budg\u00e9taire, a laiss\u00e9 entendre qu\u2019elles sont projet\u00e9es \u00e0 hauteur de 3\u202f994,19 Mds contre 4\u00a0116,86 Mds dans la LFR 2023, soit une baisse de 122,67 Mds (-2,98%), et repr\u00e9sentent 18,09% des d\u00e9penses courantes. <\/span><\/p>\n<p class=\"p1\"><span class=\"s1\">\u201cCette projection prend essentiellement en compte les activit\u00e9s li\u00e9es au chronogramme de la Transition, le fonctionnement des forces de d\u00e9fense et de s\u00e9curit\u00e9, l\u2019achat de m\u00e9dicaments et de vaccins, la participation de la Guin\u00e9e \u00e0 la Coupe d\u2019Afrique des Nations 2024 et la consommation en eau et \u00e9lectricit\u00e9 de l\u2019administration publique. Ces d\u00e9penses absorbent 13,90% des recettes hors dons\u201d, a t-elle d\u00e9clar\u00e9. <\/span><\/p>\n<p class=\"p1\"><span class=\"s1\">Quant aux <\/span><span class=\"s2\">D\u00e9penses de transfert, elle a confi\u00e9 que, <\/span><span class=\"s1\">cette rubrique de d\u00e9penses est \u00e9valu\u00e9e \u00e0 7 405,15 Mds dans le Projet de Loi de Finances 2024 contre 8 611,32 Mds en 2023, soit une diminution de 1\u00a0206,17 Mds (-14,01%). <\/span><\/p>\n<p class=\"p1\"><span class=\"s1\">\u201cCette baisse est port\u00e9e principalement par la r\u00e9duction de 1\u00a0250 Mds de la subvention accord\u00e9e \u00e0 EDG. La part des d\u00e9penses de transfert dans les d\u00e9penses courantes est de 33,54%.L\u2019\u00e9valuation des d\u00e9penses de transfert a pris en compte les d\u00e9penses de pensions civiles et militaires, revaloris\u00e9es conform\u00e9ment au protocole d\u2019accord entre le mouvement syndical et le Gouvernement, le Recensement G\u00e9n\u00e9ral de la Population et de l\u2019Habitat (RGPH), l\u2019assainissement du Grand Conakry, les bourses et compl\u00e9ments de bourses de nos \u00e9tudiants \u00e0 l\u2019int\u00e9rieur et \u00e0 l\u2019ext\u00e9rieur du pays, les contributions internationales, l\u2019alimentation et les frais m\u00e9dicaux des d\u00e9tenus\u201d, a t-elle indiqu\u00e9. <\/span><\/p>\n<p class=\"p1\"><span class=\"s1\">\u00a0<\/span><\/p>\n<p class=\"p1\"><span class=\"s1\">S\u2019agissant des <\/span><span class=\"s2\">D\u00e9penses d\u2019investissement, Mme Fatima Camara a soulign\u00e9 que, <\/span><span class=\"s1\">les<span class=\"Apple-converted-space\">\u00a0 <\/span>d\u00e9penses d\u2019investissement y compris BAS se chiffrent \u00e0 15\u202f606,48 Mds contre 15\u00a0626,57 Mds dans la LFR 2023, soit une baisse de 15,88 Mds (-0,10%), elles repr\u00e9sentent 41,05% des d\u00e9penses totales et sont financ\u00e9es \u00e0 hauteur de 51,26% sur ressources int\u00e9rieures et 48,74% sur ressources ext\u00e9rieures contre respectivement 53,17% et 46,83% en 2023.<\/span><\/p>\n<p class=\"p1\"><span class=\"s1\">\u00a0<\/span><\/p>\n<p class=\"p1\"><span class=\"s1\">\u201cPar ailleurs, les d\u00e9penses d\u2019investissement hors BAS sont \u00e9valu\u00e9es \u00e0 14\u202f557,85 Mds contre 14 429,42 Mds en LFR 2023, soit une augmentation de 128,43 Mds (+0,89%). Leur part repr\u00e9sente 39,74% des d\u00e9penses du budget g\u00e9n\u00e9ral et 7,16% du PIB contre respectivement 40,02% et 6,77% dans le budget r\u00e9vis\u00e9 de 2023. Ces d\u00e9penses sont essentiellement d\u00e9di\u00e9es \u00e0 la poursuite de la r\u00e9alisation des 44 projets et programmes prioritaires, l\u2019acquisition de chancelleries pour les repr\u00e9sentations diplomatiques \u00e0 l\u2019\u00e9tranger, l\u2019allocation au Fonds d\u2019Entretien Routier, les prises de participation et \u00e0 l\u2019acquisition de 50 nouveaux bus de transport en commun\u201d, a t-elle martel\u00e9. <\/span><\/p>\n<p class=\"p1\"><span class=\"s1\">Mohamed Camara <\/span><\/p>\n","protected":false},"excerpt":{"rendered":"<p>CNT:\u00a0 les conseillers nationaux adoptent le Projet de Loi des Finances Initiale 2024, dans son<\/p>\n","protected":false},"author":2,"featured_media":4882,"comment_status":"closed","ping_status":"open","sticky":false,"template":"","format":"standard","meta":[],"categories":[3,5],"tags":[229],"yoast_head":"<!-- This site is optimized with the Yoast SEO plugin v19.13 - https:\/\/yoast.com\/wordpress\/plugins\/seo\/ -->\n<title>CNT: les conseillers nationaux adoptent le Projet de Loi des Finances Initiale 2024, dans son volet D\u00e9pense. - UNIVERSNEWS224<\/title>\n<meta name=\"robots\" content=\"index, follow, max-snippet:-1, max-image-preview:large, max-video-preview:-1\" \/>\n<link rel=\"canonical\" href=\"https:\/\/universnews224.com\/index.php\/cnt-les-conseillers-nationaux-adoptent-le-projet-de-loi-des-finances-initiale-2024-dans-son-volet-depense\/\" \/>\n<meta property=\"og:locale\" content=\"fr_FR\" \/>\n<meta property=\"og:type\" content=\"article\" \/>\n<meta property=\"og:title\" content=\"CNT: les conseillers nationaux adoptent le Projet de Loi des Finances Initiale 2024, dans son volet D\u00e9pense. - UNIVERSNEWS224\" \/>\n<meta property=\"og:description\" content=\"CNT:\u00a0 les conseillers nationaux adoptent le Projet de Loi des Finances Initiale 2024, dans son\" \/>\n<meta property=\"og:url\" content=\"https:\/\/universnews224.com\/index.php\/cnt-les-conseillers-nationaux-adoptent-le-projet-de-loi-des-finances-initiale-2024-dans-son-volet-depense\/\" \/>\n<meta property=\"og:site_name\" content=\"UNIVERSNEWS224\" \/>\n<meta property=\"article:published_time\" content=\"2024-01-01T00:02:20+00:00\" \/>\n<meta property=\"og:image\" content=\"https:\/\/universnews224.com\/wp-content\/uploads\/2024\/01\/7BB0CADE-60D0-4DDA-A5A2-1E8D70A9C422.jpeg\" \/>\n\t<meta property=\"og:image:width\" content=\"1600\" \/>\n\t<meta property=\"og:image:height\" content=\"1066\" \/>\n\t<meta property=\"og:image:type\" content=\"image\/jpeg\" \/>\n<meta name=\"author\" content=\"La R\u00e9daction\" \/>\n<meta name=\"twitter:label1\" content=\"\u00c9crit par\" \/>\n\t<meta name=\"twitter:data1\" content=\"La R\u00e9daction\" \/>\n\t<meta name=\"twitter:label2\" content=\"Dur\u00e9e de lecture estim\u00e9e\" \/>\n\t<meta name=\"twitter:data2\" content=\"6 minutes\" \/>\n<script type=\"application\/ld+json\" class=\"yoast-schema-graph\">{\"@context\":\"https:\/\/schema.org\",\"@graph\":[{\"@type\":\"Article\",\"@id\":\"https:\/\/universnews224.com\/index.php\/cnt-les-conseillers-nationaux-adoptent-le-projet-de-loi-des-finances-initiale-2024-dans-son-volet-depense\/#article\",\"isPartOf\":{\"@id\":\"https:\/\/universnews224.com\/index.php\/cnt-les-conseillers-nationaux-adoptent-le-projet-de-loi-des-finances-initiale-2024-dans-son-volet-depense\/\"},\"author\":{\"name\":\"La R\u00e9daction\",\"@id\":\"https:\/\/universnews224.com\/#\/schema\/person\/a4b7d4f94a4716df60456a491260485e\"},\"headline\":\"CNT: les conseillers nationaux adoptent le Projet de Loi des Finances Initiale 2024, dans son volet D\u00e9pense.\",\"datePublished\":\"2024-01-01T00:02:20+00:00\",\"dateModified\":\"2024-01-01T00:02:20+00:00\",\"mainEntityOfPage\":{\"@id\":\"https:\/\/universnews224.com\/index.php\/cnt-les-conseillers-nationaux-adoptent-le-projet-de-loi-des-finances-initiale-2024-dans-son-volet-depense\/\"},\"wordCount\":1033,\"publisher\":{\"@id\":\"https:\/\/universnews224.com\/#organization\"},\"keywords\":[\"La une\"],\"articleSection\":[\"ACTU\",\"SOCI\u00c9T\u00c9\"],\"inLanguage\":\"fr-FR\"},{\"@type\":\"WebPage\",\"@id\":\"https:\/\/universnews224.com\/index.php\/cnt-les-conseillers-nationaux-adoptent-le-projet-de-loi-des-finances-initiale-2024-dans-son-volet-depense\/\",\"url\":\"https:\/\/universnews224.com\/index.php\/cnt-les-conseillers-nationaux-adoptent-le-projet-de-loi-des-finances-initiale-2024-dans-son-volet-depense\/\",\"name\":\"CNT: les conseillers nationaux adoptent le Projet de Loi des Finances Initiale 2024, dans son volet D\u00e9pense. - UNIVERSNEWS224\",\"isPartOf\":{\"@id\":\"https:\/\/universnews224.com\/#website\"},\"datePublished\":\"2024-01-01T00:02:20+00:00\",\"dateModified\":\"2024-01-01T00:02:20+00:00\",\"inLanguage\":\"fr-FR\",\"potentialAction\":[{\"@type\":\"ReadAction\",\"target\":[\"https:\/\/universnews224.com\/index.php\/cnt-les-conseillers-nationaux-adoptent-le-projet-de-loi-des-finances-initiale-2024-dans-son-volet-depense\/\"]}]},{\"@type\":\"WebSite\",\"@id\":\"https:\/\/universnews224.com\/#website\",\"url\":\"https:\/\/universnews224.com\/\",\"name\":\"UNIVERSNEWS224\",\"description\":\"\",\"publisher\":{\"@id\":\"https:\/\/universnews224.com\/#organization\"},\"potentialAction\":[{\"@type\":\"SearchAction\",\"target\":{\"@type\":\"EntryPoint\",\"urlTemplate\":\"https:\/\/universnews224.com\/?s={search_term_string}\"},\"query-input\":\"required name=search_term_string\"}],\"inLanguage\":\"fr-FR\"},{\"@type\":\"Organization\",\"@id\":\"https:\/\/universnews224.com\/#organization\",\"name\":\"UNIVERSNEWS224\",\"url\":\"https:\/\/universnews224.com\/\",\"logo\":{\"@type\":\"ImageObject\",\"inLanguage\":\"fr-FR\",\"@id\":\"https:\/\/universnews224.com\/#\/schema\/logo\/image\/\",\"url\":\"https:\/\/universnews224.com\/wp-content\/uploads\/2022\/08\/cropped-cropped-logoban.jpg\",\"contentUrl\":\"https:\/\/universnews224.com\/wp-content\/uploads\/2022\/08\/cropped-cropped-logoban.jpg\",\"width\":1080,\"height\":138,\"caption\":\"UNIVERSNEWS224\"},\"image\":{\"@id\":\"https:\/\/universnews224.com\/#\/schema\/logo\/image\/\"}},{\"@type\":\"Person\",\"@id\":\"https:\/\/universnews224.com\/#\/schema\/person\/a4b7d4f94a4716df60456a491260485e\",\"name\":\"La R\u00e9daction\",\"image\":{\"@type\":\"ImageObject\",\"inLanguage\":\"fr-FR\",\"@id\":\"https:\/\/universnews224.com\/#\/schema\/person\/image\/\",\"url\":\"https:\/\/secure.gravatar.com\/avatar\/edb90acc7752b23e1b3307ad36c14f0d?s=96&d=mm&r=g\",\"contentUrl\":\"https:\/\/secure.gravatar.com\/avatar\/edb90acc7752b23e1b3307ad36c14f0d?s=96&d=mm&r=g\",\"caption\":\"La R\u00e9daction\"},\"sameAs\":[\"https:\/\/universnews224.com\"],\"url\":\"https:\/\/universnews224.com\/index.php\/author\/m-camara\/\"}]}<\/script>\n<!-- \/ Yoast SEO plugin. -->","yoast_head_json":{"title":"CNT: les conseillers nationaux adoptent le Projet de Loi des Finances Initiale 2024, dans son volet D\u00e9pense. - UNIVERSNEWS224","robots":{"index":"index","follow":"follow","max-snippet":"max-snippet:-1","max-image-preview":"max-image-preview:large","max-video-preview":"max-video-preview:-1"},"canonical":"https:\/\/universnews224.com\/index.php\/cnt-les-conseillers-nationaux-adoptent-le-projet-de-loi-des-finances-initiale-2024-dans-son-volet-depense\/","og_locale":"fr_FR","og_type":"article","og_title":"CNT: les conseillers nationaux adoptent le Projet de Loi des Finances Initiale 2024, dans son volet D\u00e9pense. - UNIVERSNEWS224","og_description":"CNT:\u00a0 les conseillers nationaux adoptent le Projet de Loi des Finances Initiale 2024, dans son","og_url":"https:\/\/universnews224.com\/index.php\/cnt-les-conseillers-nationaux-adoptent-le-projet-de-loi-des-finances-initiale-2024-dans-son-volet-depense\/","og_site_name":"UNIVERSNEWS224","article_published_time":"2024-01-01T00:02:20+00:00","og_image":[{"width":1600,"height":1066,"url":"https:\/\/universnews224.com\/wp-content\/uploads\/2024\/01\/7BB0CADE-60D0-4DDA-A5A2-1E8D70A9C422.jpeg","type":"image\/jpeg"}],"author":"La R\u00e9daction","twitter_misc":{"\u00c9crit par":"La R\u00e9daction","Dur\u00e9e de lecture estim\u00e9e":"6 minutes"},"schema":{"@context":"https:\/\/schema.org","@graph":[{"@type":"Article","@id":"https:\/\/universnews224.com\/index.php\/cnt-les-conseillers-nationaux-adoptent-le-projet-de-loi-des-finances-initiale-2024-dans-son-volet-depense\/#article","isPartOf":{"@id":"https:\/\/universnews224.com\/index.php\/cnt-les-conseillers-nationaux-adoptent-le-projet-de-loi-des-finances-initiale-2024-dans-son-volet-depense\/"},"author":{"name":"La R\u00e9daction","@id":"https:\/\/universnews224.com\/#\/schema\/person\/a4b7d4f94a4716df60456a491260485e"},"headline":"CNT: les conseillers nationaux adoptent le Projet de Loi des Finances Initiale 2024, dans son volet D\u00e9pense.","datePublished":"2024-01-01T00:02:20+00:00","dateModified":"2024-01-01T00:02:20+00:00","mainEntityOfPage":{"@id":"https:\/\/universnews224.com\/index.php\/cnt-les-conseillers-nationaux-adoptent-le-projet-de-loi-des-finances-initiale-2024-dans-son-volet-depense\/"},"wordCount":1033,"publisher":{"@id":"https:\/\/universnews224.com\/#organization"},"keywords":["La une"],"articleSection":["ACTU","SOCI\u00c9T\u00c9"],"inLanguage":"fr-FR"},{"@type":"WebPage","@id":"https:\/\/universnews224.com\/index.php\/cnt-les-conseillers-nationaux-adoptent-le-projet-de-loi-des-finances-initiale-2024-dans-son-volet-depense\/","url":"https:\/\/universnews224.com\/index.php\/cnt-les-conseillers-nationaux-adoptent-le-projet-de-loi-des-finances-initiale-2024-dans-son-volet-depense\/","name":"CNT: les conseillers nationaux adoptent le Projet de Loi des Finances Initiale 2024, dans son volet D\u00e9pense. - UNIVERSNEWS224","isPartOf":{"@id":"https:\/\/universnews224.com\/#website"},"datePublished":"2024-01-01T00:02:20+00:00","dateModified":"2024-01-01T00:02:20+00:00","inLanguage":"fr-FR","potentialAction":[{"@type":"ReadAction","target":["https:\/\/universnews224.com\/index.php\/cnt-les-conseillers-nationaux-adoptent-le-projet-de-loi-des-finances-initiale-2024-dans-son-volet-depense\/"]}]},{"@type":"WebSite","@id":"https:\/\/universnews224.com\/#website","url":"https:\/\/universnews224.com\/","name":"UNIVERSNEWS224","description":"","publisher":{"@id":"https:\/\/universnews224.com\/#organization"},"potentialAction":[{"@type":"SearchAction","target":{"@type":"EntryPoint","urlTemplate":"https:\/\/universnews224.com\/?s={search_term_string}"},"query-input":"required name=search_term_string"}],"inLanguage":"fr-FR"},{"@type":"Organization","@id":"https:\/\/universnews224.com\/#organization","name":"UNIVERSNEWS224","url":"https:\/\/universnews224.com\/","logo":{"@type":"ImageObject","inLanguage":"fr-FR","@id":"https:\/\/universnews224.com\/#\/schema\/logo\/image\/","url":"https:\/\/universnews224.com\/wp-content\/uploads\/2022\/08\/cropped-cropped-logoban.jpg","contentUrl":"https:\/\/universnews224.com\/wp-content\/uploads\/2022\/08\/cropped-cropped-logoban.jpg","width":1080,"height":138,"caption":"UNIVERSNEWS224"},"image":{"@id":"https:\/\/universnews224.com\/#\/schema\/logo\/image\/"}},{"@type":"Person","@id":"https:\/\/universnews224.com\/#\/schema\/person\/a4b7d4f94a4716df60456a491260485e","name":"La R\u00e9daction","image":{"@type":"ImageObject","inLanguage":"fr-FR","@id":"https:\/\/universnews224.com\/#\/schema\/person\/image\/","url":"https:\/\/secure.gravatar.com\/avatar\/edb90acc7752b23e1b3307ad36c14f0d?s=96&d=mm&r=g","contentUrl":"https:\/\/secure.gravatar.com\/avatar\/edb90acc7752b23e1b3307ad36c14f0d?s=96&d=mm&r=g","caption":"La R\u00e9daction"},"sameAs":["https:\/\/universnews224.com"],"url":"https:\/\/universnews224.com\/index.php\/author\/m-camara\/"}]}},"_links":{"self":[{"href":"https:\/\/universnews224.com\/index.php\/wp-json\/wp\/v2\/posts\/4881"}],"collection":[{"href":"https:\/\/universnews224.com\/index.php\/wp-json\/wp\/v2\/posts"}],"about":[{"href":"https:\/\/universnews224.com\/index.php\/wp-json\/wp\/v2\/types\/post"}],"author":[{"embeddable":true,"href":"https:\/\/universnews224.com\/index.php\/wp-json\/wp\/v2\/users\/2"}],"replies":[{"embeddable":true,"href":"https:\/\/universnews224.com\/index.php\/wp-json\/wp\/v2\/comments?post=4881"}],"version-history":[{"count":1,"href":"https:\/\/universnews224.com\/index.php\/wp-json\/wp\/v2\/posts\/4881\/revisions"}],"predecessor-version":[{"id":4883,"href":"https:\/\/universnews224.com\/index.php\/wp-json\/wp\/v2\/posts\/4881\/revisions\/4883"}],"wp:featuredmedia":[{"embeddable":true,"href":"https:\/\/universnews224.com\/index.php\/wp-json\/wp\/v2\/media\/4882"}],"wp:attachment":[{"href":"https:\/\/universnews224.com\/index.php\/wp-json\/wp\/v2\/media?parent=4881"}],"wp:term":[{"taxonomy":"category","embeddable":true,"href":"https:\/\/universnews224.com\/index.php\/wp-json\/wp\/v2\/categories?post=4881"},{"taxonomy":"post_tag","embeddable":true,"href":"https:\/\/universnews224.com\/index.php\/wp-json\/wp\/v2\/tags?post=4881"}],"curies":[{"name":"wp","href":"https:\/\/api.w.org\/{rel}","templated":true}]}}