{"id":4884,"date":"2024-01-01T01:07:02","date_gmt":"2024-01-01T00:07:02","guid":{"rendered":"https:\/\/universnews224.com\/?p=4884"},"modified":"2024-01-01T01:07:02","modified_gmt":"2024-01-01T00:07:02","slug":"nouvel-an-2024-voici-le-discours-de-cellou-dalein-diallo","status":"publish","type":"post","link":"https:\/\/universnews224.com\/index.php\/nouvel-an-2024-voici-le-discours-de-cellou-dalein-diallo\/","title":{"rendered":"Nouvel An 2024 : Voici le discours de Cellou Dalein Diallo"},"content":{"rendered":"<p><strong>Guin\u00e9ennes, Guin\u00e9ens,<\/strong><\/p>\n<p>La fin de l\u2019ann\u00e9e 2023 a \u00e9t\u00e9 marqu\u00e9e par l\u2019incendie inattendu, horrible et dramatique qui a ravag\u00e9 le d\u00e9p\u00f4t central des hydrocarbures de la Soci\u00e9t\u00e9 Guin\u00e9enne de P\u00e9trole (SGP) dans la nuit du samedi 17 au dimanche 18 d\u00e9cembre dernier \u00e0 Conakry. Le bilan humain et mat\u00e9riel, \u00e9tabli \u00e0 ce jour, est lourd, regrettable et plonge notre nation dans un profond deuil en m\u00eame temps qu\u2019il annonce des lendemains difficiles \u00e0 un moment o\u00f9 tout le monde est gagn\u00e9 par le doute et le d\u00e9couragement.<\/p>\n<p>Je renouvelle ma solidarit\u00e9 avec toutes les victimes, d\u00e9c\u00e9d\u00e9es ou bless\u00e9es, et ma compassion aux familles \u00e9plor\u00e9es. Je rends hommage aux forces de d\u00e9fense et de s\u00e9curit\u00e9, notamment aux agents de la protection civile, dont l\u2019action courageuse et d\u00e9termin\u00e9e a permis de limiter les d\u00e9g\u00e2ts. Je f\u00e9licite le corps m\u00e9dical pour son remarquable d\u00e9vouement dans la prise en charge et le traitement des bless\u00e9s. Je salue le bel \u00e9lan de solidarit\u00e9 du peuple de Guin\u00e9e \u00e0 l\u2019endroit des populations \u00e9prouv\u00e9es par cette trag\u00e9die.<\/p>\n<div class=\"jeg_ad jeg_ad_article jnews_content_inline_3_ads  \">\n<div class=\"ads-wrapper align-center \"><\/div>\n<\/div>\n<p>Nous devons continuer \u00e0 rester unis et solidaires malgr\u00e9 les difficult\u00e9s qui nous \u00e9tranglent, les d\u00e9fis qui nous assaillent, pour att\u00e9nuer, ensemble, les cons\u00e9quences \u00e0 court et \u00e0 moyen terme de cette catastrophe sur les conditions de vie des populations d\u00e9j\u00e0 durement \u00e9prouv\u00e9es par la chert\u00e9 de la vie.<\/p>\n<p><strong>Mes chers compatriotes,<\/strong><\/p>\n<p>Je voudrais profiter de cette occasion pour honorer la m\u00e9moire des Guin\u00e9ennes et Guin\u00e9ens qui ont \u00e9t\u00e9 arrach\u00e9s \u00e0 l\u2019affection de leurs proches sous l\u2019effet de la brutalit\u00e9 et de l\u2019arrogance de ceux qui nous gouvernent. Je pense en particulier aux 37 jeunes r\u00e9cemment abattus le long de l\u2019axe Hamdallaye-Kagbelen alors qu\u2019ils protestaient contre les coupures intempestives d\u2019\u00e9lectricit\u00e9 ou contre la violation par la junte de la Charte de la Transition.<\/p>\n<p>Ces jeunes, dont la plupart avaient moins de 20 ans, et leurs parents, n\u2019ont pas eu droit, comme beaucoup avant eux, pour des raisons incompr\u00e9hensibles, ni \u00e0 la compassion de la R\u00e9publique, ni \u00e0 la moindre justice. Or, tout le monde sait que l\u2019impunit\u00e9 encourage la r\u00e9cidive. Et comme le disait L\u00e9onard de Vinci, \u00ab Qui n\u00e9glige de punir le mal le cautionne \u00bb.<\/p>\n<p><strong>Mes chers compatriotes,<\/strong><\/p>\n<p>L\u2019ann\u00e9e 2023 a \u00e9t\u00e9 aussi marqu\u00e9e par un d\u00e9part massif de notre jeunesse pour l\u2019\u00e9tranger, notamment \u00e0 destination de l\u2019Europe via le Maghreb et la M\u00e9diterran\u00e9e, et de l\u2019Am\u00e9rique du Nord via le Nicaragua et le Mexique. \u00c9cras\u00e9s par le ch\u00f4mage, la pr\u00e9carit\u00e9 des conditions de vie et les restrictions des libert\u00e9s, ces jeunes n\u2019ont pas h\u00e9sit\u00e9 \u00e0 traduire en musique l\u2019envie pressante de partir.<\/p>\n<p>\u00ab Quittons le pays ! \u00bb, ce slogan chant\u00e9 en ch\u0153ur par les jeunes guin\u00e9ens, est l\u2019\u00e9cho de cette volont\u00e9 de fuir l\u2019inhospitalit\u00e9 politique, le ch\u00f4mage end\u00e9mique et la pauvret\u00e9, fl\u00e9aux aggrav\u00e9s par l\u2019incapacit\u00e9 des pouvoirs publics \u00e0 prendre en charge les questions vitales de l\u2019\u00e9ducation, du d\u00e9veloppement rural et de l\u2019industrialisation de notre pays.<\/p>\n<p>En effet, pour une grande partie de la jeunesse guin\u00e9enne, la Guin\u00e9e se d\u00e9finit comme une absence d\u2019opportunit\u00e9s, une soci\u00e9t\u00e9 de gal\u00e8re, o\u00f9 la vie ne peut avoir de sens qu\u2019au prix d\u2019insertions dans les r\u00e9seaux de privil\u00e8ge, de corruption, de trafic d\u2019influence et de banditisme.<\/p>\n<p>Je demeure convaincu qu\u2019une telle Guin\u00e9e o\u00f9 prosp\u00e8rent la d\u00e9linquance et l\u2019injustice n\u2019est pas celle que nous voulons l\u00e9guer \u00e0 nos enfants. La Guin\u00e9e que nous voulons pour 2024 et les ann\u00e9es \u00e0 venir est celle qui offre \u00e0 sa jeunesse une solide formation, des emplois d\u00e9cents et de bonnes perspectives d\u2019\u00e9panouissement. Une Guin\u00e9e r\u00e9concili\u00e9e avec sa jeunesse, fi\u00e8re de son histoire, confiante en son avenir et \u00e0 m\u00eame de garantir l\u2019\u00e9galit\u00e9 des droits et des chances entre tous les fils du pays. Une Guin\u00e9e capable de f\u00e9d\u00e9rer les \u00e9nergies, les comp\u00e9tences, les connaissances pour constituer une puissance publique viable et repr\u00e9sentative de tous. Cette Guin\u00e9e ne pourra \u00eatre l\u2019\u0153uvre d\u2019un seul homme ou d\u2019un groupe particulier et ne pourra se construire dans la haine, l\u2019exclusion et la violence.<\/p>\n<p>C\u2019est par le sens retrouv\u00e9 du dialogue, du compromis et de l\u2019intelligence de nos int\u00e9r\u00eats communs que nous pouvons faire de notre pays un lieu d\u2019esp\u00e9rance o\u00f9 la vie vaut la peine d\u2019\u00eatre v\u00e9cue pour tous. Le dialogue avec les forces repr\u00e9sentatives de notre soci\u00e9t\u00e9 est consubstantiel au succ\u00e8s de la transition et de ce fait, exige des d\u00e9tenteurs du pouvoir actuel, courage et d\u00e9passement de soi pour le salut de la nation.<\/p>\n<p><strong>Mes chers compatriotes,<\/strong><\/p>\n<p>Comme vous, n\u2019\u00e9tant pas dans le secret des dieux, je ne peux augurer de l\u2019avenir. Mamadi<br \/>\nDoumbouya partira-t-il de lui-m\u00eame au terme de la transition telle que convenue avec la CEDEAO ou voudra-t-il conserver le pouvoir ? Organisera-t-il des \u00e9lections r\u00e9guli\u00e8res ou voudra-t-il imposer un homme de son choix ? Je n\u2019ai pas, comme beaucoup d\u2019entre vous, de r\u00e9ponses \u00e0 ces questions. Par contre, nous savons tous que la gestion actuelle de notre pays n\u2019a rien \u00e0 voir ni avec le discours d\u00e9clin\u00e9 le 5 Septembre par le Colonel ni avec la Charte de la transition qui devait servir de r\u00e9f\u00e9rence aux autorit\u00e9s pendant la dur\u00e9e de cette p\u00e9riode d\u2019exception.<\/p>\n<p>Et pourtant, comme le pr\u00e9cise le pr\u00e9ambule de la Charte de la transition, le CNRD avait r\u00e9affirm\u00e9 son attachement aux valeurs et principes d\u00e9mocratiques tels qu\u2019inscrits dans la Charte des Nations-Unies, la D\u00e9claration Universelle des Droits de l\u2019Homme, la Charte africaine de la d\u00e9mocratie, des \u00e9lections et de la bonne gouvernance de l\u2019Union africaine, ainsi que dans le Protocole additionnel de la CEDEAO sur la d\u00e9mocratie, la bonne gouvernance et les \u00e9lections.<\/p>\n<p>Et l\u2019article 8 de la Charte de la transition pr\u00e9cise : \u00ab Les libert\u00e9s et droits fondamentaux sont reconnus et leur exercice est garanti aux citoyens dans les conditions et les formes pr\u00e9vues par la loi. Aucune situation d\u2019exception ou d\u2019urgence ne doit justifier les violations des droits humains \u00bb.<\/p>\n<p>Mais avant, le Colonel s\u2019\u00e9tait solennellement engag\u00e9 \u00e0 mettre fin, entre autres, \u00e0 l\u2019instrumentalisation de la justice, au pi\u00e9tinement des droits des citoyens et \u00e0 la corruption end\u00e9mique. Il s\u2019\u00e9tait aussi r\u00e9solument engag\u00e9 \u00e0 faire de la justice la boussole de l\u2019action publique.<\/p>\n<p>Aujourd\u2019hui, ouvrez vos yeux, regardez par vous-m\u00eames, mes chers compatriotes !<br \/>\nLes professions de foi du Colonel et les dispositions de la Charte de la transition qu\u2019il a pourtant jur\u00e9 de respecter et de faire respecter n\u2019ont rien \u00e0 voir avec les r\u00e9alit\u00e9s que nous vivons.<\/p>\n<p>Les r\u00e8gles et principes de l\u2019\u00c9tat de droit sont pi\u00e9tin\u00e9s sans m\u00e9nagement. Toutes les voix discordantes sont musel\u00e9es, harcel\u00e9es et menac\u00e9es. Les leaders des partis politiques et des Organisations de la soci\u00e9t\u00e9 civile, non acquis \u00e0 la cause du CNRD, revendiquant un retour diligent \u00e0 l\u2019ordre constitutionnel, sont spoli\u00e9s, combattus, poursuivis par la justice, jet\u00e9s en prison ou pouss\u00e9s \u00e0 l\u2019exil.<\/p>\n<p>Les droits de l\u2019homme ainsi que les libert\u00e9s publiques et individuelles ne sont nullement respect\u00e9s. Les Guin\u00e9ens n\u2019ont plus le droit de manifester publiquement leur opinion, sauf ceux qui sont acquis \u00e0 la cause de la junte. En raison de la cruaut\u00e9 des agents charg\u00e9s du maintien d\u2019ordre favoris\u00e9e par l\u2019impunit\u00e9 que leur garantissent les autorit\u00e9s, des jeunes, \u00e9l\u00e8ves pour la plupart, continuent toujours de mourir \u00ab pour rien \u00bb \u00e0 chaque annonce d\u2019une manifestation de rue.<\/p>\n<p>Les multiples atteintes port\u00e9es \u00e0 la libert\u00e9 de la presse notamment le d\u00e9mant\u00e8lement par effraction des \u00e9metteurs du Groupe de presse AfricVision, le brouillage des ondes des radios FIM FM, Djoma FM, ESPACE FM ainsi que leur retrait du bouquet Canal+, le sabotage de la presse en ligne, d\u2019internet et des r\u00e9seaux sociaux, illustrent \u00e9loquemment la volont\u00e9 des autorit\u00e9s de museler la presse et de faire taire toutes les voix dissonantes en violation flagrante des dispositions de la Charte de la transition.<\/p>\n<p>Quant \u00e0 la boussole, elle semble avoir \u00e9t\u00e9 bris\u00e9e puisque le navire justice, en perdition, se trouve aujourd\u2019hui \u00e0 mille lieux de nos c\u00f4tes. La CRIEF s\u2019est av\u00e9r\u00e9e \u00eatre un instrument de r\u00e8glement de comptes au service du CNRD, son v\u00e9ritable but \u00e9tant de harceler tous ceux qui pourraient entraver le projet de la junte de rester au pouvoir aussi longtemps que possible. Des d\u00e9tournements manifestes de deniers publics sont en cours, des acquisitions immobili\u00e8res sont visibles, les signes ext\u00e9rieurs d\u2019enrichissement sans cause sautent aux yeux.<\/p>\n<p>Les autorit\u00e9s de la transition se sont litt\u00e9ralement assises sur notre Code des march\u00e9s publics et font du gr\u00e9 \u00e0 gr\u00e9 la r\u00e8gle et l\u2019appel \u00e0 la concurrence l\u2019exception si bien que les contrats publics sont exclusivement r\u00e9serv\u00e9s \u00e0 leurs amis avec les surfacturations et r\u00e9tro commissions inh\u00e9rentes \u00e0 cette pratique.<\/p>\n<p><strong>Mes chers compatriotes,<\/strong><\/p>\n<p>\u00c0 12 mois de la fin pr\u00e9vue de la transition, selon l\u2019Accord dynamique sign\u00e9 entre la Guin\u00e9e et la CEDEAO, aucune \u00e9tape du chronogramme impos\u00e9 par la junte n\u2019a encore \u00e9t\u00e9 r\u00e9alis\u00e9e. Alors que nous avons besoin de sortir de ce r\u00e9gime d\u2019exception pour affronter ensemble les nombreux d\u00e9fis auxquels notre pays est confront\u00e9, la transition a pris la forme d\u2019un r\u00e9gime normal et l\u00e9gitime, et le retour \u00e0 l\u2019ordre constitutionnel ne semble plus \u00eatre la priorit\u00e9 de la junte. En effet, celle-ci, sous le double pr\u00e9texte de refonder l\u2019\u00c9tat et de combler le d\u00e9ficit d\u2019infrastructures du pays, se lance plut\u00f4t dans d\u2019autres activit\u00e9s pour justifier et l\u00e9gitimer le prolongement de la transition.<\/p>\n<p>L\u2019histoire de la Guin\u00e9e n\u2019a pas commenc\u00e9 le 5 septembre 2021. Il nous faut donc rompre avec le f\u00e9tichisme du renouveau et les mysticismes de la refondation de l\u2019\u00c9tat ainsi que l\u2019id\u00e9ologie d\u2019un panafricanisme opportuniste et douteux.<\/p>\n<p>Qu\u2019on ne se laisse pas distraire par de faux d\u00e9bats. Une d\u00e9mocratie \u00e0 l\u2019africaine n\u2019est pas celle qui exproprie et spolie, arbitrairement, r\u00e9prime et confisque le pouvoir, au seul profit de ceux qui l\u2019exercent. La sp\u00e9cificit\u00e9 africaine de la d\u00e9mocratie ne peut justifier la violation des droits humains et des libert\u00e9s fondamentales.<\/p>\n<p>En r\u00e9alit\u00e9, ce n\u2019est pas la d\u00e9mocratie ou le mod\u00e8le d\u00e9mocratique qui est le probl\u00e8me en Afrique mais plut\u00f4t la non application ou la mauvaise application des r\u00e8gles et principes de la d\u00e9mocratie.<\/p>\n<p><strong>Mes chers compatriotes,<\/strong><\/p>\n<p>L\u2019ann\u00e9e 2024 sera un rendez-vous d\u00e9cisif pour l\u2019avenir de notre pays. Et il d\u00e9pendra en grande partie de la responsabilit\u00e9 de la junte au pouvoir de nous engager sur la voie salutaire d\u2019une sortie pacifique de la transition par l\u2019organisation d\u2019\u00e9lections libres, inclusives et transparentes, ou de nous engager sur les sentiers p\u00e9rilleux du conflit et de la violence en mobilisant son appareil r\u00e9pressif pour tenter de se maintenir au pouvoir. Si nous \u00e9chouons encore une fois \u00e0 organiser une \u00e9lection pr\u00e9sidentielle sans fraude, une \u00e9lection o\u00f9 seule la v\u00e9rit\u00e9 des urnes compte, nous aurions expos\u00e9 notre pays \u00e0 une instabilit\u00e9 que personne ne souhaite.<\/p>\n<p>C\u2019est le moment ou jamais d\u2019en appeler \u00e0 la responsabilit\u00e9 de chacun et de tous : mes chers compatriotes, je vous appelle \u00e0 la conscience citoyenne, je vous appelle au sursaut patriotique ! Il va de soi qu\u2019instaurer une d\u00e9mocratie v\u00e9ritable soutenue par un \u00c9tat de droit est le meilleur moyen de garantir et l\u2019unit\u00e9 nationale et la coh\u00e9sion sociale et le d\u00e9veloppement \u00e9conomique. Nous esp\u00e9rons tous qu\u2019au lendemain de ce scrutin crucial que nous attendons avec impatience, les Guin\u00e9ens auront choisi leur pr\u00e9sident dans la s\u00e9r\u00e9nit\u00e9 et dans le calme, sans un bris de glace, sans une goutte de sang.<\/p>\n<p><strong>Mes chers compatriotes,<\/strong><\/p>\n<p>La transition doit veiller au respect de sa vocation qui est de pr\u00e9parer le retour diligent et paisible \u00e0 l\u2019ordre constitutionnel. C\u2019est-\u00e0-dire cr\u00e9er, de concert avec la classe politique, un cadre \u00e9lectoral permettant au peuple de choisir librement ses dirigeants et aux \u00e9lus d\u2019engager les r\u00e9formes n\u00e9cessaires \u00e0 l\u2019ancrage de la d\u00e9mocratie et de l\u2019\u00c9tat de droit et \u00e0 la promotion du d\u00e9veloppement \u00e9conomique et social du pays.<\/p>\n<p>A toutes et \u00e0 tous, bonne ann\u00e9e 2024. Que l\u2019ann\u00e9e nouvelle soit pour tous une ann\u00e9e de qui\u00e9tude et de r\u00e9confort. Qu\u2019elle apporte \u00e0 nos foyers \u00e9prouv\u00e9s par le ch\u00f4mage end\u00e9mique, la p\u00e9nurie de carburant, la hausse vertigineuse du prix des loyers, du transport, des denr\u00e9es de premi\u00e8re n\u00e9cessit\u00e9, la force de tenir et l\u2019espoir d\u2019un lendemain meilleur. Qu\u2019elle soit pour notre nation, l\u2019occasion r\u00eav\u00e9e de raffermir la concorde nationale et d\u2019ouvrir enfin les portes d\u2019une \u00e8re d\u00e9mocratique irr\u00e9versible fond\u00e9e sur des \u00e9lections inclusives, libres et transparentes et sur le respect des droits de l\u2019homme dont le premier et le plus sacr\u00e9 de tous est le droit \u00e0 la vie.<\/p>\n<p>Vive la R\u00e9publique !<br \/>\nQue Dieu b\u00e9nisse la Guin\u00e9e !<\/p>\n<p>Cellou Dalein Diallo<\/p>\n","protected":false},"excerpt":{"rendered":"<p>Guin\u00e9ennes, Guin\u00e9ens, La fin de l\u2019ann\u00e9e 2023 a \u00e9t\u00e9 marqu\u00e9e par l\u2019incendie inattendu, horrible et<\/p>\n","protected":false},"author":2,"featured_media":4885,"comment_status":"closed","ping_status":"open","sticky":false,"template":"","format":"standard","meta":[],"categories":[3,4],"tags":[229],"yoast_head":"<!-- This site is optimized with the Yoast SEO plugin v19.13 - https:\/\/yoast.com\/wordpress\/plugins\/seo\/ -->\n<title>Nouvel An 2024 : Voici le discours de Cellou Dalein Diallo - UNIVERSNEWS224<\/title>\n<meta name=\"robots\" content=\"index, follow, max-snippet:-1, max-image-preview:large, max-video-preview:-1\" \/>\n<link rel=\"canonical\" href=\"https:\/\/universnews224.com\/index.php\/nouvel-an-2024-voici-le-discours-de-cellou-dalein-diallo\/\" \/>\n<meta property=\"og:locale\" content=\"fr_FR\" \/>\n<meta property=\"og:type\" content=\"article\" \/>\n<meta property=\"og:title\" content=\"Nouvel An 2024 : Voici le discours de Cellou Dalein Diallo - UNIVERSNEWS224\" \/>\n<meta property=\"og:description\" content=\"Guin\u00e9ennes, Guin\u00e9ens, La fin de l\u2019ann\u00e9e 2023 a \u00e9t\u00e9 marqu\u00e9e par l\u2019incendie inattendu, horrible et\" \/>\n<meta property=\"og:url\" content=\"https:\/\/universnews224.com\/index.php\/nouvel-an-2024-voici-le-discours-de-cellou-dalein-diallo\/\" \/>\n<meta property=\"og:site_name\" content=\"UNIVERSNEWS224\" \/>\n<meta property=\"article:published_time\" content=\"2024-01-01T00:07:02+00:00\" \/>\n<meta property=\"og:image\" content=\"https:\/\/universnews224.com\/wp-content\/uploads\/2024\/01\/3F0CE454-98F5-4FEE-9699-4CE3E39FC4C5.png\" \/>\n\t<meta property=\"og:image:width\" content=\"384\" \/>\n\t<meta property=\"og:image:height\" content=\"196\" \/>\n\t<meta property=\"og:image:type\" content=\"image\/png\" \/>\n<meta name=\"author\" content=\"La R\u00e9daction\" \/>\n<meta name=\"twitter:label1\" content=\"\u00c9crit par\" \/>\n\t<meta name=\"twitter:data1\" content=\"La R\u00e9daction\" \/>\n\t<meta name=\"twitter:label2\" content=\"Dur\u00e9e de lecture estim\u00e9e\" \/>\n\t<meta name=\"twitter:data2\" content=\"11 minutes\" \/>\n<script type=\"application\/ld+json\" class=\"yoast-schema-graph\">{\"@context\":\"https:\/\/schema.org\",\"@graph\":[{\"@type\":\"Article\",\"@id\":\"https:\/\/universnews224.com\/index.php\/nouvel-an-2024-voici-le-discours-de-cellou-dalein-diallo\/#article\",\"isPartOf\":{\"@id\":\"https:\/\/universnews224.com\/index.php\/nouvel-an-2024-voici-le-discours-de-cellou-dalein-diallo\/\"},\"author\":{\"name\":\"La R\u00e9daction\",\"@id\":\"https:\/\/universnews224.com\/#\/schema\/person\/a4b7d4f94a4716df60456a491260485e\"},\"headline\":\"Nouvel An 2024 : Voici le discours de Cellou Dalein Diallo\",\"datePublished\":\"2024-01-01T00:07:02+00:00\",\"dateModified\":\"2024-01-01T00:07:02+00:00\",\"mainEntityOfPage\":{\"@id\":\"https:\/\/universnews224.com\/index.php\/nouvel-an-2024-voici-le-discours-de-cellou-dalein-diallo\/\"},\"wordCount\":2334,\"publisher\":{\"@id\":\"https:\/\/universnews224.com\/#organization\"},\"keywords\":[\"La une\"],\"articleSection\":[\"ACTU\",\"POLITIQUE\"],\"inLanguage\":\"fr-FR\"},{\"@type\":\"WebPage\",\"@id\":\"https:\/\/universnews224.com\/index.php\/nouvel-an-2024-voici-le-discours-de-cellou-dalein-diallo\/\",\"url\":\"https:\/\/universnews224.com\/index.php\/nouvel-an-2024-voici-le-discours-de-cellou-dalein-diallo\/\",\"name\":\"Nouvel An 2024 : Voici le discours de Cellou Dalein Diallo - UNIVERSNEWS224\",\"isPartOf\":{\"@id\":\"https:\/\/universnews224.com\/#website\"},\"datePublished\":\"2024-01-01T00:07:02+00:00\",\"dateModified\":\"2024-01-01T00:07:02+00:00\",\"inLanguage\":\"fr-FR\",\"potentialAction\":[{\"@type\":\"ReadAction\",\"target\":[\"https:\/\/universnews224.com\/index.php\/nouvel-an-2024-voici-le-discours-de-cellou-dalein-diallo\/\"]}]},{\"@type\":\"WebSite\",\"@id\":\"https:\/\/universnews224.com\/#website\",\"url\":\"https:\/\/universnews224.com\/\",\"name\":\"UNIVERSNEWS224\",\"description\":\"\",\"publisher\":{\"@id\":\"https:\/\/universnews224.com\/#organization\"},\"potentialAction\":[{\"@type\":\"SearchAction\",\"target\":{\"@type\":\"EntryPoint\",\"urlTemplate\":\"https:\/\/universnews224.com\/?s={search_term_string}\"},\"query-input\":\"required name=search_term_string\"}],\"inLanguage\":\"fr-FR\"},{\"@type\":\"Organization\",\"@id\":\"https:\/\/universnews224.com\/#organization\",\"name\":\"UNIVERSNEWS224\",\"url\":\"https:\/\/universnews224.com\/\",\"logo\":{\"@type\":\"ImageObject\",\"inLanguage\":\"fr-FR\",\"@id\":\"https:\/\/universnews224.com\/#\/schema\/logo\/image\/\",\"url\":\"https:\/\/universnews224.com\/wp-content\/uploads\/2022\/08\/cropped-cropped-logoban.jpg\",\"contentUrl\":\"https:\/\/universnews224.com\/wp-content\/uploads\/2022\/08\/cropped-cropped-logoban.jpg\",\"width\":1080,\"height\":138,\"caption\":\"UNIVERSNEWS224\"},\"image\":{\"@id\":\"https:\/\/universnews224.com\/#\/schema\/logo\/image\/\"}},{\"@type\":\"Person\",\"@id\":\"https:\/\/universnews224.com\/#\/schema\/person\/a4b7d4f94a4716df60456a491260485e\",\"name\":\"La R\u00e9daction\",\"image\":{\"@type\":\"ImageObject\",\"inLanguage\":\"fr-FR\",\"@id\":\"https:\/\/universnews224.com\/#\/schema\/person\/image\/\",\"url\":\"https:\/\/secure.gravatar.com\/avatar\/edb90acc7752b23e1b3307ad36c14f0d?s=96&d=mm&r=g\",\"contentUrl\":\"https:\/\/secure.gravatar.com\/avatar\/edb90acc7752b23e1b3307ad36c14f0d?s=96&d=mm&r=g\",\"caption\":\"La R\u00e9daction\"},\"sameAs\":[\"https:\/\/universnews224.com\"],\"url\":\"https:\/\/universnews224.com\/index.php\/author\/m-camara\/\"}]}<\/script>\n<!-- \/ Yoast SEO plugin. -->","yoast_head_json":{"title":"Nouvel An 2024 : Voici le discours de Cellou Dalein Diallo - UNIVERSNEWS224","robots":{"index":"index","follow":"follow","max-snippet":"max-snippet:-1","max-image-preview":"max-image-preview:large","max-video-preview":"max-video-preview:-1"},"canonical":"https:\/\/universnews224.com\/index.php\/nouvel-an-2024-voici-le-discours-de-cellou-dalein-diallo\/","og_locale":"fr_FR","og_type":"article","og_title":"Nouvel An 2024 : Voici le discours de Cellou Dalein Diallo - UNIVERSNEWS224","og_description":"Guin\u00e9ennes, Guin\u00e9ens, La fin de l\u2019ann\u00e9e 2023 a \u00e9t\u00e9 marqu\u00e9e par l\u2019incendie inattendu, horrible et","og_url":"https:\/\/universnews224.com\/index.php\/nouvel-an-2024-voici-le-discours-de-cellou-dalein-diallo\/","og_site_name":"UNIVERSNEWS224","article_published_time":"2024-01-01T00:07:02+00:00","og_image":[{"width":384,"height":196,"url":"https:\/\/universnews224.com\/wp-content\/uploads\/2024\/01\/3F0CE454-98F5-4FEE-9699-4CE3E39FC4C5.png","type":"image\/png"}],"author":"La R\u00e9daction","twitter_misc":{"\u00c9crit par":"La R\u00e9daction","Dur\u00e9e de lecture estim\u00e9e":"11 minutes"},"schema":{"@context":"https:\/\/schema.org","@graph":[{"@type":"Article","@id":"https:\/\/universnews224.com\/index.php\/nouvel-an-2024-voici-le-discours-de-cellou-dalein-diallo\/#article","isPartOf":{"@id":"https:\/\/universnews224.com\/index.php\/nouvel-an-2024-voici-le-discours-de-cellou-dalein-diallo\/"},"author":{"name":"La R\u00e9daction","@id":"https:\/\/universnews224.com\/#\/schema\/person\/a4b7d4f94a4716df60456a491260485e"},"headline":"Nouvel An 2024 : Voici le discours de Cellou Dalein Diallo","datePublished":"2024-01-01T00:07:02+00:00","dateModified":"2024-01-01T00:07:02+00:00","mainEntityOfPage":{"@id":"https:\/\/universnews224.com\/index.php\/nouvel-an-2024-voici-le-discours-de-cellou-dalein-diallo\/"},"wordCount":2334,"publisher":{"@id":"https:\/\/universnews224.com\/#organization"},"keywords":["La une"],"articleSection":["ACTU","POLITIQUE"],"inLanguage":"fr-FR"},{"@type":"WebPage","@id":"https:\/\/universnews224.com\/index.php\/nouvel-an-2024-voici-le-discours-de-cellou-dalein-diallo\/","url":"https:\/\/universnews224.com\/index.php\/nouvel-an-2024-voici-le-discours-de-cellou-dalein-diallo\/","name":"Nouvel An 2024 : Voici le discours de Cellou Dalein Diallo - UNIVERSNEWS224","isPartOf":{"@id":"https:\/\/universnews224.com\/#website"},"datePublished":"2024-01-01T00:07:02+00:00","dateModified":"2024-01-01T00:07:02+00:00","inLanguage":"fr-FR","potentialAction":[{"@type":"ReadAction","target":["https:\/\/universnews224.com\/index.php\/nouvel-an-2024-voici-le-discours-de-cellou-dalein-diallo\/"]}]},{"@type":"WebSite","@id":"https:\/\/universnews224.com\/#website","url":"https:\/\/universnews224.com\/","name":"UNIVERSNEWS224","description":"","publisher":{"@id":"https:\/\/universnews224.com\/#organization"},"potentialAction":[{"@type":"SearchAction","target":{"@type":"EntryPoint","urlTemplate":"https:\/\/universnews224.com\/?s={search_term_string}"},"query-input":"required name=search_term_string"}],"inLanguage":"fr-FR"},{"@type":"Organization","@id":"https:\/\/universnews224.com\/#organization","name":"UNIVERSNEWS224","url":"https:\/\/universnews224.com\/","logo":{"@type":"ImageObject","inLanguage":"fr-FR","@id":"https:\/\/universnews224.com\/#\/schema\/logo\/image\/","url":"https:\/\/universnews224.com\/wp-content\/uploads\/2022\/08\/cropped-cropped-logoban.jpg","contentUrl":"https:\/\/universnews224.com\/wp-content\/uploads\/2022\/08\/cropped-cropped-logoban.jpg","width":1080,"height":138,"caption":"UNIVERSNEWS224"},"image":{"@id":"https:\/\/universnews224.com\/#\/schema\/logo\/image\/"}},{"@type":"Person","@id":"https:\/\/universnews224.com\/#\/schema\/person\/a4b7d4f94a4716df60456a491260485e","name":"La R\u00e9daction","image":{"@type":"ImageObject","inLanguage":"fr-FR","@id":"https:\/\/universnews224.com\/#\/schema\/person\/image\/","url":"https:\/\/secure.gravatar.com\/avatar\/edb90acc7752b23e1b3307ad36c14f0d?s=96&d=mm&r=g","contentUrl":"https:\/\/secure.gravatar.com\/avatar\/edb90acc7752b23e1b3307ad36c14f0d?s=96&d=mm&r=g","caption":"La R\u00e9daction"},"sameAs":["https:\/\/universnews224.com"],"url":"https:\/\/universnews224.com\/index.php\/author\/m-camara\/"}]}},"_links":{"self":[{"href":"https:\/\/universnews224.com\/index.php\/wp-json\/wp\/v2\/posts\/4884"}],"collection":[{"href":"https:\/\/universnews224.com\/index.php\/wp-json\/wp\/v2\/posts"}],"about":[{"href":"https:\/\/universnews224.com\/index.php\/wp-json\/wp\/v2\/types\/post"}],"author":[{"embeddable":true,"href":"https:\/\/universnews224.com\/index.php\/wp-json\/wp\/v2\/users\/2"}],"replies":[{"embeddable":true,"href":"https:\/\/universnews224.com\/index.php\/wp-json\/wp\/v2\/comments?post=4884"}],"version-history":[{"count":1,"href":"https:\/\/universnews224.com\/index.php\/wp-json\/wp\/v2\/posts\/4884\/revisions"}],"predecessor-version":[{"id":4886,"href":"https:\/\/universnews224.com\/index.php\/wp-json\/wp\/v2\/posts\/4884\/revisions\/4886"}],"wp:featuredmedia":[{"embeddable":true,"href":"https:\/\/universnews224.com\/index.php\/wp-json\/wp\/v2\/media\/4885"}],"wp:attachment":[{"href":"https:\/\/universnews224.com\/index.php\/wp-json\/wp\/v2\/media?parent=4884"}],"wp:term":[{"taxonomy":"category","embeddable":true,"href":"https:\/\/universnews224.com\/index.php\/wp-json\/wp\/v2\/categories?post=4884"},{"taxonomy":"post_tag","embeddable":true,"href":"https:\/\/universnews224.com\/index.php\/wp-json\/wp\/v2\/tags?post=4884"}],"curies":[{"name":"wp","href":"https:\/\/api.w.org\/{rel}","templated":true}]}}