{"id":4890,"date":"2024-01-02T23:38:10","date_gmt":"2024-01-02T22:38:10","guid":{"rendered":"https:\/\/universnews224.com\/?p=4890"},"modified":"2024-01-02T23:38:10","modified_gmt":"2024-01-02T22:38:10","slug":"abdoulaye-kourouma-sur-linstallation-des-delegations-speciales-je-pense-quils-nauront-pas-dinfluence-sur-le-processus-electoral","status":"publish","type":"post","link":"https:\/\/universnews224.com\/index.php\/abdoulaye-kourouma-sur-linstallation-des-delegations-speciales-je-pense-quils-nauront-pas-dinfluence-sur-le-processus-electoral\/","title":{"rendered":"Abdoulaye Kourouma sur l\u2019installation des d\u00e9l\u00e9gations sp\u00e9ciales: Je pense qu\u2019ils n\u2019auront pas d\u2019influence sur le processus \u00e9lectoral\u201d."},"content":{"rendered":"<p class=\"p1\"><span class=\"s1\">Le leader du Parti RRD (Rassemblement pour la Renaissance et le D\u00e9veloppement), s\u2019est prononc\u00e9 ce mardi, 02 janvier 2023 sur l\u2019adresse \u00e0 la Nation, \u00e0 l\u2019occasion du nouvel an, du Pr\u00e9sident de la Transition, annon\u00e7ant la mise en place des d\u00e9l\u00e9gations sp\u00e9ciales d\u00e8s le premier trimestre de 2024 sur toute l\u2019\u00e9tendue du territoire national. <\/span><\/p>\n<p class=\"p1\"><span class=\"s1\">Alors que beaucoup de formations politiques \u00e9mettent des r\u00e9serves quant \u00e0 la neutralit\u00e9 des nouveaux ex\u00e9cutifs communaux lors des futures \u00e9ch\u00e9ances \u00e9lectorales, Abdoulaye Kourouma estime que, ces d\u00e9l\u00e9gations sp\u00e9ciales n\u2019auront aucune influence sur le processus \u00e9lectoral \u00e0 venir. <\/span><\/p>\n<p class=\"p1\"><span class=\"s1\">\u201dIls n\u2019auront pas d\u2019influence, ils ne font que coordonner les activit\u00e9s. Puisque dans une \u00e9lection, chaque partie prenante est repr\u00e9sent\u00e9e du bureau de vote, \u00e0 la centrale jusqu\u2019aux r\u00e9sultats, je pense qu\u2019ils n\u2019auront pas d\u2019influence sur les \u00e9lections. Si les \u00e9lections sont organis\u00e9es dans la transparence, s\u2019il n y pas d\u2019autres man\u0153uvres \u00e0 la base, si tout le monde est repr\u00e9sent\u00e9 et que le d\u00e9compte se fasse devant tout le monde, et que chacun est libre de choisir candidat, ils n\u2019ont pas d\u2019influence. Ils ne peuvent que coordonner. Ce ne sont pas eux qui d\u00e9tiennent les PV, il y a un secr\u00e9taire qui est organis\u00e9 pendant les \u00e9lections, en tout cas ils n\u2019auront pas d\u2019influence sur le processus \u00e9lectoral. J\u2019ai particip\u00e9 \u00e0 toutes les \u00e9lections, je ne vois pas en quoi, un maire, une d\u00e9l\u00e9gation sp\u00e9ciale ou un pr\u00e9fet peut influencer les \u00e9lections\u201d, a t-il affirm\u00e9 ce mardi 02 janvier 2024 sur les ondes de la radio Nostalgie.<\/span><\/p>\n<p>Mohamed Camara<\/p>\n","protected":false},"excerpt":{"rendered":"<p>Le leader du Parti RRD (Rassemblement pour la Renaissance et le D\u00e9veloppement), s\u2019est prononc\u00e9 ce<\/p>\n","protected":false},"author":2,"featured_media":4880,"comment_status":"closed","ping_status":"open","sticky":false,"template":"","format":"standard","meta":[],"categories":[3,4],"tags":[229],"yoast_head":"<!-- This site is optimized with the Yoast SEO plugin v19.13 - https:\/\/yoast.com\/wordpress\/plugins\/seo\/ -->\n<title>Abdoulaye Kourouma sur l\u2019installation des d\u00e9l\u00e9gations sp\u00e9ciales: Je pense qu\u2019ils n\u2019auront pas d\u2019influence sur le processus \u00e9lectoral\u201d. - UNIVERSNEWS224<\/title>\n<meta name=\"robots\" content=\"index, follow, max-snippet:-1, max-image-preview:large, max-video-preview:-1\" \/>\n<link rel=\"canonical\" href=\"https:\/\/universnews224.com\/index.php\/abdoulaye-kourouma-sur-linstallation-des-delegations-speciales-je-pense-quils-nauront-pas-dinfluence-sur-le-processus-electoral\/\" \/>\n<meta property=\"og:locale\" content=\"fr_FR\" \/>\n<meta property=\"og:type\" content=\"article\" \/>\n<meta property=\"og:title\" content=\"Abdoulaye Kourouma sur l\u2019installation des d\u00e9l\u00e9gations sp\u00e9ciales: Je pense qu\u2019ils n\u2019auront pas d\u2019influence sur le processus \u00e9lectoral\u201d. - UNIVERSNEWS224\" \/>\n<meta property=\"og:description\" content=\"Le leader du Parti RRD (Rassemblement pour la Renaissance et le D\u00e9veloppement), s\u2019est prononc\u00e9 ce\" \/>\n<meta property=\"og:url\" content=\"https:\/\/universnews224.com\/index.php\/abdoulaye-kourouma-sur-linstallation-des-delegations-speciales-je-pense-quils-nauront-pas-dinfluence-sur-le-processus-electoral\/\" \/>\n<meta property=\"og:site_name\" content=\"UNIVERSNEWS224\" \/>\n<meta property=\"article:published_time\" content=\"2024-01-02T22:38:10+00:00\" \/>\n<meta property=\"og:image\" content=\"https:\/\/universnews224.com\/wp-content\/uploads\/2023\/12\/3378D345-4680-4C4D-8FF3-54CDE276F50E.png\" \/>\n\t<meta property=\"og:image:width\" content=\"992\" \/>\n\t<meta property=\"og:image:height\" content=\"614\" \/>\n\t<meta property=\"og:image:type\" content=\"image\/png\" \/>\n<meta name=\"author\" content=\"La R\u00e9daction\" \/>\n<meta name=\"twitter:label1\" content=\"\u00c9crit par\" \/>\n\t<meta name=\"twitter:data1\" content=\"La R\u00e9daction\" \/>\n\t<meta name=\"twitter:label2\" content=\"Dur\u00e9e de lecture estim\u00e9e\" \/>\n\t<meta name=\"twitter:data2\" content=\"2 minutes\" \/>\n<script type=\"application\/ld+json\" class=\"yoast-schema-graph\">{\"@context\":\"https:\/\/schema.org\",\"@graph\":[{\"@type\":\"Article\",\"@id\":\"https:\/\/universnews224.com\/index.php\/abdoulaye-kourouma-sur-linstallation-des-delegations-speciales-je-pense-quils-nauront-pas-dinfluence-sur-le-processus-electoral\/#article\",\"isPartOf\":{\"@id\":\"https:\/\/universnews224.com\/index.php\/abdoulaye-kourouma-sur-linstallation-des-delegations-speciales-je-pense-quils-nauront-pas-dinfluence-sur-le-processus-electoral\/\"},\"author\":{\"name\":\"La R\u00e9daction\",\"@id\":\"https:\/\/universnews224.com\/#\/schema\/person\/a4b7d4f94a4716df60456a491260485e\"},\"headline\":\"Abdoulaye Kourouma sur l\u2019installation des d\u00e9l\u00e9gations sp\u00e9ciales: Je pense qu\u2019ils n\u2019auront pas d\u2019influence sur le processus \u00e9lectoral\u201d.\",\"datePublished\":\"2024-01-02T22:38:10+00:00\",\"dateModified\":\"2024-01-02T22:38:10+00:00\",\"mainEntityOfPage\":{\"@id\":\"https:\/\/universnews224.com\/index.php\/abdoulaye-kourouma-sur-linstallation-des-delegations-speciales-je-pense-quils-nauront-pas-dinfluence-sur-le-processus-electoral\/\"},\"wordCount\":309,\"publisher\":{\"@id\":\"https:\/\/universnews224.com\/#organization\"},\"keywords\":[\"La une\"],\"articleSection\":[\"ACTU\",\"POLITIQUE\"],\"inLanguage\":\"fr-FR\"},{\"@type\":\"WebPage\",\"@id\":\"https:\/\/universnews224.com\/index.php\/abdoulaye-kourouma-sur-linstallation-des-delegations-speciales-je-pense-quils-nauront-pas-dinfluence-sur-le-processus-electoral\/\",\"url\":\"https:\/\/universnews224.com\/index.php\/abdoulaye-kourouma-sur-linstallation-des-delegations-speciales-je-pense-quils-nauront-pas-dinfluence-sur-le-processus-electoral\/\",\"name\":\"Abdoulaye Kourouma sur l\u2019installation des d\u00e9l\u00e9gations sp\u00e9ciales: Je pense qu\u2019ils n\u2019auront pas d\u2019influence sur le processus \u00e9lectoral\u201d. - UNIVERSNEWS224\",\"isPartOf\":{\"@id\":\"https:\/\/universnews224.com\/#website\"},\"datePublished\":\"2024-01-02T22:38:10+00:00\",\"dateModified\":\"2024-01-02T22:38:10+00:00\",\"inLanguage\":\"fr-FR\",\"potentialAction\":[{\"@type\":\"ReadAction\",\"target\":[\"https:\/\/universnews224.com\/index.php\/abdoulaye-kourouma-sur-linstallation-des-delegations-speciales-je-pense-quils-nauront-pas-dinfluence-sur-le-processus-electoral\/\"]}]},{\"@type\":\"WebSite\",\"@id\":\"https:\/\/universnews224.com\/#website\",\"url\":\"https:\/\/universnews224.com\/\",\"name\":\"UNIVERSNEWS224\",\"description\":\"\",\"publisher\":{\"@id\":\"https:\/\/universnews224.com\/#organization\"},\"potentialAction\":[{\"@type\":\"SearchAction\",\"target\":{\"@type\":\"EntryPoint\",\"urlTemplate\":\"https:\/\/universnews224.com\/?s={search_term_string}\"},\"query-input\":\"required name=search_term_string\"}],\"inLanguage\":\"fr-FR\"},{\"@type\":\"Organization\",\"@id\":\"https:\/\/universnews224.com\/#organization\",\"name\":\"UNIVERSNEWS224\",\"url\":\"https:\/\/universnews224.com\/\",\"logo\":{\"@type\":\"ImageObject\",\"inLanguage\":\"fr-FR\",\"@id\":\"https:\/\/universnews224.com\/#\/schema\/logo\/image\/\",\"url\":\"https:\/\/universnews224.com\/wp-content\/uploads\/2022\/08\/cropped-cropped-logoban.jpg\",\"contentUrl\":\"https:\/\/universnews224.com\/wp-content\/uploads\/2022\/08\/cropped-cropped-logoban.jpg\",\"width\":1080,\"height\":138,\"caption\":\"UNIVERSNEWS224\"},\"image\":{\"@id\":\"https:\/\/universnews224.com\/#\/schema\/logo\/image\/\"}},{\"@type\":\"Person\",\"@id\":\"https:\/\/universnews224.com\/#\/schema\/person\/a4b7d4f94a4716df60456a491260485e\",\"name\":\"La R\u00e9daction\",\"image\":{\"@type\":\"ImageObject\",\"inLanguage\":\"fr-FR\",\"@id\":\"https:\/\/universnews224.com\/#\/schema\/person\/image\/\",\"url\":\"https:\/\/secure.gravatar.com\/avatar\/edb90acc7752b23e1b3307ad36c14f0d?s=96&d=mm&r=g\",\"contentUrl\":\"https:\/\/secure.gravatar.com\/avatar\/edb90acc7752b23e1b3307ad36c14f0d?s=96&d=mm&r=g\",\"caption\":\"La R\u00e9daction\"},\"sameAs\":[\"https:\/\/universnews224.com\"],\"url\":\"https:\/\/universnews224.com\/index.php\/author\/m-camara\/\"}]}<\/script>\n<!-- \/ Yoast SEO plugin. -->","yoast_head_json":{"title":"Abdoulaye Kourouma sur l\u2019installation des d\u00e9l\u00e9gations sp\u00e9ciales: Je pense qu\u2019ils n\u2019auront pas d\u2019influence sur le processus \u00e9lectoral\u201d. - UNIVERSNEWS224","robots":{"index":"index","follow":"follow","max-snippet":"max-snippet:-1","max-image-preview":"max-image-preview:large","max-video-preview":"max-video-preview:-1"},"canonical":"https:\/\/universnews224.com\/index.php\/abdoulaye-kourouma-sur-linstallation-des-delegations-speciales-je-pense-quils-nauront-pas-dinfluence-sur-le-processus-electoral\/","og_locale":"fr_FR","og_type":"article","og_title":"Abdoulaye Kourouma sur l\u2019installation des d\u00e9l\u00e9gations sp\u00e9ciales: Je pense qu\u2019ils n\u2019auront pas d\u2019influence sur le processus \u00e9lectoral\u201d. - UNIVERSNEWS224","og_description":"Le leader du Parti RRD (Rassemblement pour la Renaissance et le D\u00e9veloppement), s\u2019est prononc\u00e9 ce","og_url":"https:\/\/universnews224.com\/index.php\/abdoulaye-kourouma-sur-linstallation-des-delegations-speciales-je-pense-quils-nauront-pas-dinfluence-sur-le-processus-electoral\/","og_site_name":"UNIVERSNEWS224","article_published_time":"2024-01-02T22:38:10+00:00","og_image":[{"width":992,"height":614,"url":"https:\/\/universnews224.com\/wp-content\/uploads\/2023\/12\/3378D345-4680-4C4D-8FF3-54CDE276F50E.png","type":"image\/png"}],"author":"La R\u00e9daction","twitter_misc":{"\u00c9crit par":"La R\u00e9daction","Dur\u00e9e de lecture estim\u00e9e":"2 minutes"},"schema":{"@context":"https:\/\/schema.org","@graph":[{"@type":"Article","@id":"https:\/\/universnews224.com\/index.php\/abdoulaye-kourouma-sur-linstallation-des-delegations-speciales-je-pense-quils-nauront-pas-dinfluence-sur-le-processus-electoral\/#article","isPartOf":{"@id":"https:\/\/universnews224.com\/index.php\/abdoulaye-kourouma-sur-linstallation-des-delegations-speciales-je-pense-quils-nauront-pas-dinfluence-sur-le-processus-electoral\/"},"author":{"name":"La R\u00e9daction","@id":"https:\/\/universnews224.com\/#\/schema\/person\/a4b7d4f94a4716df60456a491260485e"},"headline":"Abdoulaye Kourouma sur l\u2019installation des d\u00e9l\u00e9gations sp\u00e9ciales: Je pense qu\u2019ils n\u2019auront pas d\u2019influence sur le processus \u00e9lectoral\u201d.","datePublished":"2024-01-02T22:38:10+00:00","dateModified":"2024-01-02T22:38:10+00:00","mainEntityOfPage":{"@id":"https:\/\/universnews224.com\/index.php\/abdoulaye-kourouma-sur-linstallation-des-delegations-speciales-je-pense-quils-nauront-pas-dinfluence-sur-le-processus-electoral\/"},"wordCount":309,"publisher":{"@id":"https:\/\/universnews224.com\/#organization"},"keywords":["La une"],"articleSection":["ACTU","POLITIQUE"],"inLanguage":"fr-FR"},{"@type":"WebPage","@id":"https:\/\/universnews224.com\/index.php\/abdoulaye-kourouma-sur-linstallation-des-delegations-speciales-je-pense-quils-nauront-pas-dinfluence-sur-le-processus-electoral\/","url":"https:\/\/universnews224.com\/index.php\/abdoulaye-kourouma-sur-linstallation-des-delegations-speciales-je-pense-quils-nauront-pas-dinfluence-sur-le-processus-electoral\/","name":"Abdoulaye Kourouma sur l\u2019installation des d\u00e9l\u00e9gations sp\u00e9ciales: Je pense qu\u2019ils n\u2019auront pas d\u2019influence sur le processus \u00e9lectoral\u201d. - UNIVERSNEWS224","isPartOf":{"@id":"https:\/\/universnews224.com\/#website"},"datePublished":"2024-01-02T22:38:10+00:00","dateModified":"2024-01-02T22:38:10+00:00","inLanguage":"fr-FR","potentialAction":[{"@type":"ReadAction","target":["https:\/\/universnews224.com\/index.php\/abdoulaye-kourouma-sur-linstallation-des-delegations-speciales-je-pense-quils-nauront-pas-dinfluence-sur-le-processus-electoral\/"]}]},{"@type":"WebSite","@id":"https:\/\/universnews224.com\/#website","url":"https:\/\/universnews224.com\/","name":"UNIVERSNEWS224","description":"","publisher":{"@id":"https:\/\/universnews224.com\/#organization"},"potentialAction":[{"@type":"SearchAction","target":{"@type":"EntryPoint","urlTemplate":"https:\/\/universnews224.com\/?s={search_term_string}"},"query-input":"required name=search_term_string"}],"inLanguage":"fr-FR"},{"@type":"Organization","@id":"https:\/\/universnews224.com\/#organization","name":"UNIVERSNEWS224","url":"https:\/\/universnews224.com\/","logo":{"@type":"ImageObject","inLanguage":"fr-FR","@id":"https:\/\/universnews224.com\/#\/schema\/logo\/image\/","url":"https:\/\/universnews224.com\/wp-content\/uploads\/2022\/08\/cropped-cropped-logoban.jpg","contentUrl":"https:\/\/universnews224.com\/wp-content\/uploads\/2022\/08\/cropped-cropped-logoban.jpg","width":1080,"height":138,"caption":"UNIVERSNEWS224"},"image":{"@id":"https:\/\/universnews224.com\/#\/schema\/logo\/image\/"}},{"@type":"Person","@id":"https:\/\/universnews224.com\/#\/schema\/person\/a4b7d4f94a4716df60456a491260485e","name":"La R\u00e9daction","image":{"@type":"ImageObject","inLanguage":"fr-FR","@id":"https:\/\/universnews224.com\/#\/schema\/person\/image\/","url":"https:\/\/secure.gravatar.com\/avatar\/edb90acc7752b23e1b3307ad36c14f0d?s=96&d=mm&r=g","contentUrl":"https:\/\/secure.gravatar.com\/avatar\/edb90acc7752b23e1b3307ad36c14f0d?s=96&d=mm&r=g","caption":"La R\u00e9daction"},"sameAs":["https:\/\/universnews224.com"],"url":"https:\/\/universnews224.com\/index.php\/author\/m-camara\/"}]}},"_links":{"self":[{"href":"https:\/\/universnews224.com\/index.php\/wp-json\/wp\/v2\/posts\/4890"}],"collection":[{"href":"https:\/\/universnews224.com\/index.php\/wp-json\/wp\/v2\/posts"}],"about":[{"href":"https:\/\/universnews224.com\/index.php\/wp-json\/wp\/v2\/types\/post"}],"author":[{"embeddable":true,"href":"https:\/\/universnews224.com\/index.php\/wp-json\/wp\/v2\/users\/2"}],"replies":[{"embeddable":true,"href":"https:\/\/universnews224.com\/index.php\/wp-json\/wp\/v2\/comments?post=4890"}],"version-history":[{"count":1,"href":"https:\/\/universnews224.com\/index.php\/wp-json\/wp\/v2\/posts\/4890\/revisions"}],"predecessor-version":[{"id":4891,"href":"https:\/\/universnews224.com\/index.php\/wp-json\/wp\/v2\/posts\/4890\/revisions\/4891"}],"wp:featuredmedia":[{"embeddable":true,"href":"https:\/\/universnews224.com\/index.php\/wp-json\/wp\/v2\/media\/4880"}],"wp:attachment":[{"href":"https:\/\/universnews224.com\/index.php\/wp-json\/wp\/v2\/media?parent=4890"}],"wp:term":[{"taxonomy":"category","embeddable":true,"href":"https:\/\/universnews224.com\/index.php\/wp-json\/wp\/v2\/categories?post=4890"},{"taxonomy":"post_tag","embeddable":true,"href":"https:\/\/universnews224.com\/index.php\/wp-json\/wp\/v2\/tags?post=4890"}],"curies":[{"name":"wp","href":"https:\/\/api.w.org\/{rel}","templated":true}]}}