{"id":4918,"date":"2024-01-07T22:05:38","date_gmt":"2024-01-07T21:05:38","guid":{"rendered":"https:\/\/universnews224.com\/?p=4918"},"modified":"2024-01-07T22:05:38","modified_gmt":"2024-01-07T21:05:38","slug":"mohamed-lamine-kaba-sur-linstallation-des-delegations-speciales-je-crois-que-cest-une-mesure-qui-est-salutaire","status":"publish","type":"post","link":"https:\/\/universnews224.com\/index.php\/mohamed-lamine-kaba-sur-linstallation-des-delegations-speciales-je-crois-que-cest-une-mesure-qui-est-salutaire\/","title":{"rendered":"Mohamed Lamine Kaba sur l\u2019installation des d\u00e9l\u00e9gations sp\u00e9ciales: \u201cJe crois que c\u2019est une mesure qui est salutaire \u201d"},"content":{"rendered":"<p class=\"p1\"><span class=\"s1\">Dans son adresse \u00e0 la Nation, au ce soir dimanche 31 d\u00e9cembre 2023, \u00e0 l\u2019occasion du nouvel an, le Pr\u00e9sident de la Transition a annonc\u00e9 la mise en place des d\u00e9l\u00e9gations sp\u00e9ciales d\u00e8s le premier trimestre de 2024, sur toute l\u2019\u00e9tendue du territoire national. <\/span><\/p>\n<p class=\"p1\"><span class=\"s1\">R\u00e9gissant sur cette actualit\u00e9 chez nos confr\u00e8res de la radio Nostalgie Guin\u00e9e dans l\u2019\u00e9mission \u00abFace \u00e0 l\u2019info\u00bb ce vendredi, 05 janvier 2023, le pr\u00e9sident du parti FIDEL( Parti Forces des Int\u00e8gres pour la D\u00e9mocratie d\u00e9mocratie et l\u2019Equilibre) soutient que cette mesure est salutaire. <\/span><\/p>\n<p class=\"p1\"><span class=\"s1\">\u201c<\/span><span class=\"s2\">Je crois que, c\u2019est une mesure qui est salutaire et qui devrait \u00eatre prise depuis longtemps. Lorsqu\u2019on sait que le mandat des conseillers communaux est expir\u00e9 depuis le mois d\u2019octobre pass\u00e9. Donc, cette annonce du pr\u00e9sident de la transition de remplacer les conseillers communaux aux d\u00e9l\u00e9gations sp\u00e9ciales est \u00e0 saluer parce que nous avons besoin d\u2019une certaine l\u00e9gitimit\u00e9. C\u2019est vrai que, nous avons encore cette l\u00e9gitimit\u00e9 parce que, c\u2019est le peuple qui nous a mis, mais il y a besoin de r\u00e9gler la chose. Parce qu\u2019en principe ce sont des conseillers communaux qui doivent c\u00e9der soit aux d\u00e9l\u00e9gations sp\u00e9ciales ou aux \u00e9lus. Comme les \u00e9lections ne sont pas organis\u00e9es maintenant, je pense que cela est une mesure correcte et nous pensons que cela va d\u00e9nouer assez de crise dans le pays<\/span><span class=\"s1\">\u201d, a d\u00e9clar\u00e9 cet ancien d\u00e9put\u00e9. <\/span><\/p>\n<p class=\"p1\"><span class=\"s1\">Mohamed <\/span><\/p>\n","protected":false},"excerpt":{"rendered":"<p>Dans son adresse \u00e0 la Nation, au ce soir dimanche 31 d\u00e9cembre 2023, \u00e0 l\u2019occasion<\/p>\n","protected":false},"author":2,"featured_media":4919,"comment_status":"closed","ping_status":"open","sticky":false,"template":"","format":"standard","meta":[],"categories":[3,4],"tags":[229],"yoast_head":"<!-- This site is optimized with the Yoast SEO plugin v19.13 - https:\/\/yoast.com\/wordpress\/plugins\/seo\/ -->\n<title>Mohamed Lamine Kaba sur l\u2019installation des d\u00e9l\u00e9gations sp\u00e9ciales: \u201cJe crois que c\u2019est une mesure qui est salutaire \u201d - UNIVERSNEWS224<\/title>\n<meta name=\"robots\" content=\"index, follow, max-snippet:-1, max-image-preview:large, max-video-preview:-1\" \/>\n<link rel=\"canonical\" href=\"https:\/\/universnews224.com\/index.php\/mohamed-lamine-kaba-sur-linstallation-des-delegations-speciales-je-crois-que-cest-une-mesure-qui-est-salutaire\/\" \/>\n<meta property=\"og:locale\" content=\"fr_FR\" \/>\n<meta property=\"og:type\" content=\"article\" \/>\n<meta property=\"og:title\" content=\"Mohamed Lamine Kaba sur l\u2019installation des d\u00e9l\u00e9gations sp\u00e9ciales: \u201cJe crois que c\u2019est une mesure qui est salutaire \u201d - UNIVERSNEWS224\" \/>\n<meta property=\"og:description\" content=\"Dans son adresse \u00e0 la Nation, au ce soir dimanche 31 d\u00e9cembre 2023, \u00e0 l\u2019occasion\" \/>\n<meta property=\"og:url\" content=\"https:\/\/universnews224.com\/index.php\/mohamed-lamine-kaba-sur-linstallation-des-delegations-speciales-je-crois-que-cest-une-mesure-qui-est-salutaire\/\" \/>\n<meta property=\"og:site_name\" content=\"UNIVERSNEWS224\" \/>\n<meta property=\"article:published_time\" content=\"2024-01-07T21:05:38+00:00\" \/>\n<meta property=\"og:image\" content=\"https:\/\/universnews224.com\/wp-content\/uploads\/2024\/01\/18F148E1-8F5A-4C48-A698-41A9BAE65F2D.jpeg\" \/>\n\t<meta property=\"og:image:width\" content=\"230\" \/>\n\t<meta property=\"og:image:height\" content=\"219\" \/>\n\t<meta property=\"og:image:type\" content=\"image\/jpeg\" \/>\n<meta name=\"author\" content=\"La R\u00e9daction\" \/>\n<meta name=\"twitter:label1\" content=\"\u00c9crit par\" \/>\n\t<meta name=\"twitter:data1\" content=\"La R\u00e9daction\" \/>\n\t<meta name=\"twitter:label2\" content=\"Dur\u00e9e de lecture estim\u00e9e\" \/>\n\t<meta name=\"twitter:data2\" content=\"2 minutes\" \/>\n<script type=\"application\/ld+json\" class=\"yoast-schema-graph\">{\"@context\":\"https:\/\/schema.org\",\"@graph\":[{\"@type\":\"Article\",\"@id\":\"https:\/\/universnews224.com\/index.php\/mohamed-lamine-kaba-sur-linstallation-des-delegations-speciales-je-crois-que-cest-une-mesure-qui-est-salutaire\/#article\",\"isPartOf\":{\"@id\":\"https:\/\/universnews224.com\/index.php\/mohamed-lamine-kaba-sur-linstallation-des-delegations-speciales-je-crois-que-cest-une-mesure-qui-est-salutaire\/\"},\"author\":{\"name\":\"La R\u00e9daction\",\"@id\":\"https:\/\/universnews224.com\/#\/schema\/person\/a4b7d4f94a4716df60456a491260485e\"},\"headline\":\"Mohamed Lamine Kaba sur l\u2019installation des d\u00e9l\u00e9gations sp\u00e9ciales: \u201cJe crois que c\u2019est une mesure qui est salutaire \u201d\",\"datePublished\":\"2024-01-07T21:05:38+00:00\",\"dateModified\":\"2024-01-07T21:05:38+00:00\",\"mainEntityOfPage\":{\"@id\":\"https:\/\/universnews224.com\/index.php\/mohamed-lamine-kaba-sur-linstallation-des-delegations-speciales-je-crois-que-cest-une-mesure-qui-est-salutaire\/\"},\"wordCount\":277,\"publisher\":{\"@id\":\"https:\/\/universnews224.com\/#organization\"},\"keywords\":[\"La une\"],\"articleSection\":[\"ACTU\",\"POLITIQUE\"],\"inLanguage\":\"fr-FR\"},{\"@type\":\"WebPage\",\"@id\":\"https:\/\/universnews224.com\/index.php\/mohamed-lamine-kaba-sur-linstallation-des-delegations-speciales-je-crois-que-cest-une-mesure-qui-est-salutaire\/\",\"url\":\"https:\/\/universnews224.com\/index.php\/mohamed-lamine-kaba-sur-linstallation-des-delegations-speciales-je-crois-que-cest-une-mesure-qui-est-salutaire\/\",\"name\":\"Mohamed Lamine Kaba sur l\u2019installation des d\u00e9l\u00e9gations sp\u00e9ciales: \u201cJe crois que c\u2019est une mesure qui est salutaire \u201d - UNIVERSNEWS224\",\"isPartOf\":{\"@id\":\"https:\/\/universnews224.com\/#website\"},\"datePublished\":\"2024-01-07T21:05:38+00:00\",\"dateModified\":\"2024-01-07T21:05:38+00:00\",\"inLanguage\":\"fr-FR\",\"potentialAction\":[{\"@type\":\"ReadAction\",\"target\":[\"https:\/\/universnews224.com\/index.php\/mohamed-lamine-kaba-sur-linstallation-des-delegations-speciales-je-crois-que-cest-une-mesure-qui-est-salutaire\/\"]}]},{\"@type\":\"WebSite\",\"@id\":\"https:\/\/universnews224.com\/#website\",\"url\":\"https:\/\/universnews224.com\/\",\"name\":\"UNIVERSNEWS224\",\"description\":\"\",\"publisher\":{\"@id\":\"https:\/\/universnews224.com\/#organization\"},\"potentialAction\":[{\"@type\":\"SearchAction\",\"target\":{\"@type\":\"EntryPoint\",\"urlTemplate\":\"https:\/\/universnews224.com\/?s={search_term_string}\"},\"query-input\":\"required name=search_term_string\"}],\"inLanguage\":\"fr-FR\"},{\"@type\":\"Organization\",\"@id\":\"https:\/\/universnews224.com\/#organization\",\"name\":\"UNIVERSNEWS224\",\"url\":\"https:\/\/universnews224.com\/\",\"logo\":{\"@type\":\"ImageObject\",\"inLanguage\":\"fr-FR\",\"@id\":\"https:\/\/universnews224.com\/#\/schema\/logo\/image\/\",\"url\":\"https:\/\/universnews224.com\/wp-content\/uploads\/2022\/08\/cropped-cropped-logoban.jpg\",\"contentUrl\":\"https:\/\/universnews224.com\/wp-content\/uploads\/2022\/08\/cropped-cropped-logoban.jpg\",\"width\":1080,\"height\":138,\"caption\":\"UNIVERSNEWS224\"},\"image\":{\"@id\":\"https:\/\/universnews224.com\/#\/schema\/logo\/image\/\"}},{\"@type\":\"Person\",\"@id\":\"https:\/\/universnews224.com\/#\/schema\/person\/a4b7d4f94a4716df60456a491260485e\",\"name\":\"La R\u00e9daction\",\"image\":{\"@type\":\"ImageObject\",\"inLanguage\":\"fr-FR\",\"@id\":\"https:\/\/universnews224.com\/#\/schema\/person\/image\/\",\"url\":\"https:\/\/secure.gravatar.com\/avatar\/edb90acc7752b23e1b3307ad36c14f0d?s=96&d=mm&r=g\",\"contentUrl\":\"https:\/\/secure.gravatar.com\/avatar\/edb90acc7752b23e1b3307ad36c14f0d?s=96&d=mm&r=g\",\"caption\":\"La R\u00e9daction\"},\"sameAs\":[\"https:\/\/universnews224.com\"],\"url\":\"https:\/\/universnews224.com\/index.php\/author\/m-camara\/\"}]}<\/script>\n<!-- \/ Yoast SEO plugin. -->","yoast_head_json":{"title":"Mohamed Lamine Kaba sur l\u2019installation des d\u00e9l\u00e9gations sp\u00e9ciales: \u201cJe crois que c\u2019est une mesure qui est salutaire \u201d - UNIVERSNEWS224","robots":{"index":"index","follow":"follow","max-snippet":"max-snippet:-1","max-image-preview":"max-image-preview:large","max-video-preview":"max-video-preview:-1"},"canonical":"https:\/\/universnews224.com\/index.php\/mohamed-lamine-kaba-sur-linstallation-des-delegations-speciales-je-crois-que-cest-une-mesure-qui-est-salutaire\/","og_locale":"fr_FR","og_type":"article","og_title":"Mohamed Lamine Kaba sur l\u2019installation des d\u00e9l\u00e9gations sp\u00e9ciales: \u201cJe crois que c\u2019est une mesure qui est salutaire \u201d - UNIVERSNEWS224","og_description":"Dans son adresse \u00e0 la Nation, au ce soir dimanche 31 d\u00e9cembre 2023, \u00e0 l\u2019occasion","og_url":"https:\/\/universnews224.com\/index.php\/mohamed-lamine-kaba-sur-linstallation-des-delegations-speciales-je-crois-que-cest-une-mesure-qui-est-salutaire\/","og_site_name":"UNIVERSNEWS224","article_published_time":"2024-01-07T21:05:38+00:00","og_image":[{"width":230,"height":219,"url":"https:\/\/universnews224.com\/wp-content\/uploads\/2024\/01\/18F148E1-8F5A-4C48-A698-41A9BAE65F2D.jpeg","type":"image\/jpeg"}],"author":"La R\u00e9daction","twitter_misc":{"\u00c9crit par":"La R\u00e9daction","Dur\u00e9e de lecture estim\u00e9e":"2 minutes"},"schema":{"@context":"https:\/\/schema.org","@graph":[{"@type":"Article","@id":"https:\/\/universnews224.com\/index.php\/mohamed-lamine-kaba-sur-linstallation-des-delegations-speciales-je-crois-que-cest-une-mesure-qui-est-salutaire\/#article","isPartOf":{"@id":"https:\/\/universnews224.com\/index.php\/mohamed-lamine-kaba-sur-linstallation-des-delegations-speciales-je-crois-que-cest-une-mesure-qui-est-salutaire\/"},"author":{"name":"La R\u00e9daction","@id":"https:\/\/universnews224.com\/#\/schema\/person\/a4b7d4f94a4716df60456a491260485e"},"headline":"Mohamed Lamine Kaba sur l\u2019installation des d\u00e9l\u00e9gations sp\u00e9ciales: \u201cJe crois que c\u2019est une mesure qui est salutaire \u201d","datePublished":"2024-01-07T21:05:38+00:00","dateModified":"2024-01-07T21:05:38+00:00","mainEntityOfPage":{"@id":"https:\/\/universnews224.com\/index.php\/mohamed-lamine-kaba-sur-linstallation-des-delegations-speciales-je-crois-que-cest-une-mesure-qui-est-salutaire\/"},"wordCount":277,"publisher":{"@id":"https:\/\/universnews224.com\/#organization"},"keywords":["La une"],"articleSection":["ACTU","POLITIQUE"],"inLanguage":"fr-FR"},{"@type":"WebPage","@id":"https:\/\/universnews224.com\/index.php\/mohamed-lamine-kaba-sur-linstallation-des-delegations-speciales-je-crois-que-cest-une-mesure-qui-est-salutaire\/","url":"https:\/\/universnews224.com\/index.php\/mohamed-lamine-kaba-sur-linstallation-des-delegations-speciales-je-crois-que-cest-une-mesure-qui-est-salutaire\/","name":"Mohamed Lamine Kaba sur l\u2019installation des d\u00e9l\u00e9gations sp\u00e9ciales: \u201cJe crois que c\u2019est une mesure qui est salutaire \u201d - UNIVERSNEWS224","isPartOf":{"@id":"https:\/\/universnews224.com\/#website"},"datePublished":"2024-01-07T21:05:38+00:00","dateModified":"2024-01-07T21:05:38+00:00","inLanguage":"fr-FR","potentialAction":[{"@type":"ReadAction","target":["https:\/\/universnews224.com\/index.php\/mohamed-lamine-kaba-sur-linstallation-des-delegations-speciales-je-crois-que-cest-une-mesure-qui-est-salutaire\/"]}]},{"@type":"WebSite","@id":"https:\/\/universnews224.com\/#website","url":"https:\/\/universnews224.com\/","name":"UNIVERSNEWS224","description":"","publisher":{"@id":"https:\/\/universnews224.com\/#organization"},"potentialAction":[{"@type":"SearchAction","target":{"@type":"EntryPoint","urlTemplate":"https:\/\/universnews224.com\/?s={search_term_string}"},"query-input":"required name=search_term_string"}],"inLanguage":"fr-FR"},{"@type":"Organization","@id":"https:\/\/universnews224.com\/#organization","name":"UNIVERSNEWS224","url":"https:\/\/universnews224.com\/","logo":{"@type":"ImageObject","inLanguage":"fr-FR","@id":"https:\/\/universnews224.com\/#\/schema\/logo\/image\/","url":"https:\/\/universnews224.com\/wp-content\/uploads\/2022\/08\/cropped-cropped-logoban.jpg","contentUrl":"https:\/\/universnews224.com\/wp-content\/uploads\/2022\/08\/cropped-cropped-logoban.jpg","width":1080,"height":138,"caption":"UNIVERSNEWS224"},"image":{"@id":"https:\/\/universnews224.com\/#\/schema\/logo\/image\/"}},{"@type":"Person","@id":"https:\/\/universnews224.com\/#\/schema\/person\/a4b7d4f94a4716df60456a491260485e","name":"La R\u00e9daction","image":{"@type":"ImageObject","inLanguage":"fr-FR","@id":"https:\/\/universnews224.com\/#\/schema\/person\/image\/","url":"https:\/\/secure.gravatar.com\/avatar\/edb90acc7752b23e1b3307ad36c14f0d?s=96&d=mm&r=g","contentUrl":"https:\/\/secure.gravatar.com\/avatar\/edb90acc7752b23e1b3307ad36c14f0d?s=96&d=mm&r=g","caption":"La R\u00e9daction"},"sameAs":["https:\/\/universnews224.com"],"url":"https:\/\/universnews224.com\/index.php\/author\/m-camara\/"}]}},"_links":{"self":[{"href":"https:\/\/universnews224.com\/index.php\/wp-json\/wp\/v2\/posts\/4918"}],"collection":[{"href":"https:\/\/universnews224.com\/index.php\/wp-json\/wp\/v2\/posts"}],"about":[{"href":"https:\/\/universnews224.com\/index.php\/wp-json\/wp\/v2\/types\/post"}],"author":[{"embeddable":true,"href":"https:\/\/universnews224.com\/index.php\/wp-json\/wp\/v2\/users\/2"}],"replies":[{"embeddable":true,"href":"https:\/\/universnews224.com\/index.php\/wp-json\/wp\/v2\/comments?post=4918"}],"version-history":[{"count":1,"href":"https:\/\/universnews224.com\/index.php\/wp-json\/wp\/v2\/posts\/4918\/revisions"}],"predecessor-version":[{"id":4920,"href":"https:\/\/universnews224.com\/index.php\/wp-json\/wp\/v2\/posts\/4918\/revisions\/4920"}],"wp:featuredmedia":[{"embeddable":true,"href":"https:\/\/universnews224.com\/index.php\/wp-json\/wp\/v2\/media\/4919"}],"wp:attachment":[{"href":"https:\/\/universnews224.com\/index.php\/wp-json\/wp\/v2\/media?parent=4918"}],"wp:term":[{"taxonomy":"category","embeddable":true,"href":"https:\/\/universnews224.com\/index.php\/wp-json\/wp\/v2\/categories?post=4918"},{"taxonomy":"post_tag","embeddable":true,"href":"https:\/\/universnews224.com\/index.php\/wp-json\/wp\/v2\/tags?post=4918"}],"curies":[{"name":"wp","href":"https:\/\/api.w.org\/{rel}","templated":true}]}}