{"id":4937,"date":"2024-01-09T19:24:32","date_gmt":"2024-01-09T18:24:32","guid":{"rendered":"https:\/\/universnews224.com\/?p=4937"},"modified":"2024-01-09T19:24:32","modified_gmt":"2024-01-09T18:24:32","slug":"sekou-jamal-pendessa-les-journalistes-guineens-accepteront-jamais-que-quelquun-vienne-remettre-leur-independance-en-cause","status":"publish","type":"post","link":"https:\/\/universnews224.com\/index.php\/sekou-jamal-pendessa-les-journalistes-guineens-accepteront-jamais-que-quelquun-vienne-remettre-leur-independance-en-cause\/","title":{"rendered":"Sekou Jamal Pendessa: \u201dLes journalistes guin\u00e9ens accepteront jamais que, quelqu\u2019un vienne remettre leur ind\u00e9pendance en cause\u201d"},"content":{"rendered":"<p class=\"p1\"><span class=\"s1\">\u00c0 l\u2019occasion de la c\u00e9r\u00e9monie de pr\u00e9sentation des v\u0153ux de nouvel an de la famille judiciaire au Garde des Sceaux, le B\u00e2tonnier Mamadou Souar\u00e9 Diop a interpell\u00e9, le ministre Charles Wright sur la privation des libert\u00e9s d\u2019expression en Guin\u00e9e avec les brouillages des ondes de certaines radios et les restrictions sur les r\u00e9seaux sociaux. En r\u00e9ponse, le ministre de la justice a soutenu que, beaucoup journalistes exercent le m\u00e9tier, en ignorant les r\u00e8gles qui r\u00e9gissent le fonctionnement de la presse en Guin\u00e9e. <\/span><\/p>\n<p class=\"p1\"><span class=\"s1\">Pour le Sekou Jamal Pendessa, Secr\u00e9taire g\u00e9n\u00e9ral du syndicat des professionnels de la presse, l\u2019\u00c9tat ne doit \u00e0 n\u2019aucun cas, primer les hommes de m\u00e9dias de leur ind\u00e9pendance. <\/span><\/p>\n<p class=\"p1\"><span class=\"s1\">\u201cCharles Wright,on se conna\u00eet bien avant qu\u2019il ne soit m\u00eame procureur, on a eu des rencontres. Nous partageons quelque choses en commun, je l\u2019ai dit \u00e0 certains membres de son cabinet. Je dis bien que je ne suis pas d\u2019accord avec lui sur beaucoup de sujets, mais il y a quelque chose que j\u2019aime chez lui, c\u2019est qu\u2019il est jaloux de l\u2019ind\u00e9pendant qu\u2019il incarne \u00e0 un moment. S\u2019il est procureur, il est jaloux de l\u2019ind\u00e9pendance de son parquet. Aujourd\u2019hui, il est ministre, il est jaloux de l\u2019ind\u00e9pendance de son minist\u00e8re. C\u2019est pourquoi, il est all\u00e9 jusqu\u2019\u00e0 recarder son premier ministre. Nous aussi, nous sommes jaloux de notre ind\u00e9pendance de notre corporation. Charles Wright doit le savoir. Quand tu es avec quelqu\u2019un qui est jaloux de l\u2019ind\u00e9pendance de la structure qu\u2019il incarne, montre lui que, toi aussi, tu es jaloux de l\u2019ind\u00e9pendance de ta corporation. Donc, Charles Wright, on a \u00e9cout\u00e9 son argument sur la loi, il y a des aspects qu\u2019il a laiss\u00e9 sur la libert\u00e9 de la presse. Nous, c\u2019est notre domaine, nous naviguons tous les jours sur ces textes de lois ici et \u00e0 l\u2019international. Donc, on l\u2019a \u00e9cout\u00e9, mais on lui rappelle simplement que, de la m\u00eame mani\u00e8re qu\u2019il est jaloux de tous qu\u2019il a incarn\u00e9 \u00e0 un moment, nous sommes aussi jaloux de l\u2019ind\u00e9pendance de la presse. Et les journalistes guin\u00e9ens accepteront jamais que, quelqu\u2019un vienne remettre leur ind\u00e9pendance en cause\u201d, a t-il indiqu\u00e9 sur les ondes de tropical Fm. <\/span><\/p>\n<p class=\"p1\"><span class=\"s1\">Mohamed Camara <\/span><\/p>\n","protected":false},"excerpt":{"rendered":"<p>\u00c0 l\u2019occasion de la c\u00e9r\u00e9monie de pr\u00e9sentation des v\u0153ux de nouvel an de la famille<\/p>\n","protected":false},"author":2,"featured_media":4893,"comment_status":"closed","ping_status":"open","sticky":false,"template":"","format":"standard","meta":[],"categories":[3,5],"tags":[229],"yoast_head":"<!-- This site is optimized with the Yoast SEO plugin v19.13 - https:\/\/yoast.com\/wordpress\/plugins\/seo\/ -->\n<title>Sekou Jamal Pendessa: \u201dLes journalistes guin\u00e9ens accepteront jamais que, quelqu\u2019un vienne remettre leur ind\u00e9pendance en cause\u201d - UNIVERSNEWS224<\/title>\n<meta name=\"robots\" content=\"index, follow, max-snippet:-1, max-image-preview:large, max-video-preview:-1\" \/>\n<link rel=\"canonical\" href=\"https:\/\/universnews224.com\/index.php\/sekou-jamal-pendessa-les-journalistes-guineens-accepteront-jamais-que-quelquun-vienne-remettre-leur-independance-en-cause\/\" \/>\n<meta property=\"og:locale\" content=\"fr_FR\" \/>\n<meta property=\"og:type\" content=\"article\" \/>\n<meta property=\"og:title\" content=\"Sekou Jamal Pendessa: \u201dLes journalistes guin\u00e9ens accepteront jamais que, quelqu\u2019un vienne remettre leur ind\u00e9pendance en cause\u201d - UNIVERSNEWS224\" \/>\n<meta property=\"og:description\" content=\"\u00c0 l\u2019occasion de la c\u00e9r\u00e9monie de pr\u00e9sentation des v\u0153ux de nouvel an de la famille\" \/>\n<meta property=\"og:url\" content=\"https:\/\/universnews224.com\/index.php\/sekou-jamal-pendessa-les-journalistes-guineens-accepteront-jamais-que-quelquun-vienne-remettre-leur-independance-en-cause\/\" \/>\n<meta property=\"og:site_name\" content=\"UNIVERSNEWS224\" \/>\n<meta property=\"article:published_time\" content=\"2024-01-09T18:24:32+00:00\" \/>\n<meta property=\"og:image\" content=\"https:\/\/universnews224.com\/wp-content\/uploads\/2024\/01\/44569644-7E61-409A-8AC4-CE9517EFB01D.jpeg\" \/>\n\t<meta property=\"og:image:width\" content=\"576\" \/>\n\t<meta property=\"og:image:height\" content=\"1024\" \/>\n\t<meta property=\"og:image:type\" content=\"image\/jpeg\" \/>\n<meta name=\"author\" content=\"La R\u00e9daction\" \/>\n<meta name=\"twitter:label1\" content=\"\u00c9crit par\" \/>\n\t<meta name=\"twitter:data1\" content=\"La R\u00e9daction\" \/>\n\t<meta name=\"twitter:label2\" content=\"Dur\u00e9e de lecture estim\u00e9e\" \/>\n\t<meta name=\"twitter:data2\" content=\"2 minutes\" \/>\n<script type=\"application\/ld+json\" class=\"yoast-schema-graph\">{\"@context\":\"https:\/\/schema.org\",\"@graph\":[{\"@type\":\"Article\",\"@id\":\"https:\/\/universnews224.com\/index.php\/sekou-jamal-pendessa-les-journalistes-guineens-accepteront-jamais-que-quelquun-vienne-remettre-leur-independance-en-cause\/#article\",\"isPartOf\":{\"@id\":\"https:\/\/universnews224.com\/index.php\/sekou-jamal-pendessa-les-journalistes-guineens-accepteront-jamais-que-quelquun-vienne-remettre-leur-independance-en-cause\/\"},\"author\":{\"name\":\"La R\u00e9daction\",\"@id\":\"https:\/\/universnews224.com\/#\/schema\/person\/a4b7d4f94a4716df60456a491260485e\"},\"headline\":\"Sekou Jamal Pendessa: \u201dLes journalistes guin\u00e9ens accepteront jamais que, quelqu\u2019un vienne remettre leur ind\u00e9pendance en cause\u201d\",\"datePublished\":\"2024-01-09T18:24:32+00:00\",\"dateModified\":\"2024-01-09T18:24:32+00:00\",\"mainEntityOfPage\":{\"@id\":\"https:\/\/universnews224.com\/index.php\/sekou-jamal-pendessa-les-journalistes-guineens-accepteront-jamais-que-quelquun-vienne-remettre-leur-independance-en-cause\/\"},\"wordCount\":431,\"publisher\":{\"@id\":\"https:\/\/universnews224.com\/#organization\"},\"keywords\":[\"La une\"],\"articleSection\":[\"ACTU\",\"SOCI\u00c9T\u00c9\"],\"inLanguage\":\"fr-FR\"},{\"@type\":\"WebPage\",\"@id\":\"https:\/\/universnews224.com\/index.php\/sekou-jamal-pendessa-les-journalistes-guineens-accepteront-jamais-que-quelquun-vienne-remettre-leur-independance-en-cause\/\",\"url\":\"https:\/\/universnews224.com\/index.php\/sekou-jamal-pendessa-les-journalistes-guineens-accepteront-jamais-que-quelquun-vienne-remettre-leur-independance-en-cause\/\",\"name\":\"Sekou Jamal Pendessa: \u201dLes journalistes guin\u00e9ens accepteront jamais que, quelqu\u2019un vienne remettre leur ind\u00e9pendance en cause\u201d - UNIVERSNEWS224\",\"isPartOf\":{\"@id\":\"https:\/\/universnews224.com\/#website\"},\"datePublished\":\"2024-01-09T18:24:32+00:00\",\"dateModified\":\"2024-01-09T18:24:32+00:00\",\"inLanguage\":\"fr-FR\",\"potentialAction\":[{\"@type\":\"ReadAction\",\"target\":[\"https:\/\/universnews224.com\/index.php\/sekou-jamal-pendessa-les-journalistes-guineens-accepteront-jamais-que-quelquun-vienne-remettre-leur-independance-en-cause\/\"]}]},{\"@type\":\"WebSite\",\"@id\":\"https:\/\/universnews224.com\/#website\",\"url\":\"https:\/\/universnews224.com\/\",\"name\":\"UNIVERSNEWS224\",\"description\":\"\",\"publisher\":{\"@id\":\"https:\/\/universnews224.com\/#organization\"},\"potentialAction\":[{\"@type\":\"SearchAction\",\"target\":{\"@type\":\"EntryPoint\",\"urlTemplate\":\"https:\/\/universnews224.com\/?s={search_term_string}\"},\"query-input\":\"required name=search_term_string\"}],\"inLanguage\":\"fr-FR\"},{\"@type\":\"Organization\",\"@id\":\"https:\/\/universnews224.com\/#organization\",\"name\":\"UNIVERSNEWS224\",\"url\":\"https:\/\/universnews224.com\/\",\"logo\":{\"@type\":\"ImageObject\",\"inLanguage\":\"fr-FR\",\"@id\":\"https:\/\/universnews224.com\/#\/schema\/logo\/image\/\",\"url\":\"https:\/\/universnews224.com\/wp-content\/uploads\/2022\/08\/cropped-cropped-logoban.jpg\",\"contentUrl\":\"https:\/\/universnews224.com\/wp-content\/uploads\/2022\/08\/cropped-cropped-logoban.jpg\",\"width\":1080,\"height\":138,\"caption\":\"UNIVERSNEWS224\"},\"image\":{\"@id\":\"https:\/\/universnews224.com\/#\/schema\/logo\/image\/\"}},{\"@type\":\"Person\",\"@id\":\"https:\/\/universnews224.com\/#\/schema\/person\/a4b7d4f94a4716df60456a491260485e\",\"name\":\"La R\u00e9daction\",\"image\":{\"@type\":\"ImageObject\",\"inLanguage\":\"fr-FR\",\"@id\":\"https:\/\/universnews224.com\/#\/schema\/person\/image\/\",\"url\":\"https:\/\/secure.gravatar.com\/avatar\/edb90acc7752b23e1b3307ad36c14f0d?s=96&d=mm&r=g\",\"contentUrl\":\"https:\/\/secure.gravatar.com\/avatar\/edb90acc7752b23e1b3307ad36c14f0d?s=96&d=mm&r=g\",\"caption\":\"La R\u00e9daction\"},\"sameAs\":[\"https:\/\/universnews224.com\"],\"url\":\"https:\/\/universnews224.com\/index.php\/author\/m-camara\/\"}]}<\/script>\n<!-- \/ Yoast SEO plugin. -->","yoast_head_json":{"title":"Sekou Jamal Pendessa: \u201dLes journalistes guin\u00e9ens accepteront jamais que, quelqu\u2019un vienne remettre leur ind\u00e9pendance en cause\u201d - UNIVERSNEWS224","robots":{"index":"index","follow":"follow","max-snippet":"max-snippet:-1","max-image-preview":"max-image-preview:large","max-video-preview":"max-video-preview:-1"},"canonical":"https:\/\/universnews224.com\/index.php\/sekou-jamal-pendessa-les-journalistes-guineens-accepteront-jamais-que-quelquun-vienne-remettre-leur-independance-en-cause\/","og_locale":"fr_FR","og_type":"article","og_title":"Sekou Jamal Pendessa: \u201dLes journalistes guin\u00e9ens accepteront jamais que, quelqu\u2019un vienne remettre leur ind\u00e9pendance en cause\u201d - UNIVERSNEWS224","og_description":"\u00c0 l\u2019occasion de la c\u00e9r\u00e9monie de pr\u00e9sentation des v\u0153ux de nouvel an de la famille","og_url":"https:\/\/universnews224.com\/index.php\/sekou-jamal-pendessa-les-journalistes-guineens-accepteront-jamais-que-quelquun-vienne-remettre-leur-independance-en-cause\/","og_site_name":"UNIVERSNEWS224","article_published_time":"2024-01-09T18:24:32+00:00","og_image":[{"width":576,"height":1024,"url":"https:\/\/universnews224.com\/wp-content\/uploads\/2024\/01\/44569644-7E61-409A-8AC4-CE9517EFB01D.jpeg","type":"image\/jpeg"}],"author":"La R\u00e9daction","twitter_misc":{"\u00c9crit par":"La R\u00e9daction","Dur\u00e9e de lecture estim\u00e9e":"2 minutes"},"schema":{"@context":"https:\/\/schema.org","@graph":[{"@type":"Article","@id":"https:\/\/universnews224.com\/index.php\/sekou-jamal-pendessa-les-journalistes-guineens-accepteront-jamais-que-quelquun-vienne-remettre-leur-independance-en-cause\/#article","isPartOf":{"@id":"https:\/\/universnews224.com\/index.php\/sekou-jamal-pendessa-les-journalistes-guineens-accepteront-jamais-que-quelquun-vienne-remettre-leur-independance-en-cause\/"},"author":{"name":"La R\u00e9daction","@id":"https:\/\/universnews224.com\/#\/schema\/person\/a4b7d4f94a4716df60456a491260485e"},"headline":"Sekou Jamal Pendessa: \u201dLes journalistes guin\u00e9ens accepteront jamais que, quelqu\u2019un vienne remettre leur ind\u00e9pendance en cause\u201d","datePublished":"2024-01-09T18:24:32+00:00","dateModified":"2024-01-09T18:24:32+00:00","mainEntityOfPage":{"@id":"https:\/\/universnews224.com\/index.php\/sekou-jamal-pendessa-les-journalistes-guineens-accepteront-jamais-que-quelquun-vienne-remettre-leur-independance-en-cause\/"},"wordCount":431,"publisher":{"@id":"https:\/\/universnews224.com\/#organization"},"keywords":["La une"],"articleSection":["ACTU","SOCI\u00c9T\u00c9"],"inLanguage":"fr-FR"},{"@type":"WebPage","@id":"https:\/\/universnews224.com\/index.php\/sekou-jamal-pendessa-les-journalistes-guineens-accepteront-jamais-que-quelquun-vienne-remettre-leur-independance-en-cause\/","url":"https:\/\/universnews224.com\/index.php\/sekou-jamal-pendessa-les-journalistes-guineens-accepteront-jamais-que-quelquun-vienne-remettre-leur-independance-en-cause\/","name":"Sekou Jamal Pendessa: \u201dLes journalistes guin\u00e9ens accepteront jamais que, quelqu\u2019un vienne remettre leur ind\u00e9pendance en cause\u201d - UNIVERSNEWS224","isPartOf":{"@id":"https:\/\/universnews224.com\/#website"},"datePublished":"2024-01-09T18:24:32+00:00","dateModified":"2024-01-09T18:24:32+00:00","inLanguage":"fr-FR","potentialAction":[{"@type":"ReadAction","target":["https:\/\/universnews224.com\/index.php\/sekou-jamal-pendessa-les-journalistes-guineens-accepteront-jamais-que-quelquun-vienne-remettre-leur-independance-en-cause\/"]}]},{"@type":"WebSite","@id":"https:\/\/universnews224.com\/#website","url":"https:\/\/universnews224.com\/","name":"UNIVERSNEWS224","description":"","publisher":{"@id":"https:\/\/universnews224.com\/#organization"},"potentialAction":[{"@type":"SearchAction","target":{"@type":"EntryPoint","urlTemplate":"https:\/\/universnews224.com\/?s={search_term_string}"},"query-input":"required name=search_term_string"}],"inLanguage":"fr-FR"},{"@type":"Organization","@id":"https:\/\/universnews224.com\/#organization","name":"UNIVERSNEWS224","url":"https:\/\/universnews224.com\/","logo":{"@type":"ImageObject","inLanguage":"fr-FR","@id":"https:\/\/universnews224.com\/#\/schema\/logo\/image\/","url":"https:\/\/universnews224.com\/wp-content\/uploads\/2022\/08\/cropped-cropped-logoban.jpg","contentUrl":"https:\/\/universnews224.com\/wp-content\/uploads\/2022\/08\/cropped-cropped-logoban.jpg","width":1080,"height":138,"caption":"UNIVERSNEWS224"},"image":{"@id":"https:\/\/universnews224.com\/#\/schema\/logo\/image\/"}},{"@type":"Person","@id":"https:\/\/universnews224.com\/#\/schema\/person\/a4b7d4f94a4716df60456a491260485e","name":"La R\u00e9daction","image":{"@type":"ImageObject","inLanguage":"fr-FR","@id":"https:\/\/universnews224.com\/#\/schema\/person\/image\/","url":"https:\/\/secure.gravatar.com\/avatar\/edb90acc7752b23e1b3307ad36c14f0d?s=96&d=mm&r=g","contentUrl":"https:\/\/secure.gravatar.com\/avatar\/edb90acc7752b23e1b3307ad36c14f0d?s=96&d=mm&r=g","caption":"La R\u00e9daction"},"sameAs":["https:\/\/universnews224.com"],"url":"https:\/\/universnews224.com\/index.php\/author\/m-camara\/"}]}},"_links":{"self":[{"href":"https:\/\/universnews224.com\/index.php\/wp-json\/wp\/v2\/posts\/4937"}],"collection":[{"href":"https:\/\/universnews224.com\/index.php\/wp-json\/wp\/v2\/posts"}],"about":[{"href":"https:\/\/universnews224.com\/index.php\/wp-json\/wp\/v2\/types\/post"}],"author":[{"embeddable":true,"href":"https:\/\/universnews224.com\/index.php\/wp-json\/wp\/v2\/users\/2"}],"replies":[{"embeddable":true,"href":"https:\/\/universnews224.com\/index.php\/wp-json\/wp\/v2\/comments?post=4937"}],"version-history":[{"count":1,"href":"https:\/\/universnews224.com\/index.php\/wp-json\/wp\/v2\/posts\/4937\/revisions"}],"predecessor-version":[{"id":4938,"href":"https:\/\/universnews224.com\/index.php\/wp-json\/wp\/v2\/posts\/4937\/revisions\/4938"}],"wp:featuredmedia":[{"embeddable":true,"href":"https:\/\/universnews224.com\/index.php\/wp-json\/wp\/v2\/media\/4893"}],"wp:attachment":[{"href":"https:\/\/universnews224.com\/index.php\/wp-json\/wp\/v2\/media?parent=4937"}],"wp:term":[{"taxonomy":"category","embeddable":true,"href":"https:\/\/universnews224.com\/index.php\/wp-json\/wp\/v2\/categories?post=4937"},{"taxonomy":"post_tag","embeddable":true,"href":"https:\/\/universnews224.com\/index.php\/wp-json\/wp\/v2\/tags?post=4937"}],"curies":[{"name":"wp","href":"https:\/\/api.w.org\/{rel}","templated":true}]}}