{"id":4941,"date":"2024-01-09T19:28:57","date_gmt":"2024-01-09T18:28:57","guid":{"rendered":"https:\/\/universnews224.com\/?p=4941"},"modified":"2024-01-09T19:28:57","modified_gmt":"2024-01-09T18:28:57","slug":"proces-28-sept-le-marabout-a-dit-a-dadis-pour-renforcer-ton-pouvoir-il-faut-quon-tue-le-pr-alpha-conde-et-les-leaders-temoin","status":"publish","type":"post","link":"https:\/\/universnews224.com\/index.php\/proces-28-sept-le-marabout-a-dit-a-dadis-pour-renforcer-ton-pouvoir-il-faut-quon-tue-le-pr-alpha-conde-et-les-leaders-temoin\/","title":{"rendered":"Proc\u00e8s 28 sept: \u201cle marabout a dit \u00e0 Dadis : pour renforcer ton pouvoir, il faut qu\u2019on tue le Pr Alpha Cond\u00e9 et les leaders\u201d (t\u00e9moin)"},"content":{"rendered":"<p class=\"p2\">Le proc\u00e8s des \u00e9v\u00e8nements du 28 septembre 2009, s\u2019est poursuivi ce mardi 09 janvier 2024 au tribunal ad-hoc de Dixinn, d\u00e9localis\u00e9 \u00e0 la Cour d\u2019Appel de Conakry.<\/p>\n<p class=\"p2\"><span class=\"s2\">\u00c0 l\u2019audience du jour, le t\u00e9moin du Parquet G\u00e9n\u00e9ral Oumar Youssouf Tour\u00e9, qui a c\u00f4toy\u00e9 la plupart des inculp\u00e9s dans cette histoire des mois durant s\u2019est plong\u00e9 dans les histoires du maraboutage, du f\u00e9tichisme. Il raconte que lors des consultations, un f\u00e9ticheur a dit au pr\u00e9sident Dadis que pour conserver son pouvoir \u00a0plusieurs personnes devaient mourir notamment des hommes politiques et des hommes en tenue avec qui il s\u2019est battu pour obtenir le pouvoir.<\/span><\/p>\n<p class=\"p2\"><span class=\"s2\">\u00c0 Dubr\u00e9ka, il a expliqu\u00e9 qu\u2019au cours d\u2019un rituel avec le f\u00e9ticheur, Dadis s\u2019est lav\u00e9 avec le sang humain pour voir le diable parce qu\u2019il \u00e9tait trop curieux et que lors de son l\u2019apparition, ce diable a dit \u00e0 Dadis qu\u2019il faut qu\u2019il verse le sang humain obligatoirement, ce jour-l\u00e0, dit-il, Dadis a eu peur, il voulait fuir, avant que le diable ne disparaisse.<\/span><\/p>\n<p class=\"p2\"><span class=\"s2\">\u00c0 l\u2019en croire, \u00ab le marabout a dit \u00e0 Dadis que c\u2019est le Pr Alpha Cond\u00e9 qui va prendre le pouvoir mais pour renforcer ton pouvoir il faut qu\u2019on tue le Pr Alpha Cond\u00e9 et puis on va verser le sang humain aussi, on va verser le sang mais \u00e7a serait pour une f\u00eate nationale. Mais si vous vous rappelez, le pr\u00e9sident Ahmed S\u00e9kou Tour\u00e9 a dit non au r\u00e9f\u00e9rendum et c\u2019\u00e9tait pour le 28 septembre et que les leaders aussi voulaient manifester au m\u00eame 28 septembre. Ce jour-l\u00e0 je ne peux pas accuser Marcel, il n\u2019\u00e9tait pas l\u00e0-bas. G\u00e9n\u00e9ral Bald\u00e9 doit revenir tout ce qu\u2019il a dit ici ce n\u2019est pas la v\u00e9rit\u00e9\u2026\u00a0\u00bb<\/span><\/p>\n<p class=\"p2\"><span class=\"s2\">Plus loin, ce t\u00e9moin explique qu\u2019il a \u00e9t\u00e9 \u00e9galement question d\u2019\u00e9liminer toutes les personnes avec lesquelles Dadis a pris le pouvoir y compris son f\u00e9ticheur.<\/span><\/p>\n<p class=\"p2\"><span class=\"s2\">\u00ab\u00a0Tous ceux avec qui il avait lutt\u00e9 pour avoir le pouvoir, s\u2019il arrive \u00e0 avoir le pouvoir de les sacrifier tous. Pr\u00e9sident Dadis a dit qu\u2019il a contact\u00e9 un colonel Cheikh Fanta Mady Tour\u00e9, il n\u2019a pas termin\u00e9 \u00e7a il l\u2019a appel\u00e9 pour venir rentrer dans la salle, ils ont parl\u00e9 l\u00e0-bas, apr\u00e8s Tibou. Mais quand ce dernier est venu, ils sont partis s\u2019entretenir \u00e0 huis-clos. Mais \u00e0 chaque fois qu\u2019on termine les r\u00e9unions, il y a un secret entre Tibou et lui, en tout cas il y a quelque chose qui les lie\u2026\u00a0\u00bb<\/span><\/p>\n<p class=\"p2\"><span class=\"s2\">Poursuivant sa d\u00e9position ax\u00e9e en grande partie sur les histoires de maraboutage et du f\u00e9tichisme, Youssouf Tour\u00e9 de confier : \u00ab\u00a0J\u2019ai appris avec Colonel Th\u00e9a, Makambo, qu\u2019ils sont partis positionner les agents chez les leaders, ils ont fait tous les sacrifices pour que tout le monde se pr\u00e9cipite pour aller vers le stade. Ce que le pr\u00e9sident Dadis a dit devant moi, qu\u2019il a pris Cheikh Fanta Mady pour \u00e9liminer tous les leaders. Blaise Gomou c\u2019est mon grand, il a dit non non, on va utiliser Marcel, on va laisser l\u2019autre faire son boulot parce que Marcel aimait beaucoup le pr\u00e9sident Dadis, ils ont dit \u00e7a avec Tiegboro, Blaise et un certain Georges, Makambo. Il travaillait l\u2019esprit de pousser Marcel pour aller au stade \u00e9liminer les leaders\u2026\u00a0\u00bb<\/span><\/p>\n<p class=\"p2\"><span class=\"s2\">Pour soutenir cette d\u00e9claration, il a fait savaoir que \u00ab\u00a0Tiegboro n\u2019\u00e9tait pas pour Dadis, il n\u2019\u00e9tait pas pour Pivi\u00a0\u00bb<\/span><\/p>\n<p class=\"p2\"><span class=\"s2\">M\u00e9diaguin\u00e9e <\/span><\/p>\n","protected":false},"excerpt":{"rendered":"<p>Le proc\u00e8s des \u00e9v\u00e8nements du 28 septembre 2009, s\u2019est poursuivi ce mardi 09 janvier 2024<\/p>\n","protected":false},"author":2,"featured_media":0,"comment_status":"closed","ping_status":"open","sticky":false,"template":"","format":"standard","meta":[],"categories":[3,5],"tags":[229],"yoast_head":"<!-- This site is optimized with the Yoast SEO plugin v19.13 - https:\/\/yoast.com\/wordpress\/plugins\/seo\/ -->\n<title>Proc\u00e8s 28 sept: \u201cle marabout a dit \u00e0 Dadis : pour renforcer ton pouvoir, il faut qu\u2019on tue le Pr Alpha Cond\u00e9 et les leaders\u201d (t\u00e9moin) - UNIVERSNEWS224<\/title>\n<meta name=\"robots\" content=\"index, follow, max-snippet:-1, max-image-preview:large, max-video-preview:-1\" \/>\n<link rel=\"canonical\" href=\"https:\/\/universnews224.com\/index.php\/proces-28-sept-le-marabout-a-dit-a-dadis-pour-renforcer-ton-pouvoir-il-faut-quon-tue-le-pr-alpha-conde-et-les-leaders-temoin\/\" \/>\n<meta property=\"og:locale\" content=\"fr_FR\" \/>\n<meta property=\"og:type\" content=\"article\" \/>\n<meta property=\"og:title\" content=\"Proc\u00e8s 28 sept: \u201cle marabout a dit \u00e0 Dadis : pour renforcer ton pouvoir, il faut qu\u2019on tue le Pr Alpha Cond\u00e9 et les leaders\u201d (t\u00e9moin) - UNIVERSNEWS224\" \/>\n<meta property=\"og:description\" content=\"Le proc\u00e8s des \u00e9v\u00e8nements du 28 septembre 2009, s\u2019est poursuivi ce mardi 09 janvier 2024\" \/>\n<meta property=\"og:url\" content=\"https:\/\/universnews224.com\/index.php\/proces-28-sept-le-marabout-a-dit-a-dadis-pour-renforcer-ton-pouvoir-il-faut-quon-tue-le-pr-alpha-conde-et-les-leaders-temoin\/\" \/>\n<meta property=\"og:site_name\" content=\"UNIVERSNEWS224\" \/>\n<meta property=\"article:published_time\" content=\"2024-01-09T18:28:57+00:00\" \/>\n<meta name=\"author\" content=\"La R\u00e9daction\" \/>\n<meta name=\"twitter:label1\" content=\"\u00c9crit par\" \/>\n\t<meta name=\"twitter:data1\" content=\"La R\u00e9daction\" \/>\n\t<meta name=\"twitter:label2\" content=\"Dur\u00e9e de lecture estim\u00e9e\" \/>\n\t<meta name=\"twitter:data2\" content=\"3 minutes\" \/>\n<script type=\"application\/ld+json\" class=\"yoast-schema-graph\">{\"@context\":\"https:\/\/schema.org\",\"@graph\":[{\"@type\":\"Article\",\"@id\":\"https:\/\/universnews224.com\/index.php\/proces-28-sept-le-marabout-a-dit-a-dadis-pour-renforcer-ton-pouvoir-il-faut-quon-tue-le-pr-alpha-conde-et-les-leaders-temoin\/#article\",\"isPartOf\":{\"@id\":\"https:\/\/universnews224.com\/index.php\/proces-28-sept-le-marabout-a-dit-a-dadis-pour-renforcer-ton-pouvoir-il-faut-quon-tue-le-pr-alpha-conde-et-les-leaders-temoin\/\"},\"author\":{\"name\":\"La R\u00e9daction\",\"@id\":\"https:\/\/universnews224.com\/#\/schema\/person\/a4b7d4f94a4716df60456a491260485e\"},\"headline\":\"Proc\u00e8s 28 sept: \u201cle marabout a dit \u00e0 Dadis : pour renforcer ton pouvoir, il faut qu\u2019on tue le Pr Alpha Cond\u00e9 et les leaders\u201d (t\u00e9moin)\",\"datePublished\":\"2024-01-09T18:28:57+00:00\",\"dateModified\":\"2024-01-09T18:28:57+00:00\",\"mainEntityOfPage\":{\"@id\":\"https:\/\/universnews224.com\/index.php\/proces-28-sept-le-marabout-a-dit-a-dadis-pour-renforcer-ton-pouvoir-il-faut-quon-tue-le-pr-alpha-conde-et-les-leaders-temoin\/\"},\"wordCount\":628,\"publisher\":{\"@id\":\"https:\/\/universnews224.com\/#organization\"},\"keywords\":[\"La une\"],\"articleSection\":[\"ACTU\",\"SOCI\u00c9T\u00c9\"],\"inLanguage\":\"fr-FR\"},{\"@type\":\"WebPage\",\"@id\":\"https:\/\/universnews224.com\/index.php\/proces-28-sept-le-marabout-a-dit-a-dadis-pour-renforcer-ton-pouvoir-il-faut-quon-tue-le-pr-alpha-conde-et-les-leaders-temoin\/\",\"url\":\"https:\/\/universnews224.com\/index.php\/proces-28-sept-le-marabout-a-dit-a-dadis-pour-renforcer-ton-pouvoir-il-faut-quon-tue-le-pr-alpha-conde-et-les-leaders-temoin\/\",\"name\":\"Proc\u00e8s 28 sept: \u201cle marabout a dit \u00e0 Dadis : pour renforcer ton pouvoir, il faut qu\u2019on tue le Pr Alpha Cond\u00e9 et les leaders\u201d (t\u00e9moin) - UNIVERSNEWS224\",\"isPartOf\":{\"@id\":\"https:\/\/universnews224.com\/#website\"},\"datePublished\":\"2024-01-09T18:28:57+00:00\",\"dateModified\":\"2024-01-09T18:28:57+00:00\",\"inLanguage\":\"fr-FR\",\"potentialAction\":[{\"@type\":\"ReadAction\",\"target\":[\"https:\/\/universnews224.com\/index.php\/proces-28-sept-le-marabout-a-dit-a-dadis-pour-renforcer-ton-pouvoir-il-faut-quon-tue-le-pr-alpha-conde-et-les-leaders-temoin\/\"]}]},{\"@type\":\"WebSite\",\"@id\":\"https:\/\/universnews224.com\/#website\",\"url\":\"https:\/\/universnews224.com\/\",\"name\":\"UNIVERSNEWS224\",\"description\":\"\",\"publisher\":{\"@id\":\"https:\/\/universnews224.com\/#organization\"},\"potentialAction\":[{\"@type\":\"SearchAction\",\"target\":{\"@type\":\"EntryPoint\",\"urlTemplate\":\"https:\/\/universnews224.com\/?s={search_term_string}\"},\"query-input\":\"required name=search_term_string\"}],\"inLanguage\":\"fr-FR\"},{\"@type\":\"Organization\",\"@id\":\"https:\/\/universnews224.com\/#organization\",\"name\":\"UNIVERSNEWS224\",\"url\":\"https:\/\/universnews224.com\/\",\"logo\":{\"@type\":\"ImageObject\",\"inLanguage\":\"fr-FR\",\"@id\":\"https:\/\/universnews224.com\/#\/schema\/logo\/image\/\",\"url\":\"https:\/\/universnews224.com\/wp-content\/uploads\/2022\/08\/cropped-cropped-logoban.jpg\",\"contentUrl\":\"https:\/\/universnews224.com\/wp-content\/uploads\/2022\/08\/cropped-cropped-logoban.jpg\",\"width\":1080,\"height\":138,\"caption\":\"UNIVERSNEWS224\"},\"image\":{\"@id\":\"https:\/\/universnews224.com\/#\/schema\/logo\/image\/\"}},{\"@type\":\"Person\",\"@id\":\"https:\/\/universnews224.com\/#\/schema\/person\/a4b7d4f94a4716df60456a491260485e\",\"name\":\"La R\u00e9daction\",\"image\":{\"@type\":\"ImageObject\",\"inLanguage\":\"fr-FR\",\"@id\":\"https:\/\/universnews224.com\/#\/schema\/person\/image\/\",\"url\":\"https:\/\/secure.gravatar.com\/avatar\/edb90acc7752b23e1b3307ad36c14f0d?s=96&d=mm&r=g\",\"contentUrl\":\"https:\/\/secure.gravatar.com\/avatar\/edb90acc7752b23e1b3307ad36c14f0d?s=96&d=mm&r=g\",\"caption\":\"La R\u00e9daction\"},\"sameAs\":[\"https:\/\/universnews224.com\"],\"url\":\"https:\/\/universnews224.com\/index.php\/author\/m-camara\/\"}]}<\/script>\n<!-- \/ Yoast SEO plugin. -->","yoast_head_json":{"title":"Proc\u00e8s 28 sept: \u201cle marabout a dit \u00e0 Dadis : pour renforcer ton pouvoir, il faut qu\u2019on tue le Pr Alpha Cond\u00e9 et les leaders\u201d (t\u00e9moin) - UNIVERSNEWS224","robots":{"index":"index","follow":"follow","max-snippet":"max-snippet:-1","max-image-preview":"max-image-preview:large","max-video-preview":"max-video-preview:-1"},"canonical":"https:\/\/universnews224.com\/index.php\/proces-28-sept-le-marabout-a-dit-a-dadis-pour-renforcer-ton-pouvoir-il-faut-quon-tue-le-pr-alpha-conde-et-les-leaders-temoin\/","og_locale":"fr_FR","og_type":"article","og_title":"Proc\u00e8s 28 sept: \u201cle marabout a dit \u00e0 Dadis : pour renforcer ton pouvoir, il faut qu\u2019on tue le Pr Alpha Cond\u00e9 et les leaders\u201d (t\u00e9moin) - UNIVERSNEWS224","og_description":"Le proc\u00e8s des \u00e9v\u00e8nements du 28 septembre 2009, s\u2019est poursuivi ce mardi 09 janvier 2024","og_url":"https:\/\/universnews224.com\/index.php\/proces-28-sept-le-marabout-a-dit-a-dadis-pour-renforcer-ton-pouvoir-il-faut-quon-tue-le-pr-alpha-conde-et-les-leaders-temoin\/","og_site_name":"UNIVERSNEWS224","article_published_time":"2024-01-09T18:28:57+00:00","author":"La R\u00e9daction","twitter_misc":{"\u00c9crit par":"La R\u00e9daction","Dur\u00e9e de lecture estim\u00e9e":"3 minutes"},"schema":{"@context":"https:\/\/schema.org","@graph":[{"@type":"Article","@id":"https:\/\/universnews224.com\/index.php\/proces-28-sept-le-marabout-a-dit-a-dadis-pour-renforcer-ton-pouvoir-il-faut-quon-tue-le-pr-alpha-conde-et-les-leaders-temoin\/#article","isPartOf":{"@id":"https:\/\/universnews224.com\/index.php\/proces-28-sept-le-marabout-a-dit-a-dadis-pour-renforcer-ton-pouvoir-il-faut-quon-tue-le-pr-alpha-conde-et-les-leaders-temoin\/"},"author":{"name":"La R\u00e9daction","@id":"https:\/\/universnews224.com\/#\/schema\/person\/a4b7d4f94a4716df60456a491260485e"},"headline":"Proc\u00e8s 28 sept: \u201cle marabout a dit \u00e0 Dadis : pour renforcer ton pouvoir, il faut qu\u2019on tue le Pr Alpha Cond\u00e9 et les leaders\u201d (t\u00e9moin)","datePublished":"2024-01-09T18:28:57+00:00","dateModified":"2024-01-09T18:28:57+00:00","mainEntityOfPage":{"@id":"https:\/\/universnews224.com\/index.php\/proces-28-sept-le-marabout-a-dit-a-dadis-pour-renforcer-ton-pouvoir-il-faut-quon-tue-le-pr-alpha-conde-et-les-leaders-temoin\/"},"wordCount":628,"publisher":{"@id":"https:\/\/universnews224.com\/#organization"},"keywords":["La une"],"articleSection":["ACTU","SOCI\u00c9T\u00c9"],"inLanguage":"fr-FR"},{"@type":"WebPage","@id":"https:\/\/universnews224.com\/index.php\/proces-28-sept-le-marabout-a-dit-a-dadis-pour-renforcer-ton-pouvoir-il-faut-quon-tue-le-pr-alpha-conde-et-les-leaders-temoin\/","url":"https:\/\/universnews224.com\/index.php\/proces-28-sept-le-marabout-a-dit-a-dadis-pour-renforcer-ton-pouvoir-il-faut-quon-tue-le-pr-alpha-conde-et-les-leaders-temoin\/","name":"Proc\u00e8s 28 sept: \u201cle marabout a dit \u00e0 Dadis : pour renforcer ton pouvoir, il faut qu\u2019on tue le Pr Alpha Cond\u00e9 et les leaders\u201d (t\u00e9moin) - UNIVERSNEWS224","isPartOf":{"@id":"https:\/\/universnews224.com\/#website"},"datePublished":"2024-01-09T18:28:57+00:00","dateModified":"2024-01-09T18:28:57+00:00","inLanguage":"fr-FR","potentialAction":[{"@type":"ReadAction","target":["https:\/\/universnews224.com\/index.php\/proces-28-sept-le-marabout-a-dit-a-dadis-pour-renforcer-ton-pouvoir-il-faut-quon-tue-le-pr-alpha-conde-et-les-leaders-temoin\/"]}]},{"@type":"WebSite","@id":"https:\/\/universnews224.com\/#website","url":"https:\/\/universnews224.com\/","name":"UNIVERSNEWS224","description":"","publisher":{"@id":"https:\/\/universnews224.com\/#organization"},"potentialAction":[{"@type":"SearchAction","target":{"@type":"EntryPoint","urlTemplate":"https:\/\/universnews224.com\/?s={search_term_string}"},"query-input":"required name=search_term_string"}],"inLanguage":"fr-FR"},{"@type":"Organization","@id":"https:\/\/universnews224.com\/#organization","name":"UNIVERSNEWS224","url":"https:\/\/universnews224.com\/","logo":{"@type":"ImageObject","inLanguage":"fr-FR","@id":"https:\/\/universnews224.com\/#\/schema\/logo\/image\/","url":"https:\/\/universnews224.com\/wp-content\/uploads\/2022\/08\/cropped-cropped-logoban.jpg","contentUrl":"https:\/\/universnews224.com\/wp-content\/uploads\/2022\/08\/cropped-cropped-logoban.jpg","width":1080,"height":138,"caption":"UNIVERSNEWS224"},"image":{"@id":"https:\/\/universnews224.com\/#\/schema\/logo\/image\/"}},{"@type":"Person","@id":"https:\/\/universnews224.com\/#\/schema\/person\/a4b7d4f94a4716df60456a491260485e","name":"La R\u00e9daction","image":{"@type":"ImageObject","inLanguage":"fr-FR","@id":"https:\/\/universnews224.com\/#\/schema\/person\/image\/","url":"https:\/\/secure.gravatar.com\/avatar\/edb90acc7752b23e1b3307ad36c14f0d?s=96&d=mm&r=g","contentUrl":"https:\/\/secure.gravatar.com\/avatar\/edb90acc7752b23e1b3307ad36c14f0d?s=96&d=mm&r=g","caption":"La R\u00e9daction"},"sameAs":["https:\/\/universnews224.com"],"url":"https:\/\/universnews224.com\/index.php\/author\/m-camara\/"}]}},"_links":{"self":[{"href":"https:\/\/universnews224.com\/index.php\/wp-json\/wp\/v2\/posts\/4941"}],"collection":[{"href":"https:\/\/universnews224.com\/index.php\/wp-json\/wp\/v2\/posts"}],"about":[{"href":"https:\/\/universnews224.com\/index.php\/wp-json\/wp\/v2\/types\/post"}],"author":[{"embeddable":true,"href":"https:\/\/universnews224.com\/index.php\/wp-json\/wp\/v2\/users\/2"}],"replies":[{"embeddable":true,"href":"https:\/\/universnews224.com\/index.php\/wp-json\/wp\/v2\/comments?post=4941"}],"version-history":[{"count":1,"href":"https:\/\/universnews224.com\/index.php\/wp-json\/wp\/v2\/posts\/4941\/revisions"}],"predecessor-version":[{"id":4942,"href":"https:\/\/universnews224.com\/index.php\/wp-json\/wp\/v2\/posts\/4941\/revisions\/4942"}],"wp:attachment":[{"href":"https:\/\/universnews224.com\/index.php\/wp-json\/wp\/v2\/media?parent=4941"}],"wp:term":[{"taxonomy":"category","embeddable":true,"href":"https:\/\/universnews224.com\/index.php\/wp-json\/wp\/v2\/categories?post=4941"},{"taxonomy":"post_tag","embeddable":true,"href":"https:\/\/universnews224.com\/index.php\/wp-json\/wp\/v2\/tags?post=4941"}],"curies":[{"name":"wp","href":"https:\/\/api.w.org\/{rel}","templated":true}]}}