{"id":4943,"date":"2024-01-10T21:55:40","date_gmt":"2024-01-10T20:55:40","guid":{"rendered":"https:\/\/universnews224.com\/?p=4943"},"modified":"2024-01-10T21:55:40","modified_gmt":"2024-01-10T20:55:40","slug":"souleymane-souza-konate-sur-le-retrait-des-facilitatrices-du-cadre-de-dialogue-pour-nous-cest-un-non-evenement","status":"publish","type":"post","link":"https:\/\/universnews224.com\/index.php\/souleymane-souza-konate-sur-le-retrait-des-facilitatrices-du-cadre-de-dialogue-pour-nous-cest-un-non-evenement\/","title":{"rendered":"Souleymane Souza Konat\u00e9 sur le retrait des facilitatrices  du cadre de dialogue: \u201cPour nous, c\u2019est un non \u00e9v\u00e9nement\u201d"},"content":{"rendered":"<p class=\"p1\"><span class=\"s1\">Souleymane Souza Konat\u00e9 sur le retrait des facilitatrices<span class=\"Apple-converted-space\">\u00a0 <\/span>du cadre de dialogue: \u201cPour nous, c\u2019est un non \u00e9v\u00e9nement\u201d <\/span><\/p>\n<p class=\"p1\"><span class=\"s1\">En marge \u00e0 la huiti\u00e8me session du comit\u00e9 national permanent de suivi des r\u00e9solutions du cadre de dialogue inclusif inter-guin\u00e9en tenue le lundi 08 janvier dernier, les facilitatrices ont annonc\u00e9 leur retrait de la gestion du cadre de dialogue inclusif inter-guin\u00e9en. Elles souhaitent<span class=\"Apple-converted-space\">\u00a0 <\/span>par la m\u00eame occasion que, le minist\u00e8re de l\u2019administration du territoire prenne le relais. <\/span><\/p>\n<p class=\"p1\"><span class=\"s1\">R\u00e9gissant sur cette actualit\u00e9 chez nos confr\u00e8res de la radio tropical Fm dans l\u2019\u00e9mission\u00ables grosses t\u00eates\u00bb de ce mercredi, 10 janvier 2024, Souleymane Souza Konat\u00e9, conseiller en communication du pr\u00e9sident de l\u2019UFDG, a indiqu\u00e9 que ce retrait des facilitatrices de la gestion du cadre de dialogue inclusif inter-guin\u00e9en est un non \u00e9v\u00e9nement. <\/span><\/p>\n<p class=\"p1\"><span class=\"s1\">\u201cPour nous, c\u2019est un non \u00e9v\u00e9nement. Parce qu\u2019on a dit d\u00e8s le d\u00e9part qu\u2019on ne s\u2019associe pas \u00e0 ce semblant cadre de dialogue. Le CNRD conna\u00eet quels sont les acteurs repr\u00e9sentatifs du peuple de Guin\u00e9e. Qu\u2019il d\u00e9cide de dialoguer avec les mouvements de soutien qui les accompagnent dans la mise en \u0153uvre de leur projet, tant mieux. Aujourd\u2019hui, que les gens se rendent compte que, le CNRD s\u2019appuie sur eux pour un projet suicidaire de confiscation du pouvoir et qu\u2019ils tirent les cons\u00e9quences de cela pour se retirer, c\u2019est \u00e0 leur d\u00e9pend. Nous sommes conscients d\u2019une chose l\u2019imposture ne passera plus jamais en Guin\u00e9e parce que nous sommes mobilis\u00e9s et d\u00e9termin\u00e9s \u00e0 faire ombrage \u00e0 tous ceux qui veulent aller dans ce sens\u201d, a t-il martel\u00e9.<\/p>\n<p><\/span><\/p>\n<p>Mohamed<\/p>\n","protected":false},"excerpt":{"rendered":"<p>Souleymane Souza Konat\u00e9 sur le retrait des facilitatrices\u00a0 du cadre de dialogue: \u201cPour nous, c\u2019est<\/p>\n","protected":false},"author":2,"featured_media":4944,"comment_status":"closed","ping_status":"open","sticky":false,"template":"","format":"standard","meta":[],"categories":[3,4],"tags":[229],"yoast_head":"<!-- This site is optimized with the Yoast SEO plugin v19.13 - https:\/\/yoast.com\/wordpress\/plugins\/seo\/ -->\n<title>Souleymane Souza Konat\u00e9 sur le retrait des facilitatrices du cadre de dialogue: \u201cPour nous, c\u2019est un non \u00e9v\u00e9nement\u201d - UNIVERSNEWS224<\/title>\n<meta name=\"robots\" content=\"index, follow, max-snippet:-1, max-image-preview:large, max-video-preview:-1\" \/>\n<link rel=\"canonical\" href=\"https:\/\/universnews224.com\/index.php\/souleymane-souza-konate-sur-le-retrait-des-facilitatrices-du-cadre-de-dialogue-pour-nous-cest-un-non-evenement\/\" \/>\n<meta property=\"og:locale\" content=\"fr_FR\" \/>\n<meta property=\"og:type\" content=\"article\" \/>\n<meta property=\"og:title\" content=\"Souleymane Souza Konat\u00e9 sur le retrait des facilitatrices du cadre de dialogue: \u201cPour nous, c\u2019est un non \u00e9v\u00e9nement\u201d - UNIVERSNEWS224\" \/>\n<meta property=\"og:description\" content=\"Souleymane Souza Konat\u00e9 sur le retrait des facilitatrices\u00a0 du cadre de dialogue: \u201cPour nous, c\u2019est\" \/>\n<meta property=\"og:url\" content=\"https:\/\/universnews224.com\/index.php\/souleymane-souza-konate-sur-le-retrait-des-facilitatrices-du-cadre-de-dialogue-pour-nous-cest-un-non-evenement\/\" \/>\n<meta property=\"og:site_name\" content=\"UNIVERSNEWS224\" \/>\n<meta property=\"article:published_time\" content=\"2024-01-10T20:55:40+00:00\" \/>\n<meta property=\"og:image\" content=\"https:\/\/universnews224.com\/wp-content\/uploads\/2024\/01\/1700274A-5E55-49BC-BE86-109C4A4F1AC4.webp\" \/>\n\t<meta property=\"og:image:width\" content=\"696\" \/>\n\t<meta property=\"og:image:height\" content=\"472\" \/>\n\t<meta property=\"og:image:type\" content=\"image\/webp\" \/>\n<meta name=\"author\" content=\"La R\u00e9daction\" \/>\n<meta name=\"twitter:label1\" content=\"\u00c9crit par\" \/>\n\t<meta name=\"twitter:data1\" content=\"La R\u00e9daction\" \/>\n\t<meta name=\"twitter:label2\" content=\"Dur\u00e9e de lecture estim\u00e9e\" \/>\n\t<meta name=\"twitter:data2\" content=\"2 minutes\" \/>\n<script type=\"application\/ld+json\" class=\"yoast-schema-graph\">{\"@context\":\"https:\/\/schema.org\",\"@graph\":[{\"@type\":\"Article\",\"@id\":\"https:\/\/universnews224.com\/index.php\/souleymane-souza-konate-sur-le-retrait-des-facilitatrices-du-cadre-de-dialogue-pour-nous-cest-un-non-evenement\/#article\",\"isPartOf\":{\"@id\":\"https:\/\/universnews224.com\/index.php\/souleymane-souza-konate-sur-le-retrait-des-facilitatrices-du-cadre-de-dialogue-pour-nous-cest-un-non-evenement\/\"},\"author\":{\"name\":\"La R\u00e9daction\",\"@id\":\"https:\/\/universnews224.com\/#\/schema\/person\/a4b7d4f94a4716df60456a491260485e\"},\"headline\":\"Souleymane Souza Konat\u00e9 sur le retrait des facilitatrices du cadre de dialogue: \u201cPour nous, c\u2019est un non \u00e9v\u00e9nement\u201d\",\"datePublished\":\"2024-01-10T20:55:40+00:00\",\"dateModified\":\"2024-01-10T20:55:40+00:00\",\"mainEntityOfPage\":{\"@id\":\"https:\/\/universnews224.com\/index.php\/souleymane-souza-konate-sur-le-retrait-des-facilitatrices-du-cadre-de-dialogue-pour-nous-cest-un-non-evenement\/\"},\"wordCount\":308,\"publisher\":{\"@id\":\"https:\/\/universnews224.com\/#organization\"},\"keywords\":[\"La une\"],\"articleSection\":[\"ACTU\",\"POLITIQUE\"],\"inLanguage\":\"fr-FR\"},{\"@type\":\"WebPage\",\"@id\":\"https:\/\/universnews224.com\/index.php\/souleymane-souza-konate-sur-le-retrait-des-facilitatrices-du-cadre-de-dialogue-pour-nous-cest-un-non-evenement\/\",\"url\":\"https:\/\/universnews224.com\/index.php\/souleymane-souza-konate-sur-le-retrait-des-facilitatrices-du-cadre-de-dialogue-pour-nous-cest-un-non-evenement\/\",\"name\":\"Souleymane Souza Konat\u00e9 sur le retrait des facilitatrices du cadre de dialogue: \u201cPour nous, c\u2019est un non \u00e9v\u00e9nement\u201d - UNIVERSNEWS224\",\"isPartOf\":{\"@id\":\"https:\/\/universnews224.com\/#website\"},\"datePublished\":\"2024-01-10T20:55:40+00:00\",\"dateModified\":\"2024-01-10T20:55:40+00:00\",\"inLanguage\":\"fr-FR\",\"potentialAction\":[{\"@type\":\"ReadAction\",\"target\":[\"https:\/\/universnews224.com\/index.php\/souleymane-souza-konate-sur-le-retrait-des-facilitatrices-du-cadre-de-dialogue-pour-nous-cest-un-non-evenement\/\"]}]},{\"@type\":\"WebSite\",\"@id\":\"https:\/\/universnews224.com\/#website\",\"url\":\"https:\/\/universnews224.com\/\",\"name\":\"UNIVERSNEWS224\",\"description\":\"\",\"publisher\":{\"@id\":\"https:\/\/universnews224.com\/#organization\"},\"potentialAction\":[{\"@type\":\"SearchAction\",\"target\":{\"@type\":\"EntryPoint\",\"urlTemplate\":\"https:\/\/universnews224.com\/?s={search_term_string}\"},\"query-input\":\"required name=search_term_string\"}],\"inLanguage\":\"fr-FR\"},{\"@type\":\"Organization\",\"@id\":\"https:\/\/universnews224.com\/#organization\",\"name\":\"UNIVERSNEWS224\",\"url\":\"https:\/\/universnews224.com\/\",\"logo\":{\"@type\":\"ImageObject\",\"inLanguage\":\"fr-FR\",\"@id\":\"https:\/\/universnews224.com\/#\/schema\/logo\/image\/\",\"url\":\"https:\/\/universnews224.com\/wp-content\/uploads\/2022\/08\/cropped-cropped-logoban.jpg\",\"contentUrl\":\"https:\/\/universnews224.com\/wp-content\/uploads\/2022\/08\/cropped-cropped-logoban.jpg\",\"width\":1080,\"height\":138,\"caption\":\"UNIVERSNEWS224\"},\"image\":{\"@id\":\"https:\/\/universnews224.com\/#\/schema\/logo\/image\/\"}},{\"@type\":\"Person\",\"@id\":\"https:\/\/universnews224.com\/#\/schema\/person\/a4b7d4f94a4716df60456a491260485e\",\"name\":\"La R\u00e9daction\",\"image\":{\"@type\":\"ImageObject\",\"inLanguage\":\"fr-FR\",\"@id\":\"https:\/\/universnews224.com\/#\/schema\/person\/image\/\",\"url\":\"https:\/\/secure.gravatar.com\/avatar\/edb90acc7752b23e1b3307ad36c14f0d?s=96&d=mm&r=g\",\"contentUrl\":\"https:\/\/secure.gravatar.com\/avatar\/edb90acc7752b23e1b3307ad36c14f0d?s=96&d=mm&r=g\",\"caption\":\"La R\u00e9daction\"},\"sameAs\":[\"https:\/\/universnews224.com\"],\"url\":\"https:\/\/universnews224.com\/index.php\/author\/m-camara\/\"}]}<\/script>\n<!-- \/ Yoast SEO plugin. -->","yoast_head_json":{"title":"Souleymane Souza Konat\u00e9 sur le retrait des facilitatrices du cadre de dialogue: \u201cPour nous, c\u2019est un non \u00e9v\u00e9nement\u201d - UNIVERSNEWS224","robots":{"index":"index","follow":"follow","max-snippet":"max-snippet:-1","max-image-preview":"max-image-preview:large","max-video-preview":"max-video-preview:-1"},"canonical":"https:\/\/universnews224.com\/index.php\/souleymane-souza-konate-sur-le-retrait-des-facilitatrices-du-cadre-de-dialogue-pour-nous-cest-un-non-evenement\/","og_locale":"fr_FR","og_type":"article","og_title":"Souleymane Souza Konat\u00e9 sur le retrait des facilitatrices du cadre de dialogue: \u201cPour nous, c\u2019est un non \u00e9v\u00e9nement\u201d - UNIVERSNEWS224","og_description":"Souleymane Souza Konat\u00e9 sur le retrait des facilitatrices\u00a0 du cadre de dialogue: \u201cPour nous, c\u2019est","og_url":"https:\/\/universnews224.com\/index.php\/souleymane-souza-konate-sur-le-retrait-des-facilitatrices-du-cadre-de-dialogue-pour-nous-cest-un-non-evenement\/","og_site_name":"UNIVERSNEWS224","article_published_time":"2024-01-10T20:55:40+00:00","og_image":[{"width":696,"height":472,"url":"https:\/\/universnews224.com\/wp-content\/uploads\/2024\/01\/1700274A-5E55-49BC-BE86-109C4A4F1AC4.webp","type":"image\/webp"}],"author":"La R\u00e9daction","twitter_misc":{"\u00c9crit par":"La R\u00e9daction","Dur\u00e9e de lecture estim\u00e9e":"2 minutes"},"schema":{"@context":"https:\/\/schema.org","@graph":[{"@type":"Article","@id":"https:\/\/universnews224.com\/index.php\/souleymane-souza-konate-sur-le-retrait-des-facilitatrices-du-cadre-de-dialogue-pour-nous-cest-un-non-evenement\/#article","isPartOf":{"@id":"https:\/\/universnews224.com\/index.php\/souleymane-souza-konate-sur-le-retrait-des-facilitatrices-du-cadre-de-dialogue-pour-nous-cest-un-non-evenement\/"},"author":{"name":"La R\u00e9daction","@id":"https:\/\/universnews224.com\/#\/schema\/person\/a4b7d4f94a4716df60456a491260485e"},"headline":"Souleymane Souza Konat\u00e9 sur le retrait des facilitatrices du cadre de dialogue: \u201cPour nous, c\u2019est un non \u00e9v\u00e9nement\u201d","datePublished":"2024-01-10T20:55:40+00:00","dateModified":"2024-01-10T20:55:40+00:00","mainEntityOfPage":{"@id":"https:\/\/universnews224.com\/index.php\/souleymane-souza-konate-sur-le-retrait-des-facilitatrices-du-cadre-de-dialogue-pour-nous-cest-un-non-evenement\/"},"wordCount":308,"publisher":{"@id":"https:\/\/universnews224.com\/#organization"},"keywords":["La une"],"articleSection":["ACTU","POLITIQUE"],"inLanguage":"fr-FR"},{"@type":"WebPage","@id":"https:\/\/universnews224.com\/index.php\/souleymane-souza-konate-sur-le-retrait-des-facilitatrices-du-cadre-de-dialogue-pour-nous-cest-un-non-evenement\/","url":"https:\/\/universnews224.com\/index.php\/souleymane-souza-konate-sur-le-retrait-des-facilitatrices-du-cadre-de-dialogue-pour-nous-cest-un-non-evenement\/","name":"Souleymane Souza Konat\u00e9 sur le retrait des facilitatrices du cadre de dialogue: \u201cPour nous, c\u2019est un non \u00e9v\u00e9nement\u201d - UNIVERSNEWS224","isPartOf":{"@id":"https:\/\/universnews224.com\/#website"},"datePublished":"2024-01-10T20:55:40+00:00","dateModified":"2024-01-10T20:55:40+00:00","inLanguage":"fr-FR","potentialAction":[{"@type":"ReadAction","target":["https:\/\/universnews224.com\/index.php\/souleymane-souza-konate-sur-le-retrait-des-facilitatrices-du-cadre-de-dialogue-pour-nous-cest-un-non-evenement\/"]}]},{"@type":"WebSite","@id":"https:\/\/universnews224.com\/#website","url":"https:\/\/universnews224.com\/","name":"UNIVERSNEWS224","description":"","publisher":{"@id":"https:\/\/universnews224.com\/#organization"},"potentialAction":[{"@type":"SearchAction","target":{"@type":"EntryPoint","urlTemplate":"https:\/\/universnews224.com\/?s={search_term_string}"},"query-input":"required name=search_term_string"}],"inLanguage":"fr-FR"},{"@type":"Organization","@id":"https:\/\/universnews224.com\/#organization","name":"UNIVERSNEWS224","url":"https:\/\/universnews224.com\/","logo":{"@type":"ImageObject","inLanguage":"fr-FR","@id":"https:\/\/universnews224.com\/#\/schema\/logo\/image\/","url":"https:\/\/universnews224.com\/wp-content\/uploads\/2022\/08\/cropped-cropped-logoban.jpg","contentUrl":"https:\/\/universnews224.com\/wp-content\/uploads\/2022\/08\/cropped-cropped-logoban.jpg","width":1080,"height":138,"caption":"UNIVERSNEWS224"},"image":{"@id":"https:\/\/universnews224.com\/#\/schema\/logo\/image\/"}},{"@type":"Person","@id":"https:\/\/universnews224.com\/#\/schema\/person\/a4b7d4f94a4716df60456a491260485e","name":"La R\u00e9daction","image":{"@type":"ImageObject","inLanguage":"fr-FR","@id":"https:\/\/universnews224.com\/#\/schema\/person\/image\/","url":"https:\/\/secure.gravatar.com\/avatar\/edb90acc7752b23e1b3307ad36c14f0d?s=96&d=mm&r=g","contentUrl":"https:\/\/secure.gravatar.com\/avatar\/edb90acc7752b23e1b3307ad36c14f0d?s=96&d=mm&r=g","caption":"La R\u00e9daction"},"sameAs":["https:\/\/universnews224.com"],"url":"https:\/\/universnews224.com\/index.php\/author\/m-camara\/"}]}},"_links":{"self":[{"href":"https:\/\/universnews224.com\/index.php\/wp-json\/wp\/v2\/posts\/4943"}],"collection":[{"href":"https:\/\/universnews224.com\/index.php\/wp-json\/wp\/v2\/posts"}],"about":[{"href":"https:\/\/universnews224.com\/index.php\/wp-json\/wp\/v2\/types\/post"}],"author":[{"embeddable":true,"href":"https:\/\/universnews224.com\/index.php\/wp-json\/wp\/v2\/users\/2"}],"replies":[{"embeddable":true,"href":"https:\/\/universnews224.com\/index.php\/wp-json\/wp\/v2\/comments?post=4943"}],"version-history":[{"count":1,"href":"https:\/\/universnews224.com\/index.php\/wp-json\/wp\/v2\/posts\/4943\/revisions"}],"predecessor-version":[{"id":4945,"href":"https:\/\/universnews224.com\/index.php\/wp-json\/wp\/v2\/posts\/4943\/revisions\/4945"}],"wp:featuredmedia":[{"embeddable":true,"href":"https:\/\/universnews224.com\/index.php\/wp-json\/wp\/v2\/media\/4944"}],"wp:attachment":[{"href":"https:\/\/universnews224.com\/index.php\/wp-json\/wp\/v2\/media?parent=4943"}],"wp:term":[{"taxonomy":"category","embeddable":true,"href":"https:\/\/universnews224.com\/index.php\/wp-json\/wp\/v2\/categories?post=4943"},{"taxonomy":"post_tag","embeddable":true,"href":"https:\/\/universnews224.com\/index.php\/wp-json\/wp\/v2\/tags?post=4943"}],"curies":[{"name":"wp","href":"https:\/\/api.w.org\/{rel}","templated":true}]}}