{"id":4952,"date":"2024-01-11T14:28:44","date_gmt":"2024-01-11T13:28:44","guid":{"rendered":"https:\/\/universnews224.com\/?p=4952"},"modified":"2024-01-11T14:28:44","modified_gmt":"2024-01-11T13:28:44","slug":"rafiou-sow-sur-le-retrait-des-facilitatrices-de-la-gestion-du-cadre-de-dialogue-ces-facilitatrices-ont-contribue-a-fortement-diviser-la-classe-politique","status":"publish","type":"post","link":"https:\/\/universnews224.com\/index.php\/rafiou-sow-sur-le-retrait-des-facilitatrices-de-la-gestion-du-cadre-de-dialogue-ces-facilitatrices-ont-contribue-a-fortement-diviser-la-classe-politique\/","title":{"rendered":"Rafiou Sow sur le retrait  des facilitatrices de la gestion du cadre de dialogue :\u201cCes facilitatrices ont contribu\u00e9 \u00e0 fortement diviser la classe politique\u201d"},"content":{"rendered":"<p class=\"p1\"><span class=\"s1\">Le pr\u00e9sident du Parti renouveau et du progr\u00e8s (PRP) a r\u00e9agi ce jeudi, 11 janvier 2024 sur le retrait des facilitatrices dans la gestion du cadre de dialogue inclusif inter-guin\u00e9en. <\/span><\/p>\n<p class=\"p1\"><span class=\"s1\">Selon Rafiou Sow, ce retrait des facilatatrices de \u00a0la gestion du cadre de dialogue inclusif inter-guin\u00e9en, est un non \u00e9v\u00e9nement. \u00c0 l\u2019en croire, l\u2019\u00e9quipe de facilitatirices dirig\u00e9e Dr Makal\u00e9 Traor\u00e9 n\u2019a pas r\u00e9ussi \u00e0 mettre tous les acteurs politiques autour d\u2019un v\u00e9ritable cadre dialogue, bien au contraire, elles ont aid\u00e9 le CNRD dans son entreprise de diviser de la classe politique guin\u00e9enne. <\/span><\/p>\n<p class=\"p1\"><span class=\"s1\">\u201cCes facilitatrices avaient une mission bien d\u00e9termin\u00e9e.Leur mission, c\u2019\u00e9tait de faire croire \u00e0 l\u2019opinion nationale et internationale qu\u2019il avait un cadre de dialogue inclusif et qu\u2019il marchait tr\u00e8s bien et que c\u2019est nous qui refusions de venir, mais tout le monde a vu qu\u2019elles ont \u00e9chou\u00e9. Parce que \u00e0 leur place, connaissant toutes ces trois dames, je ne pensais pas qu\u2019elles auraient accept\u00e9 d\u2019\u00eatre \u00e0 la t\u00eate d\u2019un cadre de dialogue o\u00f9 la majorit\u00e9 des acteurs politiques n y \u00e9tait pas. Donc, c\u2019\u00e9tait une fa\u00e7on d\u2019aider le CNRD \u00e0 diviser la classe politique. Aujourd\u2019hui pour moi, ces facilitatrices ont contribu\u00e9 \u00e0 fortement diviser la classe politique, donc \u00e0 d\u00e9stabiliser la transition. Pour elles et le CNRD, elles ont termin\u00e9 leur mission, maintenant le reste de la mission, c\u2019est le MATD. Puisqu\u2019ils veulent que \u00e7a soit le MATD<span class=\"Apple-converted-space\">\u00a0 <\/span>qui organise les \u00e9lections. Chose \u00e0 laquelle nous, forces vives de Guin\u00e9e, nous nous opposons\u201d, a t-il indiqu\u00e9 chez nos confr\u00e8res de la Nostalgie Guin\u00e9e dans l\u2019\u00e9mission \u00ab\u00a0Face l\u2019info\u00bb<\/span><\/p>\n<p class=\"p1\"><span class=\"s1\">Camara Mamadouba <\/span><\/p>\n<p class=\"p1\"><span class=\"s1\">611 46 04 10 <\/span><\/p>\n","protected":false},"excerpt":{"rendered":"<p>Le pr\u00e9sident du Parti renouveau et du progr\u00e8s (PRP) a r\u00e9agi ce jeudi, 11 janvier<\/p>\n","protected":false},"author":2,"featured_media":0,"comment_status":"closed","ping_status":"open","sticky":false,"template":"","format":"standard","meta":[],"categories":[3,4],"tags":[229],"yoast_head":"<!-- This site is optimized with the Yoast SEO plugin v19.13 - https:\/\/yoast.com\/wordpress\/plugins\/seo\/ -->\n<title>Rafiou Sow sur le retrait des facilitatrices de la gestion du cadre de dialogue :\u201cCes facilitatrices ont contribu\u00e9 \u00e0 fortement diviser la classe politique\u201d - UNIVERSNEWS224<\/title>\n<meta name=\"robots\" content=\"index, follow, max-snippet:-1, max-image-preview:large, max-video-preview:-1\" \/>\n<link rel=\"canonical\" href=\"https:\/\/universnews224.com\/index.php\/rafiou-sow-sur-le-retrait-des-facilitatrices-de-la-gestion-du-cadre-de-dialogue-ces-facilitatrices-ont-contribue-a-fortement-diviser-la-classe-politique\/\" \/>\n<meta property=\"og:locale\" content=\"fr_FR\" \/>\n<meta property=\"og:type\" content=\"article\" \/>\n<meta property=\"og:title\" content=\"Rafiou Sow sur le retrait des facilitatrices de la gestion du cadre de dialogue :\u201cCes facilitatrices ont contribu\u00e9 \u00e0 fortement diviser la classe politique\u201d - UNIVERSNEWS224\" \/>\n<meta property=\"og:description\" content=\"Le pr\u00e9sident du Parti renouveau et du progr\u00e8s (PRP) a r\u00e9agi ce jeudi, 11 janvier\" \/>\n<meta property=\"og:url\" content=\"https:\/\/universnews224.com\/index.php\/rafiou-sow-sur-le-retrait-des-facilitatrices-de-la-gestion-du-cadre-de-dialogue-ces-facilitatrices-ont-contribue-a-fortement-diviser-la-classe-politique\/\" \/>\n<meta property=\"og:site_name\" content=\"UNIVERSNEWS224\" \/>\n<meta property=\"article:published_time\" content=\"2024-01-11T13:28:44+00:00\" \/>\n<meta name=\"author\" content=\"La R\u00e9daction\" \/>\n<meta name=\"twitter:label1\" content=\"\u00c9crit par\" \/>\n\t<meta name=\"twitter:data1\" content=\"La R\u00e9daction\" \/>\n\t<meta name=\"twitter:label2\" content=\"Dur\u00e9e de lecture estim\u00e9e\" \/>\n\t<meta name=\"twitter:data2\" content=\"2 minutes\" \/>\n<script type=\"application\/ld+json\" class=\"yoast-schema-graph\">{\"@context\":\"https:\/\/schema.org\",\"@graph\":[{\"@type\":\"Article\",\"@id\":\"https:\/\/universnews224.com\/index.php\/rafiou-sow-sur-le-retrait-des-facilitatrices-de-la-gestion-du-cadre-de-dialogue-ces-facilitatrices-ont-contribue-a-fortement-diviser-la-classe-politique\/#article\",\"isPartOf\":{\"@id\":\"https:\/\/universnews224.com\/index.php\/rafiou-sow-sur-le-retrait-des-facilitatrices-de-la-gestion-du-cadre-de-dialogue-ces-facilitatrices-ont-contribue-a-fortement-diviser-la-classe-politique\/\"},\"author\":{\"name\":\"La R\u00e9daction\",\"@id\":\"https:\/\/universnews224.com\/#\/schema\/person\/a4b7d4f94a4716df60456a491260485e\"},\"headline\":\"Rafiou Sow sur le retrait des facilitatrices de la gestion du cadre de dialogue :\u201cCes facilitatrices ont contribu\u00e9 \u00e0 fortement diviser la classe politique\u201d\",\"datePublished\":\"2024-01-11T13:28:44+00:00\",\"dateModified\":\"2024-01-11T13:28:44+00:00\",\"mainEntityOfPage\":{\"@id\":\"https:\/\/universnews224.com\/index.php\/rafiou-sow-sur-le-retrait-des-facilitatrices-de-la-gestion-du-cadre-de-dialogue-ces-facilitatrices-ont-contribue-a-fortement-diviser-la-classe-politique\/\"},\"wordCount\":312,\"publisher\":{\"@id\":\"https:\/\/universnews224.com\/#organization\"},\"keywords\":[\"La une\"],\"articleSection\":[\"ACTU\",\"POLITIQUE\"],\"inLanguage\":\"fr-FR\"},{\"@type\":\"WebPage\",\"@id\":\"https:\/\/universnews224.com\/index.php\/rafiou-sow-sur-le-retrait-des-facilitatrices-de-la-gestion-du-cadre-de-dialogue-ces-facilitatrices-ont-contribue-a-fortement-diviser-la-classe-politique\/\",\"url\":\"https:\/\/universnews224.com\/index.php\/rafiou-sow-sur-le-retrait-des-facilitatrices-de-la-gestion-du-cadre-de-dialogue-ces-facilitatrices-ont-contribue-a-fortement-diviser-la-classe-politique\/\",\"name\":\"Rafiou Sow sur le retrait des facilitatrices de la gestion du cadre de dialogue :\u201cCes facilitatrices ont contribu\u00e9 \u00e0 fortement diviser la classe politique\u201d - UNIVERSNEWS224\",\"isPartOf\":{\"@id\":\"https:\/\/universnews224.com\/#website\"},\"datePublished\":\"2024-01-11T13:28:44+00:00\",\"dateModified\":\"2024-01-11T13:28:44+00:00\",\"inLanguage\":\"fr-FR\",\"potentialAction\":[{\"@type\":\"ReadAction\",\"target\":[\"https:\/\/universnews224.com\/index.php\/rafiou-sow-sur-le-retrait-des-facilitatrices-de-la-gestion-du-cadre-de-dialogue-ces-facilitatrices-ont-contribue-a-fortement-diviser-la-classe-politique\/\"]}]},{\"@type\":\"WebSite\",\"@id\":\"https:\/\/universnews224.com\/#website\",\"url\":\"https:\/\/universnews224.com\/\",\"name\":\"UNIVERSNEWS224\",\"description\":\"\",\"publisher\":{\"@id\":\"https:\/\/universnews224.com\/#organization\"},\"potentialAction\":[{\"@type\":\"SearchAction\",\"target\":{\"@type\":\"EntryPoint\",\"urlTemplate\":\"https:\/\/universnews224.com\/?s={search_term_string}\"},\"query-input\":\"required name=search_term_string\"}],\"inLanguage\":\"fr-FR\"},{\"@type\":\"Organization\",\"@id\":\"https:\/\/universnews224.com\/#organization\",\"name\":\"UNIVERSNEWS224\",\"url\":\"https:\/\/universnews224.com\/\",\"logo\":{\"@type\":\"ImageObject\",\"inLanguage\":\"fr-FR\",\"@id\":\"https:\/\/universnews224.com\/#\/schema\/logo\/image\/\",\"url\":\"https:\/\/universnews224.com\/wp-content\/uploads\/2022\/08\/cropped-cropped-logoban.jpg\",\"contentUrl\":\"https:\/\/universnews224.com\/wp-content\/uploads\/2022\/08\/cropped-cropped-logoban.jpg\",\"width\":1080,\"height\":138,\"caption\":\"UNIVERSNEWS224\"},\"image\":{\"@id\":\"https:\/\/universnews224.com\/#\/schema\/logo\/image\/\"}},{\"@type\":\"Person\",\"@id\":\"https:\/\/universnews224.com\/#\/schema\/person\/a4b7d4f94a4716df60456a491260485e\",\"name\":\"La R\u00e9daction\",\"image\":{\"@type\":\"ImageObject\",\"inLanguage\":\"fr-FR\",\"@id\":\"https:\/\/universnews224.com\/#\/schema\/person\/image\/\",\"url\":\"https:\/\/secure.gravatar.com\/avatar\/edb90acc7752b23e1b3307ad36c14f0d?s=96&d=mm&r=g\",\"contentUrl\":\"https:\/\/secure.gravatar.com\/avatar\/edb90acc7752b23e1b3307ad36c14f0d?s=96&d=mm&r=g\",\"caption\":\"La R\u00e9daction\"},\"sameAs\":[\"https:\/\/universnews224.com\"],\"url\":\"https:\/\/universnews224.com\/index.php\/author\/m-camara\/\"}]}<\/script>\n<!-- \/ Yoast SEO plugin. -->","yoast_head_json":{"title":"Rafiou Sow sur le retrait des facilitatrices de la gestion du cadre de dialogue :\u201cCes facilitatrices ont contribu\u00e9 \u00e0 fortement diviser la classe politique\u201d - UNIVERSNEWS224","robots":{"index":"index","follow":"follow","max-snippet":"max-snippet:-1","max-image-preview":"max-image-preview:large","max-video-preview":"max-video-preview:-1"},"canonical":"https:\/\/universnews224.com\/index.php\/rafiou-sow-sur-le-retrait-des-facilitatrices-de-la-gestion-du-cadre-de-dialogue-ces-facilitatrices-ont-contribue-a-fortement-diviser-la-classe-politique\/","og_locale":"fr_FR","og_type":"article","og_title":"Rafiou Sow sur le retrait des facilitatrices de la gestion du cadre de dialogue :\u201cCes facilitatrices ont contribu\u00e9 \u00e0 fortement diviser la classe politique\u201d - UNIVERSNEWS224","og_description":"Le pr\u00e9sident du Parti renouveau et du progr\u00e8s (PRP) a r\u00e9agi ce jeudi, 11 janvier","og_url":"https:\/\/universnews224.com\/index.php\/rafiou-sow-sur-le-retrait-des-facilitatrices-de-la-gestion-du-cadre-de-dialogue-ces-facilitatrices-ont-contribue-a-fortement-diviser-la-classe-politique\/","og_site_name":"UNIVERSNEWS224","article_published_time":"2024-01-11T13:28:44+00:00","author":"La R\u00e9daction","twitter_misc":{"\u00c9crit par":"La R\u00e9daction","Dur\u00e9e de lecture estim\u00e9e":"2 minutes"},"schema":{"@context":"https:\/\/schema.org","@graph":[{"@type":"Article","@id":"https:\/\/universnews224.com\/index.php\/rafiou-sow-sur-le-retrait-des-facilitatrices-de-la-gestion-du-cadre-de-dialogue-ces-facilitatrices-ont-contribue-a-fortement-diviser-la-classe-politique\/#article","isPartOf":{"@id":"https:\/\/universnews224.com\/index.php\/rafiou-sow-sur-le-retrait-des-facilitatrices-de-la-gestion-du-cadre-de-dialogue-ces-facilitatrices-ont-contribue-a-fortement-diviser-la-classe-politique\/"},"author":{"name":"La R\u00e9daction","@id":"https:\/\/universnews224.com\/#\/schema\/person\/a4b7d4f94a4716df60456a491260485e"},"headline":"Rafiou Sow sur le retrait des facilitatrices de la gestion du cadre de dialogue :\u201cCes facilitatrices ont contribu\u00e9 \u00e0 fortement diviser la classe politique\u201d","datePublished":"2024-01-11T13:28:44+00:00","dateModified":"2024-01-11T13:28:44+00:00","mainEntityOfPage":{"@id":"https:\/\/universnews224.com\/index.php\/rafiou-sow-sur-le-retrait-des-facilitatrices-de-la-gestion-du-cadre-de-dialogue-ces-facilitatrices-ont-contribue-a-fortement-diviser-la-classe-politique\/"},"wordCount":312,"publisher":{"@id":"https:\/\/universnews224.com\/#organization"},"keywords":["La une"],"articleSection":["ACTU","POLITIQUE"],"inLanguage":"fr-FR"},{"@type":"WebPage","@id":"https:\/\/universnews224.com\/index.php\/rafiou-sow-sur-le-retrait-des-facilitatrices-de-la-gestion-du-cadre-de-dialogue-ces-facilitatrices-ont-contribue-a-fortement-diviser-la-classe-politique\/","url":"https:\/\/universnews224.com\/index.php\/rafiou-sow-sur-le-retrait-des-facilitatrices-de-la-gestion-du-cadre-de-dialogue-ces-facilitatrices-ont-contribue-a-fortement-diviser-la-classe-politique\/","name":"Rafiou Sow sur le retrait des facilitatrices de la gestion du cadre de dialogue :\u201cCes facilitatrices ont contribu\u00e9 \u00e0 fortement diviser la classe politique\u201d - UNIVERSNEWS224","isPartOf":{"@id":"https:\/\/universnews224.com\/#website"},"datePublished":"2024-01-11T13:28:44+00:00","dateModified":"2024-01-11T13:28:44+00:00","inLanguage":"fr-FR","potentialAction":[{"@type":"ReadAction","target":["https:\/\/universnews224.com\/index.php\/rafiou-sow-sur-le-retrait-des-facilitatrices-de-la-gestion-du-cadre-de-dialogue-ces-facilitatrices-ont-contribue-a-fortement-diviser-la-classe-politique\/"]}]},{"@type":"WebSite","@id":"https:\/\/universnews224.com\/#website","url":"https:\/\/universnews224.com\/","name":"UNIVERSNEWS224","description":"","publisher":{"@id":"https:\/\/universnews224.com\/#organization"},"potentialAction":[{"@type":"SearchAction","target":{"@type":"EntryPoint","urlTemplate":"https:\/\/universnews224.com\/?s={search_term_string}"},"query-input":"required name=search_term_string"}],"inLanguage":"fr-FR"},{"@type":"Organization","@id":"https:\/\/universnews224.com\/#organization","name":"UNIVERSNEWS224","url":"https:\/\/universnews224.com\/","logo":{"@type":"ImageObject","inLanguage":"fr-FR","@id":"https:\/\/universnews224.com\/#\/schema\/logo\/image\/","url":"https:\/\/universnews224.com\/wp-content\/uploads\/2022\/08\/cropped-cropped-logoban.jpg","contentUrl":"https:\/\/universnews224.com\/wp-content\/uploads\/2022\/08\/cropped-cropped-logoban.jpg","width":1080,"height":138,"caption":"UNIVERSNEWS224"},"image":{"@id":"https:\/\/universnews224.com\/#\/schema\/logo\/image\/"}},{"@type":"Person","@id":"https:\/\/universnews224.com\/#\/schema\/person\/a4b7d4f94a4716df60456a491260485e","name":"La R\u00e9daction","image":{"@type":"ImageObject","inLanguage":"fr-FR","@id":"https:\/\/universnews224.com\/#\/schema\/person\/image\/","url":"https:\/\/secure.gravatar.com\/avatar\/edb90acc7752b23e1b3307ad36c14f0d?s=96&d=mm&r=g","contentUrl":"https:\/\/secure.gravatar.com\/avatar\/edb90acc7752b23e1b3307ad36c14f0d?s=96&d=mm&r=g","caption":"La R\u00e9daction"},"sameAs":["https:\/\/universnews224.com"],"url":"https:\/\/universnews224.com\/index.php\/author\/m-camara\/"}]}},"_links":{"self":[{"href":"https:\/\/universnews224.com\/index.php\/wp-json\/wp\/v2\/posts\/4952"}],"collection":[{"href":"https:\/\/universnews224.com\/index.php\/wp-json\/wp\/v2\/posts"}],"about":[{"href":"https:\/\/universnews224.com\/index.php\/wp-json\/wp\/v2\/types\/post"}],"author":[{"embeddable":true,"href":"https:\/\/universnews224.com\/index.php\/wp-json\/wp\/v2\/users\/2"}],"replies":[{"embeddable":true,"href":"https:\/\/universnews224.com\/index.php\/wp-json\/wp\/v2\/comments?post=4952"}],"version-history":[{"count":1,"href":"https:\/\/universnews224.com\/index.php\/wp-json\/wp\/v2\/posts\/4952\/revisions"}],"predecessor-version":[{"id":4954,"href":"https:\/\/universnews224.com\/index.php\/wp-json\/wp\/v2\/posts\/4952\/revisions\/4954"}],"wp:attachment":[{"href":"https:\/\/universnews224.com\/index.php\/wp-json\/wp\/v2\/media?parent=4952"}],"wp:term":[{"taxonomy":"category","embeddable":true,"href":"https:\/\/universnews224.com\/index.php\/wp-json\/wp\/v2\/categories?post=4952"},{"taxonomy":"post_tag","embeddable":true,"href":"https:\/\/universnews224.com\/index.php\/wp-json\/wp\/v2\/tags?post=4952"}],"curies":[{"name":"wp","href":"https:\/\/api.w.org\/{rel}","templated":true}]}}