{"id":4998,"date":"2024-01-15T14:11:23","date_gmt":"2024-01-15T13:11:23","guid":{"rendered":"https:\/\/universnews224.com\/?p=4998"},"modified":"2024-01-15T14:11:23","modified_gmt":"2024-01-15T13:11:23","slug":"aboubacar-sampil-president-feguifoot-le-premier-defi-est-la-mise-en-oeuvre-des-jalons-indispensables-pour-notre-participation-honorable-a-la-can","status":"publish","type":"post","link":"https:\/\/universnews224.com\/index.php\/aboubacar-sampil-president-feguifoot-le-premier-defi-est-la-mise-en-oeuvre-des-jalons-indispensables-pour-notre-participation-honorable-a-la-can\/","title":{"rendered":"Aboubacar Sampil (Pr\u00e9sident Feguifoot): \u00ab le premier d\u00e9fi est la mise en \u0153uvre des jalons indispensables pour notre participation honorable \u00e0 la Can \u00bb"},"content":{"rendered":"<div dir=\"auto\">A peine \u00e9lu, Monsieur Bouba Sampil, le nouveau Pr\u00e9sident de la F\u00e9d\u00e9ration Guin\u00e9enne de Football, s\u2019est inscrit dans une logique de r\u00e9conciliation tendant \u00e0 r\u00e9unir la grande famille du Football Guin\u00e9en. Les d\u00e9fis sont l\u00e0, le mandat olympique qui lui donne carte blanche durant 4 ann\u00e9es, semble court au regard des nombreux chantiers aussi prioritaires les uns, les autres. Le premier qui pointe \u00e0 l\u2019horizon est \u00e0 la Coupe d\u2019Afrique des Nations pr\u00e9vue du 13 janvier au 11 f\u00e9vrier 2024 en C\u00f4te d\u2019Ivoire o\u00f9 il est arriv\u00e9. Autant dire que la p\u00e9riode de gr\u00e2ce \u00e0 peine consomm\u00e9e, il faudrait se lancer dans cette aventure continentale avec l\u2019ambition d\u2019honorer et de redonner confiance aux acteurs appel\u00e9s \u00e0 d\u00e9fendre les couleurs nationales. Dans cette exclusive interview qu\u2019il nous a accord\u00e9e aux sortirs de la rencontre avec le Pr\u00e9sident de la FIFA, Monsieur Gianni Infantino \u00e0 Abidjan, le nouvel empereur du sport roi Guin\u00e9en, le Pr\u00e9sident Bouba Sampil affiche sa volont\u00e9 d\u2019\u0153uvrer dans le sens du rassemblement en gommant toutes id\u00e9es d\u2019antagonismes et son engagement \u00e0 servir la nation Guin\u00e9enne. Les deux moiti\u00e9s de la Guin\u00e9e sont d\u00e9sormais unis et l\u2019amorce d\u2019un renouveau est plus que jamais enclench\u00e9e. Entretien !<\/div>\n<div dir=\"auto\"><\/div>\n<div dir=\"auto\"><b>Monsieur le Pr\u00e9sident, vos premiers mots en tant que nouveau Patron du Football Guin\u00e9en ?<\/b><\/div>\n<div dir=\"auto\"><\/div>\n<div dir=\"auto\">Je mesure l\u2019ampleur de la t\u00e2che et les d\u00e9fis qui nous \u2019attendent. D\u00e9sormais, il n\u2019y a plus de G47, il n\u2019y a plus de collectif de clubs, il n\u2019y a que le G69 compos\u00e9 des Membres bona fide de notre Association Nationale car, aucun comit\u00e9 Ex\u00e9cutif, ne peut mener \u00e0 bien le d\u00e9veloppement et le progr\u00e8s de notre football sans une synergie d\u2019efforts entre toutes les composantes de notre grande famille du football.<\/div>\n<div dir=\"auto\"><\/div>\n<div dir=\"auto\"><b>Vos pens\u00e9es \u00e0 l\u2019endroit de vos adversaires ?<\/b><\/div>\n<div dir=\"auto\"><\/div>\n<div dir=\"auto\">Je tends la main fraternelle \u00e0 mes concurrents qui ne sont pas mes adversaires mais plut\u00f4t mes compagnons au service du Football Guin\u00e9en, \u00e0 mes s\u0153urs et fr\u00e8res et pr\u00e9sidents et membres de clubs, Associations affili\u00e9es pour qu\u2019ensemble, nous puissions transcender nos diff\u00e9rences pour sauver l\u2019essentiel et mat\u00e9rialiser notre slogan de campagne \u00e0 savoir, refonder le Football Guin\u00e9en dans l\u2019union, l\u2019entente et la coh\u00e9sion. Comme tout processus, il s\u2019git d\u2019un facteur d\u2019enrichissement r\u00e9ciproque. C\u2019est dire qu\u2019il n\u2019y a ni vainqueur ni vaincu, le seul vainqueur \u00e9tant le Football Guin\u00e9en, la seule victorieuse, c\u2019est la jeunesse Guin\u00e9enne, la seule b\u00e9n\u00e9ficiaire, c\u2019est la Nation Guin\u00e9enne.<\/div>\n<div dir=\"auto\"><\/div>\n<div dir=\"auto\"><b>Les premiers chantiers de votre mandat \u00e0 la t\u00eate de la F\u00e9guifoot ?<\/b><\/div>\n<div dir=\"auto\"><\/div>\n<div dir=\"auto\">Ils sont nombreux et \u00e9normes. Mais, convaincu que je suis, d\u2019\u00eatre le Pr\u00e9sident de tous les Membres Actifs du football Guin\u00e9en et non d\u2019une partie des Membres de ce football, je r\u00e9affirme la ferme volont\u00e9 de mon \u00e9quipe \u00e0 travailler avec toute la famille du football, sans exclusive aucune, pour initier et mettre en \u0153uvre les programmes de d\u00e9veloppement et particuli\u00e8rement, le Programme FORWARD de la FIFA dans l\u2019int\u00e9r\u00eat exclusif de notre Association Nationale. Nous n\u2019avons pas le choix que celui de l\u2019imp\u00e9rieuse n\u00e9cessit\u00e9 de combler l\u2019immense retard que notre Association Nationale a accus\u00e9 par rapport aux autres Associations Nationales Africaines dont les multitudes projets FORWARD b\u00e9n\u00e9ficient de nos jours \u00e0 des milliers de jeunes du continent. C\u2019est le lieu et le moment d\u2019exprimer notre profonde reconnaissance et gratitude infinie \u00e0 la CAF et la FIFA, pour leur accompagnement, leur expertise av\u00e9r\u00e9e et leur constante sollicitude afin que la crise qui a longuement min\u00e9 notre football soit jugul\u00e9e.<\/div>\n<div dir=\"auto\"><\/div>\n<div dir=\"auto\"><b>La Guin\u00e9e de nouveau sur les rails, l\u2019amorce d\u2019un nouveau d\u00e9part ?<\/b><\/div>\n<div dir=\"auto\"><\/div>\n<div dir=\"auto\">Nous r\u00e9it\u00e9rons notre ind\u00e9fectible soutien au Pr\u00e9sident de la CAF Patrice Motsepe et au Pr\u00e9sident de la FIFA Gianni Infantino pour leurs \u0153uvres gigantesques accomplies pour changer positivement le visage du football dans le monde et particuli\u00e8rement en Afrique. N\u00e9cessitant de sa part ces propos Nous nous engageons \u00e0 promouvoir et d\u00e9velopper le football guin\u00e9en conform\u00e9ment \u00e0 la politique sportive du CNRD et du Gouvernement, sous la conduite \u00e9clair\u00e9e de notre Cher Ministre des Sports, Monsieur Lansana Bea Diallo.<\/div>\n<div dir=\"auto\">\u00c0 travers Monsieur le ministre des Sports, nous tenons \u00e0 remercier Monsieur le Premier ministre, Dr Bernard Goumou, le ministre secr\u00e9taire g\u00e9n\u00e9ral \u00e0 la Pr\u00e9sidence, le g\u00e9n\u00e9ral Amara Camara et leurs collaborateurs pour les efforts fournis dans la r\u00e9solution de la crise qui minait notre Association.<\/div>\n<div dir=\"auto\">Le D\u00e9partement en charge des Sports, notre tutelle administrative, qu\u2019il dirige avec humilit\u00e9 trouve en nous, des partenaires engag\u00e9s et r\u00e9solus pour la refondation de notre football dans l\u2019union, l\u2019entente et la coh\u00e9sion.<\/div>\n<div dir=\"auto\"><\/div>\n<div dir=\"auto\"><b>La plainte brandie devant le Tribunal Arbitral du Sport, au rang des oubliettes?<\/b><\/div>\n<div dir=\"auto\"><\/div>\n<div dir=\"auto\">Exactement, je vous informe que Monsieur Mathurin Bangoura a effectivement retir\u00e9 sa plainte. En tant que premier dirigeant du Football, je l\u2019en remercie pour cet esprit de responsabilit\u00e9 et de paix dans l\u2019int\u00e9r\u00eat du Football Guin\u00e9en.<\/div>\n<div dir=\"auto\"><\/div>\n<div dir=\"auto\"><b>A la veille de la Coupe d\u2019Afrique des Nations, quels sont les objectifs du Sily National ?<\/b><\/div>\n<div dir=\"auto\"><\/div>\n<div dir=\"auto\">Les d\u00e9fis qui se posent sont \u00e9normes et nous sommes d\u00e9termin\u00e9s \u00e0 les relever dans l\u2019int\u00e9r\u00eat exclusif de notre jeunesse sportive. A commencer par la mise en \u0153uvre des jalons indispensables pour notre participation honorable \u00e0 la prochaine Coupe d\u2019Afrique des Nations C\u00f4te d\u2019Ivoire 2024.<\/div>\n<div dir=\"auto\"><\/div>\n<div dir=\"auto\"><b>La bonne gouvernance sera-t-elle au rendez vous de votre action ?<\/b><\/div>\n<div dir=\"auto\"><\/div>\n<div dir=\"auto\">La bonne gouvernance administrative et financi\u00e8re de notre association nationale, les r\u00e9formes structurelles de nos comp\u00e9titions, l\u2019impl\u00e9mentation de la culture du sponsoring et du marketing au sein de nos clubs, le d\u00e9veloppement technique par la mise en \u0153uvre de la proc\u00e9dure du syst\u00e8me d\u2019octroi de la licence-club, le d\u00e9veloppement et la promotion de l\u2019arbitrage, la promotion et la professionnalisation du football f\u00e9minin seront \u00e9rig\u00e9s en super priorit\u00e9s. La formation des m\u00e9decins sportifs, l\u2019a\u00e9ration des relations de travail avec le Minist\u00e8re des Sports constituent le sacerdoce de ce Comit\u00e9 Ex\u00e9cutif que vous venez d\u2019investir de votre confiance.<\/div>\n<div dir=\"auto\"><\/div>\n<div dir=\"auto\"><b>Votre mot de la fin<\/b><\/div>\n<div dir=\"auto\"><\/div>\n<div dir=\"auto\">Je profite pour remercier et f\u00e9liciter l\u2019\u00e9quipe sortante du Comite de Normalisation avec \u00e0 sa t\u00eate Mme Sy Mariama Diallo, pour le travail colossal abattu qui a conduit \u00e0 la conclusion heureuse du processus de normalisation que nous connaissons aujourd\u2019hui malgr\u00e9 le climat d\u2019incompr\u00e9hension qui a caract\u00e9ris\u00e9 l\u2019ensemble des acteurs que nous sommes. Nous mettrons \u00e9galement tout en \u0153uvre pour \u00e9viter \u00e0 notre Association Nationale un nouveau CONOR qui est souvent l\u2019expression de la violation r\u00e9p\u00e9t\u00e9e des textes qui nous gouvernent.<\/div>\n<div dir=\"auto\"><\/div>\n<div dir=\"auto\">Propos recueillis par Ibrahima Diop pour<a href=\"http:\/\/yeuggle.net\/\" target=\"_blank\" rel=\"noopener\" data-saferedirecturl=\"https:\/\/www.google.com\/url?q=http:\/\/yeuggle.net&amp;source=gmail&amp;ust=1705397361711000&amp;usg=AOvVaw0BBSZr3lF20SZjC9TZ1_L1\">yeuggle.net<\/a><\/div>\n","protected":false},"excerpt":{"rendered":"<p>A peine \u00e9lu, Monsieur Bouba Sampil, le nouveau Pr\u00e9sident de la F\u00e9d\u00e9ration Guin\u00e9enne de Football,<\/p>\n","protected":false},"author":2,"featured_media":4999,"comment_status":"closed","ping_status":"open","sticky":false,"template":"","format":"standard","meta":[],"categories":[3,5],"tags":[229],"yoast_head":"<!-- This site is optimized with the Yoast SEO plugin v19.13 - https:\/\/yoast.com\/wordpress\/plugins\/seo\/ -->\n<title>Aboubacar Sampil (Pr\u00e9sident Feguifoot): \u00ab le premier d\u00e9fi est la mise en \u0153uvre des jalons indispensables pour notre participation honorable \u00e0 la Can \u00bb - UNIVERSNEWS224<\/title>\n<meta name=\"robots\" content=\"index, follow, max-snippet:-1, max-image-preview:large, max-video-preview:-1\" \/>\n<link rel=\"canonical\" href=\"https:\/\/universnews224.com\/index.php\/aboubacar-sampil-president-feguifoot-le-premier-defi-est-la-mise-en-oeuvre-des-jalons-indispensables-pour-notre-participation-honorable-a-la-can\/\" \/>\n<meta property=\"og:locale\" content=\"fr_FR\" \/>\n<meta property=\"og:type\" content=\"article\" \/>\n<meta property=\"og:title\" content=\"Aboubacar Sampil (Pr\u00e9sident Feguifoot): \u00ab le premier d\u00e9fi est la mise en \u0153uvre des jalons indispensables pour notre participation honorable \u00e0 la Can \u00bb - UNIVERSNEWS224\" \/>\n<meta property=\"og:description\" content=\"A peine \u00e9lu, Monsieur Bouba Sampil, le nouveau Pr\u00e9sident de la F\u00e9d\u00e9ration Guin\u00e9enne de Football,\" \/>\n<meta property=\"og:url\" content=\"https:\/\/universnews224.com\/index.php\/aboubacar-sampil-president-feguifoot-le-premier-defi-est-la-mise-en-oeuvre-des-jalons-indispensables-pour-notre-participation-honorable-a-la-can\/\" \/>\n<meta property=\"og:site_name\" content=\"UNIVERSNEWS224\" \/>\n<meta property=\"article:published_time\" content=\"2024-01-15T13:11:23+00:00\" \/>\n<meta property=\"og:image\" content=\"https:\/\/universnews224.com\/wp-content\/uploads\/2024\/01\/AA8DAC7F-F715-4D14-96CB-8A8D5E5571D4.png\" \/>\n\t<meta property=\"og:image:width\" content=\"700\" \/>\n\t<meta property=\"og:image:height\" content=\"375\" \/>\n\t<meta property=\"og:image:type\" content=\"image\/png\" \/>\n<meta name=\"author\" content=\"La R\u00e9daction\" \/>\n<meta name=\"twitter:label1\" content=\"\u00c9crit par\" \/>\n\t<meta name=\"twitter:data1\" content=\"La R\u00e9daction\" \/>\n\t<meta name=\"twitter:label2\" content=\"Dur\u00e9e de lecture estim\u00e9e\" \/>\n\t<meta name=\"twitter:data2\" content=\"6 minutes\" \/>\n<script type=\"application\/ld+json\" class=\"yoast-schema-graph\">{\"@context\":\"https:\/\/schema.org\",\"@graph\":[{\"@type\":\"Article\",\"@id\":\"https:\/\/universnews224.com\/index.php\/aboubacar-sampil-president-feguifoot-le-premier-defi-est-la-mise-en-oeuvre-des-jalons-indispensables-pour-notre-participation-honorable-a-la-can\/#article\",\"isPartOf\":{\"@id\":\"https:\/\/universnews224.com\/index.php\/aboubacar-sampil-president-feguifoot-le-premier-defi-est-la-mise-en-oeuvre-des-jalons-indispensables-pour-notre-participation-honorable-a-la-can\/\"},\"author\":{\"name\":\"La R\u00e9daction\",\"@id\":\"https:\/\/universnews224.com\/#\/schema\/person\/a4b7d4f94a4716df60456a491260485e\"},\"headline\":\"Aboubacar Sampil (Pr\u00e9sident Feguifoot): \u00ab le premier d\u00e9fi est la mise en \u0153uvre des jalons indispensables pour notre participation honorable \u00e0 la Can \u00bb\",\"datePublished\":\"2024-01-15T13:11:23+00:00\",\"dateModified\":\"2024-01-15T13:11:23+00:00\",\"mainEntityOfPage\":{\"@id\":\"https:\/\/universnews224.com\/index.php\/aboubacar-sampil-president-feguifoot-le-premier-defi-est-la-mise-en-oeuvre-des-jalons-indispensables-pour-notre-participation-honorable-a-la-can\/\"},\"wordCount\":1214,\"publisher\":{\"@id\":\"https:\/\/universnews224.com\/#organization\"},\"keywords\":[\"La une\"],\"articleSection\":[\"ACTU\",\"SOCI\u00c9T\u00c9\"],\"inLanguage\":\"fr-FR\"},{\"@type\":\"WebPage\",\"@id\":\"https:\/\/universnews224.com\/index.php\/aboubacar-sampil-president-feguifoot-le-premier-defi-est-la-mise-en-oeuvre-des-jalons-indispensables-pour-notre-participation-honorable-a-la-can\/\",\"url\":\"https:\/\/universnews224.com\/index.php\/aboubacar-sampil-president-feguifoot-le-premier-defi-est-la-mise-en-oeuvre-des-jalons-indispensables-pour-notre-participation-honorable-a-la-can\/\",\"name\":\"Aboubacar Sampil (Pr\u00e9sident Feguifoot): \u00ab le premier d\u00e9fi est la mise en \u0153uvre des jalons indispensables pour notre participation honorable \u00e0 la Can \u00bb - UNIVERSNEWS224\",\"isPartOf\":{\"@id\":\"https:\/\/universnews224.com\/#website\"},\"datePublished\":\"2024-01-15T13:11:23+00:00\",\"dateModified\":\"2024-01-15T13:11:23+00:00\",\"inLanguage\":\"fr-FR\",\"potentialAction\":[{\"@type\":\"ReadAction\",\"target\":[\"https:\/\/universnews224.com\/index.php\/aboubacar-sampil-president-feguifoot-le-premier-defi-est-la-mise-en-oeuvre-des-jalons-indispensables-pour-notre-participation-honorable-a-la-can\/\"]}]},{\"@type\":\"WebSite\",\"@id\":\"https:\/\/universnews224.com\/#website\",\"url\":\"https:\/\/universnews224.com\/\",\"name\":\"UNIVERSNEWS224\",\"description\":\"\",\"publisher\":{\"@id\":\"https:\/\/universnews224.com\/#organization\"},\"potentialAction\":[{\"@type\":\"SearchAction\",\"target\":{\"@type\":\"EntryPoint\",\"urlTemplate\":\"https:\/\/universnews224.com\/?s={search_term_string}\"},\"query-input\":\"required name=search_term_string\"}],\"inLanguage\":\"fr-FR\"},{\"@type\":\"Organization\",\"@id\":\"https:\/\/universnews224.com\/#organization\",\"name\":\"UNIVERSNEWS224\",\"url\":\"https:\/\/universnews224.com\/\",\"logo\":{\"@type\":\"ImageObject\",\"inLanguage\":\"fr-FR\",\"@id\":\"https:\/\/universnews224.com\/#\/schema\/logo\/image\/\",\"url\":\"https:\/\/universnews224.com\/wp-content\/uploads\/2022\/08\/cropped-cropped-logoban.jpg\",\"contentUrl\":\"https:\/\/universnews224.com\/wp-content\/uploads\/2022\/08\/cropped-cropped-logoban.jpg\",\"width\":1080,\"height\":138,\"caption\":\"UNIVERSNEWS224\"},\"image\":{\"@id\":\"https:\/\/universnews224.com\/#\/schema\/logo\/image\/\"}},{\"@type\":\"Person\",\"@id\":\"https:\/\/universnews224.com\/#\/schema\/person\/a4b7d4f94a4716df60456a491260485e\",\"name\":\"La R\u00e9daction\",\"image\":{\"@type\":\"ImageObject\",\"inLanguage\":\"fr-FR\",\"@id\":\"https:\/\/universnews224.com\/#\/schema\/person\/image\/\",\"url\":\"https:\/\/secure.gravatar.com\/avatar\/edb90acc7752b23e1b3307ad36c14f0d?s=96&d=mm&r=g\",\"contentUrl\":\"https:\/\/secure.gravatar.com\/avatar\/edb90acc7752b23e1b3307ad36c14f0d?s=96&d=mm&r=g\",\"caption\":\"La R\u00e9daction\"},\"sameAs\":[\"https:\/\/universnews224.com\"],\"url\":\"https:\/\/universnews224.com\/index.php\/author\/m-camara\/\"}]}<\/script>\n<!-- \/ Yoast SEO plugin. -->","yoast_head_json":{"title":"Aboubacar Sampil (Pr\u00e9sident Feguifoot): \u00ab le premier d\u00e9fi est la mise en \u0153uvre des jalons indispensables pour notre participation honorable \u00e0 la Can \u00bb - UNIVERSNEWS224","robots":{"index":"index","follow":"follow","max-snippet":"max-snippet:-1","max-image-preview":"max-image-preview:large","max-video-preview":"max-video-preview:-1"},"canonical":"https:\/\/universnews224.com\/index.php\/aboubacar-sampil-president-feguifoot-le-premier-defi-est-la-mise-en-oeuvre-des-jalons-indispensables-pour-notre-participation-honorable-a-la-can\/","og_locale":"fr_FR","og_type":"article","og_title":"Aboubacar Sampil (Pr\u00e9sident Feguifoot): \u00ab le premier d\u00e9fi est la mise en \u0153uvre des jalons indispensables pour notre participation honorable \u00e0 la Can \u00bb - UNIVERSNEWS224","og_description":"A peine \u00e9lu, Monsieur Bouba Sampil, le nouveau Pr\u00e9sident de la F\u00e9d\u00e9ration Guin\u00e9enne de Football,","og_url":"https:\/\/universnews224.com\/index.php\/aboubacar-sampil-president-feguifoot-le-premier-defi-est-la-mise-en-oeuvre-des-jalons-indispensables-pour-notre-participation-honorable-a-la-can\/","og_site_name":"UNIVERSNEWS224","article_published_time":"2024-01-15T13:11:23+00:00","og_image":[{"width":700,"height":375,"url":"https:\/\/universnews224.com\/wp-content\/uploads\/2024\/01\/AA8DAC7F-F715-4D14-96CB-8A8D5E5571D4.png","type":"image\/png"}],"author":"La R\u00e9daction","twitter_misc":{"\u00c9crit par":"La R\u00e9daction","Dur\u00e9e de lecture estim\u00e9e":"6 minutes"},"schema":{"@context":"https:\/\/schema.org","@graph":[{"@type":"Article","@id":"https:\/\/universnews224.com\/index.php\/aboubacar-sampil-president-feguifoot-le-premier-defi-est-la-mise-en-oeuvre-des-jalons-indispensables-pour-notre-participation-honorable-a-la-can\/#article","isPartOf":{"@id":"https:\/\/universnews224.com\/index.php\/aboubacar-sampil-president-feguifoot-le-premier-defi-est-la-mise-en-oeuvre-des-jalons-indispensables-pour-notre-participation-honorable-a-la-can\/"},"author":{"name":"La R\u00e9daction","@id":"https:\/\/universnews224.com\/#\/schema\/person\/a4b7d4f94a4716df60456a491260485e"},"headline":"Aboubacar Sampil (Pr\u00e9sident Feguifoot): \u00ab le premier d\u00e9fi est la mise en \u0153uvre des jalons indispensables pour notre participation honorable \u00e0 la Can \u00bb","datePublished":"2024-01-15T13:11:23+00:00","dateModified":"2024-01-15T13:11:23+00:00","mainEntityOfPage":{"@id":"https:\/\/universnews224.com\/index.php\/aboubacar-sampil-president-feguifoot-le-premier-defi-est-la-mise-en-oeuvre-des-jalons-indispensables-pour-notre-participation-honorable-a-la-can\/"},"wordCount":1214,"publisher":{"@id":"https:\/\/universnews224.com\/#organization"},"keywords":["La une"],"articleSection":["ACTU","SOCI\u00c9T\u00c9"],"inLanguage":"fr-FR"},{"@type":"WebPage","@id":"https:\/\/universnews224.com\/index.php\/aboubacar-sampil-president-feguifoot-le-premier-defi-est-la-mise-en-oeuvre-des-jalons-indispensables-pour-notre-participation-honorable-a-la-can\/","url":"https:\/\/universnews224.com\/index.php\/aboubacar-sampil-president-feguifoot-le-premier-defi-est-la-mise-en-oeuvre-des-jalons-indispensables-pour-notre-participation-honorable-a-la-can\/","name":"Aboubacar Sampil (Pr\u00e9sident Feguifoot): \u00ab le premier d\u00e9fi est la mise en \u0153uvre des jalons indispensables pour notre participation honorable \u00e0 la Can \u00bb - UNIVERSNEWS224","isPartOf":{"@id":"https:\/\/universnews224.com\/#website"},"datePublished":"2024-01-15T13:11:23+00:00","dateModified":"2024-01-15T13:11:23+00:00","inLanguage":"fr-FR","potentialAction":[{"@type":"ReadAction","target":["https:\/\/universnews224.com\/index.php\/aboubacar-sampil-president-feguifoot-le-premier-defi-est-la-mise-en-oeuvre-des-jalons-indispensables-pour-notre-participation-honorable-a-la-can\/"]}]},{"@type":"WebSite","@id":"https:\/\/universnews224.com\/#website","url":"https:\/\/universnews224.com\/","name":"UNIVERSNEWS224","description":"","publisher":{"@id":"https:\/\/universnews224.com\/#organization"},"potentialAction":[{"@type":"SearchAction","target":{"@type":"EntryPoint","urlTemplate":"https:\/\/universnews224.com\/?s={search_term_string}"},"query-input":"required name=search_term_string"}],"inLanguage":"fr-FR"},{"@type":"Organization","@id":"https:\/\/universnews224.com\/#organization","name":"UNIVERSNEWS224","url":"https:\/\/universnews224.com\/","logo":{"@type":"ImageObject","inLanguage":"fr-FR","@id":"https:\/\/universnews224.com\/#\/schema\/logo\/image\/","url":"https:\/\/universnews224.com\/wp-content\/uploads\/2022\/08\/cropped-cropped-logoban.jpg","contentUrl":"https:\/\/universnews224.com\/wp-content\/uploads\/2022\/08\/cropped-cropped-logoban.jpg","width":1080,"height":138,"caption":"UNIVERSNEWS224"},"image":{"@id":"https:\/\/universnews224.com\/#\/schema\/logo\/image\/"}},{"@type":"Person","@id":"https:\/\/universnews224.com\/#\/schema\/person\/a4b7d4f94a4716df60456a491260485e","name":"La R\u00e9daction","image":{"@type":"ImageObject","inLanguage":"fr-FR","@id":"https:\/\/universnews224.com\/#\/schema\/person\/image\/","url":"https:\/\/secure.gravatar.com\/avatar\/edb90acc7752b23e1b3307ad36c14f0d?s=96&d=mm&r=g","contentUrl":"https:\/\/secure.gravatar.com\/avatar\/edb90acc7752b23e1b3307ad36c14f0d?s=96&d=mm&r=g","caption":"La R\u00e9daction"},"sameAs":["https:\/\/universnews224.com"],"url":"https:\/\/universnews224.com\/index.php\/author\/m-camara\/"}]}},"_links":{"self":[{"href":"https:\/\/universnews224.com\/index.php\/wp-json\/wp\/v2\/posts\/4998"}],"collection":[{"href":"https:\/\/universnews224.com\/index.php\/wp-json\/wp\/v2\/posts"}],"about":[{"href":"https:\/\/universnews224.com\/index.php\/wp-json\/wp\/v2\/types\/post"}],"author":[{"embeddable":true,"href":"https:\/\/universnews224.com\/index.php\/wp-json\/wp\/v2\/users\/2"}],"replies":[{"embeddable":true,"href":"https:\/\/universnews224.com\/index.php\/wp-json\/wp\/v2\/comments?post=4998"}],"version-history":[{"count":1,"href":"https:\/\/universnews224.com\/index.php\/wp-json\/wp\/v2\/posts\/4998\/revisions"}],"predecessor-version":[{"id":5000,"href":"https:\/\/universnews224.com\/index.php\/wp-json\/wp\/v2\/posts\/4998\/revisions\/5000"}],"wp:featuredmedia":[{"embeddable":true,"href":"https:\/\/universnews224.com\/index.php\/wp-json\/wp\/v2\/media\/4999"}],"wp:attachment":[{"href":"https:\/\/universnews224.com\/index.php\/wp-json\/wp\/v2\/media?parent=4998"}],"wp:term":[{"taxonomy":"category","embeddable":true,"href":"https:\/\/universnews224.com\/index.php\/wp-json\/wp\/v2\/categories?post=4998"},{"taxonomy":"post_tag","embeddable":true,"href":"https:\/\/universnews224.com\/index.php\/wp-json\/wp\/v2\/tags?post=4998"}],"curies":[{"name":"wp","href":"https:\/\/api.w.org\/{rel}","templated":true}]}}