{"id":5007,"date":"2024-01-16T18:36:30","date_gmt":"2024-01-16T17:36:30","guid":{"rendered":"https:\/\/universnews224.com\/?p=5007"},"modified":"2024-01-16T18:36:30","modified_gmt":"2024-01-16T17:36:30","slug":"sekou-jamel-pendessa-nous-demandons-tous-les-guineens-de-sortir-massivement-apres-demain-dans-les-grands-rond-points-pour-venir-reclamer-la-liberation-des-medias-et-de-linternet","status":"publish","type":"post","link":"https:\/\/universnews224.com\/index.php\/sekou-jamel-pendessa-nous-demandons-tous-les-guineens-de-sortir-massivement-apres-demain-dans-les-grands-rond-points-pour-venir-reclamer-la-liberation-des-medias-et-de-linternet\/","title":{"rendered":"S\u00e9kou Jamel Pendessa: \u201cNous demandons tous les guin\u00e9ens de sortir massivement apr\u00e8s demain dans les grands rond-points pour venir r\u00e9clamer la lib\u00e9ration des m\u00e9dias et de l\u2019Internet\u201d."},"content":{"rendered":"<p class=\"p1\"><span class=\"s1\"> Le Syndicat des Professionnels de la Presse de Guin\u00e9e (SPPG) est pr\u00eat \u00e0 en d\u00e9coudre avec les autorit\u00e9s de la transition qui ont d\u00e9cid\u00e9 de restreindre l\u2019acc\u00e8s aux r\u00e9seaux sociaux et de brouiller les ondes de plusieurs m\u00e9dias pour, dit-elles des raisons de s\u00e9curit\u00e9.<\/span><\/p>\n<p class=\"p1\"><span class=\"s1\">Face cette violation flagrante du droit \u00e0 la lib\u00e9ration d\u2019expression, la structure en charge d\u00e9fendre les journalistes en Guin\u00e9e, compte d\u2019organiser le jeudi, 18 janvier prochain, une manifestation pour demander la lev\u00e9e des restrictions impos\u00e9es aux m\u00e9dias. <\/span><\/p>\n<p class=\"p1\"><span class=\"s1\">Selon Sekou Jamel Pendessa, secr\u00e9taire g\u00e9n\u00e9ral du SPPG, \u00e0 date tout est fin pr\u00eat et que la manifestation se tiendra ce jeudi prochain. <\/span><\/p>\n<p class=\"p1\"><span class=\"s1\">\u201cLa manifestation du jeudi aura bel et bien lieu. Nous sommes dans la phase active des pr\u00e9paratif. Et hier, nous \u00e9tions avec les grandes coalitions de la soci\u00e9t\u00e9 civile, du monde syndical au si\u00e8ge du SPPG. Nous avons essay\u00e9 de faire notre travail de finalisation des pr\u00e9paratifs. Parce que le travail a commenc\u00e9 depuis longtemps, il fallait d\u00e9jouer les strat\u00e9gies de l\u2019adversaire. Parce que si on commen\u00e7ait par officialiser leur soutien avant de faire le travail de fond, on pouvait mettre beaucoup de blocus. Donc, on les a laiss\u00e9 travailler sur le terrain parce que la soci\u00e9t\u00e9 civile en contact avec les citoyens. Ils ont fini hier, c\u2019\u00e9tait juste des formalit\u00e9s(\u2026), a t-il indiqu\u00e9 avant d\u2019inviter les guin\u00e9ens \u00e0 sortir massivement pour r\u00e9clamer la lev\u00e9e des restrictions aux m\u00e9dias et \u00e0 l\u2019Internet. <\/span><\/p>\n<p class=\"p1\"><span class=\"s1\">\u201cNous demandons tous les guin\u00e9ens de sortir massivement apr\u00e8s demain dans les grands rond-points pour venir r\u00e9clamer la lib\u00e9ration des m\u00e9dias et de l\u2019Internet et dans la discipline. Il ne faut pas toucher aux v\u00e9hicules des gens, il ne faut pas insulter quelqu\u2019un, mais sortez massivement, vous occupez les rond-points\u201d, a lanc\u00e9 chez nos confr\u00e8res de la radio Tropical Fm. <\/span><\/p>\n<p class=\"p1\"><span class=\"s1\">Mohamed Camara <\/span><\/p>\n","protected":false},"excerpt":{"rendered":"<p>Le Syndicat des Professionnels de la Presse de Guin\u00e9e (SPPG) est pr\u00eat \u00e0 en d\u00e9coudre<\/p>\n","protected":false},"author":2,"featured_media":4777,"comment_status":"closed","ping_status":"open","sticky":false,"template":"","format":"standard","meta":[],"categories":[3,5],"tags":[229],"yoast_head":"<!-- This site is optimized with the Yoast SEO plugin v19.13 - https:\/\/yoast.com\/wordpress\/plugins\/seo\/ -->\n<title>S\u00e9kou Jamel Pendessa: \u201cNous demandons tous les guin\u00e9ens de sortir massivement apr\u00e8s demain dans les grands rond-points pour venir r\u00e9clamer la lib\u00e9ration des m\u00e9dias et de l\u2019Internet\u201d. - UNIVERSNEWS224<\/title>\n<meta name=\"robots\" content=\"index, follow, max-snippet:-1, max-image-preview:large, max-video-preview:-1\" \/>\n<link rel=\"canonical\" href=\"https:\/\/universnews224.com\/index.php\/sekou-jamel-pendessa-nous-demandons-tous-les-guineens-de-sortir-massivement-apres-demain-dans-les-grands-rond-points-pour-venir-reclamer-la-liberation-des-medias-et-de-linternet\/\" \/>\n<meta property=\"og:locale\" content=\"fr_FR\" \/>\n<meta property=\"og:type\" content=\"article\" \/>\n<meta property=\"og:title\" content=\"S\u00e9kou Jamel Pendessa: \u201cNous demandons tous les guin\u00e9ens de sortir massivement apr\u00e8s demain dans les grands rond-points pour venir r\u00e9clamer la lib\u00e9ration des m\u00e9dias et de l\u2019Internet\u201d. - UNIVERSNEWS224\" \/>\n<meta property=\"og:description\" content=\"Le Syndicat des Professionnels de la Presse de Guin\u00e9e (SPPG) est pr\u00eat \u00e0 en d\u00e9coudre\" \/>\n<meta property=\"og:url\" content=\"https:\/\/universnews224.com\/index.php\/sekou-jamel-pendessa-nous-demandons-tous-les-guineens-de-sortir-massivement-apres-demain-dans-les-grands-rond-points-pour-venir-reclamer-la-liberation-des-medias-et-de-linternet\/\" \/>\n<meta property=\"og:site_name\" content=\"UNIVERSNEWS224\" \/>\n<meta property=\"article:published_time\" content=\"2024-01-16T17:36:30+00:00\" \/>\n<meta property=\"og:image\" content=\"https:\/\/universnews224.com\/wp-content\/uploads\/2023\/12\/16F6A67E-213A-4852-B202-6E21833C7BD5.jpeg\" \/>\n\t<meta property=\"og:image:width\" content=\"1008\" \/>\n\t<meta property=\"og:image:height\" content=\"454\" \/>\n\t<meta property=\"og:image:type\" content=\"image\/jpeg\" \/>\n<meta name=\"author\" content=\"La R\u00e9daction\" \/>\n<meta name=\"twitter:label1\" content=\"\u00c9crit par\" \/>\n\t<meta name=\"twitter:data1\" content=\"La R\u00e9daction\" \/>\n\t<meta name=\"twitter:label2\" content=\"Dur\u00e9e de lecture estim\u00e9e\" \/>\n\t<meta name=\"twitter:data2\" content=\"2 minutes\" \/>\n<script type=\"application\/ld+json\" class=\"yoast-schema-graph\">{\"@context\":\"https:\/\/schema.org\",\"@graph\":[{\"@type\":\"Article\",\"@id\":\"https:\/\/universnews224.com\/index.php\/sekou-jamel-pendessa-nous-demandons-tous-les-guineens-de-sortir-massivement-apres-demain-dans-les-grands-rond-points-pour-venir-reclamer-la-liberation-des-medias-et-de-linternet\/#article\",\"isPartOf\":{\"@id\":\"https:\/\/universnews224.com\/index.php\/sekou-jamel-pendessa-nous-demandons-tous-les-guineens-de-sortir-massivement-apres-demain-dans-les-grands-rond-points-pour-venir-reclamer-la-liberation-des-medias-et-de-linternet\/\"},\"author\":{\"name\":\"La R\u00e9daction\",\"@id\":\"https:\/\/universnews224.com\/#\/schema\/person\/a4b7d4f94a4716df60456a491260485e\"},\"headline\":\"S\u00e9kou Jamel Pendessa: \u201cNous demandons tous les guin\u00e9ens de sortir massivement apr\u00e8s demain dans les grands rond-points pour venir r\u00e9clamer la lib\u00e9ration des m\u00e9dias et de l\u2019Internet\u201d.\",\"datePublished\":\"2024-01-16T17:36:30+00:00\",\"dateModified\":\"2024-01-16T17:36:30+00:00\",\"mainEntityOfPage\":{\"@id\":\"https:\/\/universnews224.com\/index.php\/sekou-jamel-pendessa-nous-demandons-tous-les-guineens-de-sortir-massivement-apres-demain-dans-les-grands-rond-points-pour-venir-reclamer-la-liberation-des-medias-et-de-linternet\/\"},\"wordCount\":374,\"publisher\":{\"@id\":\"https:\/\/universnews224.com\/#organization\"},\"keywords\":[\"La une\"],\"articleSection\":[\"ACTU\",\"SOCI\u00c9T\u00c9\"],\"inLanguage\":\"fr-FR\"},{\"@type\":\"WebPage\",\"@id\":\"https:\/\/universnews224.com\/index.php\/sekou-jamel-pendessa-nous-demandons-tous-les-guineens-de-sortir-massivement-apres-demain-dans-les-grands-rond-points-pour-venir-reclamer-la-liberation-des-medias-et-de-linternet\/\",\"url\":\"https:\/\/universnews224.com\/index.php\/sekou-jamel-pendessa-nous-demandons-tous-les-guineens-de-sortir-massivement-apres-demain-dans-les-grands-rond-points-pour-venir-reclamer-la-liberation-des-medias-et-de-linternet\/\",\"name\":\"S\u00e9kou Jamel Pendessa: \u201cNous demandons tous les guin\u00e9ens de sortir massivement apr\u00e8s demain dans les grands rond-points pour venir r\u00e9clamer la lib\u00e9ration des m\u00e9dias et de l\u2019Internet\u201d. - UNIVERSNEWS224\",\"isPartOf\":{\"@id\":\"https:\/\/universnews224.com\/#website\"},\"datePublished\":\"2024-01-16T17:36:30+00:00\",\"dateModified\":\"2024-01-16T17:36:30+00:00\",\"inLanguage\":\"fr-FR\",\"potentialAction\":[{\"@type\":\"ReadAction\",\"target\":[\"https:\/\/universnews224.com\/index.php\/sekou-jamel-pendessa-nous-demandons-tous-les-guineens-de-sortir-massivement-apres-demain-dans-les-grands-rond-points-pour-venir-reclamer-la-liberation-des-medias-et-de-linternet\/\"]}]},{\"@type\":\"WebSite\",\"@id\":\"https:\/\/universnews224.com\/#website\",\"url\":\"https:\/\/universnews224.com\/\",\"name\":\"UNIVERSNEWS224\",\"description\":\"\",\"publisher\":{\"@id\":\"https:\/\/universnews224.com\/#organization\"},\"potentialAction\":[{\"@type\":\"SearchAction\",\"target\":{\"@type\":\"EntryPoint\",\"urlTemplate\":\"https:\/\/universnews224.com\/?s={search_term_string}\"},\"query-input\":\"required name=search_term_string\"}],\"inLanguage\":\"fr-FR\"},{\"@type\":\"Organization\",\"@id\":\"https:\/\/universnews224.com\/#organization\",\"name\":\"UNIVERSNEWS224\",\"url\":\"https:\/\/universnews224.com\/\",\"logo\":{\"@type\":\"ImageObject\",\"inLanguage\":\"fr-FR\",\"@id\":\"https:\/\/universnews224.com\/#\/schema\/logo\/image\/\",\"url\":\"https:\/\/universnews224.com\/wp-content\/uploads\/2022\/08\/cropped-cropped-logoban.jpg\",\"contentUrl\":\"https:\/\/universnews224.com\/wp-content\/uploads\/2022\/08\/cropped-cropped-logoban.jpg\",\"width\":1080,\"height\":138,\"caption\":\"UNIVERSNEWS224\"},\"image\":{\"@id\":\"https:\/\/universnews224.com\/#\/schema\/logo\/image\/\"}},{\"@type\":\"Person\",\"@id\":\"https:\/\/universnews224.com\/#\/schema\/person\/a4b7d4f94a4716df60456a491260485e\",\"name\":\"La R\u00e9daction\",\"image\":{\"@type\":\"ImageObject\",\"inLanguage\":\"fr-FR\",\"@id\":\"https:\/\/universnews224.com\/#\/schema\/person\/image\/\",\"url\":\"https:\/\/secure.gravatar.com\/avatar\/edb90acc7752b23e1b3307ad36c14f0d?s=96&d=mm&r=g\",\"contentUrl\":\"https:\/\/secure.gravatar.com\/avatar\/edb90acc7752b23e1b3307ad36c14f0d?s=96&d=mm&r=g\",\"caption\":\"La R\u00e9daction\"},\"sameAs\":[\"https:\/\/universnews224.com\"],\"url\":\"https:\/\/universnews224.com\/index.php\/author\/m-camara\/\"}]}<\/script>\n<!-- \/ Yoast SEO plugin. -->","yoast_head_json":{"title":"S\u00e9kou Jamel Pendessa: \u201cNous demandons tous les guin\u00e9ens de sortir massivement apr\u00e8s demain dans les grands rond-points pour venir r\u00e9clamer la lib\u00e9ration des m\u00e9dias et de l\u2019Internet\u201d. - UNIVERSNEWS224","robots":{"index":"index","follow":"follow","max-snippet":"max-snippet:-1","max-image-preview":"max-image-preview:large","max-video-preview":"max-video-preview:-1"},"canonical":"https:\/\/universnews224.com\/index.php\/sekou-jamel-pendessa-nous-demandons-tous-les-guineens-de-sortir-massivement-apres-demain-dans-les-grands-rond-points-pour-venir-reclamer-la-liberation-des-medias-et-de-linternet\/","og_locale":"fr_FR","og_type":"article","og_title":"S\u00e9kou Jamel Pendessa: \u201cNous demandons tous les guin\u00e9ens de sortir massivement apr\u00e8s demain dans les grands rond-points pour venir r\u00e9clamer la lib\u00e9ration des m\u00e9dias et de l\u2019Internet\u201d. - UNIVERSNEWS224","og_description":"Le Syndicat des Professionnels de la Presse de Guin\u00e9e (SPPG) est pr\u00eat \u00e0 en d\u00e9coudre","og_url":"https:\/\/universnews224.com\/index.php\/sekou-jamel-pendessa-nous-demandons-tous-les-guineens-de-sortir-massivement-apres-demain-dans-les-grands-rond-points-pour-venir-reclamer-la-liberation-des-medias-et-de-linternet\/","og_site_name":"UNIVERSNEWS224","article_published_time":"2024-01-16T17:36:30+00:00","og_image":[{"width":1008,"height":454,"url":"https:\/\/universnews224.com\/wp-content\/uploads\/2023\/12\/16F6A67E-213A-4852-B202-6E21833C7BD5.jpeg","type":"image\/jpeg"}],"author":"La R\u00e9daction","twitter_misc":{"\u00c9crit par":"La R\u00e9daction","Dur\u00e9e de lecture estim\u00e9e":"2 minutes"},"schema":{"@context":"https:\/\/schema.org","@graph":[{"@type":"Article","@id":"https:\/\/universnews224.com\/index.php\/sekou-jamel-pendessa-nous-demandons-tous-les-guineens-de-sortir-massivement-apres-demain-dans-les-grands-rond-points-pour-venir-reclamer-la-liberation-des-medias-et-de-linternet\/#article","isPartOf":{"@id":"https:\/\/universnews224.com\/index.php\/sekou-jamel-pendessa-nous-demandons-tous-les-guineens-de-sortir-massivement-apres-demain-dans-les-grands-rond-points-pour-venir-reclamer-la-liberation-des-medias-et-de-linternet\/"},"author":{"name":"La R\u00e9daction","@id":"https:\/\/universnews224.com\/#\/schema\/person\/a4b7d4f94a4716df60456a491260485e"},"headline":"S\u00e9kou Jamel Pendessa: \u201cNous demandons tous les guin\u00e9ens de sortir massivement apr\u00e8s demain dans les grands rond-points pour venir r\u00e9clamer la lib\u00e9ration des m\u00e9dias et de l\u2019Internet\u201d.","datePublished":"2024-01-16T17:36:30+00:00","dateModified":"2024-01-16T17:36:30+00:00","mainEntityOfPage":{"@id":"https:\/\/universnews224.com\/index.php\/sekou-jamel-pendessa-nous-demandons-tous-les-guineens-de-sortir-massivement-apres-demain-dans-les-grands-rond-points-pour-venir-reclamer-la-liberation-des-medias-et-de-linternet\/"},"wordCount":374,"publisher":{"@id":"https:\/\/universnews224.com\/#organization"},"keywords":["La une"],"articleSection":["ACTU","SOCI\u00c9T\u00c9"],"inLanguage":"fr-FR"},{"@type":"WebPage","@id":"https:\/\/universnews224.com\/index.php\/sekou-jamel-pendessa-nous-demandons-tous-les-guineens-de-sortir-massivement-apres-demain-dans-les-grands-rond-points-pour-venir-reclamer-la-liberation-des-medias-et-de-linternet\/","url":"https:\/\/universnews224.com\/index.php\/sekou-jamel-pendessa-nous-demandons-tous-les-guineens-de-sortir-massivement-apres-demain-dans-les-grands-rond-points-pour-venir-reclamer-la-liberation-des-medias-et-de-linternet\/","name":"S\u00e9kou Jamel Pendessa: \u201cNous demandons tous les guin\u00e9ens de sortir massivement apr\u00e8s demain dans les grands rond-points pour venir r\u00e9clamer la lib\u00e9ration des m\u00e9dias et de l\u2019Internet\u201d. - UNIVERSNEWS224","isPartOf":{"@id":"https:\/\/universnews224.com\/#website"},"datePublished":"2024-01-16T17:36:30+00:00","dateModified":"2024-01-16T17:36:30+00:00","inLanguage":"fr-FR","potentialAction":[{"@type":"ReadAction","target":["https:\/\/universnews224.com\/index.php\/sekou-jamel-pendessa-nous-demandons-tous-les-guineens-de-sortir-massivement-apres-demain-dans-les-grands-rond-points-pour-venir-reclamer-la-liberation-des-medias-et-de-linternet\/"]}]},{"@type":"WebSite","@id":"https:\/\/universnews224.com\/#website","url":"https:\/\/universnews224.com\/","name":"UNIVERSNEWS224","description":"","publisher":{"@id":"https:\/\/universnews224.com\/#organization"},"potentialAction":[{"@type":"SearchAction","target":{"@type":"EntryPoint","urlTemplate":"https:\/\/universnews224.com\/?s={search_term_string}"},"query-input":"required name=search_term_string"}],"inLanguage":"fr-FR"},{"@type":"Organization","@id":"https:\/\/universnews224.com\/#organization","name":"UNIVERSNEWS224","url":"https:\/\/universnews224.com\/","logo":{"@type":"ImageObject","inLanguage":"fr-FR","@id":"https:\/\/universnews224.com\/#\/schema\/logo\/image\/","url":"https:\/\/universnews224.com\/wp-content\/uploads\/2022\/08\/cropped-cropped-logoban.jpg","contentUrl":"https:\/\/universnews224.com\/wp-content\/uploads\/2022\/08\/cropped-cropped-logoban.jpg","width":1080,"height":138,"caption":"UNIVERSNEWS224"},"image":{"@id":"https:\/\/universnews224.com\/#\/schema\/logo\/image\/"}},{"@type":"Person","@id":"https:\/\/universnews224.com\/#\/schema\/person\/a4b7d4f94a4716df60456a491260485e","name":"La R\u00e9daction","image":{"@type":"ImageObject","inLanguage":"fr-FR","@id":"https:\/\/universnews224.com\/#\/schema\/person\/image\/","url":"https:\/\/secure.gravatar.com\/avatar\/edb90acc7752b23e1b3307ad36c14f0d?s=96&d=mm&r=g","contentUrl":"https:\/\/secure.gravatar.com\/avatar\/edb90acc7752b23e1b3307ad36c14f0d?s=96&d=mm&r=g","caption":"La R\u00e9daction"},"sameAs":["https:\/\/universnews224.com"],"url":"https:\/\/universnews224.com\/index.php\/author\/m-camara\/"}]}},"_links":{"self":[{"href":"https:\/\/universnews224.com\/index.php\/wp-json\/wp\/v2\/posts\/5007"}],"collection":[{"href":"https:\/\/universnews224.com\/index.php\/wp-json\/wp\/v2\/posts"}],"about":[{"href":"https:\/\/universnews224.com\/index.php\/wp-json\/wp\/v2\/types\/post"}],"author":[{"embeddable":true,"href":"https:\/\/universnews224.com\/index.php\/wp-json\/wp\/v2\/users\/2"}],"replies":[{"embeddable":true,"href":"https:\/\/universnews224.com\/index.php\/wp-json\/wp\/v2\/comments?post=5007"}],"version-history":[{"count":1,"href":"https:\/\/universnews224.com\/index.php\/wp-json\/wp\/v2\/posts\/5007\/revisions"}],"predecessor-version":[{"id":5008,"href":"https:\/\/universnews224.com\/index.php\/wp-json\/wp\/v2\/posts\/5007\/revisions\/5008"}],"wp:featuredmedia":[{"embeddable":true,"href":"https:\/\/universnews224.com\/index.php\/wp-json\/wp\/v2\/media\/4777"}],"wp:attachment":[{"href":"https:\/\/universnews224.com\/index.php\/wp-json\/wp\/v2\/media?parent=5007"}],"wp:term":[{"taxonomy":"category","embeddable":true,"href":"https:\/\/universnews224.com\/index.php\/wp-json\/wp\/v2\/categories?post=5007"},{"taxonomy":"post_tag","embeddable":true,"href":"https:\/\/universnews224.com\/index.php\/wp-json\/wp\/v2\/tags?post=5007"}],"curies":[{"name":"wp","href":"https:\/\/api.w.org\/{rel}","templated":true}]}}