{"id":5021,"date":"2024-01-19T13:17:03","date_gmt":"2024-01-19T12:17:03","guid":{"rendered":"https:\/\/universnews224.com\/?p=5021"},"modified":"2024-01-19T13:17:03","modified_gmt":"2024-01-19T12:17:03","slug":"ousmane-gaoual-a-pendessa-la-presse-privee-ce-nest-pas-pour-dire-quil-est-au-service-du-peuple-de-guinee-il-nen-est-pas-le-porte-parole-il-nen-a-pas-le-m","status":"publish","type":"post","link":"https:\/\/universnews224.com\/index.php\/ousmane-gaoual-a-pendessa-la-presse-privee-ce-nest-pas-pour-dire-quil-est-au-service-du-peuple-de-guinee-il-nen-est-pas-le-porte-parole-il-nen-a-pas-le-m\/","title":{"rendered":"Ousmane Gaoual \u00e0 Pendessa: \u00ab La presse priv\u00e9e, ce n\u2019est pas pour dire qu\u2019il est au service du peuple de Guin\u00e9e, il n\u2019en est pas le porte-parole, il n\u2019en a pas le mandat \u00bb"},"content":{"rendered":"<p>Invit\u00e9 sp\u00e9cial du JT de la RTG pour \u00e9voquer la manifestation annonc\u00e9e pour ce jeudi 18 janvier du syndicat des professionnels de la presse priv\u00e9e de Guin\u00e9e, le Ministre Porte-Parole du Gouvernement, Ousmane Gaoual Diallo n\u2019est pas pass\u00e9 du dos de la cuill\u00e8re pour fl\u00e9trir la d\u00e9marche du SPPG. Pour celui qui porte la parole du gouvernement de transition, le dialogue est d\u00e9j\u00e0 engag\u00e9 avec les patrons de presse et un syndicaliste de la presse ne doit appeler les Guin\u00e9ens \u00e0 se mobiliser massivement dans les carrefours, pour se faire entendre.<\/p>\n<p><em>\u00ab Il y a quelques jours il y a des patrons de presse priv\u00e9e ont rencontr\u00e9 le premier ministre pour lui adresser un document et le premier ministre a pris contact avec la haute autorit\u00e9 de la communication pour lui transmettre ce document, donc les discussions et le dialogue sont engag\u00e9s avec les gens de la presse pour essayer d\u2019\u00e9couter les probl\u00e8mes qu\u2019ils posent et \u00e9ventuellement dans la mesure du possible lui apporter des r\u00e9ponses. \u00c7a c\u2019est la premi\u00e8re chose. La deuxi\u00e8me chose, c\u2019est quand on entend le syndicaliste qui appelle les Guin\u00e9ens entre guillemets a se mobiliser massivement dans les carrefours, on se dit quand-m\u00eame \u00e7a va au del\u00e0 de ce qu\u2019un syndicat de la presse dans le sectoriel peut \u00eatre amen\u00e9 \u00e0 faire. Est-ce qu\u2019il agit en lieu et pour le compte d\u2019acteurs politiques ou de la soci\u00e9t\u00e9 civile ou bien, il d\u00e9fend une corporation qui de son point de vue \u00e0 des probl\u00e8mes ? \u00bb<\/em>, s\u2019est-il interrog\u00e9 dans le journal t\u00e9l\u00e9vis\u00e9.<\/p>\n<p>Pour Ousmane Gaoual : \u00ab La presse priv\u00e9e, ce n\u2019est pas pour dire qu\u2019il est au service du peuple de Guin\u00e9e, il n\u2019en est pas le porte-parole, il n\u2019en a pas le mandat \u00bb<\/p>\n<div class=\"jeg_ad jeg_ad_article jnews_content_inline_ads \">\n<div class=\"ads-wrapper align-center \">\n<div class=\"ads_code\">\n<p><em>\u00ab La presse priv\u00e9e c\u2019est pas pour dire qu\u2019il est au service du peuple de Guin\u00e9e, il n\u2019en est pas le porte-parole, il n\u2019en a pas le mandat. Il faut faire attention \u00e0 ne pas cr\u00e9er l\u2019amalgame entre ce qu\u2019un syndicaliste d\u2019une corporation peut faire, ce qu\u2019un acteur politique peut faire, ce qu\u2019une organisation de la soci\u00e9t\u00e9 civile peut faire, il faut faire attention \u00e0 ne pas tout m\u00e9langer. En tout la posture qu\u2019il entreprend, c\u2019est une posture qui est extr\u00eamement \u00e0 l\u2019\u00e9cart de ce qu\u2019il pr\u00e9tend \u00eatre, un syndicaliste pour une presse. Maintenant, il faut aussi souligner que les acteurs de la presse priv\u00e9e dans ce m\u00e9morandum, la plupart d\u2019entre eux reconnaissent quand-m\u00eame qu\u2019il y a a un moment donn\u00e9 eu de l\u2019\u00e9cart par rapport \u00e0 la d\u00e9ontologie, par rapport \u00e0 leur m\u00e9tier. \u00c7a c\u2019est une reconnaissance qui est tr\u00e8s int\u00e9ressante en tout cas les bases d\u2019une discussion s\u00e9rieuse vont aboutir peut \u00eatre \u00e0 une r\u00e9solution des probl\u00e8mes qui sont lanc\u00e9s \u00bb<\/em>, a-t-il fait remarquer.<\/p>\n<p>Mais Ousmane Gaoual ne se limite pas l\u00e0. Il se demande pour qui travaille Sekou Jamal Pendessa, le leader du SPPG.<\/p>\n<p><em>\u00ab Est ce que c\u2019est le moment pour le syndicaliste de se lever pour dire il faut faire de telles et telles actions ? C\u2019est en contradiction avec la d\u00e9marche qui est engag\u00e9e mais de toutes les fa\u00e7ons nous savons que d\u00e8s le d\u00e9but, les responsables des m\u00e9dias sont dans une d\u00e9marche d\u2019instaurer un dialogue pour trouver une solution et une issue alors que lui il est dans une contre posture par rapport \u00e0 cette crise. En tout cas, il ne faut pas perdre de vue que c\u2019est tr\u00e8s loin de ce qu\u2019un syndicaliste de la presse peut \u00eatre amen\u00e9 \u00e0 faire et qui est d\u2019appeler les gens \u00e0 \u00eatre au niveau des carrefours. \u00c7a ne veut pas dire que \u00e7a va \u00eatre une mobilisation massive, \u00e7a veut simplement dire que c\u2019est \u00e0 l\u2019\u00e9cart de ce qu\u2019on attend de lui, de ce que ces coll\u00e8gues attendent de lui, et finalement on se dit il d\u00e9fend qui ?\u00a0Manifestement on ne sait pas pour qui il travaille, parce que si le probl\u00e8me \u00e7a concerne la presse, si le probl\u00e8me c\u2019est de r\u00e9pondre aux probl\u00e9matiques que les m\u00e9dias posent sur la table, ils doivent quand-m\u00eame conjuguer le m\u00eame verbe, \u00eatre en accord (\u2026) Mais si en m\u00eame temps les acteurs engagent une d\u00e9marche p\u00e9dagogique et puis de l\u2019autre c\u00f4t\u00e9, il y en a qui bombe le torse, c\u2019est pour cela je dis qu\u2019il y a un amalgame qui n\u2019est pas sain, qui n\u2019est pas int\u00e9ressant \u00e0 entretenir dans une situation comme celle-ci. \u00bb<\/em>, a lanc\u00e9 le Ministre des postes et t\u00e9l\u00e9communications et de l\u2019\u00e9conomie num\u00e9rique.<\/p>\n<p>&nbsp;<\/p>\n<p><strong>Mosaiqueguinee.com<\/strong><\/p>\n<\/div>\n<\/div>\n<\/div>\n","protected":false},"excerpt":{"rendered":"<p>Invit\u00e9 sp\u00e9cial du JT de la RTG pour \u00e9voquer la manifestation annonc\u00e9e pour ce jeudi<\/p>\n","protected":false},"author":2,"featured_media":5022,"comment_status":"closed","ping_status":"open","sticky":false,"template":"","format":"standard","meta":[],"categories":[3,4],"tags":[229],"yoast_head":"<!-- This site is optimized with the Yoast SEO plugin v19.13 - https:\/\/yoast.com\/wordpress\/plugins\/seo\/ -->\n<title>Ousmane Gaoual \u00e0 Pendessa: \u00ab La presse priv\u00e9e, ce n\u2019est pas pour dire qu\u2019il est au service du peuple de Guin\u00e9e, il n\u2019en est pas le porte-parole, il n\u2019en a pas le mandat \u00bb - UNIVERSNEWS224<\/title>\n<meta name=\"robots\" content=\"index, follow, max-snippet:-1, max-image-preview:large, max-video-preview:-1\" \/>\n<link rel=\"canonical\" href=\"https:\/\/universnews224.com\/index.php\/ousmane-gaoual-a-pendessa-la-presse-privee-ce-nest-pas-pour-dire-quil-est-au-service-du-peuple-de-guinee-il-nen-est-pas-le-porte-parole-il-nen-a-pas-le-m\/\" \/>\n<meta property=\"og:locale\" content=\"fr_FR\" \/>\n<meta property=\"og:type\" content=\"article\" \/>\n<meta property=\"og:title\" content=\"Ousmane Gaoual \u00e0 Pendessa: \u00ab La presse priv\u00e9e, ce n\u2019est pas pour dire qu\u2019il est au service du peuple de Guin\u00e9e, il n\u2019en est pas le porte-parole, il n\u2019en a pas le mandat \u00bb - UNIVERSNEWS224\" \/>\n<meta property=\"og:description\" content=\"Invit\u00e9 sp\u00e9cial du JT de la RTG pour \u00e9voquer la manifestation annonc\u00e9e pour ce jeudi\" \/>\n<meta property=\"og:url\" content=\"https:\/\/universnews224.com\/index.php\/ousmane-gaoual-a-pendessa-la-presse-privee-ce-nest-pas-pour-dire-quil-est-au-service-du-peuple-de-guinee-il-nen-est-pas-le-porte-parole-il-nen-a-pas-le-m\/\" \/>\n<meta property=\"og:site_name\" content=\"UNIVERSNEWS224\" \/>\n<meta property=\"article:published_time\" content=\"2024-01-19T12:17:03+00:00\" \/>\n<meta property=\"og:image\" content=\"https:\/\/universnews224.com\/wp-content\/uploads\/2024\/01\/788FE802-3076-4D69-944E-FB15C5CFC8BB.webp\" \/>\n\t<meta property=\"og:image:width\" content=\"1024\" \/>\n\t<meta property=\"og:image:height\" content=\"576\" \/>\n\t<meta property=\"og:image:type\" content=\"image\/webp\" \/>\n<meta name=\"author\" content=\"La R\u00e9daction\" \/>\n<meta name=\"twitter:label1\" content=\"\u00c9crit par\" \/>\n\t<meta name=\"twitter:data1\" content=\"La R\u00e9daction\" \/>\n\t<meta name=\"twitter:label2\" content=\"Dur\u00e9e de lecture estim\u00e9e\" \/>\n\t<meta name=\"twitter:data2\" content=\"4 minutes\" \/>\n<script type=\"application\/ld+json\" class=\"yoast-schema-graph\">{\"@context\":\"https:\/\/schema.org\",\"@graph\":[{\"@type\":\"Article\",\"@id\":\"https:\/\/universnews224.com\/index.php\/ousmane-gaoual-a-pendessa-la-presse-privee-ce-nest-pas-pour-dire-quil-est-au-service-du-peuple-de-guinee-il-nen-est-pas-le-porte-parole-il-nen-a-pas-le-m\/#article\",\"isPartOf\":{\"@id\":\"https:\/\/universnews224.com\/index.php\/ousmane-gaoual-a-pendessa-la-presse-privee-ce-nest-pas-pour-dire-quil-est-au-service-du-peuple-de-guinee-il-nen-est-pas-le-porte-parole-il-nen-a-pas-le-m\/\"},\"author\":{\"name\":\"La R\u00e9daction\",\"@id\":\"https:\/\/universnews224.com\/#\/schema\/person\/a4b7d4f94a4716df60456a491260485e\"},\"headline\":\"Ousmane Gaoual \u00e0 Pendessa: \u00ab La presse priv\u00e9e, ce n\u2019est pas pour dire qu\u2019il est au service du peuple de Guin\u00e9e, il n\u2019en est pas le porte-parole, il n\u2019en a pas le mandat \u00bb\",\"datePublished\":\"2024-01-19T12:17:03+00:00\",\"dateModified\":\"2024-01-19T12:17:03+00:00\",\"mainEntityOfPage\":{\"@id\":\"https:\/\/universnews224.com\/index.php\/ousmane-gaoual-a-pendessa-la-presse-privee-ce-nest-pas-pour-dire-quil-est-au-service-du-peuple-de-guinee-il-nen-est-pas-le-porte-parole-il-nen-a-pas-le-m\/\"},\"wordCount\":865,\"publisher\":{\"@id\":\"https:\/\/universnews224.com\/#organization\"},\"keywords\":[\"La une\"],\"articleSection\":[\"ACTU\",\"POLITIQUE\"],\"inLanguage\":\"fr-FR\"},{\"@type\":\"WebPage\",\"@id\":\"https:\/\/universnews224.com\/index.php\/ousmane-gaoual-a-pendessa-la-presse-privee-ce-nest-pas-pour-dire-quil-est-au-service-du-peuple-de-guinee-il-nen-est-pas-le-porte-parole-il-nen-a-pas-le-m\/\",\"url\":\"https:\/\/universnews224.com\/index.php\/ousmane-gaoual-a-pendessa-la-presse-privee-ce-nest-pas-pour-dire-quil-est-au-service-du-peuple-de-guinee-il-nen-est-pas-le-porte-parole-il-nen-a-pas-le-m\/\",\"name\":\"Ousmane Gaoual \u00e0 Pendessa: \u00ab La presse priv\u00e9e, ce n\u2019est pas pour dire qu\u2019il est au service du peuple de Guin\u00e9e, il n\u2019en est pas le porte-parole, il n\u2019en a pas le mandat \u00bb - UNIVERSNEWS224\",\"isPartOf\":{\"@id\":\"https:\/\/universnews224.com\/#website\"},\"datePublished\":\"2024-01-19T12:17:03+00:00\",\"dateModified\":\"2024-01-19T12:17:03+00:00\",\"inLanguage\":\"fr-FR\",\"potentialAction\":[{\"@type\":\"ReadAction\",\"target\":[\"https:\/\/universnews224.com\/index.php\/ousmane-gaoual-a-pendessa-la-presse-privee-ce-nest-pas-pour-dire-quil-est-au-service-du-peuple-de-guinee-il-nen-est-pas-le-porte-parole-il-nen-a-pas-le-m\/\"]}]},{\"@type\":\"WebSite\",\"@id\":\"https:\/\/universnews224.com\/#website\",\"url\":\"https:\/\/universnews224.com\/\",\"name\":\"UNIVERSNEWS224\",\"description\":\"\",\"publisher\":{\"@id\":\"https:\/\/universnews224.com\/#organization\"},\"potentialAction\":[{\"@type\":\"SearchAction\",\"target\":{\"@type\":\"EntryPoint\",\"urlTemplate\":\"https:\/\/universnews224.com\/?s={search_term_string}\"},\"query-input\":\"required name=search_term_string\"}],\"inLanguage\":\"fr-FR\"},{\"@type\":\"Organization\",\"@id\":\"https:\/\/universnews224.com\/#organization\",\"name\":\"UNIVERSNEWS224\",\"url\":\"https:\/\/universnews224.com\/\",\"logo\":{\"@type\":\"ImageObject\",\"inLanguage\":\"fr-FR\",\"@id\":\"https:\/\/universnews224.com\/#\/schema\/logo\/image\/\",\"url\":\"https:\/\/universnews224.com\/wp-content\/uploads\/2022\/08\/cropped-cropped-logoban.jpg\",\"contentUrl\":\"https:\/\/universnews224.com\/wp-content\/uploads\/2022\/08\/cropped-cropped-logoban.jpg\",\"width\":1080,\"height\":138,\"caption\":\"UNIVERSNEWS224\"},\"image\":{\"@id\":\"https:\/\/universnews224.com\/#\/schema\/logo\/image\/\"}},{\"@type\":\"Person\",\"@id\":\"https:\/\/universnews224.com\/#\/schema\/person\/a4b7d4f94a4716df60456a491260485e\",\"name\":\"La R\u00e9daction\",\"image\":{\"@type\":\"ImageObject\",\"inLanguage\":\"fr-FR\",\"@id\":\"https:\/\/universnews224.com\/#\/schema\/person\/image\/\",\"url\":\"https:\/\/secure.gravatar.com\/avatar\/edb90acc7752b23e1b3307ad36c14f0d?s=96&d=mm&r=g\",\"contentUrl\":\"https:\/\/secure.gravatar.com\/avatar\/edb90acc7752b23e1b3307ad36c14f0d?s=96&d=mm&r=g\",\"caption\":\"La R\u00e9daction\"},\"sameAs\":[\"https:\/\/universnews224.com\"],\"url\":\"https:\/\/universnews224.com\/index.php\/author\/m-camara\/\"}]}<\/script>\n<!-- \/ Yoast SEO plugin. -->","yoast_head_json":{"title":"Ousmane Gaoual \u00e0 Pendessa: \u00ab La presse priv\u00e9e, ce n\u2019est pas pour dire qu\u2019il est au service du peuple de Guin\u00e9e, il n\u2019en est pas le porte-parole, il n\u2019en a pas le mandat \u00bb - UNIVERSNEWS224","robots":{"index":"index","follow":"follow","max-snippet":"max-snippet:-1","max-image-preview":"max-image-preview:large","max-video-preview":"max-video-preview:-1"},"canonical":"https:\/\/universnews224.com\/index.php\/ousmane-gaoual-a-pendessa-la-presse-privee-ce-nest-pas-pour-dire-quil-est-au-service-du-peuple-de-guinee-il-nen-est-pas-le-porte-parole-il-nen-a-pas-le-m\/","og_locale":"fr_FR","og_type":"article","og_title":"Ousmane Gaoual \u00e0 Pendessa: \u00ab La presse priv\u00e9e, ce n\u2019est pas pour dire qu\u2019il est au service du peuple de Guin\u00e9e, il n\u2019en est pas le porte-parole, il n\u2019en a pas le mandat \u00bb - UNIVERSNEWS224","og_description":"Invit\u00e9 sp\u00e9cial du JT de la RTG pour \u00e9voquer la manifestation annonc\u00e9e pour ce jeudi","og_url":"https:\/\/universnews224.com\/index.php\/ousmane-gaoual-a-pendessa-la-presse-privee-ce-nest-pas-pour-dire-quil-est-au-service-du-peuple-de-guinee-il-nen-est-pas-le-porte-parole-il-nen-a-pas-le-m\/","og_site_name":"UNIVERSNEWS224","article_published_time":"2024-01-19T12:17:03+00:00","og_image":[{"width":1024,"height":576,"url":"https:\/\/universnews224.com\/wp-content\/uploads\/2024\/01\/788FE802-3076-4D69-944E-FB15C5CFC8BB.webp","type":"image\/webp"}],"author":"La R\u00e9daction","twitter_misc":{"\u00c9crit par":"La R\u00e9daction","Dur\u00e9e de lecture estim\u00e9e":"4 minutes"},"schema":{"@context":"https:\/\/schema.org","@graph":[{"@type":"Article","@id":"https:\/\/universnews224.com\/index.php\/ousmane-gaoual-a-pendessa-la-presse-privee-ce-nest-pas-pour-dire-quil-est-au-service-du-peuple-de-guinee-il-nen-est-pas-le-porte-parole-il-nen-a-pas-le-m\/#article","isPartOf":{"@id":"https:\/\/universnews224.com\/index.php\/ousmane-gaoual-a-pendessa-la-presse-privee-ce-nest-pas-pour-dire-quil-est-au-service-du-peuple-de-guinee-il-nen-est-pas-le-porte-parole-il-nen-a-pas-le-m\/"},"author":{"name":"La R\u00e9daction","@id":"https:\/\/universnews224.com\/#\/schema\/person\/a4b7d4f94a4716df60456a491260485e"},"headline":"Ousmane Gaoual \u00e0 Pendessa: \u00ab La presse priv\u00e9e, ce n\u2019est pas pour dire qu\u2019il est au service du peuple de Guin\u00e9e, il n\u2019en est pas le porte-parole, il n\u2019en a pas le mandat \u00bb","datePublished":"2024-01-19T12:17:03+00:00","dateModified":"2024-01-19T12:17:03+00:00","mainEntityOfPage":{"@id":"https:\/\/universnews224.com\/index.php\/ousmane-gaoual-a-pendessa-la-presse-privee-ce-nest-pas-pour-dire-quil-est-au-service-du-peuple-de-guinee-il-nen-est-pas-le-porte-parole-il-nen-a-pas-le-m\/"},"wordCount":865,"publisher":{"@id":"https:\/\/universnews224.com\/#organization"},"keywords":["La une"],"articleSection":["ACTU","POLITIQUE"],"inLanguage":"fr-FR"},{"@type":"WebPage","@id":"https:\/\/universnews224.com\/index.php\/ousmane-gaoual-a-pendessa-la-presse-privee-ce-nest-pas-pour-dire-quil-est-au-service-du-peuple-de-guinee-il-nen-est-pas-le-porte-parole-il-nen-a-pas-le-m\/","url":"https:\/\/universnews224.com\/index.php\/ousmane-gaoual-a-pendessa-la-presse-privee-ce-nest-pas-pour-dire-quil-est-au-service-du-peuple-de-guinee-il-nen-est-pas-le-porte-parole-il-nen-a-pas-le-m\/","name":"Ousmane Gaoual \u00e0 Pendessa: \u00ab La presse priv\u00e9e, ce n\u2019est pas pour dire qu\u2019il est au service du peuple de Guin\u00e9e, il n\u2019en est pas le porte-parole, il n\u2019en a pas le mandat \u00bb - UNIVERSNEWS224","isPartOf":{"@id":"https:\/\/universnews224.com\/#website"},"datePublished":"2024-01-19T12:17:03+00:00","dateModified":"2024-01-19T12:17:03+00:00","inLanguage":"fr-FR","potentialAction":[{"@type":"ReadAction","target":["https:\/\/universnews224.com\/index.php\/ousmane-gaoual-a-pendessa-la-presse-privee-ce-nest-pas-pour-dire-quil-est-au-service-du-peuple-de-guinee-il-nen-est-pas-le-porte-parole-il-nen-a-pas-le-m\/"]}]},{"@type":"WebSite","@id":"https:\/\/universnews224.com\/#website","url":"https:\/\/universnews224.com\/","name":"UNIVERSNEWS224","description":"","publisher":{"@id":"https:\/\/universnews224.com\/#organization"},"potentialAction":[{"@type":"SearchAction","target":{"@type":"EntryPoint","urlTemplate":"https:\/\/universnews224.com\/?s={search_term_string}"},"query-input":"required name=search_term_string"}],"inLanguage":"fr-FR"},{"@type":"Organization","@id":"https:\/\/universnews224.com\/#organization","name":"UNIVERSNEWS224","url":"https:\/\/universnews224.com\/","logo":{"@type":"ImageObject","inLanguage":"fr-FR","@id":"https:\/\/universnews224.com\/#\/schema\/logo\/image\/","url":"https:\/\/universnews224.com\/wp-content\/uploads\/2022\/08\/cropped-cropped-logoban.jpg","contentUrl":"https:\/\/universnews224.com\/wp-content\/uploads\/2022\/08\/cropped-cropped-logoban.jpg","width":1080,"height":138,"caption":"UNIVERSNEWS224"},"image":{"@id":"https:\/\/universnews224.com\/#\/schema\/logo\/image\/"}},{"@type":"Person","@id":"https:\/\/universnews224.com\/#\/schema\/person\/a4b7d4f94a4716df60456a491260485e","name":"La R\u00e9daction","image":{"@type":"ImageObject","inLanguage":"fr-FR","@id":"https:\/\/universnews224.com\/#\/schema\/person\/image\/","url":"https:\/\/secure.gravatar.com\/avatar\/edb90acc7752b23e1b3307ad36c14f0d?s=96&d=mm&r=g","contentUrl":"https:\/\/secure.gravatar.com\/avatar\/edb90acc7752b23e1b3307ad36c14f0d?s=96&d=mm&r=g","caption":"La R\u00e9daction"},"sameAs":["https:\/\/universnews224.com"],"url":"https:\/\/universnews224.com\/index.php\/author\/m-camara\/"}]}},"_links":{"self":[{"href":"https:\/\/universnews224.com\/index.php\/wp-json\/wp\/v2\/posts\/5021"}],"collection":[{"href":"https:\/\/universnews224.com\/index.php\/wp-json\/wp\/v2\/posts"}],"about":[{"href":"https:\/\/universnews224.com\/index.php\/wp-json\/wp\/v2\/types\/post"}],"author":[{"embeddable":true,"href":"https:\/\/universnews224.com\/index.php\/wp-json\/wp\/v2\/users\/2"}],"replies":[{"embeddable":true,"href":"https:\/\/universnews224.com\/index.php\/wp-json\/wp\/v2\/comments?post=5021"}],"version-history":[{"count":1,"href":"https:\/\/universnews224.com\/index.php\/wp-json\/wp\/v2\/posts\/5021\/revisions"}],"predecessor-version":[{"id":5023,"href":"https:\/\/universnews224.com\/index.php\/wp-json\/wp\/v2\/posts\/5021\/revisions\/5023"}],"wp:featuredmedia":[{"embeddable":true,"href":"https:\/\/universnews224.com\/index.php\/wp-json\/wp\/v2\/media\/5022"}],"wp:attachment":[{"href":"https:\/\/universnews224.com\/index.php\/wp-json\/wp\/v2\/media?parent=5021"}],"wp:term":[{"taxonomy":"category","embeddable":true,"href":"https:\/\/universnews224.com\/index.php\/wp-json\/wp\/v2\/categories?post=5021"},{"taxonomy":"post_tag","embeddable":true,"href":"https:\/\/universnews224.com\/index.php\/wp-json\/wp\/v2\/tags?post=5021"}],"curies":[{"name":"wp","href":"https:\/\/api.w.org\/{rel}","templated":true}]}}