{"id":5024,"date":"2024-01-19T13:19:07","date_gmt":"2024-01-19T12:19:07","guid":{"rendered":"https:\/\/universnews224.com\/?p=5024"},"modified":"2024-01-19T13:19:07","modified_gmt":"2024-01-19T12:19:07","slug":"sekou-jamal-pendessa-repond-a-ousmane-gaoul-dites-lui-que-cest-le-peuple-qui-a-decide-de-sexprimer-contrairement-a-lui-qui-na-pas-ete-elu","status":"publish","type":"post","link":"https:\/\/universnews224.com\/index.php\/sekou-jamal-pendessa-repond-a-ousmane-gaoul-dites-lui-que-cest-le-peuple-qui-a-decide-de-sexprimer-contrairement-a-lui-qui-na-pas-ete-elu\/","title":{"rendered":"S\u00e9kou Jamal Pendessa r\u00e9pond \u00e0 Ousmane Gaoul: \u201cDites-lui que, c\u2019est le peuple qui a d\u00e9cid\u00e9 de s\u2019exprimer contrairement \u00e0 lui qui n\u2019a pas \u00e9t\u00e9 \u00e9lu\u201d"},"content":{"rendered":"<p class=\"p1\"><span class=\"s1\">Le Secr\u00e9taire g\u00e9n\u00e9ral du syndicat des professionnels de la presse de Guin\u00e9e (SPPG) a r\u00e9agi ce jeudi, 18 janvier 2024 aux propos d\u2019Ousmane Gaoul Diallo qui a d\u00e9clar\u00e9 hier sur le plateau de la RTG que, la \u00abpresse priv\u00e9e, ce n\u2019est pas pour dire qu\u2019il est au service du peuple de Guin\u00e9e, il n\u2019en est pas le porte-parole, il n\u2019en a pas le mandat\u00bb. <\/span><\/p>\n<p class=\"p1\"><span class=\"s1\">Sekou Jamal Pendessa soutient qu\u2019il est plus l\u00e9gitime de parler au nom du peuple parce qu\u2019il a \u00e9t\u00e9 \u00e9lu \u00e0 la t\u00eate du SPPG , contrairement \u00e0 Ousmane Gaoul Diallo dont le sort li\u00e9 \u00e0 un simple d\u00e9cret. <\/span><\/p>\n<p class=\"p1\"><span class=\"s1\">\u201cDites-lui (Ousmane Gaoul) que, c\u2019est le peuple qui a d\u00e9cid\u00e9 de s\u2019exprimer contrairement \u00e0 lui qui n\u2019a pas \u00e9t\u00e9 \u00e9lu. Moi, quand je parle de syndicat, je suis l\u00e9gitime parce que je suis \u00e9lu, je suis fort d\u2019un mandat. Lui, son sort est accroch\u00e9 \u00e0 un d\u00e9cret. Donc, il ne peut pas me parler de l\u00e9gitimit\u00e9 pour dire je ne peux pas parler au nom du peuple\u201d a t-il rappel\u00e9, ajoutant que ce sont citoyens qui ont d\u00e9cid\u00e9 cette fois-ci d\u2019accompagner le SPPG pour la manifestation de ce jeudi. <\/span><\/p>\n<p class=\"p1\"><span class=\"s1\">\u201cCe qu\u2019ils n\u2019ont pas compris, c\u2019est un mouvement citoyen demand\u00e9 par nos auditeurs, t\u00e9l\u00e9spectateurs et lecteurs. C\u2019est-\u00e0-dire, c\u2019est la partie saine du peuple qui a exig\u00e9 \u00e0 ce que le syndicat leur demande cette fois-ci de participer \u00e0 la manifestation. Parce que nous avons habitude de manifester entre journalistes, ils ont dit<span class=\"Apple-converted-space\">\u00a0 <\/span>cette fois-ci, nous demandons de nous associer. Et c\u2019est pourquoi, vous avez vu les coalitions de la soci\u00e9t\u00e9 civile qui sont venues pour nous accompagner. Et la soci\u00e9t\u00e9 civile est l\u00e9gitime pour parler au nom des citoyens et Gaoul lui, il va parler de quelle l\u00e9gitimit\u00e9. Qui l\u2019a \u00e9lu? Son sort est accroch\u00e9 \u00e0 un d\u00e9cret, je le lui rappelle. On peut m\u00eame d\u00e9cider de le limoger aujourd\u2019hui, moi j\u2019ai un mandat. Donc, lui il ne peut rien me dire\u201d, a t-il martel\u00e9 chez nos confr\u00e8res de la Tropical Fm.<\/span><\/p>\n","protected":false},"excerpt":{"rendered":"<p>Le Secr\u00e9taire g\u00e9n\u00e9ral du syndicat des professionnels de la presse de Guin\u00e9e (SPPG) a r\u00e9agi<\/p>\n","protected":false},"author":2,"featured_media":4947,"comment_status":"closed","ping_status":"open","sticky":false,"template":"","format":"standard","meta":[],"categories":[3,4],"tags":[229],"yoast_head":"<!-- This site is optimized with the Yoast SEO plugin v19.13 - https:\/\/yoast.com\/wordpress\/plugins\/seo\/ -->\n<title>S\u00e9kou Jamal Pendessa r\u00e9pond \u00e0 Ousmane Gaoul: \u201cDites-lui que, c\u2019est le peuple qui a d\u00e9cid\u00e9 de s\u2019exprimer contrairement \u00e0 lui qui n\u2019a pas \u00e9t\u00e9 \u00e9lu\u201d - UNIVERSNEWS224<\/title>\n<meta name=\"robots\" content=\"index, follow, max-snippet:-1, max-image-preview:large, max-video-preview:-1\" \/>\n<link rel=\"canonical\" href=\"https:\/\/universnews224.com\/index.php\/sekou-jamal-pendessa-repond-a-ousmane-gaoul-dites-lui-que-cest-le-peuple-qui-a-decide-de-sexprimer-contrairement-a-lui-qui-na-pas-ete-elu\/\" \/>\n<meta property=\"og:locale\" content=\"fr_FR\" \/>\n<meta property=\"og:type\" content=\"article\" \/>\n<meta property=\"og:title\" content=\"S\u00e9kou Jamal Pendessa r\u00e9pond \u00e0 Ousmane Gaoul: \u201cDites-lui que, c\u2019est le peuple qui a d\u00e9cid\u00e9 de s\u2019exprimer contrairement \u00e0 lui qui n\u2019a pas \u00e9t\u00e9 \u00e9lu\u201d - UNIVERSNEWS224\" \/>\n<meta property=\"og:description\" content=\"Le Secr\u00e9taire g\u00e9n\u00e9ral du syndicat des professionnels de la presse de Guin\u00e9e (SPPG) a r\u00e9agi\" \/>\n<meta property=\"og:url\" content=\"https:\/\/universnews224.com\/index.php\/sekou-jamal-pendessa-repond-a-ousmane-gaoul-dites-lui-que-cest-le-peuple-qui-a-decide-de-sexprimer-contrairement-a-lui-qui-na-pas-ete-elu\/\" \/>\n<meta property=\"og:site_name\" content=\"UNIVERSNEWS224\" \/>\n<meta property=\"article:published_time\" content=\"2024-01-19T12:19:07+00:00\" \/>\n<meta property=\"og:image\" content=\"https:\/\/universnews224.com\/wp-content\/uploads\/2024\/01\/A45C97EB-6F6C-458D-B4E2-C6A2E2A21377.webp\" \/>\n\t<meta property=\"og:image:width\" content=\"1024\" \/>\n\t<meta property=\"og:image:height\" content=\"576\" \/>\n\t<meta property=\"og:image:type\" content=\"image\/webp\" \/>\n<meta name=\"author\" content=\"La R\u00e9daction\" \/>\n<meta name=\"twitter:label1\" content=\"\u00c9crit par\" \/>\n\t<meta name=\"twitter:data1\" content=\"La R\u00e9daction\" \/>\n\t<meta name=\"twitter:label2\" content=\"Dur\u00e9e de lecture estim\u00e9e\" \/>\n\t<meta name=\"twitter:data2\" content=\"2 minutes\" \/>\n<script type=\"application\/ld+json\" class=\"yoast-schema-graph\">{\"@context\":\"https:\/\/schema.org\",\"@graph\":[{\"@type\":\"Article\",\"@id\":\"https:\/\/universnews224.com\/index.php\/sekou-jamal-pendessa-repond-a-ousmane-gaoul-dites-lui-que-cest-le-peuple-qui-a-decide-de-sexprimer-contrairement-a-lui-qui-na-pas-ete-elu\/#article\",\"isPartOf\":{\"@id\":\"https:\/\/universnews224.com\/index.php\/sekou-jamal-pendessa-repond-a-ousmane-gaoul-dites-lui-que-cest-le-peuple-qui-a-decide-de-sexprimer-contrairement-a-lui-qui-na-pas-ete-elu\/\"},\"author\":{\"name\":\"La R\u00e9daction\",\"@id\":\"https:\/\/universnews224.com\/#\/schema\/person\/a4b7d4f94a4716df60456a491260485e\"},\"headline\":\"S\u00e9kou Jamal Pendessa r\u00e9pond \u00e0 Ousmane Gaoul: \u201cDites-lui que, c\u2019est le peuple qui a d\u00e9cid\u00e9 de s\u2019exprimer contrairement \u00e0 lui qui n\u2019a pas \u00e9t\u00e9 \u00e9lu\u201d\",\"datePublished\":\"2024-01-19T12:19:07+00:00\",\"dateModified\":\"2024-01-19T12:19:07+00:00\",\"mainEntityOfPage\":{\"@id\":\"https:\/\/universnews224.com\/index.php\/sekou-jamal-pendessa-repond-a-ousmane-gaoul-dites-lui-que-cest-le-peuple-qui-a-decide-de-sexprimer-contrairement-a-lui-qui-na-pas-ete-elu\/\"},\"wordCount\":399,\"publisher\":{\"@id\":\"https:\/\/universnews224.com\/#organization\"},\"keywords\":[\"La une\"],\"articleSection\":[\"ACTU\",\"POLITIQUE\"],\"inLanguage\":\"fr-FR\"},{\"@type\":\"WebPage\",\"@id\":\"https:\/\/universnews224.com\/index.php\/sekou-jamal-pendessa-repond-a-ousmane-gaoul-dites-lui-que-cest-le-peuple-qui-a-decide-de-sexprimer-contrairement-a-lui-qui-na-pas-ete-elu\/\",\"url\":\"https:\/\/universnews224.com\/index.php\/sekou-jamal-pendessa-repond-a-ousmane-gaoul-dites-lui-que-cest-le-peuple-qui-a-decide-de-sexprimer-contrairement-a-lui-qui-na-pas-ete-elu\/\",\"name\":\"S\u00e9kou Jamal Pendessa r\u00e9pond \u00e0 Ousmane Gaoul: \u201cDites-lui que, c\u2019est le peuple qui a d\u00e9cid\u00e9 de s\u2019exprimer contrairement \u00e0 lui qui n\u2019a pas \u00e9t\u00e9 \u00e9lu\u201d - UNIVERSNEWS224\",\"isPartOf\":{\"@id\":\"https:\/\/universnews224.com\/#website\"},\"datePublished\":\"2024-01-19T12:19:07+00:00\",\"dateModified\":\"2024-01-19T12:19:07+00:00\",\"inLanguage\":\"fr-FR\",\"potentialAction\":[{\"@type\":\"ReadAction\",\"target\":[\"https:\/\/universnews224.com\/index.php\/sekou-jamal-pendessa-repond-a-ousmane-gaoul-dites-lui-que-cest-le-peuple-qui-a-decide-de-sexprimer-contrairement-a-lui-qui-na-pas-ete-elu\/\"]}]},{\"@type\":\"WebSite\",\"@id\":\"https:\/\/universnews224.com\/#website\",\"url\":\"https:\/\/universnews224.com\/\",\"name\":\"UNIVERSNEWS224\",\"description\":\"\",\"publisher\":{\"@id\":\"https:\/\/universnews224.com\/#organization\"},\"potentialAction\":[{\"@type\":\"SearchAction\",\"target\":{\"@type\":\"EntryPoint\",\"urlTemplate\":\"https:\/\/universnews224.com\/?s={search_term_string}\"},\"query-input\":\"required name=search_term_string\"}],\"inLanguage\":\"fr-FR\"},{\"@type\":\"Organization\",\"@id\":\"https:\/\/universnews224.com\/#organization\",\"name\":\"UNIVERSNEWS224\",\"url\":\"https:\/\/universnews224.com\/\",\"logo\":{\"@type\":\"ImageObject\",\"inLanguage\":\"fr-FR\",\"@id\":\"https:\/\/universnews224.com\/#\/schema\/logo\/image\/\",\"url\":\"https:\/\/universnews224.com\/wp-content\/uploads\/2022\/08\/cropped-cropped-logoban.jpg\",\"contentUrl\":\"https:\/\/universnews224.com\/wp-content\/uploads\/2022\/08\/cropped-cropped-logoban.jpg\",\"width\":1080,\"height\":138,\"caption\":\"UNIVERSNEWS224\"},\"image\":{\"@id\":\"https:\/\/universnews224.com\/#\/schema\/logo\/image\/\"}},{\"@type\":\"Person\",\"@id\":\"https:\/\/universnews224.com\/#\/schema\/person\/a4b7d4f94a4716df60456a491260485e\",\"name\":\"La R\u00e9daction\",\"image\":{\"@type\":\"ImageObject\",\"inLanguage\":\"fr-FR\",\"@id\":\"https:\/\/universnews224.com\/#\/schema\/person\/image\/\",\"url\":\"https:\/\/secure.gravatar.com\/avatar\/edb90acc7752b23e1b3307ad36c14f0d?s=96&d=mm&r=g\",\"contentUrl\":\"https:\/\/secure.gravatar.com\/avatar\/edb90acc7752b23e1b3307ad36c14f0d?s=96&d=mm&r=g\",\"caption\":\"La R\u00e9daction\"},\"sameAs\":[\"https:\/\/universnews224.com\"],\"url\":\"https:\/\/universnews224.com\/index.php\/author\/m-camara\/\"}]}<\/script>\n<!-- \/ Yoast SEO plugin. -->","yoast_head_json":{"title":"S\u00e9kou Jamal Pendessa r\u00e9pond \u00e0 Ousmane Gaoul: \u201cDites-lui que, c\u2019est le peuple qui a d\u00e9cid\u00e9 de s\u2019exprimer contrairement \u00e0 lui qui n\u2019a pas \u00e9t\u00e9 \u00e9lu\u201d - UNIVERSNEWS224","robots":{"index":"index","follow":"follow","max-snippet":"max-snippet:-1","max-image-preview":"max-image-preview:large","max-video-preview":"max-video-preview:-1"},"canonical":"https:\/\/universnews224.com\/index.php\/sekou-jamal-pendessa-repond-a-ousmane-gaoul-dites-lui-que-cest-le-peuple-qui-a-decide-de-sexprimer-contrairement-a-lui-qui-na-pas-ete-elu\/","og_locale":"fr_FR","og_type":"article","og_title":"S\u00e9kou Jamal Pendessa r\u00e9pond \u00e0 Ousmane Gaoul: \u201cDites-lui que, c\u2019est le peuple qui a d\u00e9cid\u00e9 de s\u2019exprimer contrairement \u00e0 lui qui n\u2019a pas \u00e9t\u00e9 \u00e9lu\u201d - UNIVERSNEWS224","og_description":"Le Secr\u00e9taire g\u00e9n\u00e9ral du syndicat des professionnels de la presse de Guin\u00e9e (SPPG) a r\u00e9agi","og_url":"https:\/\/universnews224.com\/index.php\/sekou-jamal-pendessa-repond-a-ousmane-gaoul-dites-lui-que-cest-le-peuple-qui-a-decide-de-sexprimer-contrairement-a-lui-qui-na-pas-ete-elu\/","og_site_name":"UNIVERSNEWS224","article_published_time":"2024-01-19T12:19:07+00:00","og_image":[{"width":1024,"height":576,"url":"https:\/\/universnews224.com\/wp-content\/uploads\/2024\/01\/A45C97EB-6F6C-458D-B4E2-C6A2E2A21377.webp","type":"image\/webp"}],"author":"La R\u00e9daction","twitter_misc":{"\u00c9crit par":"La R\u00e9daction","Dur\u00e9e de lecture estim\u00e9e":"2 minutes"},"schema":{"@context":"https:\/\/schema.org","@graph":[{"@type":"Article","@id":"https:\/\/universnews224.com\/index.php\/sekou-jamal-pendessa-repond-a-ousmane-gaoul-dites-lui-que-cest-le-peuple-qui-a-decide-de-sexprimer-contrairement-a-lui-qui-na-pas-ete-elu\/#article","isPartOf":{"@id":"https:\/\/universnews224.com\/index.php\/sekou-jamal-pendessa-repond-a-ousmane-gaoul-dites-lui-que-cest-le-peuple-qui-a-decide-de-sexprimer-contrairement-a-lui-qui-na-pas-ete-elu\/"},"author":{"name":"La R\u00e9daction","@id":"https:\/\/universnews224.com\/#\/schema\/person\/a4b7d4f94a4716df60456a491260485e"},"headline":"S\u00e9kou Jamal Pendessa r\u00e9pond \u00e0 Ousmane Gaoul: \u201cDites-lui que, c\u2019est le peuple qui a d\u00e9cid\u00e9 de s\u2019exprimer contrairement \u00e0 lui qui n\u2019a pas \u00e9t\u00e9 \u00e9lu\u201d","datePublished":"2024-01-19T12:19:07+00:00","dateModified":"2024-01-19T12:19:07+00:00","mainEntityOfPage":{"@id":"https:\/\/universnews224.com\/index.php\/sekou-jamal-pendessa-repond-a-ousmane-gaoul-dites-lui-que-cest-le-peuple-qui-a-decide-de-sexprimer-contrairement-a-lui-qui-na-pas-ete-elu\/"},"wordCount":399,"publisher":{"@id":"https:\/\/universnews224.com\/#organization"},"keywords":["La une"],"articleSection":["ACTU","POLITIQUE"],"inLanguage":"fr-FR"},{"@type":"WebPage","@id":"https:\/\/universnews224.com\/index.php\/sekou-jamal-pendessa-repond-a-ousmane-gaoul-dites-lui-que-cest-le-peuple-qui-a-decide-de-sexprimer-contrairement-a-lui-qui-na-pas-ete-elu\/","url":"https:\/\/universnews224.com\/index.php\/sekou-jamal-pendessa-repond-a-ousmane-gaoul-dites-lui-que-cest-le-peuple-qui-a-decide-de-sexprimer-contrairement-a-lui-qui-na-pas-ete-elu\/","name":"S\u00e9kou Jamal Pendessa r\u00e9pond \u00e0 Ousmane Gaoul: \u201cDites-lui que, c\u2019est le peuple qui a d\u00e9cid\u00e9 de s\u2019exprimer contrairement \u00e0 lui qui n\u2019a pas \u00e9t\u00e9 \u00e9lu\u201d - UNIVERSNEWS224","isPartOf":{"@id":"https:\/\/universnews224.com\/#website"},"datePublished":"2024-01-19T12:19:07+00:00","dateModified":"2024-01-19T12:19:07+00:00","inLanguage":"fr-FR","potentialAction":[{"@type":"ReadAction","target":["https:\/\/universnews224.com\/index.php\/sekou-jamal-pendessa-repond-a-ousmane-gaoul-dites-lui-que-cest-le-peuple-qui-a-decide-de-sexprimer-contrairement-a-lui-qui-na-pas-ete-elu\/"]}]},{"@type":"WebSite","@id":"https:\/\/universnews224.com\/#website","url":"https:\/\/universnews224.com\/","name":"UNIVERSNEWS224","description":"","publisher":{"@id":"https:\/\/universnews224.com\/#organization"},"potentialAction":[{"@type":"SearchAction","target":{"@type":"EntryPoint","urlTemplate":"https:\/\/universnews224.com\/?s={search_term_string}"},"query-input":"required name=search_term_string"}],"inLanguage":"fr-FR"},{"@type":"Organization","@id":"https:\/\/universnews224.com\/#organization","name":"UNIVERSNEWS224","url":"https:\/\/universnews224.com\/","logo":{"@type":"ImageObject","inLanguage":"fr-FR","@id":"https:\/\/universnews224.com\/#\/schema\/logo\/image\/","url":"https:\/\/universnews224.com\/wp-content\/uploads\/2022\/08\/cropped-cropped-logoban.jpg","contentUrl":"https:\/\/universnews224.com\/wp-content\/uploads\/2022\/08\/cropped-cropped-logoban.jpg","width":1080,"height":138,"caption":"UNIVERSNEWS224"},"image":{"@id":"https:\/\/universnews224.com\/#\/schema\/logo\/image\/"}},{"@type":"Person","@id":"https:\/\/universnews224.com\/#\/schema\/person\/a4b7d4f94a4716df60456a491260485e","name":"La R\u00e9daction","image":{"@type":"ImageObject","inLanguage":"fr-FR","@id":"https:\/\/universnews224.com\/#\/schema\/person\/image\/","url":"https:\/\/secure.gravatar.com\/avatar\/edb90acc7752b23e1b3307ad36c14f0d?s=96&d=mm&r=g","contentUrl":"https:\/\/secure.gravatar.com\/avatar\/edb90acc7752b23e1b3307ad36c14f0d?s=96&d=mm&r=g","caption":"La R\u00e9daction"},"sameAs":["https:\/\/universnews224.com"],"url":"https:\/\/universnews224.com\/index.php\/author\/m-camara\/"}]}},"_links":{"self":[{"href":"https:\/\/universnews224.com\/index.php\/wp-json\/wp\/v2\/posts\/5024"}],"collection":[{"href":"https:\/\/universnews224.com\/index.php\/wp-json\/wp\/v2\/posts"}],"about":[{"href":"https:\/\/universnews224.com\/index.php\/wp-json\/wp\/v2\/types\/post"}],"author":[{"embeddable":true,"href":"https:\/\/universnews224.com\/index.php\/wp-json\/wp\/v2\/users\/2"}],"replies":[{"embeddable":true,"href":"https:\/\/universnews224.com\/index.php\/wp-json\/wp\/v2\/comments?post=5024"}],"version-history":[{"count":1,"href":"https:\/\/universnews224.com\/index.php\/wp-json\/wp\/v2\/posts\/5024\/revisions"}],"predecessor-version":[{"id":5025,"href":"https:\/\/universnews224.com\/index.php\/wp-json\/wp\/v2\/posts\/5024\/revisions\/5025"}],"wp:featuredmedia":[{"embeddable":true,"href":"https:\/\/universnews224.com\/index.php\/wp-json\/wp\/v2\/media\/4947"}],"wp:attachment":[{"href":"https:\/\/universnews224.com\/index.php\/wp-json\/wp\/v2\/media?parent=5024"}],"wp:term":[{"taxonomy":"category","embeddable":true,"href":"https:\/\/universnews224.com\/index.php\/wp-json\/wp\/v2\/categories?post=5024"},{"taxonomy":"post_tag","embeddable":true,"href":"https:\/\/universnews224.com\/index.php\/wp-json\/wp\/v2\/tags?post=5024"}],"curies":[{"name":"wp","href":"https:\/\/api.w.org\/{rel}","templated":true}]}}