{"id":5026,"date":"2024-01-19T13:21:25","date_gmt":"2024-01-19T12:21:25","guid":{"rendered":"https:\/\/universnews224.com\/?p=5026"},"modified":"2024-01-19T13:21:25","modified_gmt":"2024-01-19T12:21:25","slug":"cnt-les-conseillers-nationaux-adoptent-le-projet-de-loi-portant-creation-de-dix-10-communes-urbaines-et-de-sept-7-communes-rurales","status":"publish","type":"post","link":"https:\/\/universnews224.com\/index.php\/cnt-les-conseillers-nationaux-adoptent-le-projet-de-loi-portant-creation-de-dix-10-communes-urbaines-et-de-sept-7-communes-rurales\/","title":{"rendered":"CNT: les conseillers nationaux adoptent le projet de loi portant Cr\u00e9ation de dix (10) Communes Urbaines et de sept (7) Communes Rurales"},"content":{"rendered":"<p class=\"p1\">R\u00e9unis pl\u00e9ni\u00e8re ce jeudi, 18 janvier 2024, \u00e0 l\u2019h\u00e9micycle du palais du peuple, les conseillers nationaux ont examin\u00e9 et adopt\u00e9 le projet de loi portant Cr\u00e9ation de dix (10) Communes Urbaines et de sept (7) Communes Rurales en R\u00e9publique de Guin\u00e9e.<\/p>\n<p class=\"p1\"><span class=\"s1\">C\u2019\u00e9tait en pr\u00e9sence des membres du gouvernement, des pr\u00e9sidents des institutions r\u00e9publicaines ainsi que des repr\u00e9sentants des organisations syndicales et de la soci\u00e9t\u00e9 civile. <\/span><\/p>\n<p class=\"p1\"><span class=\"s1\">Selon le rapport repr\u00e9sent\u00e9 par l\u2019honorable Fagni Camara, vice-pr\u00e9sidente de la Commission Constitution, Lois organiques, Administration publique, Organisation judiciaire, le projet de loi dont le CNT a \u00e9t\u00e9 saisi est constitu\u00e9 de 41 articles.<\/span><\/p>\n<p class=\"p1\"><span class=\"s1\">\u201cLes articles 1 et 2 sont consacr\u00e9s \u00e0 la cr\u00e9ation des nouvelles communes urbaines et rurales. Il s\u2019agit de la cr\u00e9ation de dix communes urbaines par voie de scission. Ces communes urbaines et rurales sont les Communes de Ratoma, de Matoto de Dubr\u00e9ka et de Man\u00e9ah. La scission de ces diff\u00e9rentes communes conduit \u00e0 la cr\u00e9ation de nouvelles communes urbaines ci-apr\u00e8s\u00a0:<\/span><\/p>\n<p class=\"p1\"><span class=\"s1\">\u2212 les communes de Gbessia, Matoto et Tombolia issues de l\u2019ancienne commune urbaine de Matoto\u00a0;<\/span><\/p>\n<p class=\"p1\"><span class=\"s1\">\u2212 les communes de Ratoma, Lambanyi et Sonfonia issues de l\u2019ancienne Commune urbaine de Ratoma\u00a0;<\/span><\/p>\n<p class=\"p1\"><span class=\"s1\">\u2212 les communes de Dubr\u00e9ka et de Kagb\u00e9l\u00e9n issues de l\u2019ancienne commune urbaine de Dubr\u00e9ka\u00a0;<\/span><\/p>\n<p class=\"p1\"><span class=\"s1\">\u2013 les communes de Sanoyah\u00a0et de Man\u00e9ah issues de l\u2019ancienne commune rurale de Man\u00e9ah\u201d, a t-elle indiqu\u00e9. <\/span><\/p>\n<p class=\"p1\"><span class=\"s1\">S\u2019agissant des communes rurales,l\u2019honorable Fingni Camara a laiss\u00e9 entendre qu\u2019il s\u2019agit des communes rurales des pr\u00e9fectures de Siguiri, de Kouroussa et de Gu\u00e9ck\u00e9dou. <\/span><\/p>\n<p class=\"p1\"><span class=\"s1\">\u201cLes localit\u00e9s dont les noms suivent sont ainsi \u00e9rig\u00e9es en sept communes rurales :<\/span><\/p>\n<p class=\"p1\"><span class=\"s1\">\u2212 les communes rurales de Tomba-Kansa, Fidako et Koumandjanbougou dans la Pr\u00e9fecture de Siguiri\u00a0;<\/span><\/p>\n<p class=\"p1\"><span class=\"s1\">\u2212 la commune rurale de Kans\u00e9r\u00e9yah dans la Pr\u00e9fecture de Kouroussa\u00a0;<\/span><\/p>\n<p class=\"p1\"><span class=\"s1\">\u2212 les communes de Guelo-N\u2019faly et de Kondembadou dans la Pr\u00e9fecture de Gu\u00e9ck\u00e9dou\u00a0;<\/span><\/p>\n<p class=\"p1\"><span class=\"s1\">\u2212 la commune de Fonodou dans la Pr\u00e9fecture de Beyla\u201d, a t-elle <\/span><\/p>\n<p class=\"p1\"><span class=\"s1\">Poursuivant, la vice-pr\u00e9sidente de la Commission Constitution, Lois organiques, Administration publique, Organisation judiciaire, a soutenu que la cr\u00e9ation des nouvelles communes urbaines et rurales vise \u00e0\u00a0:<\/span><\/p>\n<p class=\"p1\"><span class=\"s1\">-r\u00e9aliser un \u00e9quilibre en superficie entre les entit\u00e9s territoriales issues du red\u00e9coupage\u00a0;<\/span><\/p>\n<p class=\"p1\"><span class=\"s1\">\u2212 prendre en compte des limites artificielles et, quelques fois, naturelles qui forment les barri\u00e8res r\u00e9elles entre les territoires des communes form\u00e9es\u00a0;<\/span><\/p>\n<p class=\"p1\"><span class=\"s1\">\u2212 prendre en compte, dans la majorit\u00e9 des cas, l\u2019histoire des installations des populations qui se sont effectu\u00e9es soit spontan\u00e9ment ou \u00e0 la suite de recasements\u00a0des personnes d\u00e9guerpies pour cause d\u2019utilit\u00e9 publique\u00a0;<\/span><\/p>\n<p class=\"p1\"><span class=\"s1\">\u2212 contraindre les pouvoirs politiques et administratifs \u00e0 doter en infrastructures d\u2019accueil les entit\u00e9s issues du red\u00e9coupage ;<\/span><\/p>\n<p class=\"p1\"><span class=\"s1\">\u2212 cr\u00e9er un \u00e9quilibre \u00e9conomique entre les communes pour pr\u00e9venir des disparit\u00e9s significatives en termes de richesse ;<\/span><\/p>\n<p class=\"p1\"><span class=\"s1\">\u2212 mieux faire profiter aux populations les potentialit\u00e9s \u00e9conomiques fiscales et non fiscales\u00a0\u00bb, a t-elle d\u00e9clar\u00e9. <\/span><\/p>\n<p class=\"p1\"><span class=\"s1\">Quant aux crit\u00e8res ayant d\u00e9termin\u00e9 des localit\u00e9s \u00e0 \u00e9riger en communes, Mme. Camara<span class=\"Apple-converted-space\">\u00a0 <\/span>a fait savoir que, dans le processus d\u2019identification des localit\u00e9s \u00e0 \u00e9riger en communes, des crit\u00e8res ci-apr\u00e8s sont pris en compte :<\/span><\/p>\n<p class=\"p1\"><span class=\"s1\">\u2212 la pr\u00e9sentation g\u00e9n\u00e9rale de la localit\u00e9 (populations, jeunes, femmes, origine sociologique des habitants)\u00a0;<\/span><\/p>\n<p class=\"p1\"><span class=\"s1\">\u2212 la situation g\u00e9ographique\u00a0des localit\u00e9s (limite territoriale, hydrographie)\u00a0;<\/span><\/p>\n<p class=\"p1\"><span class=\"s1\">\u2212 les principales caract\u00e9ristiques physiques\u00a0;<\/span><\/p>\n<p class=\"p1\"><span class=\"s1\">\u2212 la pr\u00e9sentation du chef-lieu\u00a0;<\/span><\/p>\n<p class=\"p1\"><span class=\"s1\">\u2212 les principales activit\u00e9s \u00e9conomiques\u00a0;<\/span><\/p>\n<p class=\"p1\"><span class=\"s1\">\u2212 les infrastructures \u00e9conomiques\u00a0;<\/span><\/p>\n<p class=\"p1\"><span class=\"s1\">\u2212 les \u00e9quipements publics (b\u00e2timents administratifs, \u00e9coles, centres de sant\u00e9)\u00a0;<\/span><\/p>\n<p class=\"p1\"><span class=\"s1\">\u2212 les principales forces et faiblesses de la localit\u00e9\u00a0;<\/span><\/p>\n<p class=\"p1\"><span class=\"s1\">\u2212 les capacit\u00e9s de la localit\u00e9 en mati\u00e8re administrative et financi\u00e8re (potentialit\u00e9s en mati\u00e8re de ressources humaines et financi\u00e8res)\u00a0;<\/span><\/p>\n<p class=\"p1\"><span class=\"s1\">\u2212 l\u2019\u00e9tat des voies de communication (routes et pistes rurales)\u00a0;<\/span><\/p>\n<p class=\"p1\"><span class=\"s1\">\u2212 l\u2019\u00e9tat de la route reliant les chefs-lieux des communes aux chefs-lieux de la pr\u00e9fecture\u201d, a t-elle martel\u00e9. <\/span><\/p>\n<p>Mohamed Camara<\/p>\n","protected":false},"excerpt":{"rendered":"<p>R\u00e9unis pl\u00e9ni\u00e8re ce jeudi, 18 janvier 2024, \u00e0 l\u2019h\u00e9micycle du palais du peuple, les conseillers<\/p>\n","protected":false},"author":2,"featured_media":5027,"comment_status":"closed","ping_status":"open","sticky":false,"template":"","format":"standard","meta":[],"categories":[3,4],"tags":[229],"yoast_head":"<!-- This site is optimized with the Yoast SEO plugin v19.13 - https:\/\/yoast.com\/wordpress\/plugins\/seo\/ -->\n<title>CNT: les conseillers nationaux adoptent le projet de loi portant Cr\u00e9ation de dix (10) Communes Urbaines et de sept (7) Communes Rurales - UNIVERSNEWS224<\/title>\n<meta name=\"robots\" content=\"index, follow, max-snippet:-1, max-image-preview:large, max-video-preview:-1\" \/>\n<link rel=\"canonical\" href=\"https:\/\/universnews224.com\/index.php\/cnt-les-conseillers-nationaux-adoptent-le-projet-de-loi-portant-creation-de-dix-10-communes-urbaines-et-de-sept-7-communes-rurales\/\" \/>\n<meta property=\"og:locale\" content=\"fr_FR\" \/>\n<meta property=\"og:type\" content=\"article\" \/>\n<meta property=\"og:title\" content=\"CNT: les conseillers nationaux adoptent le projet de loi portant Cr\u00e9ation de dix (10) Communes Urbaines et de sept (7) Communes Rurales - UNIVERSNEWS224\" \/>\n<meta property=\"og:description\" content=\"R\u00e9unis pl\u00e9ni\u00e8re ce jeudi, 18 janvier 2024, \u00e0 l\u2019h\u00e9micycle du palais du peuple, les conseillers\" \/>\n<meta property=\"og:url\" content=\"https:\/\/universnews224.com\/index.php\/cnt-les-conseillers-nationaux-adoptent-le-projet-de-loi-portant-creation-de-dix-10-communes-urbaines-et-de-sept-7-communes-rurales\/\" \/>\n<meta property=\"og:site_name\" content=\"UNIVERSNEWS224\" \/>\n<meta property=\"article:published_time\" content=\"2024-01-19T12:21:25+00:00\" \/>\n<meta property=\"og:image\" content=\"https:\/\/universnews224.com\/wp-content\/uploads\/2024\/01\/4F52B607-A8EF-4421-9797-EF8BAC0DAA7B.jpeg\" \/>\n\t<meta property=\"og:image:width\" content=\"1068\" \/>\n\t<meta property=\"og:image:height\" content=\"712\" \/>\n\t<meta property=\"og:image:type\" content=\"image\/jpeg\" \/>\n<meta name=\"author\" content=\"La R\u00e9daction\" \/>\n<meta name=\"twitter:label1\" content=\"\u00c9crit par\" \/>\n\t<meta name=\"twitter:data1\" content=\"La R\u00e9daction\" \/>\n\t<meta name=\"twitter:label2\" content=\"Dur\u00e9e de lecture estim\u00e9e\" \/>\n\t<meta name=\"twitter:data2\" content=\"4 minutes\" \/>\n<script type=\"application\/ld+json\" class=\"yoast-schema-graph\">{\"@context\":\"https:\/\/schema.org\",\"@graph\":[{\"@type\":\"Article\",\"@id\":\"https:\/\/universnews224.com\/index.php\/cnt-les-conseillers-nationaux-adoptent-le-projet-de-loi-portant-creation-de-dix-10-communes-urbaines-et-de-sept-7-communes-rurales\/#article\",\"isPartOf\":{\"@id\":\"https:\/\/universnews224.com\/index.php\/cnt-les-conseillers-nationaux-adoptent-le-projet-de-loi-portant-creation-de-dix-10-communes-urbaines-et-de-sept-7-communes-rurales\/\"},\"author\":{\"name\":\"La R\u00e9daction\",\"@id\":\"https:\/\/universnews224.com\/#\/schema\/person\/a4b7d4f94a4716df60456a491260485e\"},\"headline\":\"CNT: les conseillers nationaux adoptent le projet de loi portant Cr\u00e9ation de dix (10) Communes Urbaines et de sept (7) Communes Rurales\",\"datePublished\":\"2024-01-19T12:21:25+00:00\",\"dateModified\":\"2024-01-19T12:21:25+00:00\",\"mainEntityOfPage\":{\"@id\":\"https:\/\/universnews224.com\/index.php\/cnt-les-conseillers-nationaux-adoptent-le-projet-de-loi-portant-creation-de-dix-10-communes-urbaines-et-de-sept-7-communes-rurales\/\"},\"wordCount\":679,\"publisher\":{\"@id\":\"https:\/\/universnews224.com\/#organization\"},\"keywords\":[\"La une\"],\"articleSection\":[\"ACTU\",\"POLITIQUE\"],\"inLanguage\":\"fr-FR\"},{\"@type\":\"WebPage\",\"@id\":\"https:\/\/universnews224.com\/index.php\/cnt-les-conseillers-nationaux-adoptent-le-projet-de-loi-portant-creation-de-dix-10-communes-urbaines-et-de-sept-7-communes-rurales\/\",\"url\":\"https:\/\/universnews224.com\/index.php\/cnt-les-conseillers-nationaux-adoptent-le-projet-de-loi-portant-creation-de-dix-10-communes-urbaines-et-de-sept-7-communes-rurales\/\",\"name\":\"CNT: les conseillers nationaux adoptent le projet de loi portant Cr\u00e9ation de dix (10) Communes Urbaines et de sept (7) Communes Rurales - UNIVERSNEWS224\",\"isPartOf\":{\"@id\":\"https:\/\/universnews224.com\/#website\"},\"datePublished\":\"2024-01-19T12:21:25+00:00\",\"dateModified\":\"2024-01-19T12:21:25+00:00\",\"inLanguage\":\"fr-FR\",\"potentialAction\":[{\"@type\":\"ReadAction\",\"target\":[\"https:\/\/universnews224.com\/index.php\/cnt-les-conseillers-nationaux-adoptent-le-projet-de-loi-portant-creation-de-dix-10-communes-urbaines-et-de-sept-7-communes-rurales\/\"]}]},{\"@type\":\"WebSite\",\"@id\":\"https:\/\/universnews224.com\/#website\",\"url\":\"https:\/\/universnews224.com\/\",\"name\":\"UNIVERSNEWS224\",\"description\":\"\",\"publisher\":{\"@id\":\"https:\/\/universnews224.com\/#organization\"},\"potentialAction\":[{\"@type\":\"SearchAction\",\"target\":{\"@type\":\"EntryPoint\",\"urlTemplate\":\"https:\/\/universnews224.com\/?s={search_term_string}\"},\"query-input\":\"required name=search_term_string\"}],\"inLanguage\":\"fr-FR\"},{\"@type\":\"Organization\",\"@id\":\"https:\/\/universnews224.com\/#organization\",\"name\":\"UNIVERSNEWS224\",\"url\":\"https:\/\/universnews224.com\/\",\"logo\":{\"@type\":\"ImageObject\",\"inLanguage\":\"fr-FR\",\"@id\":\"https:\/\/universnews224.com\/#\/schema\/logo\/image\/\",\"url\":\"https:\/\/universnews224.com\/wp-content\/uploads\/2022\/08\/cropped-cropped-logoban.jpg\",\"contentUrl\":\"https:\/\/universnews224.com\/wp-content\/uploads\/2022\/08\/cropped-cropped-logoban.jpg\",\"width\":1080,\"height\":138,\"caption\":\"UNIVERSNEWS224\"},\"image\":{\"@id\":\"https:\/\/universnews224.com\/#\/schema\/logo\/image\/\"}},{\"@type\":\"Person\",\"@id\":\"https:\/\/universnews224.com\/#\/schema\/person\/a4b7d4f94a4716df60456a491260485e\",\"name\":\"La R\u00e9daction\",\"image\":{\"@type\":\"ImageObject\",\"inLanguage\":\"fr-FR\",\"@id\":\"https:\/\/universnews224.com\/#\/schema\/person\/image\/\",\"url\":\"https:\/\/secure.gravatar.com\/avatar\/edb90acc7752b23e1b3307ad36c14f0d?s=96&d=mm&r=g\",\"contentUrl\":\"https:\/\/secure.gravatar.com\/avatar\/edb90acc7752b23e1b3307ad36c14f0d?s=96&d=mm&r=g\",\"caption\":\"La R\u00e9daction\"},\"sameAs\":[\"https:\/\/universnews224.com\"],\"url\":\"https:\/\/universnews224.com\/index.php\/author\/m-camara\/\"}]}<\/script>\n<!-- \/ Yoast SEO plugin. -->","yoast_head_json":{"title":"CNT: les conseillers nationaux adoptent le projet de loi portant Cr\u00e9ation de dix (10) Communes Urbaines et de sept (7) Communes Rurales - UNIVERSNEWS224","robots":{"index":"index","follow":"follow","max-snippet":"max-snippet:-1","max-image-preview":"max-image-preview:large","max-video-preview":"max-video-preview:-1"},"canonical":"https:\/\/universnews224.com\/index.php\/cnt-les-conseillers-nationaux-adoptent-le-projet-de-loi-portant-creation-de-dix-10-communes-urbaines-et-de-sept-7-communes-rurales\/","og_locale":"fr_FR","og_type":"article","og_title":"CNT: les conseillers nationaux adoptent le projet de loi portant Cr\u00e9ation de dix (10) Communes Urbaines et de sept (7) Communes Rurales - UNIVERSNEWS224","og_description":"R\u00e9unis pl\u00e9ni\u00e8re ce jeudi, 18 janvier 2024, \u00e0 l\u2019h\u00e9micycle du palais du peuple, les conseillers","og_url":"https:\/\/universnews224.com\/index.php\/cnt-les-conseillers-nationaux-adoptent-le-projet-de-loi-portant-creation-de-dix-10-communes-urbaines-et-de-sept-7-communes-rurales\/","og_site_name":"UNIVERSNEWS224","article_published_time":"2024-01-19T12:21:25+00:00","og_image":[{"width":1068,"height":712,"url":"https:\/\/universnews224.com\/wp-content\/uploads\/2024\/01\/4F52B607-A8EF-4421-9797-EF8BAC0DAA7B.jpeg","type":"image\/jpeg"}],"author":"La R\u00e9daction","twitter_misc":{"\u00c9crit par":"La R\u00e9daction","Dur\u00e9e de lecture estim\u00e9e":"4 minutes"},"schema":{"@context":"https:\/\/schema.org","@graph":[{"@type":"Article","@id":"https:\/\/universnews224.com\/index.php\/cnt-les-conseillers-nationaux-adoptent-le-projet-de-loi-portant-creation-de-dix-10-communes-urbaines-et-de-sept-7-communes-rurales\/#article","isPartOf":{"@id":"https:\/\/universnews224.com\/index.php\/cnt-les-conseillers-nationaux-adoptent-le-projet-de-loi-portant-creation-de-dix-10-communes-urbaines-et-de-sept-7-communes-rurales\/"},"author":{"name":"La R\u00e9daction","@id":"https:\/\/universnews224.com\/#\/schema\/person\/a4b7d4f94a4716df60456a491260485e"},"headline":"CNT: les conseillers nationaux adoptent le projet de loi portant Cr\u00e9ation de dix (10) Communes Urbaines et de sept (7) Communes Rurales","datePublished":"2024-01-19T12:21:25+00:00","dateModified":"2024-01-19T12:21:25+00:00","mainEntityOfPage":{"@id":"https:\/\/universnews224.com\/index.php\/cnt-les-conseillers-nationaux-adoptent-le-projet-de-loi-portant-creation-de-dix-10-communes-urbaines-et-de-sept-7-communes-rurales\/"},"wordCount":679,"publisher":{"@id":"https:\/\/universnews224.com\/#organization"},"keywords":["La une"],"articleSection":["ACTU","POLITIQUE"],"inLanguage":"fr-FR"},{"@type":"WebPage","@id":"https:\/\/universnews224.com\/index.php\/cnt-les-conseillers-nationaux-adoptent-le-projet-de-loi-portant-creation-de-dix-10-communes-urbaines-et-de-sept-7-communes-rurales\/","url":"https:\/\/universnews224.com\/index.php\/cnt-les-conseillers-nationaux-adoptent-le-projet-de-loi-portant-creation-de-dix-10-communes-urbaines-et-de-sept-7-communes-rurales\/","name":"CNT: les conseillers nationaux adoptent le projet de loi portant Cr\u00e9ation de dix (10) Communes Urbaines et de sept (7) Communes Rurales - UNIVERSNEWS224","isPartOf":{"@id":"https:\/\/universnews224.com\/#website"},"datePublished":"2024-01-19T12:21:25+00:00","dateModified":"2024-01-19T12:21:25+00:00","inLanguage":"fr-FR","potentialAction":[{"@type":"ReadAction","target":["https:\/\/universnews224.com\/index.php\/cnt-les-conseillers-nationaux-adoptent-le-projet-de-loi-portant-creation-de-dix-10-communes-urbaines-et-de-sept-7-communes-rurales\/"]}]},{"@type":"WebSite","@id":"https:\/\/universnews224.com\/#website","url":"https:\/\/universnews224.com\/","name":"UNIVERSNEWS224","description":"","publisher":{"@id":"https:\/\/universnews224.com\/#organization"},"potentialAction":[{"@type":"SearchAction","target":{"@type":"EntryPoint","urlTemplate":"https:\/\/universnews224.com\/?s={search_term_string}"},"query-input":"required name=search_term_string"}],"inLanguage":"fr-FR"},{"@type":"Organization","@id":"https:\/\/universnews224.com\/#organization","name":"UNIVERSNEWS224","url":"https:\/\/universnews224.com\/","logo":{"@type":"ImageObject","inLanguage":"fr-FR","@id":"https:\/\/universnews224.com\/#\/schema\/logo\/image\/","url":"https:\/\/universnews224.com\/wp-content\/uploads\/2022\/08\/cropped-cropped-logoban.jpg","contentUrl":"https:\/\/universnews224.com\/wp-content\/uploads\/2022\/08\/cropped-cropped-logoban.jpg","width":1080,"height":138,"caption":"UNIVERSNEWS224"},"image":{"@id":"https:\/\/universnews224.com\/#\/schema\/logo\/image\/"}},{"@type":"Person","@id":"https:\/\/universnews224.com\/#\/schema\/person\/a4b7d4f94a4716df60456a491260485e","name":"La R\u00e9daction","image":{"@type":"ImageObject","inLanguage":"fr-FR","@id":"https:\/\/universnews224.com\/#\/schema\/person\/image\/","url":"https:\/\/secure.gravatar.com\/avatar\/edb90acc7752b23e1b3307ad36c14f0d?s=96&d=mm&r=g","contentUrl":"https:\/\/secure.gravatar.com\/avatar\/edb90acc7752b23e1b3307ad36c14f0d?s=96&d=mm&r=g","caption":"La R\u00e9daction"},"sameAs":["https:\/\/universnews224.com"],"url":"https:\/\/universnews224.com\/index.php\/author\/m-camara\/"}]}},"_links":{"self":[{"href":"https:\/\/universnews224.com\/index.php\/wp-json\/wp\/v2\/posts\/5026"}],"collection":[{"href":"https:\/\/universnews224.com\/index.php\/wp-json\/wp\/v2\/posts"}],"about":[{"href":"https:\/\/universnews224.com\/index.php\/wp-json\/wp\/v2\/types\/post"}],"author":[{"embeddable":true,"href":"https:\/\/universnews224.com\/index.php\/wp-json\/wp\/v2\/users\/2"}],"replies":[{"embeddable":true,"href":"https:\/\/universnews224.com\/index.php\/wp-json\/wp\/v2\/comments?post=5026"}],"version-history":[{"count":1,"href":"https:\/\/universnews224.com\/index.php\/wp-json\/wp\/v2\/posts\/5026\/revisions"}],"predecessor-version":[{"id":5028,"href":"https:\/\/universnews224.com\/index.php\/wp-json\/wp\/v2\/posts\/5026\/revisions\/5028"}],"wp:featuredmedia":[{"embeddable":true,"href":"https:\/\/universnews224.com\/index.php\/wp-json\/wp\/v2\/media\/5027"}],"wp:attachment":[{"href":"https:\/\/universnews224.com\/index.php\/wp-json\/wp\/v2\/media?parent=5026"}],"wp:term":[{"taxonomy":"category","embeddable":true,"href":"https:\/\/universnews224.com\/index.php\/wp-json\/wp\/v2\/categories?post=5026"},{"taxonomy":"post_tag","embeddable":true,"href":"https:\/\/universnews224.com\/index.php\/wp-json\/wp\/v2\/tags?post=5026"}],"curies":[{"name":"wp","href":"https:\/\/api.w.org\/{rel}","templated":true}]}}