{"id":5049,"date":"2024-01-22T18:43:17","date_gmt":"2024-01-22T17:43:17","guid":{"rendered":"https:\/\/universnews224.com\/?p=5049"},"modified":"2024-01-22T18:43:17","modified_gmt":"2024-01-22T17:43:17","slug":"urgent-le-journaliste-sekou-jamal-pendessa-defere-a-la-maison-centrale","status":"publish","type":"post","link":"https:\/\/universnews224.com\/index.php\/urgent-le-journaliste-sekou-jamal-pendessa-defere-a-la-maison-centrale\/","title":{"rendered":"URGENT : Le Journaliste S\u00e9kou Jamal Pendessa d\u00e9f\u00e9r\u00e9 \u00e0 la maison centrale"},"content":{"rendered":"<p>La d\u00e9cision vient d\u2019\u00eatre prise. Apr\u00e8s plusieurs heures d\u2019audition au tribunal de premi\u00e8re instance de Dixinn, le journaliste et syndicaliste, S\u00e9kou Jamal Pendessa a \u00e9t\u00e9 finalement plac\u00e9 sous mandat de d\u00e9p\u00f4t. Il a \u00e9t\u00e9 d\u00e9f\u00e9r\u00e9 ce lundi 22 janvier 2024, \u00e0 la maison centrale de Coronthie, apr\u00e8s des jours de garde \u00e0 vue.<\/p>\n<p>Cette d\u00e9cision a \u00e9t\u00e9 prise apr\u00e8s le passage du ministre de la justice et des droits de l\u2019homme au tribunal de premi\u00e8re instance de Dixinn. Le garde des sceaux, Charles Alphonse Wright effectuait vers midi, une mission d\u2019inspection dans cette juridiction, en compagnie du procureur g\u00e9n\u00e9ral pr\u00e8s la Cour d\u2019appel de Conakry.<\/p>\n<p>Fortement mobilis\u00e9s, les journalistes ont scand\u00e9 des propos comme \u00ab Lib\u00e9rez S\u00e9kou Jamal Pendessa \u00bb, devant le ministre de la justice, histoire de l\u2019interpeller sur la situation de leur secr\u00e9taire g\u00e9n\u00e9ral.<\/p>\n<div class=\"jeg_ad jeg_ad_article jnews_content_inline_3_ads  \">\n<div class=\"ads-wrapper align-center \"><\/div>\n<\/div>\n<p>Finalement, le secr\u00e9taire g\u00e9n\u00e9ral du Syndicat des professionnels de la presse de Guin\u00e9e (SPPG) a \u00e9t\u00e9 conduit \u00e0 la maison centrale de Coronthie, en attendant son proc\u00e8s, sous l\u2019\u0153il impuissant de son avocat Me. Salifou B\u00e9avogui et ses coll\u00e8gues journalistes, massivement mobilis\u00e9s pour la circonstance.<\/p>\n<p>Levelateur<\/p>\n","protected":false},"excerpt":{"rendered":"<p>La d\u00e9cision vient d\u2019\u00eatre prise. Apr\u00e8s plusieurs heures d\u2019audition au tribunal de premi\u00e8re instance de<\/p>\n","protected":false},"author":2,"featured_media":5046,"comment_status":"closed","ping_status":"open","sticky":false,"template":"","format":"standard","meta":[],"categories":[3,5],"tags":[229],"yoast_head":"<!-- This site is optimized with the Yoast SEO plugin v19.13 - https:\/\/yoast.com\/wordpress\/plugins\/seo\/ -->\n<title>URGENT : Le Journaliste S\u00e9kou Jamal Pendessa d\u00e9f\u00e9r\u00e9 \u00e0 la maison centrale - UNIVERSNEWS224<\/title>\n<meta name=\"robots\" content=\"index, follow, max-snippet:-1, max-image-preview:large, max-video-preview:-1\" \/>\n<link rel=\"canonical\" href=\"https:\/\/universnews224.com\/index.php\/urgent-le-journaliste-sekou-jamal-pendessa-defere-a-la-maison-centrale\/\" \/>\n<meta property=\"og:locale\" content=\"fr_FR\" \/>\n<meta property=\"og:type\" content=\"article\" \/>\n<meta property=\"og:title\" content=\"URGENT : Le Journaliste S\u00e9kou Jamal Pendessa d\u00e9f\u00e9r\u00e9 \u00e0 la maison centrale - UNIVERSNEWS224\" \/>\n<meta property=\"og:description\" content=\"La d\u00e9cision vient d\u2019\u00eatre prise. Apr\u00e8s plusieurs heures d\u2019audition au tribunal de premi\u00e8re instance de\" \/>\n<meta property=\"og:url\" content=\"https:\/\/universnews224.com\/index.php\/urgent-le-journaliste-sekou-jamal-pendessa-defere-a-la-maison-centrale\/\" \/>\n<meta property=\"og:site_name\" content=\"UNIVERSNEWS224\" \/>\n<meta property=\"article:published_time\" content=\"2024-01-22T17:43:17+00:00\" \/>\n<meta property=\"og:image\" content=\"https:\/\/universnews224.com\/wp-content\/uploads\/2024\/01\/B33DE800-9D63-4E53-BEDD-F67E089008A5.png\" \/>\n\t<meta property=\"og:image:width\" content=\"800\" \/>\n\t<meta property=\"og:image:height\" content=\"422\" \/>\n\t<meta property=\"og:image:type\" content=\"image\/png\" \/>\n<meta name=\"author\" content=\"La R\u00e9daction\" \/>\n<meta name=\"twitter:label1\" content=\"\u00c9crit par\" \/>\n\t<meta name=\"twitter:data1\" content=\"La R\u00e9daction\" \/>\n\t<meta name=\"twitter:label2\" content=\"Dur\u00e9e de lecture estim\u00e9e\" \/>\n\t<meta name=\"twitter:data2\" content=\"1 minute\" \/>\n<script type=\"application\/ld+json\" class=\"yoast-schema-graph\">{\"@context\":\"https:\/\/schema.org\",\"@graph\":[{\"@type\":\"Article\",\"@id\":\"https:\/\/universnews224.com\/index.php\/urgent-le-journaliste-sekou-jamal-pendessa-defere-a-la-maison-centrale\/#article\",\"isPartOf\":{\"@id\":\"https:\/\/universnews224.com\/index.php\/urgent-le-journaliste-sekou-jamal-pendessa-defere-a-la-maison-centrale\/\"},\"author\":{\"name\":\"La R\u00e9daction\",\"@id\":\"https:\/\/universnews224.com\/#\/schema\/person\/a4b7d4f94a4716df60456a491260485e\"},\"headline\":\"URGENT : Le Journaliste S\u00e9kou Jamal Pendessa d\u00e9f\u00e9r\u00e9 \u00e0 la maison centrale\",\"datePublished\":\"2024-01-22T17:43:17+00:00\",\"dateModified\":\"2024-01-22T17:43:17+00:00\",\"mainEntityOfPage\":{\"@id\":\"https:\/\/universnews224.com\/index.php\/urgent-le-journaliste-sekou-jamal-pendessa-defere-a-la-maison-centrale\/\"},\"wordCount\":224,\"publisher\":{\"@id\":\"https:\/\/universnews224.com\/#organization\"},\"keywords\":[\"La une\"],\"articleSection\":[\"ACTU\",\"SOCI\u00c9T\u00c9\"],\"inLanguage\":\"fr-FR\"},{\"@type\":\"WebPage\",\"@id\":\"https:\/\/universnews224.com\/index.php\/urgent-le-journaliste-sekou-jamal-pendessa-defere-a-la-maison-centrale\/\",\"url\":\"https:\/\/universnews224.com\/index.php\/urgent-le-journaliste-sekou-jamal-pendessa-defere-a-la-maison-centrale\/\",\"name\":\"URGENT : Le Journaliste S\u00e9kou Jamal Pendessa d\u00e9f\u00e9r\u00e9 \u00e0 la maison centrale - UNIVERSNEWS224\",\"isPartOf\":{\"@id\":\"https:\/\/universnews224.com\/#website\"},\"datePublished\":\"2024-01-22T17:43:17+00:00\",\"dateModified\":\"2024-01-22T17:43:17+00:00\",\"inLanguage\":\"fr-FR\",\"potentialAction\":[{\"@type\":\"ReadAction\",\"target\":[\"https:\/\/universnews224.com\/index.php\/urgent-le-journaliste-sekou-jamal-pendessa-defere-a-la-maison-centrale\/\"]}]},{\"@type\":\"WebSite\",\"@id\":\"https:\/\/universnews224.com\/#website\",\"url\":\"https:\/\/universnews224.com\/\",\"name\":\"UNIVERSNEWS224\",\"description\":\"\",\"publisher\":{\"@id\":\"https:\/\/universnews224.com\/#organization\"},\"potentialAction\":[{\"@type\":\"SearchAction\",\"target\":{\"@type\":\"EntryPoint\",\"urlTemplate\":\"https:\/\/universnews224.com\/?s={search_term_string}\"},\"query-input\":\"required name=search_term_string\"}],\"inLanguage\":\"fr-FR\"},{\"@type\":\"Organization\",\"@id\":\"https:\/\/universnews224.com\/#organization\",\"name\":\"UNIVERSNEWS224\",\"url\":\"https:\/\/universnews224.com\/\",\"logo\":{\"@type\":\"ImageObject\",\"inLanguage\":\"fr-FR\",\"@id\":\"https:\/\/universnews224.com\/#\/schema\/logo\/image\/\",\"url\":\"https:\/\/universnews224.com\/wp-content\/uploads\/2022\/08\/cropped-cropped-logoban.jpg\",\"contentUrl\":\"https:\/\/universnews224.com\/wp-content\/uploads\/2022\/08\/cropped-cropped-logoban.jpg\",\"width\":1080,\"height\":138,\"caption\":\"UNIVERSNEWS224\"},\"image\":{\"@id\":\"https:\/\/universnews224.com\/#\/schema\/logo\/image\/\"}},{\"@type\":\"Person\",\"@id\":\"https:\/\/universnews224.com\/#\/schema\/person\/a4b7d4f94a4716df60456a491260485e\",\"name\":\"La R\u00e9daction\",\"image\":{\"@type\":\"ImageObject\",\"inLanguage\":\"fr-FR\",\"@id\":\"https:\/\/universnews224.com\/#\/schema\/person\/image\/\",\"url\":\"https:\/\/secure.gravatar.com\/avatar\/edb90acc7752b23e1b3307ad36c14f0d?s=96&d=mm&r=g\",\"contentUrl\":\"https:\/\/secure.gravatar.com\/avatar\/edb90acc7752b23e1b3307ad36c14f0d?s=96&d=mm&r=g\",\"caption\":\"La R\u00e9daction\"},\"sameAs\":[\"https:\/\/universnews224.com\"],\"url\":\"https:\/\/universnews224.com\/index.php\/author\/m-camara\/\"}]}<\/script>\n<!-- \/ Yoast SEO plugin. -->","yoast_head_json":{"title":"URGENT : Le Journaliste S\u00e9kou Jamal Pendessa d\u00e9f\u00e9r\u00e9 \u00e0 la maison centrale - UNIVERSNEWS224","robots":{"index":"index","follow":"follow","max-snippet":"max-snippet:-1","max-image-preview":"max-image-preview:large","max-video-preview":"max-video-preview:-1"},"canonical":"https:\/\/universnews224.com\/index.php\/urgent-le-journaliste-sekou-jamal-pendessa-defere-a-la-maison-centrale\/","og_locale":"fr_FR","og_type":"article","og_title":"URGENT : Le Journaliste S\u00e9kou Jamal Pendessa d\u00e9f\u00e9r\u00e9 \u00e0 la maison centrale - UNIVERSNEWS224","og_description":"La d\u00e9cision vient d\u2019\u00eatre prise. Apr\u00e8s plusieurs heures d\u2019audition au tribunal de premi\u00e8re instance de","og_url":"https:\/\/universnews224.com\/index.php\/urgent-le-journaliste-sekou-jamal-pendessa-defere-a-la-maison-centrale\/","og_site_name":"UNIVERSNEWS224","article_published_time":"2024-01-22T17:43:17+00:00","og_image":[{"width":800,"height":422,"url":"https:\/\/universnews224.com\/wp-content\/uploads\/2024\/01\/B33DE800-9D63-4E53-BEDD-F67E089008A5.png","type":"image\/png"}],"author":"La R\u00e9daction","twitter_misc":{"\u00c9crit par":"La R\u00e9daction","Dur\u00e9e de lecture estim\u00e9e":"1 minute"},"schema":{"@context":"https:\/\/schema.org","@graph":[{"@type":"Article","@id":"https:\/\/universnews224.com\/index.php\/urgent-le-journaliste-sekou-jamal-pendessa-defere-a-la-maison-centrale\/#article","isPartOf":{"@id":"https:\/\/universnews224.com\/index.php\/urgent-le-journaliste-sekou-jamal-pendessa-defere-a-la-maison-centrale\/"},"author":{"name":"La R\u00e9daction","@id":"https:\/\/universnews224.com\/#\/schema\/person\/a4b7d4f94a4716df60456a491260485e"},"headline":"URGENT : Le Journaliste S\u00e9kou Jamal Pendessa d\u00e9f\u00e9r\u00e9 \u00e0 la maison centrale","datePublished":"2024-01-22T17:43:17+00:00","dateModified":"2024-01-22T17:43:17+00:00","mainEntityOfPage":{"@id":"https:\/\/universnews224.com\/index.php\/urgent-le-journaliste-sekou-jamal-pendessa-defere-a-la-maison-centrale\/"},"wordCount":224,"publisher":{"@id":"https:\/\/universnews224.com\/#organization"},"keywords":["La une"],"articleSection":["ACTU","SOCI\u00c9T\u00c9"],"inLanguage":"fr-FR"},{"@type":"WebPage","@id":"https:\/\/universnews224.com\/index.php\/urgent-le-journaliste-sekou-jamal-pendessa-defere-a-la-maison-centrale\/","url":"https:\/\/universnews224.com\/index.php\/urgent-le-journaliste-sekou-jamal-pendessa-defere-a-la-maison-centrale\/","name":"URGENT : Le Journaliste S\u00e9kou Jamal Pendessa d\u00e9f\u00e9r\u00e9 \u00e0 la maison centrale - UNIVERSNEWS224","isPartOf":{"@id":"https:\/\/universnews224.com\/#website"},"datePublished":"2024-01-22T17:43:17+00:00","dateModified":"2024-01-22T17:43:17+00:00","inLanguage":"fr-FR","potentialAction":[{"@type":"ReadAction","target":["https:\/\/universnews224.com\/index.php\/urgent-le-journaliste-sekou-jamal-pendessa-defere-a-la-maison-centrale\/"]}]},{"@type":"WebSite","@id":"https:\/\/universnews224.com\/#website","url":"https:\/\/universnews224.com\/","name":"UNIVERSNEWS224","description":"","publisher":{"@id":"https:\/\/universnews224.com\/#organization"},"potentialAction":[{"@type":"SearchAction","target":{"@type":"EntryPoint","urlTemplate":"https:\/\/universnews224.com\/?s={search_term_string}"},"query-input":"required name=search_term_string"}],"inLanguage":"fr-FR"},{"@type":"Organization","@id":"https:\/\/universnews224.com\/#organization","name":"UNIVERSNEWS224","url":"https:\/\/universnews224.com\/","logo":{"@type":"ImageObject","inLanguage":"fr-FR","@id":"https:\/\/universnews224.com\/#\/schema\/logo\/image\/","url":"https:\/\/universnews224.com\/wp-content\/uploads\/2022\/08\/cropped-cropped-logoban.jpg","contentUrl":"https:\/\/universnews224.com\/wp-content\/uploads\/2022\/08\/cropped-cropped-logoban.jpg","width":1080,"height":138,"caption":"UNIVERSNEWS224"},"image":{"@id":"https:\/\/universnews224.com\/#\/schema\/logo\/image\/"}},{"@type":"Person","@id":"https:\/\/universnews224.com\/#\/schema\/person\/a4b7d4f94a4716df60456a491260485e","name":"La R\u00e9daction","image":{"@type":"ImageObject","inLanguage":"fr-FR","@id":"https:\/\/universnews224.com\/#\/schema\/person\/image\/","url":"https:\/\/secure.gravatar.com\/avatar\/edb90acc7752b23e1b3307ad36c14f0d?s=96&d=mm&r=g","contentUrl":"https:\/\/secure.gravatar.com\/avatar\/edb90acc7752b23e1b3307ad36c14f0d?s=96&d=mm&r=g","caption":"La R\u00e9daction"},"sameAs":["https:\/\/universnews224.com"],"url":"https:\/\/universnews224.com\/index.php\/author\/m-camara\/"}]}},"_links":{"self":[{"href":"https:\/\/universnews224.com\/index.php\/wp-json\/wp\/v2\/posts\/5049"}],"collection":[{"href":"https:\/\/universnews224.com\/index.php\/wp-json\/wp\/v2\/posts"}],"about":[{"href":"https:\/\/universnews224.com\/index.php\/wp-json\/wp\/v2\/types\/post"}],"author":[{"embeddable":true,"href":"https:\/\/universnews224.com\/index.php\/wp-json\/wp\/v2\/users\/2"}],"replies":[{"embeddable":true,"href":"https:\/\/universnews224.com\/index.php\/wp-json\/wp\/v2\/comments?post=5049"}],"version-history":[{"count":1,"href":"https:\/\/universnews224.com\/index.php\/wp-json\/wp\/v2\/posts\/5049\/revisions"}],"predecessor-version":[{"id":5050,"href":"https:\/\/universnews224.com\/index.php\/wp-json\/wp\/v2\/posts\/5049\/revisions\/5050"}],"wp:featuredmedia":[{"embeddable":true,"href":"https:\/\/universnews224.com\/index.php\/wp-json\/wp\/v2\/media\/5046"}],"wp:attachment":[{"href":"https:\/\/universnews224.com\/index.php\/wp-json\/wp\/v2\/media?parent=5049"}],"wp:term":[{"taxonomy":"category","embeddable":true,"href":"https:\/\/universnews224.com\/index.php\/wp-json\/wp\/v2\/categories?post=5049"},{"taxonomy":"post_tag","embeddable":true,"href":"https:\/\/universnews224.com\/index.php\/wp-json\/wp\/v2\/tags?post=5049"}],"curies":[{"name":"wp","href":"https:\/\/api.w.org\/{rel}","templated":true}]}}