{"id":5053,"date":"2024-01-23T23:08:49","date_gmt":"2024-01-23T22:08:49","guid":{"rendered":"https:\/\/universnews224.com\/?p=5053"},"modified":"2024-01-23T23:08:49","modified_gmt":"2024-01-23T22:08:49","slug":"palais-m5-mamadi-doumbouya-eleve-au-grade-de-general-de-corps-darmee-a-titre-exceptionnel","status":"publish","type":"post","link":"https:\/\/universnews224.com\/index.php\/palais-m5-mamadi-doumbouya-eleve-au-grade-de-general-de-corps-darmee-a-titre-exceptionnel\/","title":{"rendered":"Palais M5: Mamadi Doumbouya \u00e9lev\u00e9 au grade de G\u00e9n\u00e9ral de corps d\u2019Arm\u00e9e \u00e0 titre exceptionnel"},"content":{"rendered":"<p>Le Pr\u00e9sident de la R\u00e9publique, Chef de l\u2019\u00c9tat, Chef supr\u00eame des Arm\u00e9es, le Colonel <a href=\"https:\/\/www.facebook.com\/mamadidoumbouyaprg?__cft__%5b0%5d=AZV01ZRoCpzGUV4jiz8S0XetaSYkuxIvDgyiI_dw3hDZdZHABtCZDh5O0jGiuckK11Iv5ReNBBwx9-E_Goa6ko9dAree_mK6Nik9aOMolG5RQZuf8xyqesf8CyaOSgYUsxW1SJGEqexw9hofr198CxSUH0c22_7p48fgSQ0yh6SNi_Di-JGG63__bLTI2HSJ5kk&amp;__tn__=-%5dK-R\">Pr\u00e9sident Mamadi Doumbouya<\/a>, a re\u00e7u ce mardi 23 janvier 2024, les Commandants de toutes les unit\u00e9s du pays, lors d\u2019un rendez-vous historique, marquant la premi\u00e8re rencontre de ce genre depuis 1958.<\/p>\n<p>Venus chez le Chef de l\u2019\u00c9tat pour des \u00e9changes traditionnels de v\u0153ux de Nouvel An, ils \u00e9taient plus de 450 membres des Forces de d\u00e9fense et de s\u00e9curit\u00e9, principalement compos\u00e9s de commandants d\u2019unit\u00e9s, sous la direction de toute la haute hi\u00e9rarchie militaire de l\u2019Arm\u00e9e guin\u00e9enne.<\/p>\n<p>&nbsp;<\/p>\n<p><strong>Avec la DCI-PRG<\/strong><\/p>\n","protected":false},"excerpt":{"rendered":"<p>Le Pr\u00e9sident de la R\u00e9publique, Chef de l\u2019\u00c9tat, Chef supr\u00eame des Arm\u00e9es, le Colonel Pr\u00e9sident<\/p>\n","protected":false},"author":2,"featured_media":5054,"comment_status":"closed","ping_status":"open","sticky":false,"template":"","format":"standard","meta":[],"categories":[3,4],"tags":[229],"yoast_head":"<!-- This site is optimized with the Yoast SEO plugin v19.13 - https:\/\/yoast.com\/wordpress\/plugins\/seo\/ -->\n<title>Palais M5: Mamadi Doumbouya \u00e9lev\u00e9 au grade de G\u00e9n\u00e9ral de corps d\u2019Arm\u00e9e \u00e0 titre exceptionnel - UNIVERSNEWS224<\/title>\n<meta name=\"robots\" content=\"index, follow, max-snippet:-1, max-image-preview:large, max-video-preview:-1\" \/>\n<link rel=\"canonical\" href=\"https:\/\/universnews224.com\/index.php\/palais-m5-mamadi-doumbouya-eleve-au-grade-de-general-de-corps-darmee-a-titre-exceptionnel\/\" \/>\n<meta property=\"og:locale\" content=\"fr_FR\" \/>\n<meta property=\"og:type\" content=\"article\" \/>\n<meta property=\"og:title\" content=\"Palais M5: Mamadi Doumbouya \u00e9lev\u00e9 au grade de G\u00e9n\u00e9ral de corps d\u2019Arm\u00e9e \u00e0 titre exceptionnel - UNIVERSNEWS224\" \/>\n<meta property=\"og:description\" content=\"Le Pr\u00e9sident de la R\u00e9publique, Chef de l\u2019\u00c9tat, Chef supr\u00eame des Arm\u00e9es, le Colonel Pr\u00e9sident\" \/>\n<meta property=\"og:url\" content=\"https:\/\/universnews224.com\/index.php\/palais-m5-mamadi-doumbouya-eleve-au-grade-de-general-de-corps-darmee-a-titre-exceptionnel\/\" \/>\n<meta property=\"og:site_name\" content=\"UNIVERSNEWS224\" \/>\n<meta property=\"article:published_time\" content=\"2024-01-23T22:08:49+00:00\" \/>\n<meta property=\"og:image\" content=\"https:\/\/universnews224.com\/wp-content\/uploads\/2024\/01\/338E0A74-606A-4D6E-8242-7B1AA5BBEBE6.png\" \/>\n\t<meta property=\"og:image:width\" content=\"824\" \/>\n\t<meta property=\"og:image:height\" content=\"384\" \/>\n\t<meta property=\"og:image:type\" content=\"image\/png\" \/>\n<meta name=\"author\" content=\"La R\u00e9daction\" \/>\n<meta name=\"twitter:label1\" content=\"\u00c9crit par\" \/>\n\t<meta name=\"twitter:data1\" content=\"La R\u00e9daction\" \/>\n\t<meta name=\"twitter:label2\" content=\"Dur\u00e9e de lecture estim\u00e9e\" \/>\n\t<meta name=\"twitter:data2\" content=\"1 minute\" \/>\n<script type=\"application\/ld+json\" class=\"yoast-schema-graph\">{\"@context\":\"https:\/\/schema.org\",\"@graph\":[{\"@type\":\"Article\",\"@id\":\"https:\/\/universnews224.com\/index.php\/palais-m5-mamadi-doumbouya-eleve-au-grade-de-general-de-corps-darmee-a-titre-exceptionnel\/#article\",\"isPartOf\":{\"@id\":\"https:\/\/universnews224.com\/index.php\/palais-m5-mamadi-doumbouya-eleve-au-grade-de-general-de-corps-darmee-a-titre-exceptionnel\/\"},\"author\":{\"name\":\"La R\u00e9daction\",\"@id\":\"https:\/\/universnews224.com\/#\/schema\/person\/a4b7d4f94a4716df60456a491260485e\"},\"headline\":\"Palais M5: Mamadi Doumbouya \u00e9lev\u00e9 au grade de G\u00e9n\u00e9ral de corps d\u2019Arm\u00e9e \u00e0 titre exceptionnel\",\"datePublished\":\"2024-01-23T22:08:49+00:00\",\"dateModified\":\"2024-01-23T22:08:49+00:00\",\"mainEntityOfPage\":{\"@id\":\"https:\/\/universnews224.com\/index.php\/palais-m5-mamadi-doumbouya-eleve-au-grade-de-general-de-corps-darmee-a-titre-exceptionnel\/\"},\"wordCount\":129,\"publisher\":{\"@id\":\"https:\/\/universnews224.com\/#organization\"},\"keywords\":[\"La une\"],\"articleSection\":[\"ACTU\",\"POLITIQUE\"],\"inLanguage\":\"fr-FR\"},{\"@type\":\"WebPage\",\"@id\":\"https:\/\/universnews224.com\/index.php\/palais-m5-mamadi-doumbouya-eleve-au-grade-de-general-de-corps-darmee-a-titre-exceptionnel\/\",\"url\":\"https:\/\/universnews224.com\/index.php\/palais-m5-mamadi-doumbouya-eleve-au-grade-de-general-de-corps-darmee-a-titre-exceptionnel\/\",\"name\":\"Palais M5: Mamadi Doumbouya \u00e9lev\u00e9 au grade de G\u00e9n\u00e9ral de corps d\u2019Arm\u00e9e \u00e0 titre exceptionnel - UNIVERSNEWS224\",\"isPartOf\":{\"@id\":\"https:\/\/universnews224.com\/#website\"},\"datePublished\":\"2024-01-23T22:08:49+00:00\",\"dateModified\":\"2024-01-23T22:08:49+00:00\",\"inLanguage\":\"fr-FR\",\"potentialAction\":[{\"@type\":\"ReadAction\",\"target\":[\"https:\/\/universnews224.com\/index.php\/palais-m5-mamadi-doumbouya-eleve-au-grade-de-general-de-corps-darmee-a-titre-exceptionnel\/\"]}]},{\"@type\":\"WebSite\",\"@id\":\"https:\/\/universnews224.com\/#website\",\"url\":\"https:\/\/universnews224.com\/\",\"name\":\"UNIVERSNEWS224\",\"description\":\"\",\"publisher\":{\"@id\":\"https:\/\/universnews224.com\/#organization\"},\"potentialAction\":[{\"@type\":\"SearchAction\",\"target\":{\"@type\":\"EntryPoint\",\"urlTemplate\":\"https:\/\/universnews224.com\/?s={search_term_string}\"},\"query-input\":\"required name=search_term_string\"}],\"inLanguage\":\"fr-FR\"},{\"@type\":\"Organization\",\"@id\":\"https:\/\/universnews224.com\/#organization\",\"name\":\"UNIVERSNEWS224\",\"url\":\"https:\/\/universnews224.com\/\",\"logo\":{\"@type\":\"ImageObject\",\"inLanguage\":\"fr-FR\",\"@id\":\"https:\/\/universnews224.com\/#\/schema\/logo\/image\/\",\"url\":\"https:\/\/universnews224.com\/wp-content\/uploads\/2022\/08\/cropped-cropped-logoban.jpg\",\"contentUrl\":\"https:\/\/universnews224.com\/wp-content\/uploads\/2022\/08\/cropped-cropped-logoban.jpg\",\"width\":1080,\"height\":138,\"caption\":\"UNIVERSNEWS224\"},\"image\":{\"@id\":\"https:\/\/universnews224.com\/#\/schema\/logo\/image\/\"}},{\"@type\":\"Person\",\"@id\":\"https:\/\/universnews224.com\/#\/schema\/person\/a4b7d4f94a4716df60456a491260485e\",\"name\":\"La R\u00e9daction\",\"image\":{\"@type\":\"ImageObject\",\"inLanguage\":\"fr-FR\",\"@id\":\"https:\/\/universnews224.com\/#\/schema\/person\/image\/\",\"url\":\"https:\/\/secure.gravatar.com\/avatar\/edb90acc7752b23e1b3307ad36c14f0d?s=96&d=mm&r=g\",\"contentUrl\":\"https:\/\/secure.gravatar.com\/avatar\/edb90acc7752b23e1b3307ad36c14f0d?s=96&d=mm&r=g\",\"caption\":\"La R\u00e9daction\"},\"sameAs\":[\"https:\/\/universnews224.com\"],\"url\":\"https:\/\/universnews224.com\/index.php\/author\/m-camara\/\"}]}<\/script>\n<!-- \/ Yoast SEO plugin. -->","yoast_head_json":{"title":"Palais M5: Mamadi Doumbouya \u00e9lev\u00e9 au grade de G\u00e9n\u00e9ral de corps d\u2019Arm\u00e9e \u00e0 titre exceptionnel - UNIVERSNEWS224","robots":{"index":"index","follow":"follow","max-snippet":"max-snippet:-1","max-image-preview":"max-image-preview:large","max-video-preview":"max-video-preview:-1"},"canonical":"https:\/\/universnews224.com\/index.php\/palais-m5-mamadi-doumbouya-eleve-au-grade-de-general-de-corps-darmee-a-titre-exceptionnel\/","og_locale":"fr_FR","og_type":"article","og_title":"Palais M5: Mamadi Doumbouya \u00e9lev\u00e9 au grade de G\u00e9n\u00e9ral de corps d\u2019Arm\u00e9e \u00e0 titre exceptionnel - UNIVERSNEWS224","og_description":"Le Pr\u00e9sident de la R\u00e9publique, Chef de l\u2019\u00c9tat, Chef supr\u00eame des Arm\u00e9es, le Colonel Pr\u00e9sident","og_url":"https:\/\/universnews224.com\/index.php\/palais-m5-mamadi-doumbouya-eleve-au-grade-de-general-de-corps-darmee-a-titre-exceptionnel\/","og_site_name":"UNIVERSNEWS224","article_published_time":"2024-01-23T22:08:49+00:00","og_image":[{"width":824,"height":384,"url":"https:\/\/universnews224.com\/wp-content\/uploads\/2024\/01\/338E0A74-606A-4D6E-8242-7B1AA5BBEBE6.png","type":"image\/png"}],"author":"La R\u00e9daction","twitter_misc":{"\u00c9crit par":"La R\u00e9daction","Dur\u00e9e de lecture estim\u00e9e":"1 minute"},"schema":{"@context":"https:\/\/schema.org","@graph":[{"@type":"Article","@id":"https:\/\/universnews224.com\/index.php\/palais-m5-mamadi-doumbouya-eleve-au-grade-de-general-de-corps-darmee-a-titre-exceptionnel\/#article","isPartOf":{"@id":"https:\/\/universnews224.com\/index.php\/palais-m5-mamadi-doumbouya-eleve-au-grade-de-general-de-corps-darmee-a-titre-exceptionnel\/"},"author":{"name":"La R\u00e9daction","@id":"https:\/\/universnews224.com\/#\/schema\/person\/a4b7d4f94a4716df60456a491260485e"},"headline":"Palais M5: Mamadi Doumbouya \u00e9lev\u00e9 au grade de G\u00e9n\u00e9ral de corps d\u2019Arm\u00e9e \u00e0 titre exceptionnel","datePublished":"2024-01-23T22:08:49+00:00","dateModified":"2024-01-23T22:08:49+00:00","mainEntityOfPage":{"@id":"https:\/\/universnews224.com\/index.php\/palais-m5-mamadi-doumbouya-eleve-au-grade-de-general-de-corps-darmee-a-titre-exceptionnel\/"},"wordCount":129,"publisher":{"@id":"https:\/\/universnews224.com\/#organization"},"keywords":["La une"],"articleSection":["ACTU","POLITIQUE"],"inLanguage":"fr-FR"},{"@type":"WebPage","@id":"https:\/\/universnews224.com\/index.php\/palais-m5-mamadi-doumbouya-eleve-au-grade-de-general-de-corps-darmee-a-titre-exceptionnel\/","url":"https:\/\/universnews224.com\/index.php\/palais-m5-mamadi-doumbouya-eleve-au-grade-de-general-de-corps-darmee-a-titre-exceptionnel\/","name":"Palais M5: Mamadi Doumbouya \u00e9lev\u00e9 au grade de G\u00e9n\u00e9ral de corps d\u2019Arm\u00e9e \u00e0 titre exceptionnel - UNIVERSNEWS224","isPartOf":{"@id":"https:\/\/universnews224.com\/#website"},"datePublished":"2024-01-23T22:08:49+00:00","dateModified":"2024-01-23T22:08:49+00:00","inLanguage":"fr-FR","potentialAction":[{"@type":"ReadAction","target":["https:\/\/universnews224.com\/index.php\/palais-m5-mamadi-doumbouya-eleve-au-grade-de-general-de-corps-darmee-a-titre-exceptionnel\/"]}]},{"@type":"WebSite","@id":"https:\/\/universnews224.com\/#website","url":"https:\/\/universnews224.com\/","name":"UNIVERSNEWS224","description":"","publisher":{"@id":"https:\/\/universnews224.com\/#organization"},"potentialAction":[{"@type":"SearchAction","target":{"@type":"EntryPoint","urlTemplate":"https:\/\/universnews224.com\/?s={search_term_string}"},"query-input":"required name=search_term_string"}],"inLanguage":"fr-FR"},{"@type":"Organization","@id":"https:\/\/universnews224.com\/#organization","name":"UNIVERSNEWS224","url":"https:\/\/universnews224.com\/","logo":{"@type":"ImageObject","inLanguage":"fr-FR","@id":"https:\/\/universnews224.com\/#\/schema\/logo\/image\/","url":"https:\/\/universnews224.com\/wp-content\/uploads\/2022\/08\/cropped-cropped-logoban.jpg","contentUrl":"https:\/\/universnews224.com\/wp-content\/uploads\/2022\/08\/cropped-cropped-logoban.jpg","width":1080,"height":138,"caption":"UNIVERSNEWS224"},"image":{"@id":"https:\/\/universnews224.com\/#\/schema\/logo\/image\/"}},{"@type":"Person","@id":"https:\/\/universnews224.com\/#\/schema\/person\/a4b7d4f94a4716df60456a491260485e","name":"La R\u00e9daction","image":{"@type":"ImageObject","inLanguage":"fr-FR","@id":"https:\/\/universnews224.com\/#\/schema\/person\/image\/","url":"https:\/\/secure.gravatar.com\/avatar\/edb90acc7752b23e1b3307ad36c14f0d?s=96&d=mm&r=g","contentUrl":"https:\/\/secure.gravatar.com\/avatar\/edb90acc7752b23e1b3307ad36c14f0d?s=96&d=mm&r=g","caption":"La R\u00e9daction"},"sameAs":["https:\/\/universnews224.com"],"url":"https:\/\/universnews224.com\/index.php\/author\/m-camara\/"}]}},"_links":{"self":[{"href":"https:\/\/universnews224.com\/index.php\/wp-json\/wp\/v2\/posts\/5053"}],"collection":[{"href":"https:\/\/universnews224.com\/index.php\/wp-json\/wp\/v2\/posts"}],"about":[{"href":"https:\/\/universnews224.com\/index.php\/wp-json\/wp\/v2\/types\/post"}],"author":[{"embeddable":true,"href":"https:\/\/universnews224.com\/index.php\/wp-json\/wp\/v2\/users\/2"}],"replies":[{"embeddable":true,"href":"https:\/\/universnews224.com\/index.php\/wp-json\/wp\/v2\/comments?post=5053"}],"version-history":[{"count":1,"href":"https:\/\/universnews224.com\/index.php\/wp-json\/wp\/v2\/posts\/5053\/revisions"}],"predecessor-version":[{"id":5055,"href":"https:\/\/universnews224.com\/index.php\/wp-json\/wp\/v2\/posts\/5053\/revisions\/5055"}],"wp:featuredmedia":[{"embeddable":true,"href":"https:\/\/universnews224.com\/index.php\/wp-json\/wp\/v2\/media\/5054"}],"wp:attachment":[{"href":"https:\/\/universnews224.com\/index.php\/wp-json\/wp\/v2\/media?parent=5053"}],"wp:term":[{"taxonomy":"category","embeddable":true,"href":"https:\/\/universnews224.com\/index.php\/wp-json\/wp\/v2\/categories?post=5053"},{"taxonomy":"post_tag","embeddable":true,"href":"https:\/\/universnews224.com\/index.php\/wp-json\/wp\/v2\/tags?post=5053"}],"curies":[{"name":"wp","href":"https:\/\/api.w.org\/{rel}","templated":true}]}}