{"id":5056,"date":"2024-01-23T23:12:49","date_gmt":"2024-01-23T22:12:49","guid":{"rendered":"https:\/\/universnews224.com\/?p=5056"},"modified":"2024-01-23T23:12:49","modified_gmt":"2024-01-23T22:12:49","slug":"abdoulaye-cisse-sur-lemprisonnement-de-sekou-jamal-pendessa-nous-sommes-tres-etonnes-par-cette-decision-de-la-justice-guineenne","status":"publish","type":"post","link":"https:\/\/universnews224.com\/index.php\/abdoulaye-cisse-sur-lemprisonnement-de-sekou-jamal-pendessa-nous-sommes-tres-etonnes-par-cette-decision-de-la-justice-guineenne\/","title":{"rendered":"Abdoulaye Ciss\u00e9 sur l\u2019emprisonnement de S\u00e9kou Jamal Pendessa: \u201cNous sommes tr\u00e8s \u00e9tonn\u00e9s par cette d\u00e9cision de la justice guin\u00e9enne\u201d"},"content":{"rendered":"<p class=\"p1\"><span class=\"s1\">Le charg\u00e9 de communication du syndicat des professionnels de la presse de Guin\u00e9e (SPPG), a r\u00e9agi ce mardi, 23 janvier 2024, sur le placement sous mandat de d\u00e9p\u00f4t de S\u00e9kou Jamal Pendessa.<\/span><\/p>\n<p class=\"p1\"><span class=\"s1\">R\u00e9gissant sur cette actualit\u00e9 chez nos confr\u00e8res de la radio Tropical Fm dans l\u2019\u00e9mission les \u00abGrosses T\u00eates\u00bb de ce mardi 23 janvier 2024, Abdoulaye Ciss\u00e9 se dit \u00e9tonn\u00e9 par cette d\u00e9cision de la justice guin\u00e9enne. <\/span><\/p>\n<p class=\"p1\"><span class=\"s1\">\u201cJ\u2019avoue que c\u2019est un sentiment de tristesse, de d\u00e9solation et de profond regret que le SPPG a appris le placement sous mandat de d\u00e9p\u00f4t de notre secr\u00e9taire g\u00e9n\u00e9ral, S\u00e9kou Jamal Pendessa. Nous sommes tr\u00e8s \u00e9tonn\u00e9s par cette d\u00e9cision de la justice guin\u00e9enne. Je pense que ce qui s\u2019est pass\u00e9 hier, m\u00e9rite beaucoup de r\u00e9flexions \u00e0 ce qui nous concerne nous les hommes de m\u00e9dias\u201d, a t-il regrett\u00e9. <\/span><\/p>\n<p class=\"p1\"><span class=\"s1\">Poursuivant, le charg\u00e9 de communication du SPPG d\u00e9plore le manque de soutien de la part des journalistes guin\u00e9ens \u00a0en faveur S\u00e9kou Jamal Pendessa. <\/span><\/p>\n<p class=\"p1\"><span class=\"s1\">\u201cOn ne peut pas comprendre il y a<span class=\"Apple-converted-space\">\u00a0 <\/span>combien de journalistes \u00e0 Conakry et qu\u2019on ne voyait d\u2019une vingtaine de journalistes au tribunal de Dixinn hier. Moi, je me dis le nombre est insuffisant par rapport \u00e0 la situation. Si vous voyez que ces gens l\u00e0 ont eu le courage de mettre le g\u00e9n\u00e9ral Sekou Pendessa sous mandat de d\u00e9p\u00f4t parce que tout simplement, ils ont compris qu\u2019il ne b\u00e9n\u00e9ficie pas assez de soutien de la part de notre corporation. Si vous voyez aujourd\u2019hui que ces gens-l\u00e0 ont eu le courage de brouiller nos ondes, de retirer Espace TV, \u00c9vasion TV et Djoma sur les bouquets Canal+ et StarsTime, c\u2019est parce que les gens-l\u00e0 ont compris qu\u2019on n\u2019est pas pr\u00eat \u00e0 nous d\u00e9fendre\u201d, a t-il d\u00e9nonc\u00e9. <\/span><\/p>\n<p class=\"p1\"><span class=\"s1\">Plus loin, Abdoulaye Ciss\u00e9 s\u2019est engag\u00e9 \u00e0 poursuivre le combat de Sekou Jamal Pendessa jusqu\u2019\u00e0 la lev\u00e9e des restrictions sur les r\u00e9seaux sociaux et la lib\u00e9ration de tous les m\u00e9dias. <\/span><\/p>\n<p class=\"p1\"><span class=\"s1\">\u201cLe combat que Sekou Jamal Pendessa avait entam\u00e9, nous allons continuer ce combat l\u00e0 . Il faut que les gens l\u00e0 le sachent, s\u2019ils pensent que parce qu\u2019ils ont mis Sekou Jamal Pendessa en prison, qu\u2019ils ont tu\u00e9 le combat, ils se d\u00e9trompent. Nous allons d\u00e9mobiliser<span class=\"Apple-converted-space\">\u00a0 <\/span>la troupe. Dans un premier c\u2019\u00e9tait Conakry, mais croyez cette fois-ci l\u00e0, le mouvement que nous allons d\u00e9clencher,\u00e7a sera sur le plan nation. Ils font comprendre que la prison n\u2019est pas faite pour S\u00e9kou Jamal Pendessa. Je le dis et je le r\u00e9it\u00e8re, un syndicaliste sa deuxi\u00e8me maison c\u2019est la prison, nous sommes form\u00e9s pour \u00e7a. S\u2019ils pensent que parce qu\u2019ils ont mis Sekou Jamal Pendessa en prison que nous aurons peur, ils se d\u00e9trompent. Dans ce cas, qu\u2019ils pr\u00e9parent d\u2019autres cellules pour recevoir d\u2019autres journalistes. En tant que le camarade Sekou Jamal Pendessa n\u2019est pas libre, tant que l\u2019Internet n\u2019est pas \u00e9tabli dans notre pays, tant que les ondes qui ont brouill\u00e9es dans notre pays ne sont pas \u00e9tablies, nous allons continuer le combat jusqu\u2019\u00e0 la victoire finale\u201d, a t-il martel\u00e9. <\/span><\/p>\n<p class=\"p1\"><span class=\"s1\">Mohamed Camara <\/span><\/p>\n","protected":false},"excerpt":{"rendered":"<p>Le charg\u00e9 de communication du syndicat des professionnels de la presse de Guin\u00e9e (SPPG), a<\/p>\n","protected":false},"author":2,"featured_media":0,"comment_status":"closed","ping_status":"open","sticky":false,"template":"","format":"standard","meta":[],"categories":[1],"tags":[229],"yoast_head":"<!-- This site is optimized with the Yoast SEO plugin v19.13 - https:\/\/yoast.com\/wordpress\/plugins\/seo\/ -->\n<title>Abdoulaye Ciss\u00e9 sur l\u2019emprisonnement de S\u00e9kou Jamal Pendessa: \u201cNous sommes tr\u00e8s \u00e9tonn\u00e9s par cette d\u00e9cision de la justice guin\u00e9enne\u201d - UNIVERSNEWS224<\/title>\n<meta name=\"robots\" content=\"index, follow, max-snippet:-1, max-image-preview:large, max-video-preview:-1\" \/>\n<link rel=\"canonical\" href=\"https:\/\/universnews224.com\/index.php\/abdoulaye-cisse-sur-lemprisonnement-de-sekou-jamal-pendessa-nous-sommes-tres-etonnes-par-cette-decision-de-la-justice-guineenne\/\" \/>\n<meta property=\"og:locale\" content=\"fr_FR\" \/>\n<meta property=\"og:type\" content=\"article\" \/>\n<meta property=\"og:title\" content=\"Abdoulaye Ciss\u00e9 sur l\u2019emprisonnement de S\u00e9kou Jamal Pendessa: \u201cNous sommes tr\u00e8s \u00e9tonn\u00e9s par cette d\u00e9cision de la justice guin\u00e9enne\u201d - UNIVERSNEWS224\" \/>\n<meta property=\"og:description\" content=\"Le charg\u00e9 de communication du syndicat des professionnels de la presse de Guin\u00e9e (SPPG), a\" \/>\n<meta property=\"og:url\" content=\"https:\/\/universnews224.com\/index.php\/abdoulaye-cisse-sur-lemprisonnement-de-sekou-jamal-pendessa-nous-sommes-tres-etonnes-par-cette-decision-de-la-justice-guineenne\/\" \/>\n<meta property=\"og:site_name\" content=\"UNIVERSNEWS224\" \/>\n<meta property=\"article:published_time\" content=\"2024-01-23T22:12:49+00:00\" \/>\n<meta name=\"author\" content=\"La R\u00e9daction\" \/>\n<meta name=\"twitter:label1\" content=\"\u00c9crit par\" \/>\n\t<meta name=\"twitter:data1\" content=\"La R\u00e9daction\" \/>\n\t<meta name=\"twitter:label2\" content=\"Dur\u00e9e de lecture estim\u00e9e\" \/>\n\t<meta name=\"twitter:data2\" content=\"3 minutes\" \/>\n<script type=\"application\/ld+json\" class=\"yoast-schema-graph\">{\"@context\":\"https:\/\/schema.org\",\"@graph\":[{\"@type\":\"Article\",\"@id\":\"https:\/\/universnews224.com\/index.php\/abdoulaye-cisse-sur-lemprisonnement-de-sekou-jamal-pendessa-nous-sommes-tres-etonnes-par-cette-decision-de-la-justice-guineenne\/#article\",\"isPartOf\":{\"@id\":\"https:\/\/universnews224.com\/index.php\/abdoulaye-cisse-sur-lemprisonnement-de-sekou-jamal-pendessa-nous-sommes-tres-etonnes-par-cette-decision-de-la-justice-guineenne\/\"},\"author\":{\"name\":\"La R\u00e9daction\",\"@id\":\"https:\/\/universnews224.com\/#\/schema\/person\/a4b7d4f94a4716df60456a491260485e\"},\"headline\":\"Abdoulaye Ciss\u00e9 sur l\u2019emprisonnement de S\u00e9kou Jamal Pendessa: \u201cNous sommes tr\u00e8s \u00e9tonn\u00e9s par cette d\u00e9cision de la justice guin\u00e9enne\u201d\",\"datePublished\":\"2024-01-23T22:12:49+00:00\",\"dateModified\":\"2024-01-23T22:12:49+00:00\",\"mainEntityOfPage\":{\"@id\":\"https:\/\/universnews224.com\/index.php\/abdoulaye-cisse-sur-lemprisonnement-de-sekou-jamal-pendessa-nous-sommes-tres-etonnes-par-cette-decision-de-la-justice-guineenne\/\"},\"wordCount\":586,\"publisher\":{\"@id\":\"https:\/\/universnews224.com\/#organization\"},\"keywords\":[\"La une\"],\"inLanguage\":\"fr-FR\"},{\"@type\":\"WebPage\",\"@id\":\"https:\/\/universnews224.com\/index.php\/abdoulaye-cisse-sur-lemprisonnement-de-sekou-jamal-pendessa-nous-sommes-tres-etonnes-par-cette-decision-de-la-justice-guineenne\/\",\"url\":\"https:\/\/universnews224.com\/index.php\/abdoulaye-cisse-sur-lemprisonnement-de-sekou-jamal-pendessa-nous-sommes-tres-etonnes-par-cette-decision-de-la-justice-guineenne\/\",\"name\":\"Abdoulaye Ciss\u00e9 sur l\u2019emprisonnement de S\u00e9kou Jamal Pendessa: \u201cNous sommes tr\u00e8s \u00e9tonn\u00e9s par cette d\u00e9cision de la justice guin\u00e9enne\u201d - UNIVERSNEWS224\",\"isPartOf\":{\"@id\":\"https:\/\/universnews224.com\/#website\"},\"datePublished\":\"2024-01-23T22:12:49+00:00\",\"dateModified\":\"2024-01-23T22:12:49+00:00\",\"inLanguage\":\"fr-FR\",\"potentialAction\":[{\"@type\":\"ReadAction\",\"target\":[\"https:\/\/universnews224.com\/index.php\/abdoulaye-cisse-sur-lemprisonnement-de-sekou-jamal-pendessa-nous-sommes-tres-etonnes-par-cette-decision-de-la-justice-guineenne\/\"]}]},{\"@type\":\"WebSite\",\"@id\":\"https:\/\/universnews224.com\/#website\",\"url\":\"https:\/\/universnews224.com\/\",\"name\":\"UNIVERSNEWS224\",\"description\":\"\",\"publisher\":{\"@id\":\"https:\/\/universnews224.com\/#organization\"},\"potentialAction\":[{\"@type\":\"SearchAction\",\"target\":{\"@type\":\"EntryPoint\",\"urlTemplate\":\"https:\/\/universnews224.com\/?s={search_term_string}\"},\"query-input\":\"required name=search_term_string\"}],\"inLanguage\":\"fr-FR\"},{\"@type\":\"Organization\",\"@id\":\"https:\/\/universnews224.com\/#organization\",\"name\":\"UNIVERSNEWS224\",\"url\":\"https:\/\/universnews224.com\/\",\"logo\":{\"@type\":\"ImageObject\",\"inLanguage\":\"fr-FR\",\"@id\":\"https:\/\/universnews224.com\/#\/schema\/logo\/image\/\",\"url\":\"https:\/\/universnews224.com\/wp-content\/uploads\/2022\/08\/cropped-cropped-logoban.jpg\",\"contentUrl\":\"https:\/\/universnews224.com\/wp-content\/uploads\/2022\/08\/cropped-cropped-logoban.jpg\",\"width\":1080,\"height\":138,\"caption\":\"UNIVERSNEWS224\"},\"image\":{\"@id\":\"https:\/\/universnews224.com\/#\/schema\/logo\/image\/\"}},{\"@type\":\"Person\",\"@id\":\"https:\/\/universnews224.com\/#\/schema\/person\/a4b7d4f94a4716df60456a491260485e\",\"name\":\"La R\u00e9daction\",\"image\":{\"@type\":\"ImageObject\",\"inLanguage\":\"fr-FR\",\"@id\":\"https:\/\/universnews224.com\/#\/schema\/person\/image\/\",\"url\":\"https:\/\/secure.gravatar.com\/avatar\/edb90acc7752b23e1b3307ad36c14f0d?s=96&d=mm&r=g\",\"contentUrl\":\"https:\/\/secure.gravatar.com\/avatar\/edb90acc7752b23e1b3307ad36c14f0d?s=96&d=mm&r=g\",\"caption\":\"La R\u00e9daction\"},\"sameAs\":[\"https:\/\/universnews224.com\"],\"url\":\"https:\/\/universnews224.com\/index.php\/author\/m-camara\/\"}]}<\/script>\n<!-- \/ Yoast SEO plugin. -->","yoast_head_json":{"title":"Abdoulaye Ciss\u00e9 sur l\u2019emprisonnement de S\u00e9kou Jamal Pendessa: \u201cNous sommes tr\u00e8s \u00e9tonn\u00e9s par cette d\u00e9cision de la justice guin\u00e9enne\u201d - UNIVERSNEWS224","robots":{"index":"index","follow":"follow","max-snippet":"max-snippet:-1","max-image-preview":"max-image-preview:large","max-video-preview":"max-video-preview:-1"},"canonical":"https:\/\/universnews224.com\/index.php\/abdoulaye-cisse-sur-lemprisonnement-de-sekou-jamal-pendessa-nous-sommes-tres-etonnes-par-cette-decision-de-la-justice-guineenne\/","og_locale":"fr_FR","og_type":"article","og_title":"Abdoulaye Ciss\u00e9 sur l\u2019emprisonnement de S\u00e9kou Jamal Pendessa: \u201cNous sommes tr\u00e8s \u00e9tonn\u00e9s par cette d\u00e9cision de la justice guin\u00e9enne\u201d - UNIVERSNEWS224","og_description":"Le charg\u00e9 de communication du syndicat des professionnels de la presse de Guin\u00e9e (SPPG), a","og_url":"https:\/\/universnews224.com\/index.php\/abdoulaye-cisse-sur-lemprisonnement-de-sekou-jamal-pendessa-nous-sommes-tres-etonnes-par-cette-decision-de-la-justice-guineenne\/","og_site_name":"UNIVERSNEWS224","article_published_time":"2024-01-23T22:12:49+00:00","author":"La R\u00e9daction","twitter_misc":{"\u00c9crit par":"La R\u00e9daction","Dur\u00e9e de lecture estim\u00e9e":"3 minutes"},"schema":{"@context":"https:\/\/schema.org","@graph":[{"@type":"Article","@id":"https:\/\/universnews224.com\/index.php\/abdoulaye-cisse-sur-lemprisonnement-de-sekou-jamal-pendessa-nous-sommes-tres-etonnes-par-cette-decision-de-la-justice-guineenne\/#article","isPartOf":{"@id":"https:\/\/universnews224.com\/index.php\/abdoulaye-cisse-sur-lemprisonnement-de-sekou-jamal-pendessa-nous-sommes-tres-etonnes-par-cette-decision-de-la-justice-guineenne\/"},"author":{"name":"La R\u00e9daction","@id":"https:\/\/universnews224.com\/#\/schema\/person\/a4b7d4f94a4716df60456a491260485e"},"headline":"Abdoulaye Ciss\u00e9 sur l\u2019emprisonnement de S\u00e9kou Jamal Pendessa: \u201cNous sommes tr\u00e8s \u00e9tonn\u00e9s par cette d\u00e9cision de la justice guin\u00e9enne\u201d","datePublished":"2024-01-23T22:12:49+00:00","dateModified":"2024-01-23T22:12:49+00:00","mainEntityOfPage":{"@id":"https:\/\/universnews224.com\/index.php\/abdoulaye-cisse-sur-lemprisonnement-de-sekou-jamal-pendessa-nous-sommes-tres-etonnes-par-cette-decision-de-la-justice-guineenne\/"},"wordCount":586,"publisher":{"@id":"https:\/\/universnews224.com\/#organization"},"keywords":["La une"],"inLanguage":"fr-FR"},{"@type":"WebPage","@id":"https:\/\/universnews224.com\/index.php\/abdoulaye-cisse-sur-lemprisonnement-de-sekou-jamal-pendessa-nous-sommes-tres-etonnes-par-cette-decision-de-la-justice-guineenne\/","url":"https:\/\/universnews224.com\/index.php\/abdoulaye-cisse-sur-lemprisonnement-de-sekou-jamal-pendessa-nous-sommes-tres-etonnes-par-cette-decision-de-la-justice-guineenne\/","name":"Abdoulaye Ciss\u00e9 sur l\u2019emprisonnement de S\u00e9kou Jamal Pendessa: \u201cNous sommes tr\u00e8s \u00e9tonn\u00e9s par cette d\u00e9cision de la justice guin\u00e9enne\u201d - UNIVERSNEWS224","isPartOf":{"@id":"https:\/\/universnews224.com\/#website"},"datePublished":"2024-01-23T22:12:49+00:00","dateModified":"2024-01-23T22:12:49+00:00","inLanguage":"fr-FR","potentialAction":[{"@type":"ReadAction","target":["https:\/\/universnews224.com\/index.php\/abdoulaye-cisse-sur-lemprisonnement-de-sekou-jamal-pendessa-nous-sommes-tres-etonnes-par-cette-decision-de-la-justice-guineenne\/"]}]},{"@type":"WebSite","@id":"https:\/\/universnews224.com\/#website","url":"https:\/\/universnews224.com\/","name":"UNIVERSNEWS224","description":"","publisher":{"@id":"https:\/\/universnews224.com\/#organization"},"potentialAction":[{"@type":"SearchAction","target":{"@type":"EntryPoint","urlTemplate":"https:\/\/universnews224.com\/?s={search_term_string}"},"query-input":"required name=search_term_string"}],"inLanguage":"fr-FR"},{"@type":"Organization","@id":"https:\/\/universnews224.com\/#organization","name":"UNIVERSNEWS224","url":"https:\/\/universnews224.com\/","logo":{"@type":"ImageObject","inLanguage":"fr-FR","@id":"https:\/\/universnews224.com\/#\/schema\/logo\/image\/","url":"https:\/\/universnews224.com\/wp-content\/uploads\/2022\/08\/cropped-cropped-logoban.jpg","contentUrl":"https:\/\/universnews224.com\/wp-content\/uploads\/2022\/08\/cropped-cropped-logoban.jpg","width":1080,"height":138,"caption":"UNIVERSNEWS224"},"image":{"@id":"https:\/\/universnews224.com\/#\/schema\/logo\/image\/"}},{"@type":"Person","@id":"https:\/\/universnews224.com\/#\/schema\/person\/a4b7d4f94a4716df60456a491260485e","name":"La R\u00e9daction","image":{"@type":"ImageObject","inLanguage":"fr-FR","@id":"https:\/\/universnews224.com\/#\/schema\/person\/image\/","url":"https:\/\/secure.gravatar.com\/avatar\/edb90acc7752b23e1b3307ad36c14f0d?s=96&d=mm&r=g","contentUrl":"https:\/\/secure.gravatar.com\/avatar\/edb90acc7752b23e1b3307ad36c14f0d?s=96&d=mm&r=g","caption":"La R\u00e9daction"},"sameAs":["https:\/\/universnews224.com"],"url":"https:\/\/universnews224.com\/index.php\/author\/m-camara\/"}]}},"_links":{"self":[{"href":"https:\/\/universnews224.com\/index.php\/wp-json\/wp\/v2\/posts\/5056"}],"collection":[{"href":"https:\/\/universnews224.com\/index.php\/wp-json\/wp\/v2\/posts"}],"about":[{"href":"https:\/\/universnews224.com\/index.php\/wp-json\/wp\/v2\/types\/post"}],"author":[{"embeddable":true,"href":"https:\/\/universnews224.com\/index.php\/wp-json\/wp\/v2\/users\/2"}],"replies":[{"embeddable":true,"href":"https:\/\/universnews224.com\/index.php\/wp-json\/wp\/v2\/comments?post=5056"}],"version-history":[{"count":1,"href":"https:\/\/universnews224.com\/index.php\/wp-json\/wp\/v2\/posts\/5056\/revisions"}],"predecessor-version":[{"id":5057,"href":"https:\/\/universnews224.com\/index.php\/wp-json\/wp\/v2\/posts\/5056\/revisions\/5057"}],"wp:attachment":[{"href":"https:\/\/universnews224.com\/index.php\/wp-json\/wp\/v2\/media?parent=5056"}],"wp:term":[{"taxonomy":"category","embeddable":true,"href":"https:\/\/universnews224.com\/index.php\/wp-json\/wp\/v2\/categories?post=5056"},{"taxonomy":"post_tag","embeddable":true,"href":"https:\/\/universnews224.com\/index.php\/wp-json\/wp\/v2\/tags?post=5056"}],"curies":[{"name":"wp","href":"https:\/\/api.w.org\/{rel}","templated":true}]}}