{"id":5070,"date":"2024-01-27T22:51:12","date_gmt":"2024-01-27T21:51:12","guid":{"rendered":"https:\/\/universnews224.com\/?p=5070"},"modified":"2024-01-27T22:51:12","modified_gmt":"2024-01-27T21:51:12","slug":"lansana-kouyate-sur-le-quota-fixe-par-matd-si-ce-que-dit-le-ministre-respecte-a-la-loi-oui-le-pedn-est-daccord-si-ca-ne-respecte-pas-la-loi-le-pedn-est-contre","status":"publish","type":"post","link":"https:\/\/universnews224.com\/index.php\/lansana-kouyate-sur-le-quota-fixe-par-matd-si-ce-que-dit-le-ministre-respecte-a-la-loi-oui-le-pedn-est-daccord-si-ca-ne-respecte-pas-la-loi-le-pedn-est-contre\/","title":{"rendered":"Lansana Kouyat\u00e9 sur le quota fix\u00e9 par MATD: \u201cSi ce que dit le ministre respecte \u00e0 la loi, Oui, le PEDN est d\u2019accord, si \u00e7a ne respecte pas la loi, le PEDN est contre\u201d"},"content":{"rendered":"<p class=\"p2\"><strong>Le Parti de l\u2019Espoir pour D\u00e9veloppement National (PEDN) a, au cours de son assembl\u00e9e g\u00e9n\u00e9rale hebdomadaire, tenue ce samedi, 27 janvier 2024, \u00e0 Ratoma Bonfi, donn\u00e9 sa position par rapport \u00e0 la mise en place des d\u00e9l\u00e9gations sp\u00e9ciales.<\/strong><\/p>\n<p class=\"p2\"><span class=\"s2\">Alors que le minist\u00e8re de l\u2019administration du territoire et de la d\u00e9centralisation a sorti un<span class=\"Apple-converted-space\">\u00a0 <\/span>communiqu\u00e9 cette semaine pour fixer le quota des entit\u00e9s qui doivent constituer ces d\u00e9l\u00e9gations sp\u00e9ciales, le PEDN demande le respect de la loi en la mati\u00e8re. <\/span><\/p>\n<p class=\"p2\"><span class=\"s2\">Selon Lansana Kouyat\u00e9, si le quota fix\u00e9 par le MATD est conforme \u00e0 la loi, le PEDN sera partant, si c\u2019est contraire \u00e0 la loi, le PEDN s\u2019opposera. <\/span><\/p>\n<p class=\"p2\"><span class=\"s2\">\u201c<em>Le ministre de l\u2019administration du territoire a communiqu\u00e9 l\u00e0-dessus et il a donn\u00e9 le quota. Si ce que dit le ministre respecte \u00e0 la loi, Oui, le PEDN est d\u2019accord, si \u00e7a ne respecte pas la loi, le PEDN est contre. Et avec le PEDN, la CCE et avec la CCE les fa\u00eeti\u00e8res de la soci\u00e9t\u00e9 civile. C\u2019est aussi simple que \u00e7a, c\u2019est une question de lois. On ne doit ni improviser, ni changer, il faut respecter les lois. Les quotas qui sont donn\u00e9s, si c\u2019est le m\u00eame quota qui a \u00e9t\u00e9 pr\u00e9vu par les lois, on est d\u2019accord. Si ce n\u2019est pas les m\u00eames quotas, on va en discuter avec minist\u00e8re de l\u2019administration et nous ne seront pas d\u2019accord<\/em>\u201d, a martel\u00e9 l\u2019ancien premier ministre.<\/span><\/p>\n","protected":false},"excerpt":{"rendered":"<p>Le Parti de l\u2019Espoir pour D\u00e9veloppement National (PEDN) a, au cours de son assembl\u00e9e g\u00e9n\u00e9rale<\/p>\n","protected":false},"author":2,"featured_media":5071,"comment_status":"closed","ping_status":"open","sticky":false,"template":"","format":"standard","meta":[],"categories":[3,4],"tags":[229],"yoast_head":"<!-- This site is optimized with the Yoast SEO plugin v19.13 - https:\/\/yoast.com\/wordpress\/plugins\/seo\/ -->\n<title>Lansana Kouyat\u00e9 sur le quota fix\u00e9 par MATD: \u201cSi ce que dit le ministre respecte \u00e0 la loi, Oui, le PEDN est d\u2019accord, si \u00e7a ne respecte pas la loi, le PEDN est contre\u201d - UNIVERSNEWS224<\/title>\n<meta name=\"robots\" content=\"index, follow, max-snippet:-1, max-image-preview:large, max-video-preview:-1\" \/>\n<link rel=\"canonical\" href=\"https:\/\/universnews224.com\/index.php\/lansana-kouyate-sur-le-quota-fixe-par-matd-si-ce-que-dit-le-ministre-respecte-a-la-loi-oui-le-pedn-est-daccord-si-ca-ne-respecte-pas-la-loi-le-pedn-est-contre\/\" \/>\n<meta property=\"og:locale\" content=\"fr_FR\" \/>\n<meta property=\"og:type\" content=\"article\" \/>\n<meta property=\"og:title\" content=\"Lansana Kouyat\u00e9 sur le quota fix\u00e9 par MATD: \u201cSi ce que dit le ministre respecte \u00e0 la loi, Oui, le PEDN est d\u2019accord, si \u00e7a ne respecte pas la loi, le PEDN est contre\u201d - UNIVERSNEWS224\" \/>\n<meta property=\"og:description\" content=\"Le Parti de l\u2019Espoir pour D\u00e9veloppement National (PEDN) a, au cours de son assembl\u00e9e g\u00e9n\u00e9rale\" \/>\n<meta property=\"og:url\" content=\"https:\/\/universnews224.com\/index.php\/lansana-kouyate-sur-le-quota-fixe-par-matd-si-ce-que-dit-le-ministre-respecte-a-la-loi-oui-le-pedn-est-daccord-si-ca-ne-respecte-pas-la-loi-le-pedn-est-contre\/\" \/>\n<meta property=\"og:site_name\" content=\"UNIVERSNEWS224\" \/>\n<meta property=\"article:published_time\" content=\"2024-01-27T21:51:12+00:00\" \/>\n<meta property=\"og:image\" content=\"https:\/\/universnews224.com\/wp-content\/uploads\/2024\/01\/3E5F9C51-7823-4C4E-A301-9FA42DB690A5.jpeg\" \/>\n\t<meta property=\"og:image:width\" content=\"960\" \/>\n\t<meta property=\"og:image:height\" content=\"540\" \/>\n\t<meta property=\"og:image:type\" content=\"image\/jpeg\" \/>\n<meta name=\"author\" content=\"La R\u00e9daction\" \/>\n<meta name=\"twitter:label1\" content=\"\u00c9crit par\" \/>\n\t<meta name=\"twitter:data1\" content=\"La R\u00e9daction\" \/>\n\t<meta name=\"twitter:label2\" content=\"Dur\u00e9e de lecture estim\u00e9e\" \/>\n\t<meta name=\"twitter:data2\" content=\"2 minutes\" \/>\n<script type=\"application\/ld+json\" class=\"yoast-schema-graph\">{\"@context\":\"https:\/\/schema.org\",\"@graph\":[{\"@type\":\"Article\",\"@id\":\"https:\/\/universnews224.com\/index.php\/lansana-kouyate-sur-le-quota-fixe-par-matd-si-ce-que-dit-le-ministre-respecte-a-la-loi-oui-le-pedn-est-daccord-si-ca-ne-respecte-pas-la-loi-le-pedn-est-contre\/#article\",\"isPartOf\":{\"@id\":\"https:\/\/universnews224.com\/index.php\/lansana-kouyate-sur-le-quota-fixe-par-matd-si-ce-que-dit-le-ministre-respecte-a-la-loi-oui-le-pedn-est-daccord-si-ca-ne-respecte-pas-la-loi-le-pedn-est-contre\/\"},\"author\":{\"name\":\"La R\u00e9daction\",\"@id\":\"https:\/\/universnews224.com\/#\/schema\/person\/a4b7d4f94a4716df60456a491260485e\"},\"headline\":\"Lansana Kouyat\u00e9 sur le quota fix\u00e9 par MATD: \u201cSi ce que dit le ministre respecte \u00e0 la loi, Oui, le PEDN est d\u2019accord, si \u00e7a ne respecte pas la loi, le PEDN est contre\u201d\",\"datePublished\":\"2024-01-27T21:51:12+00:00\",\"dateModified\":\"2024-01-27T21:51:12+00:00\",\"mainEntityOfPage\":{\"@id\":\"https:\/\/universnews224.com\/index.php\/lansana-kouyate-sur-le-quota-fixe-par-matd-si-ce-que-dit-le-ministre-respecte-a-la-loi-oui-le-pedn-est-daccord-si-ca-ne-respecte-pas-la-loi-le-pedn-est-contre\/\"},\"wordCount\":296,\"publisher\":{\"@id\":\"https:\/\/universnews224.com\/#organization\"},\"keywords\":[\"La une\"],\"articleSection\":[\"ACTU\",\"POLITIQUE\"],\"inLanguage\":\"fr-FR\"},{\"@type\":\"WebPage\",\"@id\":\"https:\/\/universnews224.com\/index.php\/lansana-kouyate-sur-le-quota-fixe-par-matd-si-ce-que-dit-le-ministre-respecte-a-la-loi-oui-le-pedn-est-daccord-si-ca-ne-respecte-pas-la-loi-le-pedn-est-contre\/\",\"url\":\"https:\/\/universnews224.com\/index.php\/lansana-kouyate-sur-le-quota-fixe-par-matd-si-ce-que-dit-le-ministre-respecte-a-la-loi-oui-le-pedn-est-daccord-si-ca-ne-respecte-pas-la-loi-le-pedn-est-contre\/\",\"name\":\"Lansana Kouyat\u00e9 sur le quota fix\u00e9 par MATD: \u201cSi ce que dit le ministre respecte \u00e0 la loi, Oui, le PEDN est d\u2019accord, si \u00e7a ne respecte pas la loi, le PEDN est contre\u201d - UNIVERSNEWS224\",\"isPartOf\":{\"@id\":\"https:\/\/universnews224.com\/#website\"},\"datePublished\":\"2024-01-27T21:51:12+00:00\",\"dateModified\":\"2024-01-27T21:51:12+00:00\",\"inLanguage\":\"fr-FR\",\"potentialAction\":[{\"@type\":\"ReadAction\",\"target\":[\"https:\/\/universnews224.com\/index.php\/lansana-kouyate-sur-le-quota-fixe-par-matd-si-ce-que-dit-le-ministre-respecte-a-la-loi-oui-le-pedn-est-daccord-si-ca-ne-respecte-pas-la-loi-le-pedn-est-contre\/\"]}]},{\"@type\":\"WebSite\",\"@id\":\"https:\/\/universnews224.com\/#website\",\"url\":\"https:\/\/universnews224.com\/\",\"name\":\"UNIVERSNEWS224\",\"description\":\"\",\"publisher\":{\"@id\":\"https:\/\/universnews224.com\/#organization\"},\"potentialAction\":[{\"@type\":\"SearchAction\",\"target\":{\"@type\":\"EntryPoint\",\"urlTemplate\":\"https:\/\/universnews224.com\/?s={search_term_string}\"},\"query-input\":\"required name=search_term_string\"}],\"inLanguage\":\"fr-FR\"},{\"@type\":\"Organization\",\"@id\":\"https:\/\/universnews224.com\/#organization\",\"name\":\"UNIVERSNEWS224\",\"url\":\"https:\/\/universnews224.com\/\",\"logo\":{\"@type\":\"ImageObject\",\"inLanguage\":\"fr-FR\",\"@id\":\"https:\/\/universnews224.com\/#\/schema\/logo\/image\/\",\"url\":\"https:\/\/universnews224.com\/wp-content\/uploads\/2022\/08\/cropped-cropped-logoban.jpg\",\"contentUrl\":\"https:\/\/universnews224.com\/wp-content\/uploads\/2022\/08\/cropped-cropped-logoban.jpg\",\"width\":1080,\"height\":138,\"caption\":\"UNIVERSNEWS224\"},\"image\":{\"@id\":\"https:\/\/universnews224.com\/#\/schema\/logo\/image\/\"}},{\"@type\":\"Person\",\"@id\":\"https:\/\/universnews224.com\/#\/schema\/person\/a4b7d4f94a4716df60456a491260485e\",\"name\":\"La R\u00e9daction\",\"image\":{\"@type\":\"ImageObject\",\"inLanguage\":\"fr-FR\",\"@id\":\"https:\/\/universnews224.com\/#\/schema\/person\/image\/\",\"url\":\"https:\/\/secure.gravatar.com\/avatar\/edb90acc7752b23e1b3307ad36c14f0d?s=96&d=mm&r=g\",\"contentUrl\":\"https:\/\/secure.gravatar.com\/avatar\/edb90acc7752b23e1b3307ad36c14f0d?s=96&d=mm&r=g\",\"caption\":\"La R\u00e9daction\"},\"sameAs\":[\"https:\/\/universnews224.com\"],\"url\":\"https:\/\/universnews224.com\/index.php\/author\/m-camara\/\"}]}<\/script>\n<!-- \/ Yoast SEO plugin. -->","yoast_head_json":{"title":"Lansana Kouyat\u00e9 sur le quota fix\u00e9 par MATD: \u201cSi ce que dit le ministre respecte \u00e0 la loi, Oui, le PEDN est d\u2019accord, si \u00e7a ne respecte pas la loi, le PEDN est contre\u201d - UNIVERSNEWS224","robots":{"index":"index","follow":"follow","max-snippet":"max-snippet:-1","max-image-preview":"max-image-preview:large","max-video-preview":"max-video-preview:-1"},"canonical":"https:\/\/universnews224.com\/index.php\/lansana-kouyate-sur-le-quota-fixe-par-matd-si-ce-que-dit-le-ministre-respecte-a-la-loi-oui-le-pedn-est-daccord-si-ca-ne-respecte-pas-la-loi-le-pedn-est-contre\/","og_locale":"fr_FR","og_type":"article","og_title":"Lansana Kouyat\u00e9 sur le quota fix\u00e9 par MATD: \u201cSi ce que dit le ministre respecte \u00e0 la loi, Oui, le PEDN est d\u2019accord, si \u00e7a ne respecte pas la loi, le PEDN est contre\u201d - UNIVERSNEWS224","og_description":"Le Parti de l\u2019Espoir pour D\u00e9veloppement National (PEDN) a, au cours de son assembl\u00e9e g\u00e9n\u00e9rale","og_url":"https:\/\/universnews224.com\/index.php\/lansana-kouyate-sur-le-quota-fixe-par-matd-si-ce-que-dit-le-ministre-respecte-a-la-loi-oui-le-pedn-est-daccord-si-ca-ne-respecte-pas-la-loi-le-pedn-est-contre\/","og_site_name":"UNIVERSNEWS224","article_published_time":"2024-01-27T21:51:12+00:00","og_image":[{"width":960,"height":540,"url":"https:\/\/universnews224.com\/wp-content\/uploads\/2024\/01\/3E5F9C51-7823-4C4E-A301-9FA42DB690A5.jpeg","type":"image\/jpeg"}],"author":"La R\u00e9daction","twitter_misc":{"\u00c9crit par":"La R\u00e9daction","Dur\u00e9e de lecture estim\u00e9e":"2 minutes"},"schema":{"@context":"https:\/\/schema.org","@graph":[{"@type":"Article","@id":"https:\/\/universnews224.com\/index.php\/lansana-kouyate-sur-le-quota-fixe-par-matd-si-ce-que-dit-le-ministre-respecte-a-la-loi-oui-le-pedn-est-daccord-si-ca-ne-respecte-pas-la-loi-le-pedn-est-contre\/#article","isPartOf":{"@id":"https:\/\/universnews224.com\/index.php\/lansana-kouyate-sur-le-quota-fixe-par-matd-si-ce-que-dit-le-ministre-respecte-a-la-loi-oui-le-pedn-est-daccord-si-ca-ne-respecte-pas-la-loi-le-pedn-est-contre\/"},"author":{"name":"La R\u00e9daction","@id":"https:\/\/universnews224.com\/#\/schema\/person\/a4b7d4f94a4716df60456a491260485e"},"headline":"Lansana Kouyat\u00e9 sur le quota fix\u00e9 par MATD: \u201cSi ce que dit le ministre respecte \u00e0 la loi, Oui, le PEDN est d\u2019accord, si \u00e7a ne respecte pas la loi, le PEDN est contre\u201d","datePublished":"2024-01-27T21:51:12+00:00","dateModified":"2024-01-27T21:51:12+00:00","mainEntityOfPage":{"@id":"https:\/\/universnews224.com\/index.php\/lansana-kouyate-sur-le-quota-fixe-par-matd-si-ce-que-dit-le-ministre-respecte-a-la-loi-oui-le-pedn-est-daccord-si-ca-ne-respecte-pas-la-loi-le-pedn-est-contre\/"},"wordCount":296,"publisher":{"@id":"https:\/\/universnews224.com\/#organization"},"keywords":["La une"],"articleSection":["ACTU","POLITIQUE"],"inLanguage":"fr-FR"},{"@type":"WebPage","@id":"https:\/\/universnews224.com\/index.php\/lansana-kouyate-sur-le-quota-fixe-par-matd-si-ce-que-dit-le-ministre-respecte-a-la-loi-oui-le-pedn-est-daccord-si-ca-ne-respecte-pas-la-loi-le-pedn-est-contre\/","url":"https:\/\/universnews224.com\/index.php\/lansana-kouyate-sur-le-quota-fixe-par-matd-si-ce-que-dit-le-ministre-respecte-a-la-loi-oui-le-pedn-est-daccord-si-ca-ne-respecte-pas-la-loi-le-pedn-est-contre\/","name":"Lansana Kouyat\u00e9 sur le quota fix\u00e9 par MATD: \u201cSi ce que dit le ministre respecte \u00e0 la loi, Oui, le PEDN est d\u2019accord, si \u00e7a ne respecte pas la loi, le PEDN est contre\u201d - UNIVERSNEWS224","isPartOf":{"@id":"https:\/\/universnews224.com\/#website"},"datePublished":"2024-01-27T21:51:12+00:00","dateModified":"2024-01-27T21:51:12+00:00","inLanguage":"fr-FR","potentialAction":[{"@type":"ReadAction","target":["https:\/\/universnews224.com\/index.php\/lansana-kouyate-sur-le-quota-fixe-par-matd-si-ce-que-dit-le-ministre-respecte-a-la-loi-oui-le-pedn-est-daccord-si-ca-ne-respecte-pas-la-loi-le-pedn-est-contre\/"]}]},{"@type":"WebSite","@id":"https:\/\/universnews224.com\/#website","url":"https:\/\/universnews224.com\/","name":"UNIVERSNEWS224","description":"","publisher":{"@id":"https:\/\/universnews224.com\/#organization"},"potentialAction":[{"@type":"SearchAction","target":{"@type":"EntryPoint","urlTemplate":"https:\/\/universnews224.com\/?s={search_term_string}"},"query-input":"required name=search_term_string"}],"inLanguage":"fr-FR"},{"@type":"Organization","@id":"https:\/\/universnews224.com\/#organization","name":"UNIVERSNEWS224","url":"https:\/\/universnews224.com\/","logo":{"@type":"ImageObject","inLanguage":"fr-FR","@id":"https:\/\/universnews224.com\/#\/schema\/logo\/image\/","url":"https:\/\/universnews224.com\/wp-content\/uploads\/2022\/08\/cropped-cropped-logoban.jpg","contentUrl":"https:\/\/universnews224.com\/wp-content\/uploads\/2022\/08\/cropped-cropped-logoban.jpg","width":1080,"height":138,"caption":"UNIVERSNEWS224"},"image":{"@id":"https:\/\/universnews224.com\/#\/schema\/logo\/image\/"}},{"@type":"Person","@id":"https:\/\/universnews224.com\/#\/schema\/person\/a4b7d4f94a4716df60456a491260485e","name":"La R\u00e9daction","image":{"@type":"ImageObject","inLanguage":"fr-FR","@id":"https:\/\/universnews224.com\/#\/schema\/person\/image\/","url":"https:\/\/secure.gravatar.com\/avatar\/edb90acc7752b23e1b3307ad36c14f0d?s=96&d=mm&r=g","contentUrl":"https:\/\/secure.gravatar.com\/avatar\/edb90acc7752b23e1b3307ad36c14f0d?s=96&d=mm&r=g","caption":"La R\u00e9daction"},"sameAs":["https:\/\/universnews224.com"],"url":"https:\/\/universnews224.com\/index.php\/author\/m-camara\/"}]}},"_links":{"self":[{"href":"https:\/\/universnews224.com\/index.php\/wp-json\/wp\/v2\/posts\/5070"}],"collection":[{"href":"https:\/\/universnews224.com\/index.php\/wp-json\/wp\/v2\/posts"}],"about":[{"href":"https:\/\/universnews224.com\/index.php\/wp-json\/wp\/v2\/types\/post"}],"author":[{"embeddable":true,"href":"https:\/\/universnews224.com\/index.php\/wp-json\/wp\/v2\/users\/2"}],"replies":[{"embeddable":true,"href":"https:\/\/universnews224.com\/index.php\/wp-json\/wp\/v2\/comments?post=5070"}],"version-history":[{"count":1,"href":"https:\/\/universnews224.com\/index.php\/wp-json\/wp\/v2\/posts\/5070\/revisions"}],"predecessor-version":[{"id":5072,"href":"https:\/\/universnews224.com\/index.php\/wp-json\/wp\/v2\/posts\/5070\/revisions\/5072"}],"wp:featuredmedia":[{"embeddable":true,"href":"https:\/\/universnews224.com\/index.php\/wp-json\/wp\/v2\/media\/5071"}],"wp:attachment":[{"href":"https:\/\/universnews224.com\/index.php\/wp-json\/wp\/v2\/media?parent=5070"}],"wp:term":[{"taxonomy":"category","embeddable":true,"href":"https:\/\/universnews224.com\/index.php\/wp-json\/wp\/v2\/categories?post=5070"},{"taxonomy":"post_tag","embeddable":true,"href":"https:\/\/universnews224.com\/index.php\/wp-json\/wp\/v2\/tags?post=5070"}],"curies":[{"name":"wp","href":"https:\/\/api.w.org\/{rel}","templated":true}]}}