{"id":5077,"date":"2024-01-29T23:39:51","date_gmt":"2024-01-29T22:39:51","guid":{"rendered":"https:\/\/universnews224.com\/?p=5077"},"modified":"2024-01-29T23:39:51","modified_gmt":"2024-01-29T22:39:51","slug":"mohamed-lamine-kaba-sur-le-retrait-du-mali-du-burkina-et-du-niger-a-la-cedeao-ils-nont-pas-la-legitimite-requise-pour-se-retirer","status":"publish","type":"post","link":"https:\/\/universnews224.com\/index.php\/mohamed-lamine-kaba-sur-le-retrait-du-mali-du-burkina-et-du-niger-a-la-cedeao-ils-nont-pas-la-legitimite-requise-pour-se-retirer\/","title":{"rendered":"Mohamed Lamine Kaba sur le retrait du Mali, du Burkina et du Niger \u00e0 la C\u00c9D\u00c9AO: \u201cIls n\u2019ont pas la l\u00e9gitimit\u00e9 requise pour se retirer\u201d"},"content":{"rendered":"<p class=\"p2\">Dans une d\u00e9claration conjointe publi\u00e9e hier dimanche 29 janvier 2024, le Mali, le Burkina Faso et le Niger ont annonc\u00e9 leur retrait de la Commission \u00c9conomique des Etats de l\u2019Afrique de l\u2019Ouest (C\u00c9D\u00c9AO).<\/p>\n<p class=\"p2\"><span class=\"s1\">R\u00e9gissant sur ce d\u00e9part de ces trois pays dirig\u00e9s par la junte militaire de l\u2019organisation sous-r\u00e9gion chez nos confr\u00e8res de la radio Nostalgie Guin\u00e9e dans l\u2019\u00e9mission \u00abFace l\u2019info\u00bb de ce lundi, 31 janvier, Mohamed Lamine Kaba pr\u00e9sident du Parti FIDEL a laiss\u00e9 entendre ces Etats n\u2019ont aucune l\u00e9gitimit\u00e9 de se retirer de la C\u00c9D\u00c9AO. <\/span><\/p>\n<p class=\"p2\"><span class=\"s1\">\u201cIls n\u2019ont pas la l\u00e9gitimit\u00e9 requise pour se retirer de la C\u00c9D\u00c9AO parce qu\u2019ils ne sont pas des \u00e9lus par le peuple. Parce que ceux qui ont adh\u00e9r\u00e9 \u00e0 la C\u00c9D\u00c9AO, ce sont leurs assembl\u00e9es \u00e9lues. C\u2019est-\u00e0-dire les parlementaires qui ont valid\u00e9 cette charte de la C\u00c9D\u00c9AO. Toutes les lois que nous avons au sein de la C\u00c9D\u00c9AO ont \u00e9t\u00e9 vot\u00e9es par les \u00e9lus et non par les politiques. Ce n\u2019est pas une d\u00e9cision politique qui nous a fait adh\u00e9rer \u00e0 la C\u00c9D\u00c9AO et ce n\u2019est pas une d\u00e9cision politique qui devrait nous retirer de la C\u00c9D\u00c9AO. \u00c7a doit \u00eatre une d\u00e9cision l\u00e9gislative. Mais, les parlementaires que nous avons dans ces pays l\u00e0 aujourd\u2019hui tel que le notre, ce ne sont pas des parlementaires qui \u00e9taient \u00e9lus. Ce sont les CNT. Ce sont des personnes qui ont \u00e9t\u00e9 nomm\u00e9es, elles n\u2019ont pas \u00e9t\u00e9 nomm\u00e9es\u201d, a martel\u00e9 l\u2019ancien d\u00e9put\u00e9.<\/span><\/p>\n<p class=\"p2\"><span class=\"s1\">Mohamed Camara <\/span><\/p>\n","protected":false},"excerpt":{"rendered":"<p>Dans une d\u00e9claration conjointe publi\u00e9e hier dimanche 29 janvier 2024, le Mali, le Burkina Faso<\/p>\n","protected":false},"author":2,"featured_media":5078,"comment_status":"closed","ping_status":"open","sticky":false,"template":"","format":"standard","meta":[],"categories":[3,4],"tags":[229],"yoast_head":"<!-- This site is optimized with the Yoast SEO plugin v19.13 - https:\/\/yoast.com\/wordpress\/plugins\/seo\/ -->\n<title>Mohamed Lamine Kaba sur le retrait du Mali, du Burkina et du Niger \u00e0 la C\u00c9D\u00c9AO: \u201cIls n\u2019ont pas la l\u00e9gitimit\u00e9 requise pour se retirer\u201d - UNIVERSNEWS224<\/title>\n<meta name=\"robots\" content=\"index, follow, max-snippet:-1, max-image-preview:large, max-video-preview:-1\" \/>\n<link rel=\"canonical\" href=\"https:\/\/universnews224.com\/index.php\/mohamed-lamine-kaba-sur-le-retrait-du-mali-du-burkina-et-du-niger-a-la-cedeao-ils-nont-pas-la-legitimite-requise-pour-se-retirer\/\" \/>\n<meta property=\"og:locale\" content=\"fr_FR\" \/>\n<meta property=\"og:type\" content=\"article\" \/>\n<meta property=\"og:title\" content=\"Mohamed Lamine Kaba sur le retrait du Mali, du Burkina et du Niger \u00e0 la C\u00c9D\u00c9AO: \u201cIls n\u2019ont pas la l\u00e9gitimit\u00e9 requise pour se retirer\u201d - UNIVERSNEWS224\" \/>\n<meta property=\"og:description\" content=\"Dans une d\u00e9claration conjointe publi\u00e9e hier dimanche 29 janvier 2024, le Mali, le Burkina Faso\" \/>\n<meta property=\"og:url\" content=\"https:\/\/universnews224.com\/index.php\/mohamed-lamine-kaba-sur-le-retrait-du-mali-du-burkina-et-du-niger-a-la-cedeao-ils-nont-pas-la-legitimite-requise-pour-se-retirer\/\" \/>\n<meta property=\"og:site_name\" content=\"UNIVERSNEWS224\" \/>\n<meta property=\"article:published_time\" content=\"2024-01-29T22:39:51+00:00\" \/>\n<meta property=\"og:image\" content=\"https:\/\/universnews224.com\/wp-content\/uploads\/2024\/01\/71CE9EE1-F1AE-4798-8F59-DF8106E34121.jpeg\" \/>\n\t<meta property=\"og:image:width\" content=\"269\" \/>\n\t<meta property=\"og:image:height\" content=\"134\" \/>\n\t<meta property=\"og:image:type\" content=\"image\/jpeg\" \/>\n<meta name=\"author\" content=\"La R\u00e9daction\" \/>\n<meta name=\"twitter:label1\" content=\"\u00c9crit par\" \/>\n\t<meta name=\"twitter:data1\" content=\"La R\u00e9daction\" \/>\n\t<meta name=\"twitter:label2\" content=\"Dur\u00e9e de lecture estim\u00e9e\" \/>\n\t<meta name=\"twitter:data2\" content=\"2 minutes\" \/>\n<script type=\"application\/ld+json\" class=\"yoast-schema-graph\">{\"@context\":\"https:\/\/schema.org\",\"@graph\":[{\"@type\":\"Article\",\"@id\":\"https:\/\/universnews224.com\/index.php\/mohamed-lamine-kaba-sur-le-retrait-du-mali-du-burkina-et-du-niger-a-la-cedeao-ils-nont-pas-la-legitimite-requise-pour-se-retirer\/#article\",\"isPartOf\":{\"@id\":\"https:\/\/universnews224.com\/index.php\/mohamed-lamine-kaba-sur-le-retrait-du-mali-du-burkina-et-du-niger-a-la-cedeao-ils-nont-pas-la-legitimite-requise-pour-se-retirer\/\"},\"author\":{\"name\":\"La R\u00e9daction\",\"@id\":\"https:\/\/universnews224.com\/#\/schema\/person\/a4b7d4f94a4716df60456a491260485e\"},\"headline\":\"Mohamed Lamine Kaba sur le retrait du Mali, du Burkina et du Niger \u00e0 la C\u00c9D\u00c9AO: \u201cIls n\u2019ont pas la l\u00e9gitimit\u00e9 requise pour se retirer\u201d\",\"datePublished\":\"2024-01-29T22:39:51+00:00\",\"dateModified\":\"2024-01-29T22:39:51+00:00\",\"mainEntityOfPage\":{\"@id\":\"https:\/\/universnews224.com\/index.php\/mohamed-lamine-kaba-sur-le-retrait-du-mali-du-burkina-et-du-niger-a-la-cedeao-ils-nont-pas-la-legitimite-requise-pour-se-retirer\/\"},\"wordCount\":313,\"publisher\":{\"@id\":\"https:\/\/universnews224.com\/#organization\"},\"keywords\":[\"La une\"],\"articleSection\":[\"ACTU\",\"POLITIQUE\"],\"inLanguage\":\"fr-FR\"},{\"@type\":\"WebPage\",\"@id\":\"https:\/\/universnews224.com\/index.php\/mohamed-lamine-kaba-sur-le-retrait-du-mali-du-burkina-et-du-niger-a-la-cedeao-ils-nont-pas-la-legitimite-requise-pour-se-retirer\/\",\"url\":\"https:\/\/universnews224.com\/index.php\/mohamed-lamine-kaba-sur-le-retrait-du-mali-du-burkina-et-du-niger-a-la-cedeao-ils-nont-pas-la-legitimite-requise-pour-se-retirer\/\",\"name\":\"Mohamed Lamine Kaba sur le retrait du Mali, du Burkina et du Niger \u00e0 la C\u00c9D\u00c9AO: \u201cIls n\u2019ont pas la l\u00e9gitimit\u00e9 requise pour se retirer\u201d - UNIVERSNEWS224\",\"isPartOf\":{\"@id\":\"https:\/\/universnews224.com\/#website\"},\"datePublished\":\"2024-01-29T22:39:51+00:00\",\"dateModified\":\"2024-01-29T22:39:51+00:00\",\"inLanguage\":\"fr-FR\",\"potentialAction\":[{\"@type\":\"ReadAction\",\"target\":[\"https:\/\/universnews224.com\/index.php\/mohamed-lamine-kaba-sur-le-retrait-du-mali-du-burkina-et-du-niger-a-la-cedeao-ils-nont-pas-la-legitimite-requise-pour-se-retirer\/\"]}]},{\"@type\":\"WebSite\",\"@id\":\"https:\/\/universnews224.com\/#website\",\"url\":\"https:\/\/universnews224.com\/\",\"name\":\"UNIVERSNEWS224\",\"description\":\"\",\"publisher\":{\"@id\":\"https:\/\/universnews224.com\/#organization\"},\"potentialAction\":[{\"@type\":\"SearchAction\",\"target\":{\"@type\":\"EntryPoint\",\"urlTemplate\":\"https:\/\/universnews224.com\/?s={search_term_string}\"},\"query-input\":\"required name=search_term_string\"}],\"inLanguage\":\"fr-FR\"},{\"@type\":\"Organization\",\"@id\":\"https:\/\/universnews224.com\/#organization\",\"name\":\"UNIVERSNEWS224\",\"url\":\"https:\/\/universnews224.com\/\",\"logo\":{\"@type\":\"ImageObject\",\"inLanguage\":\"fr-FR\",\"@id\":\"https:\/\/universnews224.com\/#\/schema\/logo\/image\/\",\"url\":\"https:\/\/universnews224.com\/wp-content\/uploads\/2022\/08\/cropped-cropped-logoban.jpg\",\"contentUrl\":\"https:\/\/universnews224.com\/wp-content\/uploads\/2022\/08\/cropped-cropped-logoban.jpg\",\"width\":1080,\"height\":138,\"caption\":\"UNIVERSNEWS224\"},\"image\":{\"@id\":\"https:\/\/universnews224.com\/#\/schema\/logo\/image\/\"}},{\"@type\":\"Person\",\"@id\":\"https:\/\/universnews224.com\/#\/schema\/person\/a4b7d4f94a4716df60456a491260485e\",\"name\":\"La R\u00e9daction\",\"image\":{\"@type\":\"ImageObject\",\"inLanguage\":\"fr-FR\",\"@id\":\"https:\/\/universnews224.com\/#\/schema\/person\/image\/\",\"url\":\"https:\/\/secure.gravatar.com\/avatar\/edb90acc7752b23e1b3307ad36c14f0d?s=96&d=mm&r=g\",\"contentUrl\":\"https:\/\/secure.gravatar.com\/avatar\/edb90acc7752b23e1b3307ad36c14f0d?s=96&d=mm&r=g\",\"caption\":\"La R\u00e9daction\"},\"sameAs\":[\"https:\/\/universnews224.com\"],\"url\":\"https:\/\/universnews224.com\/index.php\/author\/m-camara\/\"}]}<\/script>\n<!-- \/ Yoast SEO plugin. -->","yoast_head_json":{"title":"Mohamed Lamine Kaba sur le retrait du Mali, du Burkina et du Niger \u00e0 la C\u00c9D\u00c9AO: \u201cIls n\u2019ont pas la l\u00e9gitimit\u00e9 requise pour se retirer\u201d - UNIVERSNEWS224","robots":{"index":"index","follow":"follow","max-snippet":"max-snippet:-1","max-image-preview":"max-image-preview:large","max-video-preview":"max-video-preview:-1"},"canonical":"https:\/\/universnews224.com\/index.php\/mohamed-lamine-kaba-sur-le-retrait-du-mali-du-burkina-et-du-niger-a-la-cedeao-ils-nont-pas-la-legitimite-requise-pour-se-retirer\/","og_locale":"fr_FR","og_type":"article","og_title":"Mohamed Lamine Kaba sur le retrait du Mali, du Burkina et du Niger \u00e0 la C\u00c9D\u00c9AO: \u201cIls n\u2019ont pas la l\u00e9gitimit\u00e9 requise pour se retirer\u201d - UNIVERSNEWS224","og_description":"Dans une d\u00e9claration conjointe publi\u00e9e hier dimanche 29 janvier 2024, le Mali, le Burkina Faso","og_url":"https:\/\/universnews224.com\/index.php\/mohamed-lamine-kaba-sur-le-retrait-du-mali-du-burkina-et-du-niger-a-la-cedeao-ils-nont-pas-la-legitimite-requise-pour-se-retirer\/","og_site_name":"UNIVERSNEWS224","article_published_time":"2024-01-29T22:39:51+00:00","og_image":[{"width":269,"height":134,"url":"https:\/\/universnews224.com\/wp-content\/uploads\/2024\/01\/71CE9EE1-F1AE-4798-8F59-DF8106E34121.jpeg","type":"image\/jpeg"}],"author":"La R\u00e9daction","twitter_misc":{"\u00c9crit par":"La R\u00e9daction","Dur\u00e9e de lecture estim\u00e9e":"2 minutes"},"schema":{"@context":"https:\/\/schema.org","@graph":[{"@type":"Article","@id":"https:\/\/universnews224.com\/index.php\/mohamed-lamine-kaba-sur-le-retrait-du-mali-du-burkina-et-du-niger-a-la-cedeao-ils-nont-pas-la-legitimite-requise-pour-se-retirer\/#article","isPartOf":{"@id":"https:\/\/universnews224.com\/index.php\/mohamed-lamine-kaba-sur-le-retrait-du-mali-du-burkina-et-du-niger-a-la-cedeao-ils-nont-pas-la-legitimite-requise-pour-se-retirer\/"},"author":{"name":"La R\u00e9daction","@id":"https:\/\/universnews224.com\/#\/schema\/person\/a4b7d4f94a4716df60456a491260485e"},"headline":"Mohamed Lamine Kaba sur le retrait du Mali, du Burkina et du Niger \u00e0 la C\u00c9D\u00c9AO: \u201cIls n\u2019ont pas la l\u00e9gitimit\u00e9 requise pour se retirer\u201d","datePublished":"2024-01-29T22:39:51+00:00","dateModified":"2024-01-29T22:39:51+00:00","mainEntityOfPage":{"@id":"https:\/\/universnews224.com\/index.php\/mohamed-lamine-kaba-sur-le-retrait-du-mali-du-burkina-et-du-niger-a-la-cedeao-ils-nont-pas-la-legitimite-requise-pour-se-retirer\/"},"wordCount":313,"publisher":{"@id":"https:\/\/universnews224.com\/#organization"},"keywords":["La une"],"articleSection":["ACTU","POLITIQUE"],"inLanguage":"fr-FR"},{"@type":"WebPage","@id":"https:\/\/universnews224.com\/index.php\/mohamed-lamine-kaba-sur-le-retrait-du-mali-du-burkina-et-du-niger-a-la-cedeao-ils-nont-pas-la-legitimite-requise-pour-se-retirer\/","url":"https:\/\/universnews224.com\/index.php\/mohamed-lamine-kaba-sur-le-retrait-du-mali-du-burkina-et-du-niger-a-la-cedeao-ils-nont-pas-la-legitimite-requise-pour-se-retirer\/","name":"Mohamed Lamine Kaba sur le retrait du Mali, du Burkina et du Niger \u00e0 la C\u00c9D\u00c9AO: \u201cIls n\u2019ont pas la l\u00e9gitimit\u00e9 requise pour se retirer\u201d - UNIVERSNEWS224","isPartOf":{"@id":"https:\/\/universnews224.com\/#website"},"datePublished":"2024-01-29T22:39:51+00:00","dateModified":"2024-01-29T22:39:51+00:00","inLanguage":"fr-FR","potentialAction":[{"@type":"ReadAction","target":["https:\/\/universnews224.com\/index.php\/mohamed-lamine-kaba-sur-le-retrait-du-mali-du-burkina-et-du-niger-a-la-cedeao-ils-nont-pas-la-legitimite-requise-pour-se-retirer\/"]}]},{"@type":"WebSite","@id":"https:\/\/universnews224.com\/#website","url":"https:\/\/universnews224.com\/","name":"UNIVERSNEWS224","description":"","publisher":{"@id":"https:\/\/universnews224.com\/#organization"},"potentialAction":[{"@type":"SearchAction","target":{"@type":"EntryPoint","urlTemplate":"https:\/\/universnews224.com\/?s={search_term_string}"},"query-input":"required name=search_term_string"}],"inLanguage":"fr-FR"},{"@type":"Organization","@id":"https:\/\/universnews224.com\/#organization","name":"UNIVERSNEWS224","url":"https:\/\/universnews224.com\/","logo":{"@type":"ImageObject","inLanguage":"fr-FR","@id":"https:\/\/universnews224.com\/#\/schema\/logo\/image\/","url":"https:\/\/universnews224.com\/wp-content\/uploads\/2022\/08\/cropped-cropped-logoban.jpg","contentUrl":"https:\/\/universnews224.com\/wp-content\/uploads\/2022\/08\/cropped-cropped-logoban.jpg","width":1080,"height":138,"caption":"UNIVERSNEWS224"},"image":{"@id":"https:\/\/universnews224.com\/#\/schema\/logo\/image\/"}},{"@type":"Person","@id":"https:\/\/universnews224.com\/#\/schema\/person\/a4b7d4f94a4716df60456a491260485e","name":"La R\u00e9daction","image":{"@type":"ImageObject","inLanguage":"fr-FR","@id":"https:\/\/universnews224.com\/#\/schema\/person\/image\/","url":"https:\/\/secure.gravatar.com\/avatar\/edb90acc7752b23e1b3307ad36c14f0d?s=96&d=mm&r=g","contentUrl":"https:\/\/secure.gravatar.com\/avatar\/edb90acc7752b23e1b3307ad36c14f0d?s=96&d=mm&r=g","caption":"La R\u00e9daction"},"sameAs":["https:\/\/universnews224.com"],"url":"https:\/\/universnews224.com\/index.php\/author\/m-camara\/"}]}},"_links":{"self":[{"href":"https:\/\/universnews224.com\/index.php\/wp-json\/wp\/v2\/posts\/5077"}],"collection":[{"href":"https:\/\/universnews224.com\/index.php\/wp-json\/wp\/v2\/posts"}],"about":[{"href":"https:\/\/universnews224.com\/index.php\/wp-json\/wp\/v2\/types\/post"}],"author":[{"embeddable":true,"href":"https:\/\/universnews224.com\/index.php\/wp-json\/wp\/v2\/users\/2"}],"replies":[{"embeddable":true,"href":"https:\/\/universnews224.com\/index.php\/wp-json\/wp\/v2\/comments?post=5077"}],"version-history":[{"count":1,"href":"https:\/\/universnews224.com\/index.php\/wp-json\/wp\/v2\/posts\/5077\/revisions"}],"predecessor-version":[{"id":5079,"href":"https:\/\/universnews224.com\/index.php\/wp-json\/wp\/v2\/posts\/5077\/revisions\/5079"}],"wp:featuredmedia":[{"embeddable":true,"href":"https:\/\/universnews224.com\/index.php\/wp-json\/wp\/v2\/media\/5078"}],"wp:attachment":[{"href":"https:\/\/universnews224.com\/index.php\/wp-json\/wp\/v2\/media?parent=5077"}],"wp:term":[{"taxonomy":"category","embeddable":true,"href":"https:\/\/universnews224.com\/index.php\/wp-json\/wp\/v2\/categories?post=5077"},{"taxonomy":"post_tag","embeddable":true,"href":"https:\/\/universnews224.com\/index.php\/wp-json\/wp\/v2\/tags?post=5077"}],"curies":[{"name":"wp","href":"https:\/\/api.w.org\/{rel}","templated":true}]}}