{"id":5084,"date":"2024-01-30T18:25:15","date_gmt":"2024-01-30T17:25:15","guid":{"rendered":"https:\/\/universnews224.com\/?p=5084"},"modified":"2024-01-30T18:25:15","modified_gmt":"2024-01-30T17:25:15","slug":"hamidou-barry-sur-lappel-des-etats-unis-de-proposer-un-calendrier-electoral-clair-nous-sommes-dans-facon-de-penser-et-dagir-de-ce-diplomate-americain","status":"publish","type":"post","link":"https:\/\/universnews224.com\/index.php\/hamidou-barry-sur-lappel-des-etats-unis-de-proposer-un-calendrier-electoral-clair-nous-sommes-dans-facon-de-penser-et-dagir-de-ce-diplomate-americain\/","title":{"rendered":"Hamidou Barry sur l\u2019appel des \u00c9tats Unis de proposer un calendrier \u00e9lectoral clair: \u201cNous sommes dans fa\u00e7on de penser et d\u2019agir de ce diplomate am\u00e9ricain\u201d."},"content":{"rendered":"<p class=\"p1\">En s\u00e9jour de travail en Guin\u00e9e, le diplomate am\u00e9ricain, Michael Heath, secr\u00e9taire-adjoint pour l\u2019Afrique de l\u2019Ouest a, au sortir d\u2019un entretien avec le ministre guin\u00e9en des affaires \u00e9trang\u00e8res, hier lundi 29 janvier, appel\u00e9 les autorit\u00e9s de la transition \u00e0 proposer\u00abun calendrier \u00e9lectoral clair\u00bb pour un retour \u00e0 l\u2019ordre constitutionnel.<\/p>\n<p class=\"p1\"><span class=\"s1\">S\u2019exprimant sur cette actualit\u00e9 chez nos confr\u00e8res de la radio Nostalgie Guin\u00e9e dans l\u2019\u00e9mission \u00abFace \u00e0 l\u2019info\u00bb de ce mardi, 30 janvier 2024, le pr\u00e9sident Parti Citoyen pour la D\u00e9fense des Int\u00e9r\u00eats Collectifs salue cette position des \u00c9tats Unis. <\/span><\/p>\n<p class=\"p1\"><span class=\"s1\">Selon Hamidou Barry, \u00e0 plusieurs mois de la fin<span class=\"Apple-converted-space\">\u00a0 <\/span>du promis dynamique sign\u00e9 entre la junte au pouvoir et la C\u00c9D\u00c9AO, la transition guin\u00e9enne est dans une impasse totale.<\/span><\/p>\n<p class=\"p1\"><span class=\"s1\">\u201cNous sommes dans fa\u00e7on de penser et d\u2019agir de ce diplomate am\u00e9ricain. Parce que depuis le 1er janvier 2023, il y a un engagement solennel du premier ministre \u00e0 l\u2019\u00e9gard de la C\u00c9D\u00c9AO, pour dire qu\u2019\u00e0 partir de ce 1er janvier l\u00e0, le retour \u00e0 l\u2019ordre constitutionnel est fix\u00e9 pour 24 mois. Chose dont on a eu \u00e0 prendre acte et \u00e0 date, nous sommes \u00e0 jour quelques heures du mois de f\u00e9vrier, on a aucune visibilit\u00e9 sur cette transition. Si rien n\u2019est fait, \u00e9tant donn\u00e9 qu\u2019on a d\u00e9j\u00e0 consomm\u00e9 une ann\u00e9e et nous sommes vers le deuxi\u00e8me mois de la derni\u00e8re ann\u00e9e, je pense que tout bon guin\u00e9en doit s\u2019interroger sur ce que les autorit\u00e9s de la transition veulent ou vers quelle orientation, elles veulent nous conduire\u201d, a t-il d\u00e9nonc\u00e9. <\/span><\/p>\n<p class=\"p1\"><span class=\"s1\">Poursuivant, cet leader politique demande aux autorit\u00e9s de la transition de poser des actes allant dans le sens de rassurer la communaut\u00e9 nationale et internationale quant au respect des engagements pris avec l\u2019institution sous-r\u00e9gionale. <\/span><\/p>\n<p class=\"p1\"><span class=\"s1\">\u201cLes actes palpables et visibles m\u00e9ritent d\u2019\u00eatre pos\u00e9s pour rassurer les partenaires que nous sommes, pour rassurer la communaut\u00e9 nationale et internationale sur l\u2019engagement que le gouvernement a tenu il y a plus d\u2019une ann\u00e9e pour le retour \u00e0 l\u2019ordre constitutionnel. Il faudrait que le G\u00e9n\u00e9ral accepte d\u2019\u00eatre en harmonie avec sa conscience, qu\u2019il se rappelle de son discours du 05 septembre o\u00f9 il nous a promis de nous d\u00e9barrasser de tous les maux dont on a connu par le pass\u00e9. Je l\u2019interpelle de se remettre en cause pour voir comment est-ce que ce pays peut aller vers un retour \u00e0 l\u2019ordre constitutionnel. Parce qu\u2019\u00e0 un moment donn\u00e9 trop c\u2019est trop! On ne peut pas partir de z\u00e9ro pour continuer \u00e0 museler cette population qui n\u2019a que trop souffert de la mauvaise gouvernance de ceux qui nous dirigent\u201d, a t-il ass\u00e9n\u00e9. <\/span><\/p>\n<p class=\"p1\">\n<p class=\"p2\">\n","protected":false},"excerpt":{"rendered":"<p>En s\u00e9jour de travail en Guin\u00e9e, le diplomate am\u00e9ricain, Michael Heath, secr\u00e9taire-adjoint pour l\u2019Afrique de<\/p>\n","protected":false},"author":2,"featured_media":4909,"comment_status":"closed","ping_status":"open","sticky":false,"template":"","format":"standard","meta":[],"categories":[3,4],"tags":[229],"yoast_head":"<!-- This site is optimized with the Yoast SEO plugin v19.13 - https:\/\/yoast.com\/wordpress\/plugins\/seo\/ -->\n<title>Hamidou Barry sur l\u2019appel des \u00c9tats Unis de proposer un calendrier \u00e9lectoral clair: \u201cNous sommes dans fa\u00e7on de penser et d\u2019agir de ce diplomate am\u00e9ricain\u201d. - UNIVERSNEWS224<\/title>\n<meta name=\"robots\" content=\"index, follow, max-snippet:-1, max-image-preview:large, max-video-preview:-1\" \/>\n<link rel=\"canonical\" href=\"https:\/\/universnews224.com\/index.php\/hamidou-barry-sur-lappel-des-etats-unis-de-proposer-un-calendrier-electoral-clair-nous-sommes-dans-facon-de-penser-et-dagir-de-ce-diplomate-americain\/\" \/>\n<meta property=\"og:locale\" content=\"fr_FR\" \/>\n<meta property=\"og:type\" content=\"article\" \/>\n<meta property=\"og:title\" content=\"Hamidou Barry sur l\u2019appel des \u00c9tats Unis de proposer un calendrier \u00e9lectoral clair: \u201cNous sommes dans fa\u00e7on de penser et d\u2019agir de ce diplomate am\u00e9ricain\u201d. - UNIVERSNEWS224\" \/>\n<meta property=\"og:description\" content=\"En s\u00e9jour de travail en Guin\u00e9e, le diplomate am\u00e9ricain, Michael Heath, secr\u00e9taire-adjoint pour l\u2019Afrique de\" \/>\n<meta property=\"og:url\" content=\"https:\/\/universnews224.com\/index.php\/hamidou-barry-sur-lappel-des-etats-unis-de-proposer-un-calendrier-electoral-clair-nous-sommes-dans-facon-de-penser-et-dagir-de-ce-diplomate-americain\/\" \/>\n<meta property=\"og:site_name\" content=\"UNIVERSNEWS224\" \/>\n<meta property=\"article:published_time\" content=\"2024-01-30T17:25:15+00:00\" \/>\n<meta property=\"og:image\" content=\"https:\/\/universnews224.com\/wp-content\/uploads\/2024\/01\/9B17B815-E29D-4794-8DEC-2279B21F14FB.jpeg\" \/>\n\t<meta property=\"og:image:width\" content=\"275\" \/>\n\t<meta property=\"og:image:height\" content=\"183\" \/>\n\t<meta property=\"og:image:type\" content=\"image\/jpeg\" \/>\n<meta name=\"author\" content=\"La R\u00e9daction\" \/>\n<meta name=\"twitter:label1\" content=\"\u00c9crit par\" \/>\n\t<meta name=\"twitter:data1\" content=\"La R\u00e9daction\" \/>\n\t<meta name=\"twitter:label2\" content=\"Dur\u00e9e de lecture estim\u00e9e\" \/>\n\t<meta name=\"twitter:data2\" content=\"3 minutes\" \/>\n<script type=\"application\/ld+json\" class=\"yoast-schema-graph\">{\"@context\":\"https:\/\/schema.org\",\"@graph\":[{\"@type\":\"Article\",\"@id\":\"https:\/\/universnews224.com\/index.php\/hamidou-barry-sur-lappel-des-etats-unis-de-proposer-un-calendrier-electoral-clair-nous-sommes-dans-facon-de-penser-et-dagir-de-ce-diplomate-americain\/#article\",\"isPartOf\":{\"@id\":\"https:\/\/universnews224.com\/index.php\/hamidou-barry-sur-lappel-des-etats-unis-de-proposer-un-calendrier-electoral-clair-nous-sommes-dans-facon-de-penser-et-dagir-de-ce-diplomate-americain\/\"},\"author\":{\"name\":\"La R\u00e9daction\",\"@id\":\"https:\/\/universnews224.com\/#\/schema\/person\/a4b7d4f94a4716df60456a491260485e\"},\"headline\":\"Hamidou Barry sur l\u2019appel des \u00c9tats Unis de proposer un calendrier \u00e9lectoral clair: \u201cNous sommes dans fa\u00e7on de penser et d\u2019agir de ce diplomate am\u00e9ricain\u201d.\",\"datePublished\":\"2024-01-30T17:25:15+00:00\",\"dateModified\":\"2024-01-30T17:25:15+00:00\",\"mainEntityOfPage\":{\"@id\":\"https:\/\/universnews224.com\/index.php\/hamidou-barry-sur-lappel-des-etats-unis-de-proposer-un-calendrier-electoral-clair-nous-sommes-dans-facon-de-penser-et-dagir-de-ce-diplomate-americain\/\"},\"wordCount\":498,\"publisher\":{\"@id\":\"https:\/\/universnews224.com\/#organization\"},\"keywords\":[\"La une\"],\"articleSection\":[\"ACTU\",\"POLITIQUE\"],\"inLanguage\":\"fr-FR\"},{\"@type\":\"WebPage\",\"@id\":\"https:\/\/universnews224.com\/index.php\/hamidou-barry-sur-lappel-des-etats-unis-de-proposer-un-calendrier-electoral-clair-nous-sommes-dans-facon-de-penser-et-dagir-de-ce-diplomate-americain\/\",\"url\":\"https:\/\/universnews224.com\/index.php\/hamidou-barry-sur-lappel-des-etats-unis-de-proposer-un-calendrier-electoral-clair-nous-sommes-dans-facon-de-penser-et-dagir-de-ce-diplomate-americain\/\",\"name\":\"Hamidou Barry sur l\u2019appel des \u00c9tats Unis de proposer un calendrier \u00e9lectoral clair: \u201cNous sommes dans fa\u00e7on de penser et d\u2019agir de ce diplomate am\u00e9ricain\u201d. - UNIVERSNEWS224\",\"isPartOf\":{\"@id\":\"https:\/\/universnews224.com\/#website\"},\"datePublished\":\"2024-01-30T17:25:15+00:00\",\"dateModified\":\"2024-01-30T17:25:15+00:00\",\"inLanguage\":\"fr-FR\",\"potentialAction\":[{\"@type\":\"ReadAction\",\"target\":[\"https:\/\/universnews224.com\/index.php\/hamidou-barry-sur-lappel-des-etats-unis-de-proposer-un-calendrier-electoral-clair-nous-sommes-dans-facon-de-penser-et-dagir-de-ce-diplomate-americain\/\"]}]},{\"@type\":\"WebSite\",\"@id\":\"https:\/\/universnews224.com\/#website\",\"url\":\"https:\/\/universnews224.com\/\",\"name\":\"UNIVERSNEWS224\",\"description\":\"\",\"publisher\":{\"@id\":\"https:\/\/universnews224.com\/#organization\"},\"potentialAction\":[{\"@type\":\"SearchAction\",\"target\":{\"@type\":\"EntryPoint\",\"urlTemplate\":\"https:\/\/universnews224.com\/?s={search_term_string}\"},\"query-input\":\"required name=search_term_string\"}],\"inLanguage\":\"fr-FR\"},{\"@type\":\"Organization\",\"@id\":\"https:\/\/universnews224.com\/#organization\",\"name\":\"UNIVERSNEWS224\",\"url\":\"https:\/\/universnews224.com\/\",\"logo\":{\"@type\":\"ImageObject\",\"inLanguage\":\"fr-FR\",\"@id\":\"https:\/\/universnews224.com\/#\/schema\/logo\/image\/\",\"url\":\"https:\/\/universnews224.com\/wp-content\/uploads\/2022\/08\/cropped-cropped-logoban.jpg\",\"contentUrl\":\"https:\/\/universnews224.com\/wp-content\/uploads\/2022\/08\/cropped-cropped-logoban.jpg\",\"width\":1080,\"height\":138,\"caption\":\"UNIVERSNEWS224\"},\"image\":{\"@id\":\"https:\/\/universnews224.com\/#\/schema\/logo\/image\/\"}},{\"@type\":\"Person\",\"@id\":\"https:\/\/universnews224.com\/#\/schema\/person\/a4b7d4f94a4716df60456a491260485e\",\"name\":\"La R\u00e9daction\",\"image\":{\"@type\":\"ImageObject\",\"inLanguage\":\"fr-FR\",\"@id\":\"https:\/\/universnews224.com\/#\/schema\/person\/image\/\",\"url\":\"https:\/\/secure.gravatar.com\/avatar\/edb90acc7752b23e1b3307ad36c14f0d?s=96&d=mm&r=g\",\"contentUrl\":\"https:\/\/secure.gravatar.com\/avatar\/edb90acc7752b23e1b3307ad36c14f0d?s=96&d=mm&r=g\",\"caption\":\"La R\u00e9daction\"},\"sameAs\":[\"https:\/\/universnews224.com\"],\"url\":\"https:\/\/universnews224.com\/index.php\/author\/m-camara\/\"}]}<\/script>\n<!-- \/ Yoast SEO plugin. -->","yoast_head_json":{"title":"Hamidou Barry sur l\u2019appel des \u00c9tats Unis de proposer un calendrier \u00e9lectoral clair: \u201cNous sommes dans fa\u00e7on de penser et d\u2019agir de ce diplomate am\u00e9ricain\u201d. - UNIVERSNEWS224","robots":{"index":"index","follow":"follow","max-snippet":"max-snippet:-1","max-image-preview":"max-image-preview:large","max-video-preview":"max-video-preview:-1"},"canonical":"https:\/\/universnews224.com\/index.php\/hamidou-barry-sur-lappel-des-etats-unis-de-proposer-un-calendrier-electoral-clair-nous-sommes-dans-facon-de-penser-et-dagir-de-ce-diplomate-americain\/","og_locale":"fr_FR","og_type":"article","og_title":"Hamidou Barry sur l\u2019appel des \u00c9tats Unis de proposer un calendrier \u00e9lectoral clair: \u201cNous sommes dans fa\u00e7on de penser et d\u2019agir de ce diplomate am\u00e9ricain\u201d. - UNIVERSNEWS224","og_description":"En s\u00e9jour de travail en Guin\u00e9e, le diplomate am\u00e9ricain, Michael Heath, secr\u00e9taire-adjoint pour l\u2019Afrique de","og_url":"https:\/\/universnews224.com\/index.php\/hamidou-barry-sur-lappel-des-etats-unis-de-proposer-un-calendrier-electoral-clair-nous-sommes-dans-facon-de-penser-et-dagir-de-ce-diplomate-americain\/","og_site_name":"UNIVERSNEWS224","article_published_time":"2024-01-30T17:25:15+00:00","og_image":[{"width":275,"height":183,"url":"https:\/\/universnews224.com\/wp-content\/uploads\/2024\/01\/9B17B815-E29D-4794-8DEC-2279B21F14FB.jpeg","type":"image\/jpeg"}],"author":"La R\u00e9daction","twitter_misc":{"\u00c9crit par":"La R\u00e9daction","Dur\u00e9e de lecture estim\u00e9e":"3 minutes"},"schema":{"@context":"https:\/\/schema.org","@graph":[{"@type":"Article","@id":"https:\/\/universnews224.com\/index.php\/hamidou-barry-sur-lappel-des-etats-unis-de-proposer-un-calendrier-electoral-clair-nous-sommes-dans-facon-de-penser-et-dagir-de-ce-diplomate-americain\/#article","isPartOf":{"@id":"https:\/\/universnews224.com\/index.php\/hamidou-barry-sur-lappel-des-etats-unis-de-proposer-un-calendrier-electoral-clair-nous-sommes-dans-facon-de-penser-et-dagir-de-ce-diplomate-americain\/"},"author":{"name":"La R\u00e9daction","@id":"https:\/\/universnews224.com\/#\/schema\/person\/a4b7d4f94a4716df60456a491260485e"},"headline":"Hamidou Barry sur l\u2019appel des \u00c9tats Unis de proposer un calendrier \u00e9lectoral clair: \u201cNous sommes dans fa\u00e7on de penser et d\u2019agir de ce diplomate am\u00e9ricain\u201d.","datePublished":"2024-01-30T17:25:15+00:00","dateModified":"2024-01-30T17:25:15+00:00","mainEntityOfPage":{"@id":"https:\/\/universnews224.com\/index.php\/hamidou-barry-sur-lappel-des-etats-unis-de-proposer-un-calendrier-electoral-clair-nous-sommes-dans-facon-de-penser-et-dagir-de-ce-diplomate-americain\/"},"wordCount":498,"publisher":{"@id":"https:\/\/universnews224.com\/#organization"},"keywords":["La une"],"articleSection":["ACTU","POLITIQUE"],"inLanguage":"fr-FR"},{"@type":"WebPage","@id":"https:\/\/universnews224.com\/index.php\/hamidou-barry-sur-lappel-des-etats-unis-de-proposer-un-calendrier-electoral-clair-nous-sommes-dans-facon-de-penser-et-dagir-de-ce-diplomate-americain\/","url":"https:\/\/universnews224.com\/index.php\/hamidou-barry-sur-lappel-des-etats-unis-de-proposer-un-calendrier-electoral-clair-nous-sommes-dans-facon-de-penser-et-dagir-de-ce-diplomate-americain\/","name":"Hamidou Barry sur l\u2019appel des \u00c9tats Unis de proposer un calendrier \u00e9lectoral clair: \u201cNous sommes dans fa\u00e7on de penser et d\u2019agir de ce diplomate am\u00e9ricain\u201d. - UNIVERSNEWS224","isPartOf":{"@id":"https:\/\/universnews224.com\/#website"},"datePublished":"2024-01-30T17:25:15+00:00","dateModified":"2024-01-30T17:25:15+00:00","inLanguage":"fr-FR","potentialAction":[{"@type":"ReadAction","target":["https:\/\/universnews224.com\/index.php\/hamidou-barry-sur-lappel-des-etats-unis-de-proposer-un-calendrier-electoral-clair-nous-sommes-dans-facon-de-penser-et-dagir-de-ce-diplomate-americain\/"]}]},{"@type":"WebSite","@id":"https:\/\/universnews224.com\/#website","url":"https:\/\/universnews224.com\/","name":"UNIVERSNEWS224","description":"","publisher":{"@id":"https:\/\/universnews224.com\/#organization"},"potentialAction":[{"@type":"SearchAction","target":{"@type":"EntryPoint","urlTemplate":"https:\/\/universnews224.com\/?s={search_term_string}"},"query-input":"required name=search_term_string"}],"inLanguage":"fr-FR"},{"@type":"Organization","@id":"https:\/\/universnews224.com\/#organization","name":"UNIVERSNEWS224","url":"https:\/\/universnews224.com\/","logo":{"@type":"ImageObject","inLanguage":"fr-FR","@id":"https:\/\/universnews224.com\/#\/schema\/logo\/image\/","url":"https:\/\/universnews224.com\/wp-content\/uploads\/2022\/08\/cropped-cropped-logoban.jpg","contentUrl":"https:\/\/universnews224.com\/wp-content\/uploads\/2022\/08\/cropped-cropped-logoban.jpg","width":1080,"height":138,"caption":"UNIVERSNEWS224"},"image":{"@id":"https:\/\/universnews224.com\/#\/schema\/logo\/image\/"}},{"@type":"Person","@id":"https:\/\/universnews224.com\/#\/schema\/person\/a4b7d4f94a4716df60456a491260485e","name":"La R\u00e9daction","image":{"@type":"ImageObject","inLanguage":"fr-FR","@id":"https:\/\/universnews224.com\/#\/schema\/person\/image\/","url":"https:\/\/secure.gravatar.com\/avatar\/edb90acc7752b23e1b3307ad36c14f0d?s=96&d=mm&r=g","contentUrl":"https:\/\/secure.gravatar.com\/avatar\/edb90acc7752b23e1b3307ad36c14f0d?s=96&d=mm&r=g","caption":"La R\u00e9daction"},"sameAs":["https:\/\/universnews224.com"],"url":"https:\/\/universnews224.com\/index.php\/author\/m-camara\/"}]}},"_links":{"self":[{"href":"https:\/\/universnews224.com\/index.php\/wp-json\/wp\/v2\/posts\/5084"}],"collection":[{"href":"https:\/\/universnews224.com\/index.php\/wp-json\/wp\/v2\/posts"}],"about":[{"href":"https:\/\/universnews224.com\/index.php\/wp-json\/wp\/v2\/types\/post"}],"author":[{"embeddable":true,"href":"https:\/\/universnews224.com\/index.php\/wp-json\/wp\/v2\/users\/2"}],"replies":[{"embeddable":true,"href":"https:\/\/universnews224.com\/index.php\/wp-json\/wp\/v2\/comments?post=5084"}],"version-history":[{"count":1,"href":"https:\/\/universnews224.com\/index.php\/wp-json\/wp\/v2\/posts\/5084\/revisions"}],"predecessor-version":[{"id":5085,"href":"https:\/\/universnews224.com\/index.php\/wp-json\/wp\/v2\/posts\/5084\/revisions\/5085"}],"wp:featuredmedia":[{"embeddable":true,"href":"https:\/\/universnews224.com\/index.php\/wp-json\/wp\/v2\/media\/4909"}],"wp:attachment":[{"href":"https:\/\/universnews224.com\/index.php\/wp-json\/wp\/v2\/media?parent=5084"}],"wp:term":[{"taxonomy":"category","embeddable":true,"href":"https:\/\/universnews224.com\/index.php\/wp-json\/wp\/v2\/categories?post=5084"},{"taxonomy":"post_tag","embeddable":true,"href":"https:\/\/universnews224.com\/index.php\/wp-json\/wp\/v2\/tags?post=5084"}],"curies":[{"name":"wp","href":"https:\/\/api.w.org\/{rel}","templated":true}]}}