{"id":5086,"date":"2024-01-30T18:29:34","date_gmt":"2024-01-30T17:29:34","guid":{"rendered":"https:\/\/universnews224.com\/?p=5086"},"modified":"2024-01-30T18:29:34","modified_gmt":"2024-01-30T17:29:34","slug":"mandian-sidibe-a-la-barre-lhonorable-jean-marie-dore-ma-dit-que-personnellement","status":"publish","type":"post","link":"https:\/\/universnews224.com\/index.php\/mandian-sidibe-a-la-barre-lhonorable-jean-marie-dore-ma-dit-que-personnellement\/","title":{"rendered":"Mandian Sidib\u00e9 \u00e0 la barre : \u2018\u2019L\u2019honorable Jean-Marie Dor\u00e9 m\u2019a dit que personnellement\u2026\u2019\u2019"},"content":{"rendered":"<p>L\u2019ancien journaliste, actuel Directeur g\u00e9n\u00e9ral de l\u2019Office Guin\u00e9en de Publicit\u00e9 (OGP) compara\u00eet ce mardi 30 janvier 2024, devant le tribunal criminel de Dixinn, d\u00e9localis\u00e9 \u00e0 la Cour d\u2019appel de Conakry. Mandian Sidib\u00e9 puisqu\u2019il s\u2019agit de lui, est \u00e0 la barre en qualit\u00e9 de t\u00e9moin dans l\u2019affaire des douloureux \u00e9v\u00e9nements du 28 septembre 2009.<\/p>\n<p>Apr\u00e8s avoir jur\u00e9 de dire la v\u00e9rit\u00e9, rien que la v\u00e9rit\u00e9 sur ce qu\u2019il conna\u00eet dans ces \u00e9v\u00e9nements de 2009, l\u2019ancien Directeur g\u00e9n\u00e9ral de la Radio Plan\u00e8te FM a expliqu\u00e9 comment est-ce qu\u2019il s\u2019est exil\u00e9 \u00e0 Dakar, puis en France, via l\u2019Allemagne et la Belgique. Il reconna\u00eet avoir donn\u00e9 des informations qu\u2019il recevait par des sources cr\u00e9dibles. Sauf qu\u2019il dira qu\u2019il est impossible de v\u00e9rifier, vu qu\u2019il n\u2019\u00e9tait pas au pays au moment des faits.<\/p>\n<p>\u2018\u2019Les d\u00e9clarations que j\u2019ai eu \u00e0 faire sur les r\u00e9seaux sociaux par rapport \u00e0 ces corps sur les \u00e9v\u00e9nements du 28 septembre, ce n\u2019\u00e9tait pas des informations qui venaient de moi. Je peux les consid\u00e9rer comme une nouvelle, comme une information. Je n\u2019\u00e9tait pas en Guin\u00e9e au moment des \u00e9v\u00e9nements du 28 septembre 2009. Donc, les informations que je donne, proviennent d\u2019autres personnes.<\/p>\n<div class=\"jeg_ad jeg_ad_article jnews_content_inline_3_ads  \">\n<div class=\"ads-wrapper align-center \"><\/div>\n<\/div>\n<p>A partir de la France, je donnais des informations, parce que je me suis vu dans l\u2019obligation patriotique d\u00e8s lors que j\u2019ai des informations, de les mettre \u00e0 la disposition des enqu\u00eateurs, parce que je me disais que se sont des pistes pour les enqu\u00eateurs, pour la justice.<\/p>\n<p>Je ne peux pas \u00e0 partir de ce que je viens de dire, tenir un discours narratif ici sur les douloureux \u00e9v\u00e9nements du 28 septembre 2009. Je ne peux que me pr\u00eater aux questions qui me seront pos\u00e9es, parce que j\u2019ai pas v\u00e9cu les faits (\u2026).<\/p>\n<p>(\u2026)J\u2019ai re\u00e7u comme je le disais sur les antennes de la radio Plan\u00e8te FM, l\u2019honorable Jean-Marie Dor\u00e9, qui m\u2019a dit que personnellement, il s\u2019\u00e9tait impliqu\u00e9 pour \u00e9viter ces douloureux \u00e9v\u00e9nements. Qu\u2019il s\u2019est personnellement d\u00e9plac\u00e9 pour voir le capitaine Dadis, et qu\u2019il lui a dit : \u00ab mon fils, ce n\u2019est pas la peine d\u2019emp\u00eacher la tenue de ce meeting. A travers ce meeting, vous pouvez rentrer dans l\u2019histoire si vous ne r\u00e9primez pas. Soyez d\u00e9mocrate, laissez-nous manifester, vous pouvez encadrer la manifestation. \u00bb<\/p>\n<p>A ce niveau, le Pr\u00e9sident Dadis lui a dit qu\u2019il il n\u2019y a pas de probl\u00e8me, mais il y a certaine personne dans mon entourage qui ne veulent pas entendre de cette oreille, notamment M. Papa Koly Kourouma. Donc, il serait mieux d\u2019aller lui voir et que celui-ci devait voyager. Qu\u2019il s\u2019est rendu \u00e0 l\u2019a\u00e9roport et Papa Koly \u00e9tait d\u00e9j\u00e0 sur le tarmac.<\/p>\n<p>Quand il lui a appel\u00e9, difficilement Papa Koly l\u2019a \u00e9cout\u00e9. Il a expliqu\u00e9 \u00e0 Papa ce qu\u2019il a dit \u00e0 Dadis que Papa lui a r\u00e9pondu si vous sortez, on va vous massacrez. En r\u00e9ponse, qu\u2019il lui a dit de toutes les fa\u00e7ons, ce n\u2019est pas la bonne mani\u00e8re\u2019\u2019, a t\u00e9moign\u00e9 Mandian Sidib\u00e9, qui a pr\u00e9f\u00e9r\u00e9 prot\u00e9ger ses diff\u00e9rentes sources.<\/p>\n<p>Devant le juge Ibrahima Sory II Tounkara et ses assesseurs, Mandian Sidib\u00e9 assure que ses sources lui ont parl\u00e9 de camions militaires stationn\u00e9s au camp Almamy Samory Tour\u00e9, mais aussi deux camions non militaires, conduits par des militaires.<\/p>\n<p>Selon lui, ces camions contenant des corps des victimes se sont dirig\u00e9s \u00e0 Faban o\u00f9, ils auraient \u00e9t\u00e9 enterr\u00e9s dans une fosse commune. Ses informateurs accusent \u00c9douard Loua et R\u00e9my Lamah d\u2019\u00eatre impliqu\u00e9s dans cette affaire de camions civils.<\/p>\n<p>Lerevelateur<\/p>\n","protected":false},"excerpt":{"rendered":"<p>L\u2019ancien journaliste, actuel Directeur g\u00e9n\u00e9ral de l\u2019Office Guin\u00e9en de Publicit\u00e9 (OGP) compara\u00eet ce mardi 30<\/p>\n","protected":false},"author":2,"featured_media":0,"comment_status":"closed","ping_status":"open","sticky":false,"template":"","format":"standard","meta":[],"categories":[3,4],"tags":[229],"yoast_head":"<!-- This site is optimized with the Yoast SEO plugin v19.13 - https:\/\/yoast.com\/wordpress\/plugins\/seo\/ -->\n<title>Mandian Sidib\u00e9 \u00e0 la barre : \u2018\u2019L\u2019honorable Jean-Marie Dor\u00e9 m\u2019a dit que personnellement\u2026\u2019\u2019 - UNIVERSNEWS224<\/title>\n<meta name=\"robots\" content=\"index, follow, max-snippet:-1, max-image-preview:large, max-video-preview:-1\" \/>\n<link rel=\"canonical\" href=\"https:\/\/universnews224.com\/index.php\/mandian-sidibe-a-la-barre-lhonorable-jean-marie-dore-ma-dit-que-personnellement\/\" \/>\n<meta property=\"og:locale\" content=\"fr_FR\" \/>\n<meta property=\"og:type\" content=\"article\" \/>\n<meta property=\"og:title\" content=\"Mandian Sidib\u00e9 \u00e0 la barre : \u2018\u2019L\u2019honorable Jean-Marie Dor\u00e9 m\u2019a dit que personnellement\u2026\u2019\u2019 - UNIVERSNEWS224\" \/>\n<meta property=\"og:description\" content=\"L\u2019ancien journaliste, actuel Directeur g\u00e9n\u00e9ral de l\u2019Office Guin\u00e9en de Publicit\u00e9 (OGP) compara\u00eet ce mardi 30\" \/>\n<meta property=\"og:url\" content=\"https:\/\/universnews224.com\/index.php\/mandian-sidibe-a-la-barre-lhonorable-jean-marie-dore-ma-dit-que-personnellement\/\" \/>\n<meta property=\"og:site_name\" content=\"UNIVERSNEWS224\" \/>\n<meta property=\"article:published_time\" content=\"2024-01-30T17:29:34+00:00\" \/>\n<meta name=\"author\" content=\"La R\u00e9daction\" \/>\n<meta name=\"twitter:label1\" content=\"\u00c9crit par\" \/>\n\t<meta name=\"twitter:data1\" content=\"La R\u00e9daction\" \/>\n\t<meta name=\"twitter:label2\" content=\"Dur\u00e9e de lecture estim\u00e9e\" \/>\n\t<meta name=\"twitter:data2\" content=\"3 minutes\" \/>\n<script type=\"application\/ld+json\" class=\"yoast-schema-graph\">{\"@context\":\"https:\/\/schema.org\",\"@graph\":[{\"@type\":\"Article\",\"@id\":\"https:\/\/universnews224.com\/index.php\/mandian-sidibe-a-la-barre-lhonorable-jean-marie-dore-ma-dit-que-personnellement\/#article\",\"isPartOf\":{\"@id\":\"https:\/\/universnews224.com\/index.php\/mandian-sidibe-a-la-barre-lhonorable-jean-marie-dore-ma-dit-que-personnellement\/\"},\"author\":{\"name\":\"La R\u00e9daction\",\"@id\":\"https:\/\/universnews224.com\/#\/schema\/person\/a4b7d4f94a4716df60456a491260485e\"},\"headline\":\"Mandian Sidib\u00e9 \u00e0 la barre : \u2018\u2019L\u2019honorable Jean-Marie Dor\u00e9 m\u2019a dit que personnellement\u2026\u2019\u2019\",\"datePublished\":\"2024-01-30T17:29:34+00:00\",\"dateModified\":\"2024-01-30T17:29:34+00:00\",\"mainEntityOfPage\":{\"@id\":\"https:\/\/universnews224.com\/index.php\/mandian-sidibe-a-la-barre-lhonorable-jean-marie-dore-ma-dit-que-personnellement\/\"},\"wordCount\":657,\"publisher\":{\"@id\":\"https:\/\/universnews224.com\/#organization\"},\"keywords\":[\"La une\"],\"articleSection\":[\"ACTU\",\"POLITIQUE\"],\"inLanguage\":\"fr-FR\"},{\"@type\":\"WebPage\",\"@id\":\"https:\/\/universnews224.com\/index.php\/mandian-sidibe-a-la-barre-lhonorable-jean-marie-dore-ma-dit-que-personnellement\/\",\"url\":\"https:\/\/universnews224.com\/index.php\/mandian-sidibe-a-la-barre-lhonorable-jean-marie-dore-ma-dit-que-personnellement\/\",\"name\":\"Mandian Sidib\u00e9 \u00e0 la barre : \u2018\u2019L\u2019honorable Jean-Marie Dor\u00e9 m\u2019a dit que personnellement\u2026\u2019\u2019 - UNIVERSNEWS224\",\"isPartOf\":{\"@id\":\"https:\/\/universnews224.com\/#website\"},\"datePublished\":\"2024-01-30T17:29:34+00:00\",\"dateModified\":\"2024-01-30T17:29:34+00:00\",\"inLanguage\":\"fr-FR\",\"potentialAction\":[{\"@type\":\"ReadAction\",\"target\":[\"https:\/\/universnews224.com\/index.php\/mandian-sidibe-a-la-barre-lhonorable-jean-marie-dore-ma-dit-que-personnellement\/\"]}]},{\"@type\":\"WebSite\",\"@id\":\"https:\/\/universnews224.com\/#website\",\"url\":\"https:\/\/universnews224.com\/\",\"name\":\"UNIVERSNEWS224\",\"description\":\"\",\"publisher\":{\"@id\":\"https:\/\/universnews224.com\/#organization\"},\"potentialAction\":[{\"@type\":\"SearchAction\",\"target\":{\"@type\":\"EntryPoint\",\"urlTemplate\":\"https:\/\/universnews224.com\/?s={search_term_string}\"},\"query-input\":\"required name=search_term_string\"}],\"inLanguage\":\"fr-FR\"},{\"@type\":\"Organization\",\"@id\":\"https:\/\/universnews224.com\/#organization\",\"name\":\"UNIVERSNEWS224\",\"url\":\"https:\/\/universnews224.com\/\",\"logo\":{\"@type\":\"ImageObject\",\"inLanguage\":\"fr-FR\",\"@id\":\"https:\/\/universnews224.com\/#\/schema\/logo\/image\/\",\"url\":\"https:\/\/universnews224.com\/wp-content\/uploads\/2022\/08\/cropped-cropped-logoban.jpg\",\"contentUrl\":\"https:\/\/universnews224.com\/wp-content\/uploads\/2022\/08\/cropped-cropped-logoban.jpg\",\"width\":1080,\"height\":138,\"caption\":\"UNIVERSNEWS224\"},\"image\":{\"@id\":\"https:\/\/universnews224.com\/#\/schema\/logo\/image\/\"}},{\"@type\":\"Person\",\"@id\":\"https:\/\/universnews224.com\/#\/schema\/person\/a4b7d4f94a4716df60456a491260485e\",\"name\":\"La R\u00e9daction\",\"image\":{\"@type\":\"ImageObject\",\"inLanguage\":\"fr-FR\",\"@id\":\"https:\/\/universnews224.com\/#\/schema\/person\/image\/\",\"url\":\"https:\/\/secure.gravatar.com\/avatar\/edb90acc7752b23e1b3307ad36c14f0d?s=96&d=mm&r=g\",\"contentUrl\":\"https:\/\/secure.gravatar.com\/avatar\/edb90acc7752b23e1b3307ad36c14f0d?s=96&d=mm&r=g\",\"caption\":\"La R\u00e9daction\"},\"sameAs\":[\"https:\/\/universnews224.com\"],\"url\":\"https:\/\/universnews224.com\/index.php\/author\/m-camara\/\"}]}<\/script>\n<!-- \/ Yoast SEO plugin. -->","yoast_head_json":{"title":"Mandian Sidib\u00e9 \u00e0 la barre : \u2018\u2019L\u2019honorable Jean-Marie Dor\u00e9 m\u2019a dit que personnellement\u2026\u2019\u2019 - UNIVERSNEWS224","robots":{"index":"index","follow":"follow","max-snippet":"max-snippet:-1","max-image-preview":"max-image-preview:large","max-video-preview":"max-video-preview:-1"},"canonical":"https:\/\/universnews224.com\/index.php\/mandian-sidibe-a-la-barre-lhonorable-jean-marie-dore-ma-dit-que-personnellement\/","og_locale":"fr_FR","og_type":"article","og_title":"Mandian Sidib\u00e9 \u00e0 la barre : \u2018\u2019L\u2019honorable Jean-Marie Dor\u00e9 m\u2019a dit que personnellement\u2026\u2019\u2019 - UNIVERSNEWS224","og_description":"L\u2019ancien journaliste, actuel Directeur g\u00e9n\u00e9ral de l\u2019Office Guin\u00e9en de Publicit\u00e9 (OGP) compara\u00eet ce mardi 30","og_url":"https:\/\/universnews224.com\/index.php\/mandian-sidibe-a-la-barre-lhonorable-jean-marie-dore-ma-dit-que-personnellement\/","og_site_name":"UNIVERSNEWS224","article_published_time":"2024-01-30T17:29:34+00:00","author":"La R\u00e9daction","twitter_misc":{"\u00c9crit par":"La R\u00e9daction","Dur\u00e9e de lecture estim\u00e9e":"3 minutes"},"schema":{"@context":"https:\/\/schema.org","@graph":[{"@type":"Article","@id":"https:\/\/universnews224.com\/index.php\/mandian-sidibe-a-la-barre-lhonorable-jean-marie-dore-ma-dit-que-personnellement\/#article","isPartOf":{"@id":"https:\/\/universnews224.com\/index.php\/mandian-sidibe-a-la-barre-lhonorable-jean-marie-dore-ma-dit-que-personnellement\/"},"author":{"name":"La R\u00e9daction","@id":"https:\/\/universnews224.com\/#\/schema\/person\/a4b7d4f94a4716df60456a491260485e"},"headline":"Mandian Sidib\u00e9 \u00e0 la barre : \u2018\u2019L\u2019honorable Jean-Marie Dor\u00e9 m\u2019a dit que personnellement\u2026\u2019\u2019","datePublished":"2024-01-30T17:29:34+00:00","dateModified":"2024-01-30T17:29:34+00:00","mainEntityOfPage":{"@id":"https:\/\/universnews224.com\/index.php\/mandian-sidibe-a-la-barre-lhonorable-jean-marie-dore-ma-dit-que-personnellement\/"},"wordCount":657,"publisher":{"@id":"https:\/\/universnews224.com\/#organization"},"keywords":["La une"],"articleSection":["ACTU","POLITIQUE"],"inLanguage":"fr-FR"},{"@type":"WebPage","@id":"https:\/\/universnews224.com\/index.php\/mandian-sidibe-a-la-barre-lhonorable-jean-marie-dore-ma-dit-que-personnellement\/","url":"https:\/\/universnews224.com\/index.php\/mandian-sidibe-a-la-barre-lhonorable-jean-marie-dore-ma-dit-que-personnellement\/","name":"Mandian Sidib\u00e9 \u00e0 la barre : \u2018\u2019L\u2019honorable Jean-Marie Dor\u00e9 m\u2019a dit que personnellement\u2026\u2019\u2019 - UNIVERSNEWS224","isPartOf":{"@id":"https:\/\/universnews224.com\/#website"},"datePublished":"2024-01-30T17:29:34+00:00","dateModified":"2024-01-30T17:29:34+00:00","inLanguage":"fr-FR","potentialAction":[{"@type":"ReadAction","target":["https:\/\/universnews224.com\/index.php\/mandian-sidibe-a-la-barre-lhonorable-jean-marie-dore-ma-dit-que-personnellement\/"]}]},{"@type":"WebSite","@id":"https:\/\/universnews224.com\/#website","url":"https:\/\/universnews224.com\/","name":"UNIVERSNEWS224","description":"","publisher":{"@id":"https:\/\/universnews224.com\/#organization"},"potentialAction":[{"@type":"SearchAction","target":{"@type":"EntryPoint","urlTemplate":"https:\/\/universnews224.com\/?s={search_term_string}"},"query-input":"required name=search_term_string"}],"inLanguage":"fr-FR"},{"@type":"Organization","@id":"https:\/\/universnews224.com\/#organization","name":"UNIVERSNEWS224","url":"https:\/\/universnews224.com\/","logo":{"@type":"ImageObject","inLanguage":"fr-FR","@id":"https:\/\/universnews224.com\/#\/schema\/logo\/image\/","url":"https:\/\/universnews224.com\/wp-content\/uploads\/2022\/08\/cropped-cropped-logoban.jpg","contentUrl":"https:\/\/universnews224.com\/wp-content\/uploads\/2022\/08\/cropped-cropped-logoban.jpg","width":1080,"height":138,"caption":"UNIVERSNEWS224"},"image":{"@id":"https:\/\/universnews224.com\/#\/schema\/logo\/image\/"}},{"@type":"Person","@id":"https:\/\/universnews224.com\/#\/schema\/person\/a4b7d4f94a4716df60456a491260485e","name":"La R\u00e9daction","image":{"@type":"ImageObject","inLanguage":"fr-FR","@id":"https:\/\/universnews224.com\/#\/schema\/person\/image\/","url":"https:\/\/secure.gravatar.com\/avatar\/edb90acc7752b23e1b3307ad36c14f0d?s=96&d=mm&r=g","contentUrl":"https:\/\/secure.gravatar.com\/avatar\/edb90acc7752b23e1b3307ad36c14f0d?s=96&d=mm&r=g","caption":"La R\u00e9daction"},"sameAs":["https:\/\/universnews224.com"],"url":"https:\/\/universnews224.com\/index.php\/author\/m-camara\/"}]}},"_links":{"self":[{"href":"https:\/\/universnews224.com\/index.php\/wp-json\/wp\/v2\/posts\/5086"}],"collection":[{"href":"https:\/\/universnews224.com\/index.php\/wp-json\/wp\/v2\/posts"}],"about":[{"href":"https:\/\/universnews224.com\/index.php\/wp-json\/wp\/v2\/types\/post"}],"author":[{"embeddable":true,"href":"https:\/\/universnews224.com\/index.php\/wp-json\/wp\/v2\/users\/2"}],"replies":[{"embeddable":true,"href":"https:\/\/universnews224.com\/index.php\/wp-json\/wp\/v2\/comments?post=5086"}],"version-history":[{"count":1,"href":"https:\/\/universnews224.com\/index.php\/wp-json\/wp\/v2\/posts\/5086\/revisions"}],"predecessor-version":[{"id":5088,"href":"https:\/\/universnews224.com\/index.php\/wp-json\/wp\/v2\/posts\/5086\/revisions\/5088"}],"wp:attachment":[{"href":"https:\/\/universnews224.com\/index.php\/wp-json\/wp\/v2\/media?parent=5086"}],"wp:term":[{"taxonomy":"category","embeddable":true,"href":"https:\/\/universnews224.com\/index.php\/wp-json\/wp\/v2\/categories?post=5086"},{"taxonomy":"post_tag","embeddable":true,"href":"https:\/\/universnews224.com\/index.php\/wp-json\/wp\/v2\/tags?post=5086"}],"curies":[{"name":"wp","href":"https:\/\/api.w.org\/{rel}","templated":true}]}}