{"id":5089,"date":"2024-01-30T18:32:39","date_gmt":"2024-01-30T17:32:39","guid":{"rendered":"https:\/\/universnews224.com\/?p=5089"},"modified":"2024-01-30T18:32:39","modified_gmt":"2024-01-30T17:32:39","slug":"hamidou-barry-sur-lexclusion-des-politiques-sur-la-liste-des-delegations-specialespretendre-gerer-la-transition-sans-les-politiques-cest-fausse-le-debat","status":"publish","type":"post","link":"https:\/\/universnews224.com\/index.php\/hamidou-barry-sur-lexclusion-des-politiques-sur-la-liste-des-delegations-specialespretendre-gerer-la-transition-sans-les-politiques-cest-fausse-le-debat\/","title":{"rendered":"Hamidou Barry sur l\u2019exclusion des politiques sur la liste des d\u00e9l\u00e9gations sp\u00e9ciales:\u201cPr\u00e9tendre g\u00e9rer la transition sans les politiques, c\u2019est fauss\u00e9 le d\u00e9bat\u201d"},"content":{"rendered":"<p class=\"p1\">L\u2019exclusion des partis politiques sur la liste des futures d\u00e9l\u00e9gations sp\u00e9ciales continue de susciter des r\u00e9actions au sein de la classe politique guin\u00e9enne.<\/p>\n<p class=\"p1\"><span class=\"s1\">R\u00e9gissant sur cette actualit\u00e9 chez nos confr\u00e8res de la radio Nostalgie Guin\u00e9e dans l\u2019\u00e9mission \u00abFace \u00e0 l\u2019info\u00bb de ce mardi, 30 janvier 2024, Hamidou Barry, pr\u00e9sident du Parti Citoyen pour la D\u00e9fense des Int\u00e9r\u00eats Collectifs(PCDIC), fustige cette d\u00e9marche du ministre de l\u2019administration du territoire et de la d\u00e9centralisation. <\/span><\/p>\n<p class=\"p1\"><span class=\"s1\">Selon lui, le CNRD ne peut pas pr\u00e9tendre g\u00e9rer la transition en mettant de c\u00f4t\u00e9 les formations politiques. <\/span><\/p>\n<p class=\"p1\"><span class=\"s1\">\u201cPr\u00e9tendre g\u00e9rer la transition sans les politiques, c\u2019est fauss\u00e9 le d\u00e9bat. Parce que la gestion des communes rel\u00e8ve des questions purement politiques. Et, nous estimons qu\u2019\u00e0 un moment donn\u00e9, on ne peut pas tout donner aux politiques, mais le quota qui doit \u00eatre allou\u00e9 aux politiques m\u00e9rite d\u2019\u00eatre respect\u00e9. Mais, malheureusement nous avons \u00e0 faire un ministre qui ne se soucie pas, c\u2019est quoi le fondement de la constitution des communes et je pense que cela est extr\u00eamement grave\u201d, a t-il d\u00e9nonc\u00e9. <\/span><\/p>\n<p class=\"p1\"><span class=\"s1\">Poursuivant, le leader du Parti Citoyen pour la D\u00e9fense des Int\u00e9r\u00eats Collectifs demande au ministre du ministre Mory de revoir cette fa\u00e7on de faire. <\/span><\/p>\n<p class=\"p1\"><span class=\"s1\">\u201cCertes, aujourd\u2019hui le Colonel Doumbouya est dans sa logique de nous conduire vers un retour \u00e0 l\u2019ordre constitutionnel. Mais, il faut que le ministre Mory soit un appoint pour lui, pour nous permettre de l\u2019aider \u00e0 voir comment est-ce que nous allons parfaire ce qui reste \u00e0 faire pour aller vers un retour \u00e0 l\u2019ordre constitutionnel. Mais, si vous prenez la composition de cette liste, ils ont pris les repr\u00e9sentants des retrait\u00e9s, les repr\u00e9sentants de la soci\u00e9t\u00e9 civile, des femmes et de la jeunesse, au d\u00e9triment des partis politiques. Ce qui est extr\u00eamement grave. C\u2019est pour cela que je l\u2019nterpellerais personnellement de revoir cette fa\u00e7on de faire. Parce qu\u2019\u00e0 un moment donn\u00e9, conduire une nation ne peut pas aller en excluant les partis politiques\u201d, a t-il martel\u00e9.<\/span><\/p>\n","protected":false},"excerpt":{"rendered":"<p>L\u2019exclusion des partis politiques sur la liste des futures d\u00e9l\u00e9gations sp\u00e9ciales continue de susciter des<\/p>\n","protected":false},"author":2,"featured_media":5090,"comment_status":"closed","ping_status":"open","sticky":false,"template":"","format":"standard","meta":[],"categories":[3,4],"tags":[],"yoast_head":"<!-- This site is optimized with the Yoast SEO plugin v19.13 - https:\/\/yoast.com\/wordpress\/plugins\/seo\/ -->\n<title>Hamidou Barry sur l\u2019exclusion des politiques sur la liste des d\u00e9l\u00e9gations sp\u00e9ciales:\u201cPr\u00e9tendre g\u00e9rer la transition sans les politiques, c\u2019est fauss\u00e9 le d\u00e9bat\u201d - UNIVERSNEWS224<\/title>\n<meta name=\"robots\" content=\"index, follow, max-snippet:-1, max-image-preview:large, max-video-preview:-1\" \/>\n<link rel=\"canonical\" href=\"https:\/\/universnews224.com\/index.php\/hamidou-barry-sur-lexclusion-des-politiques-sur-la-liste-des-delegations-specialespretendre-gerer-la-transition-sans-les-politiques-cest-fausse-le-debat\/\" \/>\n<meta property=\"og:locale\" content=\"fr_FR\" \/>\n<meta property=\"og:type\" content=\"article\" \/>\n<meta property=\"og:title\" content=\"Hamidou Barry sur l\u2019exclusion des politiques sur la liste des d\u00e9l\u00e9gations sp\u00e9ciales:\u201cPr\u00e9tendre g\u00e9rer la transition sans les politiques, c\u2019est fauss\u00e9 le d\u00e9bat\u201d - UNIVERSNEWS224\" \/>\n<meta property=\"og:description\" content=\"L\u2019exclusion des partis politiques sur la liste des futures d\u00e9l\u00e9gations sp\u00e9ciales continue de susciter des\" \/>\n<meta property=\"og:url\" content=\"https:\/\/universnews224.com\/index.php\/hamidou-barry-sur-lexclusion-des-politiques-sur-la-liste-des-delegations-specialespretendre-gerer-la-transition-sans-les-politiques-cest-fausse-le-debat\/\" \/>\n<meta property=\"og:site_name\" content=\"UNIVERSNEWS224\" \/>\n<meta property=\"article:published_time\" content=\"2024-01-30T17:32:39+00:00\" \/>\n<meta property=\"og:image\" content=\"https:\/\/universnews224.com\/wp-content\/uploads\/2024\/01\/C9F7FB50-955D-40C2-9BF5-F0F83912C7F7.png\" \/>\n\t<meta property=\"og:image:width\" content=\"384\" \/>\n\t<meta property=\"og:image:height\" content=\"275\" \/>\n\t<meta property=\"og:image:type\" content=\"image\/png\" \/>\n<meta name=\"author\" content=\"La R\u00e9daction\" \/>\n<meta name=\"twitter:label1\" content=\"\u00c9crit par\" \/>\n\t<meta name=\"twitter:data1\" content=\"La R\u00e9daction\" \/>\n\t<meta name=\"twitter:label2\" content=\"Dur\u00e9e de lecture estim\u00e9e\" \/>\n\t<meta name=\"twitter:data2\" content=\"2 minutes\" \/>\n<script type=\"application\/ld+json\" class=\"yoast-schema-graph\">{\"@context\":\"https:\/\/schema.org\",\"@graph\":[{\"@type\":\"Article\",\"@id\":\"https:\/\/universnews224.com\/index.php\/hamidou-barry-sur-lexclusion-des-politiques-sur-la-liste-des-delegations-specialespretendre-gerer-la-transition-sans-les-politiques-cest-fausse-le-debat\/#article\",\"isPartOf\":{\"@id\":\"https:\/\/universnews224.com\/index.php\/hamidou-barry-sur-lexclusion-des-politiques-sur-la-liste-des-delegations-specialespretendre-gerer-la-transition-sans-les-politiques-cest-fausse-le-debat\/\"},\"author\":{\"name\":\"La R\u00e9daction\",\"@id\":\"https:\/\/universnews224.com\/#\/schema\/person\/a4b7d4f94a4716df60456a491260485e\"},\"headline\":\"Hamidou Barry sur l\u2019exclusion des politiques sur la liste des d\u00e9l\u00e9gations sp\u00e9ciales:\u201cPr\u00e9tendre g\u00e9rer la transition sans les politiques, c\u2019est fauss\u00e9 le d\u00e9bat\u201d\",\"datePublished\":\"2024-01-30T17:32:39+00:00\",\"dateModified\":\"2024-01-30T17:32:39+00:00\",\"mainEntityOfPage\":{\"@id\":\"https:\/\/universnews224.com\/index.php\/hamidou-barry-sur-lexclusion-des-politiques-sur-la-liste-des-delegations-specialespretendre-gerer-la-transition-sans-les-politiques-cest-fausse-le-debat\/\"},\"wordCount\":394,\"publisher\":{\"@id\":\"https:\/\/universnews224.com\/#organization\"},\"articleSection\":[\"ACTU\",\"POLITIQUE\"],\"inLanguage\":\"fr-FR\"},{\"@type\":\"WebPage\",\"@id\":\"https:\/\/universnews224.com\/index.php\/hamidou-barry-sur-lexclusion-des-politiques-sur-la-liste-des-delegations-specialespretendre-gerer-la-transition-sans-les-politiques-cest-fausse-le-debat\/\",\"url\":\"https:\/\/universnews224.com\/index.php\/hamidou-barry-sur-lexclusion-des-politiques-sur-la-liste-des-delegations-specialespretendre-gerer-la-transition-sans-les-politiques-cest-fausse-le-debat\/\",\"name\":\"Hamidou Barry sur l\u2019exclusion des politiques sur la liste des d\u00e9l\u00e9gations sp\u00e9ciales:\u201cPr\u00e9tendre g\u00e9rer la transition sans les politiques, c\u2019est fauss\u00e9 le d\u00e9bat\u201d - UNIVERSNEWS224\",\"isPartOf\":{\"@id\":\"https:\/\/universnews224.com\/#website\"},\"datePublished\":\"2024-01-30T17:32:39+00:00\",\"dateModified\":\"2024-01-30T17:32:39+00:00\",\"inLanguage\":\"fr-FR\",\"potentialAction\":[{\"@type\":\"ReadAction\",\"target\":[\"https:\/\/universnews224.com\/index.php\/hamidou-barry-sur-lexclusion-des-politiques-sur-la-liste-des-delegations-specialespretendre-gerer-la-transition-sans-les-politiques-cest-fausse-le-debat\/\"]}]},{\"@type\":\"WebSite\",\"@id\":\"https:\/\/universnews224.com\/#website\",\"url\":\"https:\/\/universnews224.com\/\",\"name\":\"UNIVERSNEWS224\",\"description\":\"\",\"publisher\":{\"@id\":\"https:\/\/universnews224.com\/#organization\"},\"potentialAction\":[{\"@type\":\"SearchAction\",\"target\":{\"@type\":\"EntryPoint\",\"urlTemplate\":\"https:\/\/universnews224.com\/?s={search_term_string}\"},\"query-input\":\"required name=search_term_string\"}],\"inLanguage\":\"fr-FR\"},{\"@type\":\"Organization\",\"@id\":\"https:\/\/universnews224.com\/#organization\",\"name\":\"UNIVERSNEWS224\",\"url\":\"https:\/\/universnews224.com\/\",\"logo\":{\"@type\":\"ImageObject\",\"inLanguage\":\"fr-FR\",\"@id\":\"https:\/\/universnews224.com\/#\/schema\/logo\/image\/\",\"url\":\"https:\/\/universnews224.com\/wp-content\/uploads\/2022\/08\/cropped-cropped-logoban.jpg\",\"contentUrl\":\"https:\/\/universnews224.com\/wp-content\/uploads\/2022\/08\/cropped-cropped-logoban.jpg\",\"width\":1080,\"height\":138,\"caption\":\"UNIVERSNEWS224\"},\"image\":{\"@id\":\"https:\/\/universnews224.com\/#\/schema\/logo\/image\/\"}},{\"@type\":\"Person\",\"@id\":\"https:\/\/universnews224.com\/#\/schema\/person\/a4b7d4f94a4716df60456a491260485e\",\"name\":\"La R\u00e9daction\",\"image\":{\"@type\":\"ImageObject\",\"inLanguage\":\"fr-FR\",\"@id\":\"https:\/\/universnews224.com\/#\/schema\/person\/image\/\",\"url\":\"https:\/\/secure.gravatar.com\/avatar\/edb90acc7752b23e1b3307ad36c14f0d?s=96&d=mm&r=g\",\"contentUrl\":\"https:\/\/secure.gravatar.com\/avatar\/edb90acc7752b23e1b3307ad36c14f0d?s=96&d=mm&r=g\",\"caption\":\"La R\u00e9daction\"},\"sameAs\":[\"https:\/\/universnews224.com\"],\"url\":\"https:\/\/universnews224.com\/index.php\/author\/m-camara\/\"}]}<\/script>\n<!-- \/ Yoast SEO plugin. -->","yoast_head_json":{"title":"Hamidou Barry sur l\u2019exclusion des politiques sur la liste des d\u00e9l\u00e9gations sp\u00e9ciales:\u201cPr\u00e9tendre g\u00e9rer la transition sans les politiques, c\u2019est fauss\u00e9 le d\u00e9bat\u201d - UNIVERSNEWS224","robots":{"index":"index","follow":"follow","max-snippet":"max-snippet:-1","max-image-preview":"max-image-preview:large","max-video-preview":"max-video-preview:-1"},"canonical":"https:\/\/universnews224.com\/index.php\/hamidou-barry-sur-lexclusion-des-politiques-sur-la-liste-des-delegations-specialespretendre-gerer-la-transition-sans-les-politiques-cest-fausse-le-debat\/","og_locale":"fr_FR","og_type":"article","og_title":"Hamidou Barry sur l\u2019exclusion des politiques sur la liste des d\u00e9l\u00e9gations sp\u00e9ciales:\u201cPr\u00e9tendre g\u00e9rer la transition sans les politiques, c\u2019est fauss\u00e9 le d\u00e9bat\u201d - UNIVERSNEWS224","og_description":"L\u2019exclusion des partis politiques sur la liste des futures d\u00e9l\u00e9gations sp\u00e9ciales continue de susciter des","og_url":"https:\/\/universnews224.com\/index.php\/hamidou-barry-sur-lexclusion-des-politiques-sur-la-liste-des-delegations-specialespretendre-gerer-la-transition-sans-les-politiques-cest-fausse-le-debat\/","og_site_name":"UNIVERSNEWS224","article_published_time":"2024-01-30T17:32:39+00:00","og_image":[{"width":384,"height":275,"url":"https:\/\/universnews224.com\/wp-content\/uploads\/2024\/01\/C9F7FB50-955D-40C2-9BF5-F0F83912C7F7.png","type":"image\/png"}],"author":"La R\u00e9daction","twitter_misc":{"\u00c9crit par":"La R\u00e9daction","Dur\u00e9e de lecture estim\u00e9e":"2 minutes"},"schema":{"@context":"https:\/\/schema.org","@graph":[{"@type":"Article","@id":"https:\/\/universnews224.com\/index.php\/hamidou-barry-sur-lexclusion-des-politiques-sur-la-liste-des-delegations-specialespretendre-gerer-la-transition-sans-les-politiques-cest-fausse-le-debat\/#article","isPartOf":{"@id":"https:\/\/universnews224.com\/index.php\/hamidou-barry-sur-lexclusion-des-politiques-sur-la-liste-des-delegations-specialespretendre-gerer-la-transition-sans-les-politiques-cest-fausse-le-debat\/"},"author":{"name":"La R\u00e9daction","@id":"https:\/\/universnews224.com\/#\/schema\/person\/a4b7d4f94a4716df60456a491260485e"},"headline":"Hamidou Barry sur l\u2019exclusion des politiques sur la liste des d\u00e9l\u00e9gations sp\u00e9ciales:\u201cPr\u00e9tendre g\u00e9rer la transition sans les politiques, c\u2019est fauss\u00e9 le d\u00e9bat\u201d","datePublished":"2024-01-30T17:32:39+00:00","dateModified":"2024-01-30T17:32:39+00:00","mainEntityOfPage":{"@id":"https:\/\/universnews224.com\/index.php\/hamidou-barry-sur-lexclusion-des-politiques-sur-la-liste-des-delegations-specialespretendre-gerer-la-transition-sans-les-politiques-cest-fausse-le-debat\/"},"wordCount":394,"publisher":{"@id":"https:\/\/universnews224.com\/#organization"},"articleSection":["ACTU","POLITIQUE"],"inLanguage":"fr-FR"},{"@type":"WebPage","@id":"https:\/\/universnews224.com\/index.php\/hamidou-barry-sur-lexclusion-des-politiques-sur-la-liste-des-delegations-specialespretendre-gerer-la-transition-sans-les-politiques-cest-fausse-le-debat\/","url":"https:\/\/universnews224.com\/index.php\/hamidou-barry-sur-lexclusion-des-politiques-sur-la-liste-des-delegations-specialespretendre-gerer-la-transition-sans-les-politiques-cest-fausse-le-debat\/","name":"Hamidou Barry sur l\u2019exclusion des politiques sur la liste des d\u00e9l\u00e9gations sp\u00e9ciales:\u201cPr\u00e9tendre g\u00e9rer la transition sans les politiques, c\u2019est fauss\u00e9 le d\u00e9bat\u201d - UNIVERSNEWS224","isPartOf":{"@id":"https:\/\/universnews224.com\/#website"},"datePublished":"2024-01-30T17:32:39+00:00","dateModified":"2024-01-30T17:32:39+00:00","inLanguage":"fr-FR","potentialAction":[{"@type":"ReadAction","target":["https:\/\/universnews224.com\/index.php\/hamidou-barry-sur-lexclusion-des-politiques-sur-la-liste-des-delegations-specialespretendre-gerer-la-transition-sans-les-politiques-cest-fausse-le-debat\/"]}]},{"@type":"WebSite","@id":"https:\/\/universnews224.com\/#website","url":"https:\/\/universnews224.com\/","name":"UNIVERSNEWS224","description":"","publisher":{"@id":"https:\/\/universnews224.com\/#organization"},"potentialAction":[{"@type":"SearchAction","target":{"@type":"EntryPoint","urlTemplate":"https:\/\/universnews224.com\/?s={search_term_string}"},"query-input":"required name=search_term_string"}],"inLanguage":"fr-FR"},{"@type":"Organization","@id":"https:\/\/universnews224.com\/#organization","name":"UNIVERSNEWS224","url":"https:\/\/universnews224.com\/","logo":{"@type":"ImageObject","inLanguage":"fr-FR","@id":"https:\/\/universnews224.com\/#\/schema\/logo\/image\/","url":"https:\/\/universnews224.com\/wp-content\/uploads\/2022\/08\/cropped-cropped-logoban.jpg","contentUrl":"https:\/\/universnews224.com\/wp-content\/uploads\/2022\/08\/cropped-cropped-logoban.jpg","width":1080,"height":138,"caption":"UNIVERSNEWS224"},"image":{"@id":"https:\/\/universnews224.com\/#\/schema\/logo\/image\/"}},{"@type":"Person","@id":"https:\/\/universnews224.com\/#\/schema\/person\/a4b7d4f94a4716df60456a491260485e","name":"La R\u00e9daction","image":{"@type":"ImageObject","inLanguage":"fr-FR","@id":"https:\/\/universnews224.com\/#\/schema\/person\/image\/","url":"https:\/\/secure.gravatar.com\/avatar\/edb90acc7752b23e1b3307ad36c14f0d?s=96&d=mm&r=g","contentUrl":"https:\/\/secure.gravatar.com\/avatar\/edb90acc7752b23e1b3307ad36c14f0d?s=96&d=mm&r=g","caption":"La R\u00e9daction"},"sameAs":["https:\/\/universnews224.com"],"url":"https:\/\/universnews224.com\/index.php\/author\/m-camara\/"}]}},"_links":{"self":[{"href":"https:\/\/universnews224.com\/index.php\/wp-json\/wp\/v2\/posts\/5089"}],"collection":[{"href":"https:\/\/universnews224.com\/index.php\/wp-json\/wp\/v2\/posts"}],"about":[{"href":"https:\/\/universnews224.com\/index.php\/wp-json\/wp\/v2\/types\/post"}],"author":[{"embeddable":true,"href":"https:\/\/universnews224.com\/index.php\/wp-json\/wp\/v2\/users\/2"}],"replies":[{"embeddable":true,"href":"https:\/\/universnews224.com\/index.php\/wp-json\/wp\/v2\/comments?post=5089"}],"version-history":[{"count":1,"href":"https:\/\/universnews224.com\/index.php\/wp-json\/wp\/v2\/posts\/5089\/revisions"}],"predecessor-version":[{"id":5091,"href":"https:\/\/universnews224.com\/index.php\/wp-json\/wp\/v2\/posts\/5089\/revisions\/5091"}],"wp:featuredmedia":[{"embeddable":true,"href":"https:\/\/universnews224.com\/index.php\/wp-json\/wp\/v2\/media\/5090"}],"wp:attachment":[{"href":"https:\/\/universnews224.com\/index.php\/wp-json\/wp\/v2\/media?parent=5089"}],"wp:term":[{"taxonomy":"category","embeddable":true,"href":"https:\/\/universnews224.com\/index.php\/wp-json\/wp\/v2\/categories?post=5089"},{"taxonomy":"post_tag","embeddable":true,"href":"https:\/\/universnews224.com\/index.php\/wp-json\/wp\/v2\/tags?post=5089"}],"curies":[{"name":"wp","href":"https:\/\/api.w.org\/{rel}","templated":true}]}}