{"id":5092,"date":"2024-01-31T22:23:15","date_gmt":"2024-01-31T21:23:15","guid":{"rendered":"https:\/\/universnews224.com\/?p=5092"},"modified":"2024-01-31T22:23:15","modified_gmt":"2024-01-31T21:23:15","slug":"hamidou-barry-sur-le-retrait-du-mali-du-burkina-faso-et-du-niger-de-la-cedeao-la-veritable-force-de-se-retirer-de-la-cedeao-dependrait-des-futures-autorites-legales-et-legitimes","status":"publish","type":"post","link":"https:\/\/universnews224.com\/index.php\/hamidou-barry-sur-le-retrait-du-mali-du-burkina-faso-et-du-niger-de-la-cedeao-la-veritable-force-de-se-retirer-de-la-cedeao-dependrait-des-futures-autorites-legales-et-legitimes\/","title":{"rendered":"Hamidou Barry sur le retrait du Mali, du Burkina Faso et du Niger de la C\u00c9D\u00c9AO: \u201cLa v\u00e9ritable force de se retirer de la C\u00c9D\u00c9AO d\u00e9pendrait des futures autorit\u00e9s l\u00e9gales et l\u00e9gitimes\u201d"},"content":{"rendered":"<p class=\"p1\"><span class=\"s1\">Le parti du Parti Citoyen pour la D\u00e9fense des Int\u00e9r\u00eats Collectifs (PCDIC), a r\u00e9agi hier mardi, 30 janvier 2024 sur le retrait du Mali, du Burkina Faso et Niger de la <\/span><span class=\"s2\">C\u00c9D\u00c9AO.<\/span><\/p>\n<p class=\"p1\"><span class=\"s1\">Selon Hamidou Barry, bien que ces trois (3) juntes b\u00e9n\u00e9ficient aujourd\u2019hui d\u2019une certaine l\u00e9galit\u00e9, mais qu\u2019elles n\u2019ont pas la l\u00e9gitimit\u00e9 requise de se retirer de la <\/span><span class=\"s2\">C\u00c9D\u00c9AO. <\/span><\/p>\n<p class=\"p1\"><span class=\"s2\">\u201cIl faut analyser cette situation sous deux angles: il y a angle juridique et politique. Et les militaires aujourd\u2019hui sont dans la l\u00e9galit\u00e9 de g\u00e9rer leurs pays parce qu\u2019ils ont pr\u00eat\u00e9 serment devant les juridictions d\u2019o\u00f9 la l\u00e9galit\u00e9. Mais, ils n\u2019ont pas la l\u00e9gitimit\u00e9 encore parce qu\u2019ils ne sont pas \u00e9lus par le peuple. De par le pass\u00e9, je critiquais la C\u00c9D\u00c9AO parce qu\u2019elle se r\u00e9sumait en un clan d\u2019anciens retrait\u00e9s qui d\u00e9fendent les causes perdues des dictateurs de ces pays, mais ce n\u2019est pas une raison en soi aujourd\u2019hui que des putschistes qu\u2019on a l\u00e9galis\u00e9s, mais qui sont ill\u00e9gitimes peuvent penser se soustraire de cette institution. Je pense qu\u2019\u00e0 un moment donn\u00e9, la C\u00c9D\u00c9AO m\u00e9rite de revoir sa strat\u00e9gie parce que nous devons aller de la cause \u00e0 effet. Mais, lorsque nous inversons cette \u00e9quation, il devient plus difficile de l\u2019a r\u00e9soudre . Donc, acceptons d\u2019interpeller la conscience collective pour que les uns et les autres puissent revenir \u00e0 de meilleurs sentiments. Le Colonel Go\u00efta, le capitaine Traor\u00e9 et le g\u00e9n\u00e9ral Tianni, ils sont l\u00e9gaux parce qu\u2019on a l\u00e9galis\u00e9 leur putsch, mais ils n\u2019ont pas pas l\u00e9gitimes autant plus qu\u2019ils ne sont pas \u00e9lus. La v\u00e9ritable force de se retirer de la C\u00c9D\u00c9AO d\u00e9pendrait des futures autorit\u00e9s l\u00e9gales et l\u00e9gitimes. Mais, lorsque vous \u00eates l\u00e9gaux, mais vous n\u2019\u00eates l\u00e9gitimes,vous n\u2019avez pas le pouvoir de soustraire d\u2019une organisation aussi importante que la C\u00c9D\u00c9AO.<\/p>\n<p><\/span><\/p>\n<p>Mohamed Camara<\/p>\n","protected":false},"excerpt":{"rendered":"<p>Le parti du Parti Citoyen pour la D\u00e9fense des Int\u00e9r\u00eats Collectifs (PCDIC), a r\u00e9agi hier<\/p>\n","protected":false},"author":2,"featured_media":5090,"comment_status":"closed","ping_status":"open","sticky":false,"template":"","format":"standard","meta":[],"categories":[3,4],"tags":[229],"yoast_head":"<!-- This site is optimized with the Yoast SEO plugin v19.13 - https:\/\/yoast.com\/wordpress\/plugins\/seo\/ -->\n<title>Hamidou Barry sur le retrait du Mali, du Burkina Faso et du Niger de la C\u00c9D\u00c9AO: \u201cLa v\u00e9ritable force de se retirer de la C\u00c9D\u00c9AO d\u00e9pendrait des futures autorit\u00e9s l\u00e9gales et l\u00e9gitimes\u201d - UNIVERSNEWS224<\/title>\n<meta name=\"robots\" content=\"index, follow, max-snippet:-1, max-image-preview:large, max-video-preview:-1\" \/>\n<link rel=\"canonical\" href=\"https:\/\/universnews224.com\/index.php\/hamidou-barry-sur-le-retrait-du-mali-du-burkina-faso-et-du-niger-de-la-cedeao-la-veritable-force-de-se-retirer-de-la-cedeao-dependrait-des-futures-autorites-legales-et-legitimes\/\" \/>\n<meta property=\"og:locale\" content=\"fr_FR\" \/>\n<meta property=\"og:type\" content=\"article\" \/>\n<meta property=\"og:title\" content=\"Hamidou Barry sur le retrait du Mali, du Burkina Faso et du Niger de la C\u00c9D\u00c9AO: \u201cLa v\u00e9ritable force de se retirer de la C\u00c9D\u00c9AO d\u00e9pendrait des futures autorit\u00e9s l\u00e9gales et l\u00e9gitimes\u201d - UNIVERSNEWS224\" \/>\n<meta property=\"og:description\" content=\"Le parti du Parti Citoyen pour la D\u00e9fense des Int\u00e9r\u00eats Collectifs (PCDIC), a r\u00e9agi hier\" \/>\n<meta property=\"og:url\" content=\"https:\/\/universnews224.com\/index.php\/hamidou-barry-sur-le-retrait-du-mali-du-burkina-faso-et-du-niger-de-la-cedeao-la-veritable-force-de-se-retirer-de-la-cedeao-dependrait-des-futures-autorites-legales-et-legitimes\/\" \/>\n<meta property=\"og:site_name\" content=\"UNIVERSNEWS224\" \/>\n<meta property=\"article:published_time\" content=\"2024-01-31T21:23:15+00:00\" \/>\n<meta property=\"og:image\" content=\"https:\/\/universnews224.com\/wp-content\/uploads\/2024\/01\/C9F7FB50-955D-40C2-9BF5-F0F83912C7F7.png\" \/>\n\t<meta property=\"og:image:width\" content=\"384\" \/>\n\t<meta property=\"og:image:height\" content=\"275\" \/>\n\t<meta property=\"og:image:type\" content=\"image\/png\" \/>\n<meta name=\"author\" content=\"La R\u00e9daction\" \/>\n<meta name=\"twitter:label1\" content=\"\u00c9crit par\" \/>\n\t<meta name=\"twitter:data1\" content=\"La R\u00e9daction\" \/>\n\t<meta name=\"twitter:label2\" content=\"Dur\u00e9e de lecture estim\u00e9e\" \/>\n\t<meta name=\"twitter:data2\" content=\"2 minutes\" \/>\n<script type=\"application\/ld+json\" class=\"yoast-schema-graph\">{\"@context\":\"https:\/\/schema.org\",\"@graph\":[{\"@type\":\"Article\",\"@id\":\"https:\/\/universnews224.com\/index.php\/hamidou-barry-sur-le-retrait-du-mali-du-burkina-faso-et-du-niger-de-la-cedeao-la-veritable-force-de-se-retirer-de-la-cedeao-dependrait-des-futures-autorites-legales-et-legitimes\/#article\",\"isPartOf\":{\"@id\":\"https:\/\/universnews224.com\/index.php\/hamidou-barry-sur-le-retrait-du-mali-du-burkina-faso-et-du-niger-de-la-cedeao-la-veritable-force-de-se-retirer-de-la-cedeao-dependrait-des-futures-autorites-legales-et-legitimes\/\"},\"author\":{\"name\":\"La R\u00e9daction\",\"@id\":\"https:\/\/universnews224.com\/#\/schema\/person\/a4b7d4f94a4716df60456a491260485e\"},\"headline\":\"Hamidou Barry sur le retrait du Mali, du Burkina Faso et du Niger de la C\u00c9D\u00c9AO: \u201cLa v\u00e9ritable force de se retirer de la C\u00c9D\u00c9AO d\u00e9pendrait des futures autorit\u00e9s l\u00e9gales et l\u00e9gitimes\u201d\",\"datePublished\":\"2024-01-31T21:23:15+00:00\",\"dateModified\":\"2024-01-31T21:23:15+00:00\",\"mainEntityOfPage\":{\"@id\":\"https:\/\/universnews224.com\/index.php\/hamidou-barry-sur-le-retrait-du-mali-du-burkina-faso-et-du-niger-de-la-cedeao-la-veritable-force-de-se-retirer-de-la-cedeao-dependrait-des-futures-autorites-legales-et-legitimes\/\"},\"wordCount\":399,\"publisher\":{\"@id\":\"https:\/\/universnews224.com\/#organization\"},\"keywords\":[\"La une\"],\"articleSection\":[\"ACTU\",\"POLITIQUE\"],\"inLanguage\":\"fr-FR\"},{\"@type\":\"WebPage\",\"@id\":\"https:\/\/universnews224.com\/index.php\/hamidou-barry-sur-le-retrait-du-mali-du-burkina-faso-et-du-niger-de-la-cedeao-la-veritable-force-de-se-retirer-de-la-cedeao-dependrait-des-futures-autorites-legales-et-legitimes\/\",\"url\":\"https:\/\/universnews224.com\/index.php\/hamidou-barry-sur-le-retrait-du-mali-du-burkina-faso-et-du-niger-de-la-cedeao-la-veritable-force-de-se-retirer-de-la-cedeao-dependrait-des-futures-autorites-legales-et-legitimes\/\",\"name\":\"Hamidou Barry sur le retrait du Mali, du Burkina Faso et du Niger de la C\u00c9D\u00c9AO: \u201cLa v\u00e9ritable force de se retirer de la C\u00c9D\u00c9AO d\u00e9pendrait des futures autorit\u00e9s l\u00e9gales et l\u00e9gitimes\u201d - UNIVERSNEWS224\",\"isPartOf\":{\"@id\":\"https:\/\/universnews224.com\/#website\"},\"datePublished\":\"2024-01-31T21:23:15+00:00\",\"dateModified\":\"2024-01-31T21:23:15+00:00\",\"inLanguage\":\"fr-FR\",\"potentialAction\":[{\"@type\":\"ReadAction\",\"target\":[\"https:\/\/universnews224.com\/index.php\/hamidou-barry-sur-le-retrait-du-mali-du-burkina-faso-et-du-niger-de-la-cedeao-la-veritable-force-de-se-retirer-de-la-cedeao-dependrait-des-futures-autorites-legales-et-legitimes\/\"]}]},{\"@type\":\"WebSite\",\"@id\":\"https:\/\/universnews224.com\/#website\",\"url\":\"https:\/\/universnews224.com\/\",\"name\":\"UNIVERSNEWS224\",\"description\":\"\",\"publisher\":{\"@id\":\"https:\/\/universnews224.com\/#organization\"},\"potentialAction\":[{\"@type\":\"SearchAction\",\"target\":{\"@type\":\"EntryPoint\",\"urlTemplate\":\"https:\/\/universnews224.com\/?s={search_term_string}\"},\"query-input\":\"required name=search_term_string\"}],\"inLanguage\":\"fr-FR\"},{\"@type\":\"Organization\",\"@id\":\"https:\/\/universnews224.com\/#organization\",\"name\":\"UNIVERSNEWS224\",\"url\":\"https:\/\/universnews224.com\/\",\"logo\":{\"@type\":\"ImageObject\",\"inLanguage\":\"fr-FR\",\"@id\":\"https:\/\/universnews224.com\/#\/schema\/logo\/image\/\",\"url\":\"https:\/\/universnews224.com\/wp-content\/uploads\/2022\/08\/cropped-cropped-logoban.jpg\",\"contentUrl\":\"https:\/\/universnews224.com\/wp-content\/uploads\/2022\/08\/cropped-cropped-logoban.jpg\",\"width\":1080,\"height\":138,\"caption\":\"UNIVERSNEWS224\"},\"image\":{\"@id\":\"https:\/\/universnews224.com\/#\/schema\/logo\/image\/\"}},{\"@type\":\"Person\",\"@id\":\"https:\/\/universnews224.com\/#\/schema\/person\/a4b7d4f94a4716df60456a491260485e\",\"name\":\"La R\u00e9daction\",\"image\":{\"@type\":\"ImageObject\",\"inLanguage\":\"fr-FR\",\"@id\":\"https:\/\/universnews224.com\/#\/schema\/person\/image\/\",\"url\":\"https:\/\/secure.gravatar.com\/avatar\/edb90acc7752b23e1b3307ad36c14f0d?s=96&d=mm&r=g\",\"contentUrl\":\"https:\/\/secure.gravatar.com\/avatar\/edb90acc7752b23e1b3307ad36c14f0d?s=96&d=mm&r=g\",\"caption\":\"La R\u00e9daction\"},\"sameAs\":[\"https:\/\/universnews224.com\"],\"url\":\"https:\/\/universnews224.com\/index.php\/author\/m-camara\/\"}]}<\/script>\n<!-- \/ Yoast SEO plugin. -->","yoast_head_json":{"title":"Hamidou Barry sur le retrait du Mali, du Burkina Faso et du Niger de la C\u00c9D\u00c9AO: \u201cLa v\u00e9ritable force de se retirer de la C\u00c9D\u00c9AO d\u00e9pendrait des futures autorit\u00e9s l\u00e9gales et l\u00e9gitimes\u201d - UNIVERSNEWS224","robots":{"index":"index","follow":"follow","max-snippet":"max-snippet:-1","max-image-preview":"max-image-preview:large","max-video-preview":"max-video-preview:-1"},"canonical":"https:\/\/universnews224.com\/index.php\/hamidou-barry-sur-le-retrait-du-mali-du-burkina-faso-et-du-niger-de-la-cedeao-la-veritable-force-de-se-retirer-de-la-cedeao-dependrait-des-futures-autorites-legales-et-legitimes\/","og_locale":"fr_FR","og_type":"article","og_title":"Hamidou Barry sur le retrait du Mali, du Burkina Faso et du Niger de la C\u00c9D\u00c9AO: \u201cLa v\u00e9ritable force de se retirer de la C\u00c9D\u00c9AO d\u00e9pendrait des futures autorit\u00e9s l\u00e9gales et l\u00e9gitimes\u201d - UNIVERSNEWS224","og_description":"Le parti du Parti Citoyen pour la D\u00e9fense des Int\u00e9r\u00eats Collectifs (PCDIC), a r\u00e9agi hier","og_url":"https:\/\/universnews224.com\/index.php\/hamidou-barry-sur-le-retrait-du-mali-du-burkina-faso-et-du-niger-de-la-cedeao-la-veritable-force-de-se-retirer-de-la-cedeao-dependrait-des-futures-autorites-legales-et-legitimes\/","og_site_name":"UNIVERSNEWS224","article_published_time":"2024-01-31T21:23:15+00:00","og_image":[{"width":384,"height":275,"url":"https:\/\/universnews224.com\/wp-content\/uploads\/2024\/01\/C9F7FB50-955D-40C2-9BF5-F0F83912C7F7.png","type":"image\/png"}],"author":"La R\u00e9daction","twitter_misc":{"\u00c9crit par":"La R\u00e9daction","Dur\u00e9e de lecture estim\u00e9e":"2 minutes"},"schema":{"@context":"https:\/\/schema.org","@graph":[{"@type":"Article","@id":"https:\/\/universnews224.com\/index.php\/hamidou-barry-sur-le-retrait-du-mali-du-burkina-faso-et-du-niger-de-la-cedeao-la-veritable-force-de-se-retirer-de-la-cedeao-dependrait-des-futures-autorites-legales-et-legitimes\/#article","isPartOf":{"@id":"https:\/\/universnews224.com\/index.php\/hamidou-barry-sur-le-retrait-du-mali-du-burkina-faso-et-du-niger-de-la-cedeao-la-veritable-force-de-se-retirer-de-la-cedeao-dependrait-des-futures-autorites-legales-et-legitimes\/"},"author":{"name":"La R\u00e9daction","@id":"https:\/\/universnews224.com\/#\/schema\/person\/a4b7d4f94a4716df60456a491260485e"},"headline":"Hamidou Barry sur le retrait du Mali, du Burkina Faso et du Niger de la C\u00c9D\u00c9AO: \u201cLa v\u00e9ritable force de se retirer de la C\u00c9D\u00c9AO d\u00e9pendrait des futures autorit\u00e9s l\u00e9gales et l\u00e9gitimes\u201d","datePublished":"2024-01-31T21:23:15+00:00","dateModified":"2024-01-31T21:23:15+00:00","mainEntityOfPage":{"@id":"https:\/\/universnews224.com\/index.php\/hamidou-barry-sur-le-retrait-du-mali-du-burkina-faso-et-du-niger-de-la-cedeao-la-veritable-force-de-se-retirer-de-la-cedeao-dependrait-des-futures-autorites-legales-et-legitimes\/"},"wordCount":399,"publisher":{"@id":"https:\/\/universnews224.com\/#organization"},"keywords":["La une"],"articleSection":["ACTU","POLITIQUE"],"inLanguage":"fr-FR"},{"@type":"WebPage","@id":"https:\/\/universnews224.com\/index.php\/hamidou-barry-sur-le-retrait-du-mali-du-burkina-faso-et-du-niger-de-la-cedeao-la-veritable-force-de-se-retirer-de-la-cedeao-dependrait-des-futures-autorites-legales-et-legitimes\/","url":"https:\/\/universnews224.com\/index.php\/hamidou-barry-sur-le-retrait-du-mali-du-burkina-faso-et-du-niger-de-la-cedeao-la-veritable-force-de-se-retirer-de-la-cedeao-dependrait-des-futures-autorites-legales-et-legitimes\/","name":"Hamidou Barry sur le retrait du Mali, du Burkina Faso et du Niger de la C\u00c9D\u00c9AO: \u201cLa v\u00e9ritable force de se retirer de la C\u00c9D\u00c9AO d\u00e9pendrait des futures autorit\u00e9s l\u00e9gales et l\u00e9gitimes\u201d - UNIVERSNEWS224","isPartOf":{"@id":"https:\/\/universnews224.com\/#website"},"datePublished":"2024-01-31T21:23:15+00:00","dateModified":"2024-01-31T21:23:15+00:00","inLanguage":"fr-FR","potentialAction":[{"@type":"ReadAction","target":["https:\/\/universnews224.com\/index.php\/hamidou-barry-sur-le-retrait-du-mali-du-burkina-faso-et-du-niger-de-la-cedeao-la-veritable-force-de-se-retirer-de-la-cedeao-dependrait-des-futures-autorites-legales-et-legitimes\/"]}]},{"@type":"WebSite","@id":"https:\/\/universnews224.com\/#website","url":"https:\/\/universnews224.com\/","name":"UNIVERSNEWS224","description":"","publisher":{"@id":"https:\/\/universnews224.com\/#organization"},"potentialAction":[{"@type":"SearchAction","target":{"@type":"EntryPoint","urlTemplate":"https:\/\/universnews224.com\/?s={search_term_string}"},"query-input":"required name=search_term_string"}],"inLanguage":"fr-FR"},{"@type":"Organization","@id":"https:\/\/universnews224.com\/#organization","name":"UNIVERSNEWS224","url":"https:\/\/universnews224.com\/","logo":{"@type":"ImageObject","inLanguage":"fr-FR","@id":"https:\/\/universnews224.com\/#\/schema\/logo\/image\/","url":"https:\/\/universnews224.com\/wp-content\/uploads\/2022\/08\/cropped-cropped-logoban.jpg","contentUrl":"https:\/\/universnews224.com\/wp-content\/uploads\/2022\/08\/cropped-cropped-logoban.jpg","width":1080,"height":138,"caption":"UNIVERSNEWS224"},"image":{"@id":"https:\/\/universnews224.com\/#\/schema\/logo\/image\/"}},{"@type":"Person","@id":"https:\/\/universnews224.com\/#\/schema\/person\/a4b7d4f94a4716df60456a491260485e","name":"La R\u00e9daction","image":{"@type":"ImageObject","inLanguage":"fr-FR","@id":"https:\/\/universnews224.com\/#\/schema\/person\/image\/","url":"https:\/\/secure.gravatar.com\/avatar\/edb90acc7752b23e1b3307ad36c14f0d?s=96&d=mm&r=g","contentUrl":"https:\/\/secure.gravatar.com\/avatar\/edb90acc7752b23e1b3307ad36c14f0d?s=96&d=mm&r=g","caption":"La R\u00e9daction"},"sameAs":["https:\/\/universnews224.com"],"url":"https:\/\/universnews224.com\/index.php\/author\/m-camara\/"}]}},"_links":{"self":[{"href":"https:\/\/universnews224.com\/index.php\/wp-json\/wp\/v2\/posts\/5092"}],"collection":[{"href":"https:\/\/universnews224.com\/index.php\/wp-json\/wp\/v2\/posts"}],"about":[{"href":"https:\/\/universnews224.com\/index.php\/wp-json\/wp\/v2\/types\/post"}],"author":[{"embeddable":true,"href":"https:\/\/universnews224.com\/index.php\/wp-json\/wp\/v2\/users\/2"}],"replies":[{"embeddable":true,"href":"https:\/\/universnews224.com\/index.php\/wp-json\/wp\/v2\/comments?post=5092"}],"version-history":[{"count":1,"href":"https:\/\/universnews224.com\/index.php\/wp-json\/wp\/v2\/posts\/5092\/revisions"}],"predecessor-version":[{"id":5093,"href":"https:\/\/universnews224.com\/index.php\/wp-json\/wp\/v2\/posts\/5092\/revisions\/5093"}],"wp:featuredmedia":[{"embeddable":true,"href":"https:\/\/universnews224.com\/index.php\/wp-json\/wp\/v2\/media\/5090"}],"wp:attachment":[{"href":"https:\/\/universnews224.com\/index.php\/wp-json\/wp\/v2\/media?parent=5092"}],"wp:term":[{"taxonomy":"category","embeddable":true,"href":"https:\/\/universnews224.com\/index.php\/wp-json\/wp\/v2\/categories?post=5092"},{"taxonomy":"post_tag","embeddable":true,"href":"https:\/\/universnews224.com\/index.php\/wp-json\/wp\/v2\/tags?post=5092"}],"curies":[{"name":"wp","href":"https:\/\/api.w.org\/{rel}","templated":true}]}}