{"id":5094,"date":"2024-01-31T22:25:27","date_gmt":"2024-01-31T21:25:27","guid":{"rendered":"https:\/\/universnews224.com\/?p=5094"},"modified":"2024-01-31T22:25:27","modified_gmt":"2024-01-31T21:25:27","slug":"laugmentation-des-prix-sur-le-marche-voici-la-reaction-dousmane-keita-president-de-lassociation-des-consommateurs-de-guinee","status":"publish","type":"post","link":"https:\/\/universnews224.com\/index.php\/laugmentation-des-prix-sur-le-marche-voici-la-reaction-dousmane-keita-president-de-lassociation-des-consommateurs-de-guinee\/","title":{"rendered":"L\u2019augmentation des prix sur le march\u00e9: Voici la r\u00e9action d\u2019Ousmane Ke\u00efta, pr\u00e9sident de l\u2019association des consommateurs de Guin\u00e9e."},"content":{"rendered":"<p class=\"p1\"><span class=\"s1\">Le<\/span> <span class=\"s1\">pr\u00e9sident de l\u2019Association des consommateurs de Guin\u00e9e, a r\u00e9agi ce mercredi, 31 janvier 2024 sur l\u2019augmentation des produits de grandes consommations en Guin\u00e9e. <\/span><\/p>\n<p class=\"p1\"><span class=\"s1\">Dans sa communication, Ousmane Ke\u00efta a justifi\u00e9 cette augmentation des denr\u00e9es de grande consommation par le contexte international marqu\u00e9 la guerre en Ukraine et l\u2019ins\u00e9curit\u00e9 en mer rouge. Il a ensuite remerci\u00e9<span class=\"Apple-converted-space\">\u00a0 <\/span>le gouvernement pour les efforts consentis en renon\u00e7ant \u00e0 certaines taxes pour att\u00e9nuer la souffrance des consommateurs. <\/span><\/p>\n<p class=\"p1\"><span class=\"s2\">\u201cAujourd\u2019hui, il y a un choc \u00e0 l\u2019international: depuis le d\u00e9but de la crise en Ukraine , nous avons connu une augmentation des prix certains produits. L\u2019Inde aussi a fait des augmentations de 20% sur des taxes parce qu\u2019elle voulait prot\u00e9ger son march\u00e9 et faire en sorte qu\u2019elle soit autosuffisante au niveau de leur consommation locale en mati\u00e8re de riz. Ce qui a eu des r\u00e9percussions sur les prix sans oublier la crise s\u00e9curitaire en mer rouge. Les navires sont oblig\u00e9s de contourner cette mer rouge l\u00e0, ce qui a occasionn\u00e9 l\u2019augmentation des prix. L\u2019un dans l\u2019autre, il y a des facteurs qui viennent s\u2019ajouter \u00e0 cette augmentation de prix que nous n\u2019avons pas d\u00e9sir\u00e9. Ce qu\u2019il faut comprendre qu\u2019apr\u00e8s la r\u00e9union, on a compris que l\u2019\u00c9tat avait descendu un indice semestriel de 600 \u00e0 100 dollars pour les importateurs. C\u2019est un effort au niveau de l\u2019\u00c9tat. On avait compris aussi parce qu\u2019il y avait tous les op\u00e9rateurs \u00e9conomiques \u00e9taient pr\u00e9sents, que l\u2019\u00c9tat a fait un gros sacrifice sur les marges b\u00e9n\u00e9ficiaires. L\u2019un dans l\u2019autre, ce que nous avons accueilli, l\u2019impact devrait \u00eatre aussi si fort, mais il est beaucoup plus aplani au niveau du consommateur. Notre impression, c\u2019est que ce sont efforts que nous saluons et nous esp\u00e9rons et c\u2019est ce que le gouvernement nous a promis \u00e0 travers la ministre du commerce qu\u2019au fur et \u00e0 mesure, ils feront en sorte que les prix reviennent \u00e0 la normale\u201d, a t-il martel\u00e9 chez nos confr\u00e8res de la radio Tropical Fm dans l\u2019\u00e9mission les Grandes bouches. <\/span><\/p>\n<p class=\"p1\"><span class=\"s2\">Mohamed Camara <\/span><\/p>\n","protected":false},"excerpt":{"rendered":"<p>Le pr\u00e9sident de l\u2019Association des consommateurs de Guin\u00e9e, a r\u00e9agi ce mercredi, 31 janvier 2024<\/p>\n","protected":false},"author":2,"featured_media":5095,"comment_status":"closed","ping_status":"open","sticky":false,"template":"","format":"standard","meta":[],"categories":[3,5],"tags":[229],"yoast_head":"<!-- This site is optimized with the Yoast SEO plugin v19.13 - https:\/\/yoast.com\/wordpress\/plugins\/seo\/ -->\n<title>L\u2019augmentation des prix sur le march\u00e9: Voici la r\u00e9action d\u2019Ousmane Ke\u00efta, pr\u00e9sident de l\u2019association des consommateurs de Guin\u00e9e. - UNIVERSNEWS224<\/title>\n<meta name=\"robots\" content=\"index, follow, max-snippet:-1, max-image-preview:large, max-video-preview:-1\" \/>\n<link rel=\"canonical\" href=\"https:\/\/universnews224.com\/index.php\/laugmentation-des-prix-sur-le-marche-voici-la-reaction-dousmane-keita-president-de-lassociation-des-consommateurs-de-guinee\/\" \/>\n<meta property=\"og:locale\" content=\"fr_FR\" \/>\n<meta property=\"og:type\" content=\"article\" \/>\n<meta property=\"og:title\" content=\"L\u2019augmentation des prix sur le march\u00e9: Voici la r\u00e9action d\u2019Ousmane Ke\u00efta, pr\u00e9sident de l\u2019association des consommateurs de Guin\u00e9e. - UNIVERSNEWS224\" \/>\n<meta property=\"og:description\" content=\"Le pr\u00e9sident de l\u2019Association des consommateurs de Guin\u00e9e, a r\u00e9agi ce mercredi, 31 janvier 2024\" \/>\n<meta property=\"og:url\" content=\"https:\/\/universnews224.com\/index.php\/laugmentation-des-prix-sur-le-marche-voici-la-reaction-dousmane-keita-president-de-lassociation-des-consommateurs-de-guinee\/\" \/>\n<meta property=\"og:site_name\" content=\"UNIVERSNEWS224\" \/>\n<meta property=\"article:published_time\" content=\"2024-01-31T21:25:27+00:00\" \/>\n<meta property=\"og:image\" content=\"https:\/\/universnews224.com\/wp-content\/uploads\/2024\/01\/44F6F0F3-BFF3-4E0B-A7F1-3CC4584DFCFF.jpeg\" \/>\n\t<meta property=\"og:image:width\" content=\"700\" \/>\n\t<meta property=\"og:image:height\" content=\"375\" \/>\n\t<meta property=\"og:image:type\" content=\"image\/jpeg\" \/>\n<meta name=\"author\" content=\"La R\u00e9daction\" \/>\n<meta name=\"twitter:label1\" content=\"\u00c9crit par\" \/>\n\t<meta name=\"twitter:data1\" content=\"La R\u00e9daction\" \/>\n\t<meta name=\"twitter:label2\" content=\"Dur\u00e9e de lecture estim\u00e9e\" \/>\n\t<meta name=\"twitter:data2\" content=\"2 minutes\" \/>\n<script type=\"application\/ld+json\" class=\"yoast-schema-graph\">{\"@context\":\"https:\/\/schema.org\",\"@graph\":[{\"@type\":\"Article\",\"@id\":\"https:\/\/universnews224.com\/index.php\/laugmentation-des-prix-sur-le-marche-voici-la-reaction-dousmane-keita-president-de-lassociation-des-consommateurs-de-guinee\/#article\",\"isPartOf\":{\"@id\":\"https:\/\/universnews224.com\/index.php\/laugmentation-des-prix-sur-le-marche-voici-la-reaction-dousmane-keita-president-de-lassociation-des-consommateurs-de-guinee\/\"},\"author\":{\"name\":\"La R\u00e9daction\",\"@id\":\"https:\/\/universnews224.com\/#\/schema\/person\/a4b7d4f94a4716df60456a491260485e\"},\"headline\":\"L\u2019augmentation des prix sur le march\u00e9: Voici la r\u00e9action d\u2019Ousmane Ke\u00efta, pr\u00e9sident de l\u2019association des consommateurs de Guin\u00e9e.\",\"datePublished\":\"2024-01-31T21:25:27+00:00\",\"dateModified\":\"2024-01-31T21:25:27+00:00\",\"mainEntityOfPage\":{\"@id\":\"https:\/\/universnews224.com\/index.php\/laugmentation-des-prix-sur-le-marche-voici-la-reaction-dousmane-keita-president-de-lassociation-des-consommateurs-de-guinee\/\"},\"wordCount\":394,\"publisher\":{\"@id\":\"https:\/\/universnews224.com\/#organization\"},\"keywords\":[\"La une\"],\"articleSection\":[\"ACTU\",\"SOCI\u00c9T\u00c9\"],\"inLanguage\":\"fr-FR\"},{\"@type\":\"WebPage\",\"@id\":\"https:\/\/universnews224.com\/index.php\/laugmentation-des-prix-sur-le-marche-voici-la-reaction-dousmane-keita-president-de-lassociation-des-consommateurs-de-guinee\/\",\"url\":\"https:\/\/universnews224.com\/index.php\/laugmentation-des-prix-sur-le-marche-voici-la-reaction-dousmane-keita-president-de-lassociation-des-consommateurs-de-guinee\/\",\"name\":\"L\u2019augmentation des prix sur le march\u00e9: Voici la r\u00e9action d\u2019Ousmane Ke\u00efta, pr\u00e9sident de l\u2019association des consommateurs de Guin\u00e9e. - UNIVERSNEWS224\",\"isPartOf\":{\"@id\":\"https:\/\/universnews224.com\/#website\"},\"datePublished\":\"2024-01-31T21:25:27+00:00\",\"dateModified\":\"2024-01-31T21:25:27+00:00\",\"inLanguage\":\"fr-FR\",\"potentialAction\":[{\"@type\":\"ReadAction\",\"target\":[\"https:\/\/universnews224.com\/index.php\/laugmentation-des-prix-sur-le-marche-voici-la-reaction-dousmane-keita-president-de-lassociation-des-consommateurs-de-guinee\/\"]}]},{\"@type\":\"WebSite\",\"@id\":\"https:\/\/universnews224.com\/#website\",\"url\":\"https:\/\/universnews224.com\/\",\"name\":\"UNIVERSNEWS224\",\"description\":\"\",\"publisher\":{\"@id\":\"https:\/\/universnews224.com\/#organization\"},\"potentialAction\":[{\"@type\":\"SearchAction\",\"target\":{\"@type\":\"EntryPoint\",\"urlTemplate\":\"https:\/\/universnews224.com\/?s={search_term_string}\"},\"query-input\":\"required name=search_term_string\"}],\"inLanguage\":\"fr-FR\"},{\"@type\":\"Organization\",\"@id\":\"https:\/\/universnews224.com\/#organization\",\"name\":\"UNIVERSNEWS224\",\"url\":\"https:\/\/universnews224.com\/\",\"logo\":{\"@type\":\"ImageObject\",\"inLanguage\":\"fr-FR\",\"@id\":\"https:\/\/universnews224.com\/#\/schema\/logo\/image\/\",\"url\":\"https:\/\/universnews224.com\/wp-content\/uploads\/2022\/08\/cropped-cropped-logoban.jpg\",\"contentUrl\":\"https:\/\/universnews224.com\/wp-content\/uploads\/2022\/08\/cropped-cropped-logoban.jpg\",\"width\":1080,\"height\":138,\"caption\":\"UNIVERSNEWS224\"},\"image\":{\"@id\":\"https:\/\/universnews224.com\/#\/schema\/logo\/image\/\"}},{\"@type\":\"Person\",\"@id\":\"https:\/\/universnews224.com\/#\/schema\/person\/a4b7d4f94a4716df60456a491260485e\",\"name\":\"La R\u00e9daction\",\"image\":{\"@type\":\"ImageObject\",\"inLanguage\":\"fr-FR\",\"@id\":\"https:\/\/universnews224.com\/#\/schema\/person\/image\/\",\"url\":\"https:\/\/secure.gravatar.com\/avatar\/edb90acc7752b23e1b3307ad36c14f0d?s=96&d=mm&r=g\",\"contentUrl\":\"https:\/\/secure.gravatar.com\/avatar\/edb90acc7752b23e1b3307ad36c14f0d?s=96&d=mm&r=g\",\"caption\":\"La R\u00e9daction\"},\"sameAs\":[\"https:\/\/universnews224.com\"],\"url\":\"https:\/\/universnews224.com\/index.php\/author\/m-camara\/\"}]}<\/script>\n<!-- \/ Yoast SEO plugin. -->","yoast_head_json":{"title":"L\u2019augmentation des prix sur le march\u00e9: Voici la r\u00e9action d\u2019Ousmane Ke\u00efta, pr\u00e9sident de l\u2019association des consommateurs de Guin\u00e9e. - UNIVERSNEWS224","robots":{"index":"index","follow":"follow","max-snippet":"max-snippet:-1","max-image-preview":"max-image-preview:large","max-video-preview":"max-video-preview:-1"},"canonical":"https:\/\/universnews224.com\/index.php\/laugmentation-des-prix-sur-le-marche-voici-la-reaction-dousmane-keita-president-de-lassociation-des-consommateurs-de-guinee\/","og_locale":"fr_FR","og_type":"article","og_title":"L\u2019augmentation des prix sur le march\u00e9: Voici la r\u00e9action d\u2019Ousmane Ke\u00efta, pr\u00e9sident de l\u2019association des consommateurs de Guin\u00e9e. - UNIVERSNEWS224","og_description":"Le pr\u00e9sident de l\u2019Association des consommateurs de Guin\u00e9e, a r\u00e9agi ce mercredi, 31 janvier 2024","og_url":"https:\/\/universnews224.com\/index.php\/laugmentation-des-prix-sur-le-marche-voici-la-reaction-dousmane-keita-president-de-lassociation-des-consommateurs-de-guinee\/","og_site_name":"UNIVERSNEWS224","article_published_time":"2024-01-31T21:25:27+00:00","og_image":[{"width":700,"height":375,"url":"https:\/\/universnews224.com\/wp-content\/uploads\/2024\/01\/44F6F0F3-BFF3-4E0B-A7F1-3CC4584DFCFF.jpeg","type":"image\/jpeg"}],"author":"La R\u00e9daction","twitter_misc":{"\u00c9crit par":"La R\u00e9daction","Dur\u00e9e de lecture estim\u00e9e":"2 minutes"},"schema":{"@context":"https:\/\/schema.org","@graph":[{"@type":"Article","@id":"https:\/\/universnews224.com\/index.php\/laugmentation-des-prix-sur-le-marche-voici-la-reaction-dousmane-keita-president-de-lassociation-des-consommateurs-de-guinee\/#article","isPartOf":{"@id":"https:\/\/universnews224.com\/index.php\/laugmentation-des-prix-sur-le-marche-voici-la-reaction-dousmane-keita-president-de-lassociation-des-consommateurs-de-guinee\/"},"author":{"name":"La R\u00e9daction","@id":"https:\/\/universnews224.com\/#\/schema\/person\/a4b7d4f94a4716df60456a491260485e"},"headline":"L\u2019augmentation des prix sur le march\u00e9: Voici la r\u00e9action d\u2019Ousmane Ke\u00efta, pr\u00e9sident de l\u2019association des consommateurs de Guin\u00e9e.","datePublished":"2024-01-31T21:25:27+00:00","dateModified":"2024-01-31T21:25:27+00:00","mainEntityOfPage":{"@id":"https:\/\/universnews224.com\/index.php\/laugmentation-des-prix-sur-le-marche-voici-la-reaction-dousmane-keita-president-de-lassociation-des-consommateurs-de-guinee\/"},"wordCount":394,"publisher":{"@id":"https:\/\/universnews224.com\/#organization"},"keywords":["La une"],"articleSection":["ACTU","SOCI\u00c9T\u00c9"],"inLanguage":"fr-FR"},{"@type":"WebPage","@id":"https:\/\/universnews224.com\/index.php\/laugmentation-des-prix-sur-le-marche-voici-la-reaction-dousmane-keita-president-de-lassociation-des-consommateurs-de-guinee\/","url":"https:\/\/universnews224.com\/index.php\/laugmentation-des-prix-sur-le-marche-voici-la-reaction-dousmane-keita-president-de-lassociation-des-consommateurs-de-guinee\/","name":"L\u2019augmentation des prix sur le march\u00e9: Voici la r\u00e9action d\u2019Ousmane Ke\u00efta, pr\u00e9sident de l\u2019association des consommateurs de Guin\u00e9e. - UNIVERSNEWS224","isPartOf":{"@id":"https:\/\/universnews224.com\/#website"},"datePublished":"2024-01-31T21:25:27+00:00","dateModified":"2024-01-31T21:25:27+00:00","inLanguage":"fr-FR","potentialAction":[{"@type":"ReadAction","target":["https:\/\/universnews224.com\/index.php\/laugmentation-des-prix-sur-le-marche-voici-la-reaction-dousmane-keita-president-de-lassociation-des-consommateurs-de-guinee\/"]}]},{"@type":"WebSite","@id":"https:\/\/universnews224.com\/#website","url":"https:\/\/universnews224.com\/","name":"UNIVERSNEWS224","description":"","publisher":{"@id":"https:\/\/universnews224.com\/#organization"},"potentialAction":[{"@type":"SearchAction","target":{"@type":"EntryPoint","urlTemplate":"https:\/\/universnews224.com\/?s={search_term_string}"},"query-input":"required name=search_term_string"}],"inLanguage":"fr-FR"},{"@type":"Organization","@id":"https:\/\/universnews224.com\/#organization","name":"UNIVERSNEWS224","url":"https:\/\/universnews224.com\/","logo":{"@type":"ImageObject","inLanguage":"fr-FR","@id":"https:\/\/universnews224.com\/#\/schema\/logo\/image\/","url":"https:\/\/universnews224.com\/wp-content\/uploads\/2022\/08\/cropped-cropped-logoban.jpg","contentUrl":"https:\/\/universnews224.com\/wp-content\/uploads\/2022\/08\/cropped-cropped-logoban.jpg","width":1080,"height":138,"caption":"UNIVERSNEWS224"},"image":{"@id":"https:\/\/universnews224.com\/#\/schema\/logo\/image\/"}},{"@type":"Person","@id":"https:\/\/universnews224.com\/#\/schema\/person\/a4b7d4f94a4716df60456a491260485e","name":"La R\u00e9daction","image":{"@type":"ImageObject","inLanguage":"fr-FR","@id":"https:\/\/universnews224.com\/#\/schema\/person\/image\/","url":"https:\/\/secure.gravatar.com\/avatar\/edb90acc7752b23e1b3307ad36c14f0d?s=96&d=mm&r=g","contentUrl":"https:\/\/secure.gravatar.com\/avatar\/edb90acc7752b23e1b3307ad36c14f0d?s=96&d=mm&r=g","caption":"La R\u00e9daction"},"sameAs":["https:\/\/universnews224.com"],"url":"https:\/\/universnews224.com\/index.php\/author\/m-camara\/"}]}},"_links":{"self":[{"href":"https:\/\/universnews224.com\/index.php\/wp-json\/wp\/v2\/posts\/5094"}],"collection":[{"href":"https:\/\/universnews224.com\/index.php\/wp-json\/wp\/v2\/posts"}],"about":[{"href":"https:\/\/universnews224.com\/index.php\/wp-json\/wp\/v2\/types\/post"}],"author":[{"embeddable":true,"href":"https:\/\/universnews224.com\/index.php\/wp-json\/wp\/v2\/users\/2"}],"replies":[{"embeddable":true,"href":"https:\/\/universnews224.com\/index.php\/wp-json\/wp\/v2\/comments?post=5094"}],"version-history":[{"count":1,"href":"https:\/\/universnews224.com\/index.php\/wp-json\/wp\/v2\/posts\/5094\/revisions"}],"predecessor-version":[{"id":5096,"href":"https:\/\/universnews224.com\/index.php\/wp-json\/wp\/v2\/posts\/5094\/revisions\/5096"}],"wp:featuredmedia":[{"embeddable":true,"href":"https:\/\/universnews224.com\/index.php\/wp-json\/wp\/v2\/media\/5095"}],"wp:attachment":[{"href":"https:\/\/universnews224.com\/index.php\/wp-json\/wp\/v2\/media?parent=5094"}],"wp:term":[{"taxonomy":"category","embeddable":true,"href":"https:\/\/universnews224.com\/index.php\/wp-json\/wp\/v2\/categories?post=5094"},{"taxonomy":"post_tag","embeddable":true,"href":"https:\/\/universnews224.com\/index.php\/wp-json\/wp\/v2\/tags?post=5094"}],"curies":[{"name":"wp","href":"https:\/\/api.w.org\/{rel}","templated":true}]}}