{"id":5097,"date":"2024-02-01T12:55:09","date_gmt":"2024-02-01T11:55:09","guid":{"rendered":"https:\/\/universnews224.com\/?p=5097"},"modified":"2024-02-01T12:55:09","modified_gmt":"2024-02-01T11:55:09","slug":"rafiou-sow-sur-linstallation-des-delegations-speciales-ca-veut-dire-tout-simplement-quils-veulent-confisquer-le-pouvoir","status":"publish","type":"post","link":"https:\/\/universnews224.com\/index.php\/rafiou-sow-sur-linstallation-des-delegations-speciales-ca-veut-dire-tout-simplement-quils-veulent-confisquer-le-pouvoir\/","title":{"rendered":"Rafiou Sow sur l\u2019installation des d\u00e9l\u00e9gations sp\u00e9ciales: \u201c\u00c7a veut dire tout simplement qu\u2019ils veulent confisquer le pouvoir\u201d"},"content":{"rendered":"<p class=\"p1\">L\u2019installation tr\u00e8s prochainement des d\u00e9l\u00e9gations sp\u00e9ciales en lieu et place des ex\u00e9cutif communaux dont le mandat est d\u00e9chu continue de polariser le d\u00e9bat sur l\u2019\u00e9chiquier politique guin\u00e9en.<\/p>\n<p class=\"p1\"><span class=\"s1\">R\u00e9gissant sur cette actualit\u00e9 chez nos confr\u00e8res de la radio Tropical Fm dans l\u2019\u00e9mission les\u00abGrosses t\u00eates\u00bb, Rafiou Sow, pr\u00e9sident du Parti renouveau et du progr\u00e8s (PRP), a laiss\u00e9 entendre que l\u2019installation des d\u00e9l\u00e9gations sp\u00e9ciales est une man\u0153uvre du CNRD, visant confisquer le pouvoir. <\/span><\/p>\n<p class=\"p1\"><span class=\"s1\">\u201cLe ministre de l\u2019administration du territoire explore cette possibilit\u00e9 pour pouvoir avoir une main mise sur le pouvoir \u00e0 la base. Nous savons que les gens-l\u00e0 ont \u00e9t\u00e9 \u00e9lus \u00e0 travers des \u00e9lections, s\u2019ils doivent partir, \u00e7a doit \u00eatre \u00e0 travers des \u00e9lections. Nous savons que cette ann\u00e9e est une ann\u00e9e \u00e9lectorale. Toutes \u00e9lections pr\u00e9vues doivent se faire cette ann\u00e9e, si \u00e0 quelques mois de ses \u00e9ch\u00e9ances, ils veulent installer des d\u00e9l\u00e9gations sp\u00e9ciales, \u00e7a veut dire tout simplement qu\u2019ils veulent confisquer le pouvoir. Qu\u2019ils ne veulent pas organiser des \u00e9lections, qu\u2019ils ne sont pas pr\u00eats \u00e0 le faire et puis ils veulent mettre leurs hommes pour contr\u00f4ler tout \u00e0 la base. Je pense que cela est tr\u00e8s dangereux et cela va nous conduire \u00e0 des cons\u00e9quences tr\u00e8s graves. Ils doivent revenir \u00e0 la raison, ils doivent laisser ceux qui sont l\u00e0 et organiser des \u00e9lections, a t-il martel\u00e9. <\/span><\/p>\n<p class=\"p1\">\n","protected":false},"excerpt":{"rendered":"<p>L\u2019installation tr\u00e8s prochainement des d\u00e9l\u00e9gations sp\u00e9ciales en lieu et place des ex\u00e9cutif communaux dont le<\/p>\n","protected":false},"author":2,"featured_media":4953,"comment_status":"closed","ping_status":"open","sticky":false,"template":"","format":"standard","meta":[],"categories":[3,4],"tags":[229],"yoast_head":"<!-- This site is optimized with the Yoast SEO plugin v19.13 - https:\/\/yoast.com\/wordpress\/plugins\/seo\/ -->\n<title>Rafiou Sow sur l\u2019installation des d\u00e9l\u00e9gations sp\u00e9ciales: \u201c\u00c7a veut dire tout simplement qu\u2019ils veulent confisquer le pouvoir\u201d - UNIVERSNEWS224<\/title>\n<meta name=\"robots\" content=\"index, follow, max-snippet:-1, max-image-preview:large, max-video-preview:-1\" \/>\n<link rel=\"canonical\" href=\"https:\/\/universnews224.com\/index.php\/rafiou-sow-sur-linstallation-des-delegations-speciales-ca-veut-dire-tout-simplement-quils-veulent-confisquer-le-pouvoir\/\" \/>\n<meta property=\"og:locale\" content=\"fr_FR\" \/>\n<meta property=\"og:type\" content=\"article\" \/>\n<meta property=\"og:title\" content=\"Rafiou Sow sur l\u2019installation des d\u00e9l\u00e9gations sp\u00e9ciales: \u201c\u00c7a veut dire tout simplement qu\u2019ils veulent confisquer le pouvoir\u201d - UNIVERSNEWS224\" \/>\n<meta property=\"og:description\" content=\"L\u2019installation tr\u00e8s prochainement des d\u00e9l\u00e9gations sp\u00e9ciales en lieu et place des ex\u00e9cutif communaux dont le\" \/>\n<meta property=\"og:url\" content=\"https:\/\/universnews224.com\/index.php\/rafiou-sow-sur-linstallation-des-delegations-speciales-ca-veut-dire-tout-simplement-quils-veulent-confisquer-le-pouvoir\/\" \/>\n<meta property=\"og:site_name\" content=\"UNIVERSNEWS224\" \/>\n<meta property=\"article:published_time\" content=\"2024-02-01T11:55:09+00:00\" \/>\n<meta property=\"og:image\" content=\"https:\/\/universnews224.com\/wp-content\/uploads\/2024\/01\/DCDD9859-BE74-4DD7-A818-A7D91A638396.png\" \/>\n\t<meta property=\"og:image:width\" content=\"700\" \/>\n\t<meta property=\"og:image:height\" content=\"450\" \/>\n\t<meta property=\"og:image:type\" content=\"image\/png\" \/>\n<meta name=\"author\" content=\"La R\u00e9daction\" \/>\n<meta name=\"twitter:label1\" content=\"\u00c9crit par\" \/>\n\t<meta name=\"twitter:data1\" content=\"La R\u00e9daction\" \/>\n\t<meta name=\"twitter:label2\" content=\"Dur\u00e9e de lecture estim\u00e9e\" \/>\n\t<meta name=\"twitter:data2\" content=\"2 minutes\" \/>\n<script type=\"application\/ld+json\" class=\"yoast-schema-graph\">{\"@context\":\"https:\/\/schema.org\",\"@graph\":[{\"@type\":\"Article\",\"@id\":\"https:\/\/universnews224.com\/index.php\/rafiou-sow-sur-linstallation-des-delegations-speciales-ca-veut-dire-tout-simplement-quils-veulent-confisquer-le-pouvoir\/#article\",\"isPartOf\":{\"@id\":\"https:\/\/universnews224.com\/index.php\/rafiou-sow-sur-linstallation-des-delegations-speciales-ca-veut-dire-tout-simplement-quils-veulent-confisquer-le-pouvoir\/\"},\"author\":{\"name\":\"La R\u00e9daction\",\"@id\":\"https:\/\/universnews224.com\/#\/schema\/person\/a4b7d4f94a4716df60456a491260485e\"},\"headline\":\"Rafiou Sow sur l\u2019installation des d\u00e9l\u00e9gations sp\u00e9ciales: \u201c\u00c7a veut dire tout simplement qu\u2019ils veulent confisquer le pouvoir\u201d\",\"datePublished\":\"2024-02-01T11:55:09+00:00\",\"dateModified\":\"2024-02-01T11:55:09+00:00\",\"mainEntityOfPage\":{\"@id\":\"https:\/\/universnews224.com\/index.php\/rafiou-sow-sur-linstallation-des-delegations-speciales-ca-veut-dire-tout-simplement-quils-veulent-confisquer-le-pouvoir\/\"},\"wordCount\":272,\"publisher\":{\"@id\":\"https:\/\/universnews224.com\/#organization\"},\"keywords\":[\"La une\"],\"articleSection\":[\"ACTU\",\"POLITIQUE\"],\"inLanguage\":\"fr-FR\"},{\"@type\":\"WebPage\",\"@id\":\"https:\/\/universnews224.com\/index.php\/rafiou-sow-sur-linstallation-des-delegations-speciales-ca-veut-dire-tout-simplement-quils-veulent-confisquer-le-pouvoir\/\",\"url\":\"https:\/\/universnews224.com\/index.php\/rafiou-sow-sur-linstallation-des-delegations-speciales-ca-veut-dire-tout-simplement-quils-veulent-confisquer-le-pouvoir\/\",\"name\":\"Rafiou Sow sur l\u2019installation des d\u00e9l\u00e9gations sp\u00e9ciales: \u201c\u00c7a veut dire tout simplement qu\u2019ils veulent confisquer le pouvoir\u201d - UNIVERSNEWS224\",\"isPartOf\":{\"@id\":\"https:\/\/universnews224.com\/#website\"},\"datePublished\":\"2024-02-01T11:55:09+00:00\",\"dateModified\":\"2024-02-01T11:55:09+00:00\",\"inLanguage\":\"fr-FR\",\"potentialAction\":[{\"@type\":\"ReadAction\",\"target\":[\"https:\/\/universnews224.com\/index.php\/rafiou-sow-sur-linstallation-des-delegations-speciales-ca-veut-dire-tout-simplement-quils-veulent-confisquer-le-pouvoir\/\"]}]},{\"@type\":\"WebSite\",\"@id\":\"https:\/\/universnews224.com\/#website\",\"url\":\"https:\/\/universnews224.com\/\",\"name\":\"UNIVERSNEWS224\",\"description\":\"\",\"publisher\":{\"@id\":\"https:\/\/universnews224.com\/#organization\"},\"potentialAction\":[{\"@type\":\"SearchAction\",\"target\":{\"@type\":\"EntryPoint\",\"urlTemplate\":\"https:\/\/universnews224.com\/?s={search_term_string}\"},\"query-input\":\"required name=search_term_string\"}],\"inLanguage\":\"fr-FR\"},{\"@type\":\"Organization\",\"@id\":\"https:\/\/universnews224.com\/#organization\",\"name\":\"UNIVERSNEWS224\",\"url\":\"https:\/\/universnews224.com\/\",\"logo\":{\"@type\":\"ImageObject\",\"inLanguage\":\"fr-FR\",\"@id\":\"https:\/\/universnews224.com\/#\/schema\/logo\/image\/\",\"url\":\"https:\/\/universnews224.com\/wp-content\/uploads\/2022\/08\/cropped-cropped-logoban.jpg\",\"contentUrl\":\"https:\/\/universnews224.com\/wp-content\/uploads\/2022\/08\/cropped-cropped-logoban.jpg\",\"width\":1080,\"height\":138,\"caption\":\"UNIVERSNEWS224\"},\"image\":{\"@id\":\"https:\/\/universnews224.com\/#\/schema\/logo\/image\/\"}},{\"@type\":\"Person\",\"@id\":\"https:\/\/universnews224.com\/#\/schema\/person\/a4b7d4f94a4716df60456a491260485e\",\"name\":\"La R\u00e9daction\",\"image\":{\"@type\":\"ImageObject\",\"inLanguage\":\"fr-FR\",\"@id\":\"https:\/\/universnews224.com\/#\/schema\/person\/image\/\",\"url\":\"https:\/\/secure.gravatar.com\/avatar\/edb90acc7752b23e1b3307ad36c14f0d?s=96&d=mm&r=g\",\"contentUrl\":\"https:\/\/secure.gravatar.com\/avatar\/edb90acc7752b23e1b3307ad36c14f0d?s=96&d=mm&r=g\",\"caption\":\"La R\u00e9daction\"},\"sameAs\":[\"https:\/\/universnews224.com\"],\"url\":\"https:\/\/universnews224.com\/index.php\/author\/m-camara\/\"}]}<\/script>\n<!-- \/ Yoast SEO plugin. -->","yoast_head_json":{"title":"Rafiou Sow sur l\u2019installation des d\u00e9l\u00e9gations sp\u00e9ciales: \u201c\u00c7a veut dire tout simplement qu\u2019ils veulent confisquer le pouvoir\u201d - UNIVERSNEWS224","robots":{"index":"index","follow":"follow","max-snippet":"max-snippet:-1","max-image-preview":"max-image-preview:large","max-video-preview":"max-video-preview:-1"},"canonical":"https:\/\/universnews224.com\/index.php\/rafiou-sow-sur-linstallation-des-delegations-speciales-ca-veut-dire-tout-simplement-quils-veulent-confisquer-le-pouvoir\/","og_locale":"fr_FR","og_type":"article","og_title":"Rafiou Sow sur l\u2019installation des d\u00e9l\u00e9gations sp\u00e9ciales: \u201c\u00c7a veut dire tout simplement qu\u2019ils veulent confisquer le pouvoir\u201d - UNIVERSNEWS224","og_description":"L\u2019installation tr\u00e8s prochainement des d\u00e9l\u00e9gations sp\u00e9ciales en lieu et place des ex\u00e9cutif communaux dont le","og_url":"https:\/\/universnews224.com\/index.php\/rafiou-sow-sur-linstallation-des-delegations-speciales-ca-veut-dire-tout-simplement-quils-veulent-confisquer-le-pouvoir\/","og_site_name":"UNIVERSNEWS224","article_published_time":"2024-02-01T11:55:09+00:00","og_image":[{"width":700,"height":450,"url":"https:\/\/universnews224.com\/wp-content\/uploads\/2024\/01\/DCDD9859-BE74-4DD7-A818-A7D91A638396.png","type":"image\/png"}],"author":"La R\u00e9daction","twitter_misc":{"\u00c9crit par":"La R\u00e9daction","Dur\u00e9e de lecture estim\u00e9e":"2 minutes"},"schema":{"@context":"https:\/\/schema.org","@graph":[{"@type":"Article","@id":"https:\/\/universnews224.com\/index.php\/rafiou-sow-sur-linstallation-des-delegations-speciales-ca-veut-dire-tout-simplement-quils-veulent-confisquer-le-pouvoir\/#article","isPartOf":{"@id":"https:\/\/universnews224.com\/index.php\/rafiou-sow-sur-linstallation-des-delegations-speciales-ca-veut-dire-tout-simplement-quils-veulent-confisquer-le-pouvoir\/"},"author":{"name":"La R\u00e9daction","@id":"https:\/\/universnews224.com\/#\/schema\/person\/a4b7d4f94a4716df60456a491260485e"},"headline":"Rafiou Sow sur l\u2019installation des d\u00e9l\u00e9gations sp\u00e9ciales: \u201c\u00c7a veut dire tout simplement qu\u2019ils veulent confisquer le pouvoir\u201d","datePublished":"2024-02-01T11:55:09+00:00","dateModified":"2024-02-01T11:55:09+00:00","mainEntityOfPage":{"@id":"https:\/\/universnews224.com\/index.php\/rafiou-sow-sur-linstallation-des-delegations-speciales-ca-veut-dire-tout-simplement-quils-veulent-confisquer-le-pouvoir\/"},"wordCount":272,"publisher":{"@id":"https:\/\/universnews224.com\/#organization"},"keywords":["La une"],"articleSection":["ACTU","POLITIQUE"],"inLanguage":"fr-FR"},{"@type":"WebPage","@id":"https:\/\/universnews224.com\/index.php\/rafiou-sow-sur-linstallation-des-delegations-speciales-ca-veut-dire-tout-simplement-quils-veulent-confisquer-le-pouvoir\/","url":"https:\/\/universnews224.com\/index.php\/rafiou-sow-sur-linstallation-des-delegations-speciales-ca-veut-dire-tout-simplement-quils-veulent-confisquer-le-pouvoir\/","name":"Rafiou Sow sur l\u2019installation des d\u00e9l\u00e9gations sp\u00e9ciales: \u201c\u00c7a veut dire tout simplement qu\u2019ils veulent confisquer le pouvoir\u201d - UNIVERSNEWS224","isPartOf":{"@id":"https:\/\/universnews224.com\/#website"},"datePublished":"2024-02-01T11:55:09+00:00","dateModified":"2024-02-01T11:55:09+00:00","inLanguage":"fr-FR","potentialAction":[{"@type":"ReadAction","target":["https:\/\/universnews224.com\/index.php\/rafiou-sow-sur-linstallation-des-delegations-speciales-ca-veut-dire-tout-simplement-quils-veulent-confisquer-le-pouvoir\/"]}]},{"@type":"WebSite","@id":"https:\/\/universnews224.com\/#website","url":"https:\/\/universnews224.com\/","name":"UNIVERSNEWS224","description":"","publisher":{"@id":"https:\/\/universnews224.com\/#organization"},"potentialAction":[{"@type":"SearchAction","target":{"@type":"EntryPoint","urlTemplate":"https:\/\/universnews224.com\/?s={search_term_string}"},"query-input":"required name=search_term_string"}],"inLanguage":"fr-FR"},{"@type":"Organization","@id":"https:\/\/universnews224.com\/#organization","name":"UNIVERSNEWS224","url":"https:\/\/universnews224.com\/","logo":{"@type":"ImageObject","inLanguage":"fr-FR","@id":"https:\/\/universnews224.com\/#\/schema\/logo\/image\/","url":"https:\/\/universnews224.com\/wp-content\/uploads\/2022\/08\/cropped-cropped-logoban.jpg","contentUrl":"https:\/\/universnews224.com\/wp-content\/uploads\/2022\/08\/cropped-cropped-logoban.jpg","width":1080,"height":138,"caption":"UNIVERSNEWS224"},"image":{"@id":"https:\/\/universnews224.com\/#\/schema\/logo\/image\/"}},{"@type":"Person","@id":"https:\/\/universnews224.com\/#\/schema\/person\/a4b7d4f94a4716df60456a491260485e","name":"La R\u00e9daction","image":{"@type":"ImageObject","inLanguage":"fr-FR","@id":"https:\/\/universnews224.com\/#\/schema\/person\/image\/","url":"https:\/\/secure.gravatar.com\/avatar\/edb90acc7752b23e1b3307ad36c14f0d?s=96&d=mm&r=g","contentUrl":"https:\/\/secure.gravatar.com\/avatar\/edb90acc7752b23e1b3307ad36c14f0d?s=96&d=mm&r=g","caption":"La R\u00e9daction"},"sameAs":["https:\/\/universnews224.com"],"url":"https:\/\/universnews224.com\/index.php\/author\/m-camara\/"}]}},"_links":{"self":[{"href":"https:\/\/universnews224.com\/index.php\/wp-json\/wp\/v2\/posts\/5097"}],"collection":[{"href":"https:\/\/universnews224.com\/index.php\/wp-json\/wp\/v2\/posts"}],"about":[{"href":"https:\/\/universnews224.com\/index.php\/wp-json\/wp\/v2\/types\/post"}],"author":[{"embeddable":true,"href":"https:\/\/universnews224.com\/index.php\/wp-json\/wp\/v2\/users\/2"}],"replies":[{"embeddable":true,"href":"https:\/\/universnews224.com\/index.php\/wp-json\/wp\/v2\/comments?post=5097"}],"version-history":[{"count":1,"href":"https:\/\/universnews224.com\/index.php\/wp-json\/wp\/v2\/posts\/5097\/revisions"}],"predecessor-version":[{"id":5098,"href":"https:\/\/universnews224.com\/index.php\/wp-json\/wp\/v2\/posts\/5097\/revisions\/5098"}],"wp:featuredmedia":[{"embeddable":true,"href":"https:\/\/universnews224.com\/index.php\/wp-json\/wp\/v2\/media\/4953"}],"wp:attachment":[{"href":"https:\/\/universnews224.com\/index.php\/wp-json\/wp\/v2\/media?parent=5097"}],"wp:term":[{"taxonomy":"category","embeddable":true,"href":"https:\/\/universnews224.com\/index.php\/wp-json\/wp\/v2\/categories?post=5097"},{"taxonomy":"post_tag","embeddable":true,"href":"https:\/\/universnews224.com\/index.php\/wp-json\/wp\/v2\/tags?post=5097"}],"curies":[{"name":"wp","href":"https:\/\/api.w.org\/{rel}","templated":true}]}}