{"id":5114,"date":"2024-02-05T21:31:06","date_gmt":"2024-02-05T20:31:06","guid":{"rendered":"https:\/\/universnews224.com\/?p=5114"},"modified":"2024-02-05T21:31:06","modified_gmt":"2024-02-05T20:31:06","slug":"mbany-sidibe-sur-laugmentation-des-prix-sur-le-marche-nous-rejetons-ce-protocole-qui-est-injuste-opaque-et-qui-viole-profondement-les-droits-fondamentaux-des-consommateurs","status":"publish","type":"post","link":"https:\/\/universnews224.com\/index.php\/mbany-sidibe-sur-laugmentation-des-prix-sur-le-marche-nous-rejetons-ce-protocole-qui-est-injuste-opaque-et-qui-viole-profondement-les-droits-fondamentaux-des-consommateurs\/","title":{"rendered":"M\u2019Bany Sidib\u00e9 sur l\u2019augmentation des prix sur le march\u00e9: \u201cNous rejetons ce protocole qui est injuste opaque et qui viole profond\u00e9ment les droits fondamentaux des consommateurs\u201d."},"content":{"rendered":"<p class=\"p1\"><span class=\"s1\">L\u2019augmentation vertigineuse des prix des produits de grande consommation en Guin\u00e9e continue de susciter des r\u00e9actions au sein de la population. <\/span><\/p>\n<p class=\"p1\"><span class=\"s1\">R\u00e9gissant sur cette actualit\u00e9 chez nos confr\u00e8res de la radio Nostalgie Guin\u00e9e dans l\u2019\u00e9mission \u00abFace l\u2019info\u00bb de ce lundi, 05 f\u00e9vrier 2024, M\u2019Bany Sidib\u00e9, pr\u00e9sident de l\u2019Union pour la D\u00e9fense des consommateurs a d\u00e9nonc\u00e9 cette augmentation des prix des denr\u00e9es de premi\u00e8re n\u00e9cessit\u00e9 qu\u2019il qualifie \u00abd\u2019injuste et d\u2019opaque\u00bb. <\/span><\/p>\n<p class=\"p1\"><span class=\"s1\">\u201cDepuis la signature ce protocole,nous,nous rejetons ce protocole qui est injuste opaque et qui viole profond\u00e9ment les droits fondamentaux des consommateurs. Et nous condamnons avec la derni\u00e8re \u00e9nergie le comportement du minist\u00e8re du commerce et du budget qui, en amont n\u2019ont pas tenu en compte de la situation \u00e9conomique des consommateurs en cette p\u00e9riode de pr\u00e9carit\u00e9 o\u00f9 l\u2019\u00e9conomie est au ralenti, o\u00f9 les activit\u00e9s \u00e9conomiques sont en berne, o\u00f9 notre pays n\u2019a d\u2019\u00e9lectricit\u00e9, n\u2019a pas d\u2019internet\u201d, a t-il d\u00e9nonc\u00e9. <\/span><\/p>\n<p class=\"p1\"><span class=\"s1\">Et d\u2019ajouter: \u201dPermettez-moi d\u2019abord de vous expliquer le caract\u00e8re injuste et irresponsable. Lorsque vous \u00e9valuez l\u2019ancien protocole dont les prix ont fait l\u2019objet d\u2019un arr\u00eat\u00e9 de Madame la ministre du commerce, vous allez voir qu\u2019il y a deux types de riz d\u2019abord.Il y a le<span class=\"Apple-converted-space\">\u00a0 <\/span>riz de 25% dont le prix plafond \u00e9tait 265 000 francs guin\u00e9ens et le riz \u00e9tuv\u00e9 de 25% commun\u00e9ment appel\u00e9 \u00abBangladesh\u00bb dont le prix plafond \u00e9tait \u00e0 300 000 guin\u00e9ens francs. Et lorsque que vous faites un calcul aujourd\u2019hui avec les nouveaux prix, vous allez voir que le riz de 25%, il y a eu une augmentation de plus de 75 milles francs sur un sac. Et lorsque vous prenez le riz \u00abBangladesh\u00bb il y a une augmentation de 40 mille francs guin\u00e9ens et au-del\u00e0 de \u00e7a, quand vous prenez le sucre aujourd\u2019hui. Le sucre dont prix \u00e9tait plafonn\u00e9 \u00e0 360 mille francs guin\u00e9ens se retrouve aujourd\u2019hui \u00e0 440 mille francs guin\u00e9ens. Il y a une augmentation de 80 mille francs guin\u00e9ens sur un sac. Si vous prenez l\u2019oignon dont le prix plafond \u00e9tait 230 000 francs guin\u00e9ens, aujourd\u2019hui l\u2019actuel prix, on vend jusqu\u2019\u00e0 260 mille francs guin\u00e9ens. Et cela a \u00e9t\u00e9 fait au vu et su des minist\u00e8res du budget et du commerce qui se sont regroup\u00e9s avec la chambre du Commerce sans \u00e9valuer les anciens tarifs\u201d, a t-il d\u00e9nonc\u00e9. <\/span><\/p>\n<p class=\"p1\">Mohamed<\/p>\n","protected":false},"excerpt":{"rendered":"<p>L\u2019augmentation vertigineuse des prix des produits de grande consommation en Guin\u00e9e continue de susciter des<\/p>\n","protected":false},"author":2,"featured_media":5115,"comment_status":"closed","ping_status":"open","sticky":false,"template":"","format":"standard","meta":[],"categories":[3,5],"tags":[229],"yoast_head":"<!-- This site is optimized with the Yoast SEO plugin v19.13 - https:\/\/yoast.com\/wordpress\/plugins\/seo\/ -->\n<title>M\u2019Bany Sidib\u00e9 sur l\u2019augmentation des prix sur le march\u00e9: \u201cNous rejetons ce protocole qui est injuste opaque et qui viole profond\u00e9ment les droits fondamentaux des consommateurs\u201d. - UNIVERSNEWS224<\/title>\n<meta name=\"robots\" content=\"index, follow, max-snippet:-1, max-image-preview:large, max-video-preview:-1\" \/>\n<link rel=\"canonical\" href=\"https:\/\/universnews224.com\/index.php\/mbany-sidibe-sur-laugmentation-des-prix-sur-le-marche-nous-rejetons-ce-protocole-qui-est-injuste-opaque-et-qui-viole-profondement-les-droits-fondamentaux-des-consommateurs\/\" \/>\n<meta property=\"og:locale\" content=\"fr_FR\" \/>\n<meta property=\"og:type\" content=\"article\" \/>\n<meta property=\"og:title\" content=\"M\u2019Bany Sidib\u00e9 sur l\u2019augmentation des prix sur le march\u00e9: \u201cNous rejetons ce protocole qui est injuste opaque et qui viole profond\u00e9ment les droits fondamentaux des consommateurs\u201d. - UNIVERSNEWS224\" \/>\n<meta property=\"og:description\" content=\"L\u2019augmentation vertigineuse des prix des produits de grande consommation en Guin\u00e9e continue de susciter des\" \/>\n<meta property=\"og:url\" content=\"https:\/\/universnews224.com\/index.php\/mbany-sidibe-sur-laugmentation-des-prix-sur-le-marche-nous-rejetons-ce-protocole-qui-est-injuste-opaque-et-qui-viole-profondement-les-droits-fondamentaux-des-consommateurs\/\" \/>\n<meta property=\"og:site_name\" content=\"UNIVERSNEWS224\" \/>\n<meta property=\"article:published_time\" content=\"2024-02-05T20:31:06+00:00\" \/>\n<meta property=\"og:image\" content=\"https:\/\/universnews224.com\/wp-content\/uploads\/2024\/02\/53B62F6E-F251-49C3-87AF-F798ED18E2E5.jpeg\" \/>\n\t<meta property=\"og:image:width\" content=\"700\" \/>\n\t<meta property=\"og:image:height\" content=\"380\" \/>\n\t<meta property=\"og:image:type\" content=\"image\/jpeg\" \/>\n<meta name=\"author\" content=\"La R\u00e9daction\" \/>\n<meta name=\"twitter:label1\" content=\"\u00c9crit par\" \/>\n\t<meta name=\"twitter:data1\" content=\"La R\u00e9daction\" \/>\n\t<meta name=\"twitter:label2\" content=\"Dur\u00e9e de lecture estim\u00e9e\" \/>\n\t<meta name=\"twitter:data2\" content=\"2 minutes\" \/>\n<script type=\"application\/ld+json\" class=\"yoast-schema-graph\">{\"@context\":\"https:\/\/schema.org\",\"@graph\":[{\"@type\":\"Article\",\"@id\":\"https:\/\/universnews224.com\/index.php\/mbany-sidibe-sur-laugmentation-des-prix-sur-le-marche-nous-rejetons-ce-protocole-qui-est-injuste-opaque-et-qui-viole-profondement-les-droits-fondamentaux-des-consommateurs\/#article\",\"isPartOf\":{\"@id\":\"https:\/\/universnews224.com\/index.php\/mbany-sidibe-sur-laugmentation-des-prix-sur-le-marche-nous-rejetons-ce-protocole-qui-est-injuste-opaque-et-qui-viole-profondement-les-droits-fondamentaux-des-consommateurs\/\"},\"author\":{\"name\":\"La R\u00e9daction\",\"@id\":\"https:\/\/universnews224.com\/#\/schema\/person\/a4b7d4f94a4716df60456a491260485e\"},\"headline\":\"M\u2019Bany Sidib\u00e9 sur l\u2019augmentation des prix sur le march\u00e9: \u201cNous rejetons ce protocole qui est injuste opaque et qui viole profond\u00e9ment les droits fondamentaux des consommateurs\u201d.\",\"datePublished\":\"2024-02-05T20:31:06+00:00\",\"dateModified\":\"2024-02-05T20:31:06+00:00\",\"mainEntityOfPage\":{\"@id\":\"https:\/\/universnews224.com\/index.php\/mbany-sidibe-sur-laugmentation-des-prix-sur-le-marche-nous-rejetons-ce-protocole-qui-est-injuste-opaque-et-qui-viole-profondement-les-droits-fondamentaux-des-consommateurs\/\"},\"wordCount\":447,\"publisher\":{\"@id\":\"https:\/\/universnews224.com\/#organization\"},\"keywords\":[\"La une\"],\"articleSection\":[\"ACTU\",\"SOCI\u00c9T\u00c9\"],\"inLanguage\":\"fr-FR\"},{\"@type\":\"WebPage\",\"@id\":\"https:\/\/universnews224.com\/index.php\/mbany-sidibe-sur-laugmentation-des-prix-sur-le-marche-nous-rejetons-ce-protocole-qui-est-injuste-opaque-et-qui-viole-profondement-les-droits-fondamentaux-des-consommateurs\/\",\"url\":\"https:\/\/universnews224.com\/index.php\/mbany-sidibe-sur-laugmentation-des-prix-sur-le-marche-nous-rejetons-ce-protocole-qui-est-injuste-opaque-et-qui-viole-profondement-les-droits-fondamentaux-des-consommateurs\/\",\"name\":\"M\u2019Bany Sidib\u00e9 sur l\u2019augmentation des prix sur le march\u00e9: \u201cNous rejetons ce protocole qui est injuste opaque et qui viole profond\u00e9ment les droits fondamentaux des consommateurs\u201d. - UNIVERSNEWS224\",\"isPartOf\":{\"@id\":\"https:\/\/universnews224.com\/#website\"},\"datePublished\":\"2024-02-05T20:31:06+00:00\",\"dateModified\":\"2024-02-05T20:31:06+00:00\",\"inLanguage\":\"fr-FR\",\"potentialAction\":[{\"@type\":\"ReadAction\",\"target\":[\"https:\/\/universnews224.com\/index.php\/mbany-sidibe-sur-laugmentation-des-prix-sur-le-marche-nous-rejetons-ce-protocole-qui-est-injuste-opaque-et-qui-viole-profondement-les-droits-fondamentaux-des-consommateurs\/\"]}]},{\"@type\":\"WebSite\",\"@id\":\"https:\/\/universnews224.com\/#website\",\"url\":\"https:\/\/universnews224.com\/\",\"name\":\"UNIVERSNEWS224\",\"description\":\"\",\"publisher\":{\"@id\":\"https:\/\/universnews224.com\/#organization\"},\"potentialAction\":[{\"@type\":\"SearchAction\",\"target\":{\"@type\":\"EntryPoint\",\"urlTemplate\":\"https:\/\/universnews224.com\/?s={search_term_string}\"},\"query-input\":\"required name=search_term_string\"}],\"inLanguage\":\"fr-FR\"},{\"@type\":\"Organization\",\"@id\":\"https:\/\/universnews224.com\/#organization\",\"name\":\"UNIVERSNEWS224\",\"url\":\"https:\/\/universnews224.com\/\",\"logo\":{\"@type\":\"ImageObject\",\"inLanguage\":\"fr-FR\",\"@id\":\"https:\/\/universnews224.com\/#\/schema\/logo\/image\/\",\"url\":\"https:\/\/universnews224.com\/wp-content\/uploads\/2022\/08\/cropped-cropped-logoban.jpg\",\"contentUrl\":\"https:\/\/universnews224.com\/wp-content\/uploads\/2022\/08\/cropped-cropped-logoban.jpg\",\"width\":1080,\"height\":138,\"caption\":\"UNIVERSNEWS224\"},\"image\":{\"@id\":\"https:\/\/universnews224.com\/#\/schema\/logo\/image\/\"}},{\"@type\":\"Person\",\"@id\":\"https:\/\/universnews224.com\/#\/schema\/person\/a4b7d4f94a4716df60456a491260485e\",\"name\":\"La R\u00e9daction\",\"image\":{\"@type\":\"ImageObject\",\"inLanguage\":\"fr-FR\",\"@id\":\"https:\/\/universnews224.com\/#\/schema\/person\/image\/\",\"url\":\"https:\/\/secure.gravatar.com\/avatar\/edb90acc7752b23e1b3307ad36c14f0d?s=96&d=mm&r=g\",\"contentUrl\":\"https:\/\/secure.gravatar.com\/avatar\/edb90acc7752b23e1b3307ad36c14f0d?s=96&d=mm&r=g\",\"caption\":\"La R\u00e9daction\"},\"sameAs\":[\"https:\/\/universnews224.com\"],\"url\":\"https:\/\/universnews224.com\/index.php\/author\/m-camara\/\"}]}<\/script>\n<!-- \/ Yoast SEO plugin. -->","yoast_head_json":{"title":"M\u2019Bany Sidib\u00e9 sur l\u2019augmentation des prix sur le march\u00e9: \u201cNous rejetons ce protocole qui est injuste opaque et qui viole profond\u00e9ment les droits fondamentaux des consommateurs\u201d. - UNIVERSNEWS224","robots":{"index":"index","follow":"follow","max-snippet":"max-snippet:-1","max-image-preview":"max-image-preview:large","max-video-preview":"max-video-preview:-1"},"canonical":"https:\/\/universnews224.com\/index.php\/mbany-sidibe-sur-laugmentation-des-prix-sur-le-marche-nous-rejetons-ce-protocole-qui-est-injuste-opaque-et-qui-viole-profondement-les-droits-fondamentaux-des-consommateurs\/","og_locale":"fr_FR","og_type":"article","og_title":"M\u2019Bany Sidib\u00e9 sur l\u2019augmentation des prix sur le march\u00e9: \u201cNous rejetons ce protocole qui est injuste opaque et qui viole profond\u00e9ment les droits fondamentaux des consommateurs\u201d. - UNIVERSNEWS224","og_description":"L\u2019augmentation vertigineuse des prix des produits de grande consommation en Guin\u00e9e continue de susciter des","og_url":"https:\/\/universnews224.com\/index.php\/mbany-sidibe-sur-laugmentation-des-prix-sur-le-marche-nous-rejetons-ce-protocole-qui-est-injuste-opaque-et-qui-viole-profondement-les-droits-fondamentaux-des-consommateurs\/","og_site_name":"UNIVERSNEWS224","article_published_time":"2024-02-05T20:31:06+00:00","og_image":[{"width":700,"height":380,"url":"https:\/\/universnews224.com\/wp-content\/uploads\/2024\/02\/53B62F6E-F251-49C3-87AF-F798ED18E2E5.jpeg","type":"image\/jpeg"}],"author":"La R\u00e9daction","twitter_misc":{"\u00c9crit par":"La R\u00e9daction","Dur\u00e9e de lecture estim\u00e9e":"2 minutes"},"schema":{"@context":"https:\/\/schema.org","@graph":[{"@type":"Article","@id":"https:\/\/universnews224.com\/index.php\/mbany-sidibe-sur-laugmentation-des-prix-sur-le-marche-nous-rejetons-ce-protocole-qui-est-injuste-opaque-et-qui-viole-profondement-les-droits-fondamentaux-des-consommateurs\/#article","isPartOf":{"@id":"https:\/\/universnews224.com\/index.php\/mbany-sidibe-sur-laugmentation-des-prix-sur-le-marche-nous-rejetons-ce-protocole-qui-est-injuste-opaque-et-qui-viole-profondement-les-droits-fondamentaux-des-consommateurs\/"},"author":{"name":"La R\u00e9daction","@id":"https:\/\/universnews224.com\/#\/schema\/person\/a4b7d4f94a4716df60456a491260485e"},"headline":"M\u2019Bany Sidib\u00e9 sur l\u2019augmentation des prix sur le march\u00e9: \u201cNous rejetons ce protocole qui est injuste opaque et qui viole profond\u00e9ment les droits fondamentaux des consommateurs\u201d.","datePublished":"2024-02-05T20:31:06+00:00","dateModified":"2024-02-05T20:31:06+00:00","mainEntityOfPage":{"@id":"https:\/\/universnews224.com\/index.php\/mbany-sidibe-sur-laugmentation-des-prix-sur-le-marche-nous-rejetons-ce-protocole-qui-est-injuste-opaque-et-qui-viole-profondement-les-droits-fondamentaux-des-consommateurs\/"},"wordCount":447,"publisher":{"@id":"https:\/\/universnews224.com\/#organization"},"keywords":["La une"],"articleSection":["ACTU","SOCI\u00c9T\u00c9"],"inLanguage":"fr-FR"},{"@type":"WebPage","@id":"https:\/\/universnews224.com\/index.php\/mbany-sidibe-sur-laugmentation-des-prix-sur-le-marche-nous-rejetons-ce-protocole-qui-est-injuste-opaque-et-qui-viole-profondement-les-droits-fondamentaux-des-consommateurs\/","url":"https:\/\/universnews224.com\/index.php\/mbany-sidibe-sur-laugmentation-des-prix-sur-le-marche-nous-rejetons-ce-protocole-qui-est-injuste-opaque-et-qui-viole-profondement-les-droits-fondamentaux-des-consommateurs\/","name":"M\u2019Bany Sidib\u00e9 sur l\u2019augmentation des prix sur le march\u00e9: \u201cNous rejetons ce protocole qui est injuste opaque et qui viole profond\u00e9ment les droits fondamentaux des consommateurs\u201d. - UNIVERSNEWS224","isPartOf":{"@id":"https:\/\/universnews224.com\/#website"},"datePublished":"2024-02-05T20:31:06+00:00","dateModified":"2024-02-05T20:31:06+00:00","inLanguage":"fr-FR","potentialAction":[{"@type":"ReadAction","target":["https:\/\/universnews224.com\/index.php\/mbany-sidibe-sur-laugmentation-des-prix-sur-le-marche-nous-rejetons-ce-protocole-qui-est-injuste-opaque-et-qui-viole-profondement-les-droits-fondamentaux-des-consommateurs\/"]}]},{"@type":"WebSite","@id":"https:\/\/universnews224.com\/#website","url":"https:\/\/universnews224.com\/","name":"UNIVERSNEWS224","description":"","publisher":{"@id":"https:\/\/universnews224.com\/#organization"},"potentialAction":[{"@type":"SearchAction","target":{"@type":"EntryPoint","urlTemplate":"https:\/\/universnews224.com\/?s={search_term_string}"},"query-input":"required name=search_term_string"}],"inLanguage":"fr-FR"},{"@type":"Organization","@id":"https:\/\/universnews224.com\/#organization","name":"UNIVERSNEWS224","url":"https:\/\/universnews224.com\/","logo":{"@type":"ImageObject","inLanguage":"fr-FR","@id":"https:\/\/universnews224.com\/#\/schema\/logo\/image\/","url":"https:\/\/universnews224.com\/wp-content\/uploads\/2022\/08\/cropped-cropped-logoban.jpg","contentUrl":"https:\/\/universnews224.com\/wp-content\/uploads\/2022\/08\/cropped-cropped-logoban.jpg","width":1080,"height":138,"caption":"UNIVERSNEWS224"},"image":{"@id":"https:\/\/universnews224.com\/#\/schema\/logo\/image\/"}},{"@type":"Person","@id":"https:\/\/universnews224.com\/#\/schema\/person\/a4b7d4f94a4716df60456a491260485e","name":"La R\u00e9daction","image":{"@type":"ImageObject","inLanguage":"fr-FR","@id":"https:\/\/universnews224.com\/#\/schema\/person\/image\/","url":"https:\/\/secure.gravatar.com\/avatar\/edb90acc7752b23e1b3307ad36c14f0d?s=96&d=mm&r=g","contentUrl":"https:\/\/secure.gravatar.com\/avatar\/edb90acc7752b23e1b3307ad36c14f0d?s=96&d=mm&r=g","caption":"La R\u00e9daction"},"sameAs":["https:\/\/universnews224.com"],"url":"https:\/\/universnews224.com\/index.php\/author\/m-camara\/"}]}},"_links":{"self":[{"href":"https:\/\/universnews224.com\/index.php\/wp-json\/wp\/v2\/posts\/5114"}],"collection":[{"href":"https:\/\/universnews224.com\/index.php\/wp-json\/wp\/v2\/posts"}],"about":[{"href":"https:\/\/universnews224.com\/index.php\/wp-json\/wp\/v2\/types\/post"}],"author":[{"embeddable":true,"href":"https:\/\/universnews224.com\/index.php\/wp-json\/wp\/v2\/users\/2"}],"replies":[{"embeddable":true,"href":"https:\/\/universnews224.com\/index.php\/wp-json\/wp\/v2\/comments?post=5114"}],"version-history":[{"count":1,"href":"https:\/\/universnews224.com\/index.php\/wp-json\/wp\/v2\/posts\/5114\/revisions"}],"predecessor-version":[{"id":5116,"href":"https:\/\/universnews224.com\/index.php\/wp-json\/wp\/v2\/posts\/5114\/revisions\/5116"}],"wp:featuredmedia":[{"embeddable":true,"href":"https:\/\/universnews224.com\/index.php\/wp-json\/wp\/v2\/media\/5115"}],"wp:attachment":[{"href":"https:\/\/universnews224.com\/index.php\/wp-json\/wp\/v2\/media?parent=5114"}],"wp:term":[{"taxonomy":"category","embeddable":true,"href":"https:\/\/universnews224.com\/index.php\/wp-json\/wp\/v2\/categories?post=5114"},{"taxonomy":"post_tag","embeddable":true,"href":"https:\/\/universnews224.com\/index.php\/wp-json\/wp\/v2\/tags?post=5114"}],"curies":[{"name":"wp","href":"https:\/\/api.w.org\/{rel}","templated":true}]}}