{"id":5125,"date":"2024-02-07T21:51:02","date_gmt":"2024-02-07T20:51:02","guid":{"rendered":"https:\/\/universnews224.com\/?p=5125"},"modified":"2024-02-07T21:51:02","modified_gmt":"2024-02-07T20:51:02","slug":"agriculture-et-sante-le-cnt-adopte-deux-importants-textes-de-lois-et-des-accords-de-financement","status":"publish","type":"post","link":"https:\/\/universnews224.com\/index.php\/agriculture-et-sante-le-cnt-adopte-deux-importants-textes-de-lois-et-des-accords-de-financement\/","title":{"rendered":"Agriculture et Sant\u00e9: le CNT adopte deux  importants textes de lois et des accords de financement."},"content":{"rendered":"<p class=\"p1\"><span class=\"s1\">R\u00e9unis en pl\u00e9ni\u00e8re ce mercredi, 7 f\u00e9vrier 2024 \u00e0 l\u2019h\u00e9micycle du palais du peuple, sous l\u2019\u00e9gide de Dr Dansa Kourouma, pr\u00e9sident du CNT, les conseillers nationaux, apr\u00e8s examen, ont adopt\u00e9 trois (3) importants projets de lois. <\/span><\/p>\n<p class=\"p1\"><span class=\"s1\">Il s\u2019agit du projet de Loi portant d\u2019Orientation Agricole de la R\u00e9publique de Guin\u00e9e, le projet de Loi portant Code Pastoral<span class=\"Apple-converted-space\">\u00a0 <\/span>et les Accords de financement pour la construction de quatre h\u00f4pitaux r\u00e9gionaux \u00e9volutifs, modulaires, industrialis\u00e9s et durables en R\u00e9publique de Guin\u00e9e. C\u2019\u00e9tait en pr\u00e9sence des membres du gouvernement, des repr\u00e9sentants des institutions r\u00e9publicaines et des repr\u00e9sentants des organisations de la soci\u00e9t\u00e9 civile. <\/span><\/p>\n<p class=\"p1\"><span class=\"s1\">S\u2019agissant du premier projet de loi portant d\u2019Orientation Agricole de la R\u00e9publique de Guin\u00e9e, le rapport pr\u00e9sent\u00e9 par la rapporteure de la Commission des Affaires Economiques et du D\u00e9veloppement Durable indique que, l\u2019adoption de cette loi permettra, \u00e0 coup s\u00fbr, d\u2019accompagner les efforts engag\u00e9s par le Gouvernement en mati\u00e8re de refondation de l\u2019\u00c9tat.<\/span><\/p>\n<p class=\"p1\"><span class=\"s1\">\u201cCe projet de loi traduit concr\u00e8tement la volont\u00e9 de l\u2019\u00c9tat, des acteurs et partenaires des sous-secteurs du d\u00e9veloppement rural, de rendre le secteur plus rentable en passant d\u2019une Agriculture de subsistance \u00e0 une Agriculture intensive et diversifi\u00e9e, respectueuse de l&rsquo;environnement, avec en toile de fond, la satisfaction des besoins croissants et l\u00e9gitimes des populations\u201d, a indiqu\u00e9 Saran Traor\u00e9. <\/span><\/p>\n<p class=\"p1\"><span class=\"s1\">Poursuivant, le m\u00eame rapport que ce texte prend en compte les questions du d\u00e9veloppement durable dans leur enti\u00e8ret\u00e9 et vient apporter une r\u00e9ponse au besoin du pays de conqu\u00e9rir d\u2019autres march\u00e9s sous- r\u00e9gionaux et internationaux.<\/span><\/p>\n<p class=\"p1\"><span class=\"s1\">\u201cA cet effet, il cr\u00e9e les conditions de l&rsquo;\u00e9mergence d\u2019une production agrosylvopastorale et halieutique permettant d\u2019assurer la s\u00e9curit\u00e9 alimentaire et nutritionnelle, la cr\u00e9ation d\u2019emplois et de richesse nationale pour un d\u00e9veloppement durable de la Guin\u00e9e. Il promeut la souverainet\u00e9 alimentaire en tenant compte de l\u2019environnement concurrentiel actuel, tout en assainissant le climat national des affaires\u201d, a t-elle d\u00e9clar\u00e9. <\/span><\/p>\n<p class=\"p1\"><span class=\"s1\">Quant au second projet de loi portant Code Pastoral, le honorable Jean Paul Kotemb\u00e8douno,rapporteur de la Commission Constitution, Lois organiques, Administration publique, Organisation judiciaire a indiqu\u00e9 <\/span><\/p>\n<p class=\"p1\"><span class=\"s1\">que pr\u00e9sent projet s\u2019inscrit dans le cadre de la valorisation du potentiel existant et d\u2019un d\u00e9veloppement harmonieux du secteur de l\u2019\u00e9levage. <\/span><\/p>\n<p class=\"p1\"><span class=\"s1\">\u201cIl introduit un changement de paradigme important dans ce secteur porteur de croissance, en lui offrant l&rsquo;opportunit\u00e9 de disposer d&rsquo;un cadre juridique actualis\u00e9 et appropri\u00e9. Il vise essentiellement \u00e0\u00a0:<\/span><\/p>\n<p class=\"p1\"><span class=\"s2\">\u2756<\/span><span class=\"s1\"> accro\u00eetre la productivit\u00e9 de l\u2019\u00e9levage par des efforts de modernisation et garantir la s\u00e9curit\u00e9 alimentaire\u00a0;<\/span><\/p>\n<p class=\"p1\"><span class=\"s2\">\u2756<\/span><span class=\"s1\"> asseoir une gestion concert\u00e9e des ressources naturelles disponibles en zones pastorales et agropastorales\u00a0;<\/span><\/p>\n<p class=\"p1\"><span class=\"s2\">\u2756<\/span><span class=\"s1\"> d\u00e9velopper les activit\u00e9s pastorales et l&rsquo;exploitation rationnelle des parcours ainsi que la pr\u00e9servation et la conservation durable des terres de parcours ;<\/span><\/p>\n<p class=\"p1\"><span class=\"s2\">\u2756<\/span><span class=\"s1\"> fixer les r\u00e8gles g\u00e9n\u00e9rales devant r\u00e9gir la pratique de l\u2019\u00e9levage traditionnel, semi-intensif et intensif\u00a0;<\/span><\/p>\n<p class=\"p1\"><span class=\"s2\">\u2756<\/span><span class=\"s1\"> encadrer le pastoralisme et favoriser le d\u00e9veloppement durable des syst\u00e8mes d\u2019\u00e9levage\u00a0;<\/span><\/p>\n<p class=\"p1\"><span class=\"s2\">\u2756<\/span><span class=\"s1\"> garantir aux \u00e9leveurs l\u2019acc\u00e8s aux ressources pastorales, en vue d\u2019une exploitation optimale, dans le strict respect des lois et r\u00e8glements ainsi que des droits d\u2019usages pastoraux du milieu rural\u00a0;<\/span><\/p>\n<p class=\"p1\"><span class=\"s2\">\u2756<\/span><span class=\"s1\"> d\u00e9terminer les principales obligations qui incombent aux \u00e9leveurs dans l\u2019exercice de leurs activit\u00e9s, notamment en ce qui concerne la pr\u00e9servation de l\u2019environnement et le respect des biens d\u2019autrui\u00a0;<\/span><\/p>\n<p class=\"p1\"><span class=\"s2\">\u2756<\/span><span class=\"s1\"> \u00e9tablir les principes juridiques se rapportant \u00e0 l\u2019organisation de l\u2019exploitation des ressources naturelles \u00e0 des fins d\u2019\u00e9levage\u00a0;<\/span><\/p>\n<p class=\"p1\"><span class=\"s2\">\u2756<\/span><span class=\"s1\"> garantir les droits d\u2019usages pastoraux\u00a0;<\/span><\/p>\n<p class=\"p1\"><span class=\"s2\">\u2756<\/span><span class=\"s1\"> r\u00e9gler les diff\u00e9rends entre les \u00e9leveurs, les agriculteurs et autres professionnels utilisateurs des ressources naturelles\u00a0;<\/span><\/p>\n<p class=\"p1\"><span class=\"s2\">\u2756<\/span><span class=\"s1\"> d\u00e9terminer les droits essentiels des \u00e9leveurs, notamment en mati\u00e8re de mobilit\u00e9 des animaux et d\u2019acc\u00e8s aux ressources pastorales\u201d a t-il martel\u00e9 .<\/span><\/p>\n<p class=\"p1\"><span class=\"s1\">\u00c0 ce qui concerne le dernier projet de loi portant sur les Accords de financement pour la construction de quatre h\u00f4pitaux r\u00e9gionaux \u00e9volutifs, modulaires, industrialis\u00e9s et durables en R\u00e9publique de Guin\u00e9e, Fatima Camara, rapporteure de la Commission du Plan, des Affaires Financi\u00e8res et du Contr\u00f4le Budg\u00e9taire a indiqu\u00e9 que, ce financement est compos\u00e9 :<\/span><\/p>\n<p class=\"p1\"><span class=\"s1\">\u2022 d\u2019une convention de pr\u00eat, sign\u00e9 le 13 juillet 2023 entre BPIFRANCE ASSURANCE<\/span><\/p>\n<p class=\"p1\"><span class=\"s1\">EXPORT et la R\u00e9publique de Guin\u00e9e ;<\/span><\/p>\n<p class=\"p1\"><span class=\"s1\">\u2022 du contrat de cr\u00e9dit acheteur N\u00b01, sign\u00e9 le 23 juin 2023 entre BPIFRANCE SA et la<\/span><\/p>\n<p class=\"p1\"><span class=\"s1\">R\u00e9publique de Guin\u00e9e ; et<\/span><\/p>\n<p class=\"p1\"><span class=\"s1\">\u2022 d\u2019un avenant au contrat de cr\u00e9dit acheteur N\u00b01 , sign\u00e9 le 09 aout 2023 entre la<\/span><\/p>\n<p class=\"p1\"><span class=\"s1\">R\u00e9publique de Guin\u00e9e et BPI France SA.<\/span><\/p>\n<p class=\"p1\"><span class=\"s1\">Plus loin, elle pr\u00e9cise que le montant de la tranche ferme, objet du pr\u00e9sent rapport concerne le financement de la construction des h\u00f4pitaux de Kindia et de Lab\u00e9 pour 102.430.306 d\u2019Euros y compris les contrats d\u2019assurance et se d\u00e9compose ainsi qu\u2019il suit :<\/span><\/p>\n<p class=\"p1\"><span class=\"s1\">\u2022 60 526 446,12 Euros de cr\u00e9dit Bpifrance<\/span><\/p>\n<p class=\"p1\"><span class=\"s1\">\u2022 37 841 530,10 Euros de pr\u00eat du Tr\u00e9sor fran\u00e7ais \u2022 3 771 457,00 Euros d\u2019assistance H\u00f4pitaux Publics de Paris. Il est \u00e0 noter que la contrepartie guin\u00e9enne \u00e0 ce projet s\u2019\u00e9l\u00e8ve \u00e0 15 364 590,9 Euros\u201d, a t-elle pr\u00e9cis\u00e9. <\/span><\/p>\n<p class=\"p1\"><span class=\"s1\">Selon Fatima Camara, ce financement va servir \u00e0 la construction de deux Centres Hospitaliers R\u00e9gionaux (CHR) \u00e0 Kindia et \u00e0 Lab\u00e9, d\u2019une capacit\u00e9 fonctionnelle de 200 lits chacun, dont :<\/span><\/p>\n<p class=\"p1\"><span class=\"s1\">\u2713 32 lits de sp\u00e9cialit\u00e9 m\u00e9dicale ;<\/span><\/p>\n<p class=\"p1\"><span class=\"s1\">\u2713 40 lits de sp\u00e9cialit\u00e9 chirurgicale ; \u2713 48 lits de p\u00e9diatrie ;<\/span><\/p>\n<p class=\"p1\"><span class=\"s1\">\u2713 20 lits obst\u00e9triques ;<\/span><\/p>\n<p class=\"p1\"><span class=\"s1\">\u2713 12 lits gyn\u00e9cologiques.<\/span><\/p>\n<p class=\"p1\"><span class=\"s1\">Pour les urgences, il y\u2019aura :<\/span><\/p>\n<p class=\"p1\"><span class=\"s1\">\u2713 6 postes d\u2019examen ;<\/span><\/p>\n<p class=\"p1\"><span class=\"s1\">\u2713 2 postes de d\u00e9stockage ; \u2713 10 lits de courte dur\u00e9e.<\/span><\/p>\n<p class=\"p1\"><span class=\"s1\">Mohamed Camara <\/span><\/p>\n","protected":false},"excerpt":{"rendered":"<p>R\u00e9unis en pl\u00e9ni\u00e8re ce mercredi, 7 f\u00e9vrier 2024 \u00e0 l\u2019h\u00e9micycle du palais du peuple, sous<\/p>\n","protected":false},"author":2,"featured_media":0,"comment_status":"closed","ping_status":"open","sticky":false,"template":"","format":"standard","meta":[],"categories":[3,4],"tags":[229],"yoast_head":"<!-- This site is optimized with the Yoast SEO plugin v19.13 - https:\/\/yoast.com\/wordpress\/plugins\/seo\/ -->\n<title>Agriculture et Sant\u00e9: le CNT adopte deux importants textes de lois et des accords de financement. - UNIVERSNEWS224<\/title>\n<meta name=\"robots\" content=\"index, follow, max-snippet:-1, max-image-preview:large, max-video-preview:-1\" \/>\n<link rel=\"canonical\" href=\"https:\/\/universnews224.com\/index.php\/agriculture-et-sante-le-cnt-adopte-deux-importants-textes-de-lois-et-des-accords-de-financement\/\" \/>\n<meta property=\"og:locale\" content=\"fr_FR\" \/>\n<meta property=\"og:type\" content=\"article\" \/>\n<meta property=\"og:title\" content=\"Agriculture et Sant\u00e9: le CNT adopte deux importants textes de lois et des accords de financement. - UNIVERSNEWS224\" \/>\n<meta property=\"og:description\" content=\"R\u00e9unis en pl\u00e9ni\u00e8re ce mercredi, 7 f\u00e9vrier 2024 \u00e0 l\u2019h\u00e9micycle du palais du peuple, sous\" \/>\n<meta property=\"og:url\" content=\"https:\/\/universnews224.com\/index.php\/agriculture-et-sante-le-cnt-adopte-deux-importants-textes-de-lois-et-des-accords-de-financement\/\" \/>\n<meta property=\"og:site_name\" content=\"UNIVERSNEWS224\" \/>\n<meta property=\"article:published_time\" content=\"2024-02-07T20:51:02+00:00\" \/>\n<meta name=\"author\" content=\"La R\u00e9daction\" \/>\n<meta name=\"twitter:label1\" content=\"\u00c9crit par\" \/>\n\t<meta name=\"twitter:data1\" content=\"La R\u00e9daction\" \/>\n\t<meta name=\"twitter:label2\" content=\"Dur\u00e9e de lecture estim\u00e9e\" \/>\n\t<meta name=\"twitter:data2\" content=\"5 minutes\" \/>\n<script type=\"application\/ld+json\" class=\"yoast-schema-graph\">{\"@context\":\"https:\/\/schema.org\",\"@graph\":[{\"@type\":\"Article\",\"@id\":\"https:\/\/universnews224.com\/index.php\/agriculture-et-sante-le-cnt-adopte-deux-importants-textes-de-lois-et-des-accords-de-financement\/#article\",\"isPartOf\":{\"@id\":\"https:\/\/universnews224.com\/index.php\/agriculture-et-sante-le-cnt-adopte-deux-importants-textes-de-lois-et-des-accords-de-financement\/\"},\"author\":{\"name\":\"La R\u00e9daction\",\"@id\":\"https:\/\/universnews224.com\/#\/schema\/person\/a4b7d4f94a4716df60456a491260485e\"},\"headline\":\"Agriculture et Sant\u00e9: le CNT adopte deux importants textes de lois et des accords de financement.\",\"datePublished\":\"2024-02-07T20:51:02+00:00\",\"dateModified\":\"2024-02-07T20:51:02+00:00\",\"mainEntityOfPage\":{\"@id\":\"https:\/\/universnews224.com\/index.php\/agriculture-et-sante-le-cnt-adopte-deux-importants-textes-de-lois-et-des-accords-de-financement\/\"},\"wordCount\":960,\"publisher\":{\"@id\":\"https:\/\/universnews224.com\/#organization\"},\"keywords\":[\"La une\"],\"articleSection\":[\"ACTU\",\"POLITIQUE\"],\"inLanguage\":\"fr-FR\"},{\"@type\":\"WebPage\",\"@id\":\"https:\/\/universnews224.com\/index.php\/agriculture-et-sante-le-cnt-adopte-deux-importants-textes-de-lois-et-des-accords-de-financement\/\",\"url\":\"https:\/\/universnews224.com\/index.php\/agriculture-et-sante-le-cnt-adopte-deux-importants-textes-de-lois-et-des-accords-de-financement\/\",\"name\":\"Agriculture et Sant\u00e9: le CNT adopte deux importants textes de lois et des accords de financement. - UNIVERSNEWS224\",\"isPartOf\":{\"@id\":\"https:\/\/universnews224.com\/#website\"},\"datePublished\":\"2024-02-07T20:51:02+00:00\",\"dateModified\":\"2024-02-07T20:51:02+00:00\",\"inLanguage\":\"fr-FR\",\"potentialAction\":[{\"@type\":\"ReadAction\",\"target\":[\"https:\/\/universnews224.com\/index.php\/agriculture-et-sante-le-cnt-adopte-deux-importants-textes-de-lois-et-des-accords-de-financement\/\"]}]},{\"@type\":\"WebSite\",\"@id\":\"https:\/\/universnews224.com\/#website\",\"url\":\"https:\/\/universnews224.com\/\",\"name\":\"UNIVERSNEWS224\",\"description\":\"\",\"publisher\":{\"@id\":\"https:\/\/universnews224.com\/#organization\"},\"potentialAction\":[{\"@type\":\"SearchAction\",\"target\":{\"@type\":\"EntryPoint\",\"urlTemplate\":\"https:\/\/universnews224.com\/?s={search_term_string}\"},\"query-input\":\"required name=search_term_string\"}],\"inLanguage\":\"fr-FR\"},{\"@type\":\"Organization\",\"@id\":\"https:\/\/universnews224.com\/#organization\",\"name\":\"UNIVERSNEWS224\",\"url\":\"https:\/\/universnews224.com\/\",\"logo\":{\"@type\":\"ImageObject\",\"inLanguage\":\"fr-FR\",\"@id\":\"https:\/\/universnews224.com\/#\/schema\/logo\/image\/\",\"url\":\"https:\/\/universnews224.com\/wp-content\/uploads\/2022\/08\/cropped-cropped-logoban.jpg\",\"contentUrl\":\"https:\/\/universnews224.com\/wp-content\/uploads\/2022\/08\/cropped-cropped-logoban.jpg\",\"width\":1080,\"height\":138,\"caption\":\"UNIVERSNEWS224\"},\"image\":{\"@id\":\"https:\/\/universnews224.com\/#\/schema\/logo\/image\/\"}},{\"@type\":\"Person\",\"@id\":\"https:\/\/universnews224.com\/#\/schema\/person\/a4b7d4f94a4716df60456a491260485e\",\"name\":\"La R\u00e9daction\",\"image\":{\"@type\":\"ImageObject\",\"inLanguage\":\"fr-FR\",\"@id\":\"https:\/\/universnews224.com\/#\/schema\/person\/image\/\",\"url\":\"https:\/\/secure.gravatar.com\/avatar\/edb90acc7752b23e1b3307ad36c14f0d?s=96&d=mm&r=g\",\"contentUrl\":\"https:\/\/secure.gravatar.com\/avatar\/edb90acc7752b23e1b3307ad36c14f0d?s=96&d=mm&r=g\",\"caption\":\"La R\u00e9daction\"},\"sameAs\":[\"https:\/\/universnews224.com\"],\"url\":\"https:\/\/universnews224.com\/index.php\/author\/m-camara\/\"}]}<\/script>\n<!-- \/ Yoast SEO plugin. -->","yoast_head_json":{"title":"Agriculture et Sant\u00e9: le CNT adopte deux importants textes de lois et des accords de financement. - UNIVERSNEWS224","robots":{"index":"index","follow":"follow","max-snippet":"max-snippet:-1","max-image-preview":"max-image-preview:large","max-video-preview":"max-video-preview:-1"},"canonical":"https:\/\/universnews224.com\/index.php\/agriculture-et-sante-le-cnt-adopte-deux-importants-textes-de-lois-et-des-accords-de-financement\/","og_locale":"fr_FR","og_type":"article","og_title":"Agriculture et Sant\u00e9: le CNT adopte deux importants textes de lois et des accords de financement. - UNIVERSNEWS224","og_description":"R\u00e9unis en pl\u00e9ni\u00e8re ce mercredi, 7 f\u00e9vrier 2024 \u00e0 l\u2019h\u00e9micycle du palais du peuple, sous","og_url":"https:\/\/universnews224.com\/index.php\/agriculture-et-sante-le-cnt-adopte-deux-importants-textes-de-lois-et-des-accords-de-financement\/","og_site_name":"UNIVERSNEWS224","article_published_time":"2024-02-07T20:51:02+00:00","author":"La R\u00e9daction","twitter_misc":{"\u00c9crit par":"La R\u00e9daction","Dur\u00e9e de lecture estim\u00e9e":"5 minutes"},"schema":{"@context":"https:\/\/schema.org","@graph":[{"@type":"Article","@id":"https:\/\/universnews224.com\/index.php\/agriculture-et-sante-le-cnt-adopte-deux-importants-textes-de-lois-et-des-accords-de-financement\/#article","isPartOf":{"@id":"https:\/\/universnews224.com\/index.php\/agriculture-et-sante-le-cnt-adopte-deux-importants-textes-de-lois-et-des-accords-de-financement\/"},"author":{"name":"La R\u00e9daction","@id":"https:\/\/universnews224.com\/#\/schema\/person\/a4b7d4f94a4716df60456a491260485e"},"headline":"Agriculture et Sant\u00e9: le CNT adopte deux importants textes de lois et des accords de financement.","datePublished":"2024-02-07T20:51:02+00:00","dateModified":"2024-02-07T20:51:02+00:00","mainEntityOfPage":{"@id":"https:\/\/universnews224.com\/index.php\/agriculture-et-sante-le-cnt-adopte-deux-importants-textes-de-lois-et-des-accords-de-financement\/"},"wordCount":960,"publisher":{"@id":"https:\/\/universnews224.com\/#organization"},"keywords":["La une"],"articleSection":["ACTU","POLITIQUE"],"inLanguage":"fr-FR"},{"@type":"WebPage","@id":"https:\/\/universnews224.com\/index.php\/agriculture-et-sante-le-cnt-adopte-deux-importants-textes-de-lois-et-des-accords-de-financement\/","url":"https:\/\/universnews224.com\/index.php\/agriculture-et-sante-le-cnt-adopte-deux-importants-textes-de-lois-et-des-accords-de-financement\/","name":"Agriculture et Sant\u00e9: le CNT adopte deux importants textes de lois et des accords de financement. - UNIVERSNEWS224","isPartOf":{"@id":"https:\/\/universnews224.com\/#website"},"datePublished":"2024-02-07T20:51:02+00:00","dateModified":"2024-02-07T20:51:02+00:00","inLanguage":"fr-FR","potentialAction":[{"@type":"ReadAction","target":["https:\/\/universnews224.com\/index.php\/agriculture-et-sante-le-cnt-adopte-deux-importants-textes-de-lois-et-des-accords-de-financement\/"]}]},{"@type":"WebSite","@id":"https:\/\/universnews224.com\/#website","url":"https:\/\/universnews224.com\/","name":"UNIVERSNEWS224","description":"","publisher":{"@id":"https:\/\/universnews224.com\/#organization"},"potentialAction":[{"@type":"SearchAction","target":{"@type":"EntryPoint","urlTemplate":"https:\/\/universnews224.com\/?s={search_term_string}"},"query-input":"required name=search_term_string"}],"inLanguage":"fr-FR"},{"@type":"Organization","@id":"https:\/\/universnews224.com\/#organization","name":"UNIVERSNEWS224","url":"https:\/\/universnews224.com\/","logo":{"@type":"ImageObject","inLanguage":"fr-FR","@id":"https:\/\/universnews224.com\/#\/schema\/logo\/image\/","url":"https:\/\/universnews224.com\/wp-content\/uploads\/2022\/08\/cropped-cropped-logoban.jpg","contentUrl":"https:\/\/universnews224.com\/wp-content\/uploads\/2022\/08\/cropped-cropped-logoban.jpg","width":1080,"height":138,"caption":"UNIVERSNEWS224"},"image":{"@id":"https:\/\/universnews224.com\/#\/schema\/logo\/image\/"}},{"@type":"Person","@id":"https:\/\/universnews224.com\/#\/schema\/person\/a4b7d4f94a4716df60456a491260485e","name":"La R\u00e9daction","image":{"@type":"ImageObject","inLanguage":"fr-FR","@id":"https:\/\/universnews224.com\/#\/schema\/person\/image\/","url":"https:\/\/secure.gravatar.com\/avatar\/edb90acc7752b23e1b3307ad36c14f0d?s=96&d=mm&r=g","contentUrl":"https:\/\/secure.gravatar.com\/avatar\/edb90acc7752b23e1b3307ad36c14f0d?s=96&d=mm&r=g","caption":"La R\u00e9daction"},"sameAs":["https:\/\/universnews224.com"],"url":"https:\/\/universnews224.com\/index.php\/author\/m-camara\/"}]}},"_links":{"self":[{"href":"https:\/\/universnews224.com\/index.php\/wp-json\/wp\/v2\/posts\/5125"}],"collection":[{"href":"https:\/\/universnews224.com\/index.php\/wp-json\/wp\/v2\/posts"}],"about":[{"href":"https:\/\/universnews224.com\/index.php\/wp-json\/wp\/v2\/types\/post"}],"author":[{"embeddable":true,"href":"https:\/\/universnews224.com\/index.php\/wp-json\/wp\/v2\/users\/2"}],"replies":[{"embeddable":true,"href":"https:\/\/universnews224.com\/index.php\/wp-json\/wp\/v2\/comments?post=5125"}],"version-history":[{"count":1,"href":"https:\/\/universnews224.com\/index.php\/wp-json\/wp\/v2\/posts\/5125\/revisions"}],"predecessor-version":[{"id":5127,"href":"https:\/\/universnews224.com\/index.php\/wp-json\/wp\/v2\/posts\/5125\/revisions\/5127"}],"wp:attachment":[{"href":"https:\/\/universnews224.com\/index.php\/wp-json\/wp\/v2\/media?parent=5125"}],"wp:term":[{"taxonomy":"category","embeddable":true,"href":"https:\/\/universnews224.com\/index.php\/wp-json\/wp\/v2\/categories?post=5125"},{"taxonomy":"post_tag","embeddable":true,"href":"https:\/\/universnews224.com\/index.php\/wp-json\/wp\/v2\/tags?post=5125"}],"curies":[{"name":"wp","href":"https:\/\/api.w.org\/{rel}","templated":true}]}}