{"id":5128,"date":"2024-02-07T21:56:18","date_gmt":"2024-02-07T20:56:18","guid":{"rendered":"https:\/\/universnews224.com\/?p=5128"},"modified":"2024-02-07T21:56:18","modified_gmt":"2024-02-07T20:56:18","slug":"culture-yama-sega-en-concert-dedicace-de-son-double-album-le-09-fevrier-2024-au-chapiteau-du-palais-du-peuple","status":"publish","type":"post","link":"https:\/\/universnews224.com\/index.php\/culture-yama-sega-en-concert-dedicace-de-son-double-album-le-09-fevrier-2024-au-chapiteau-du-palais-du-peuple\/","title":{"rendered":"Culture : Yama Sega en concert d\u00e9dicace de son double album le 09 f\u00e9vrier  2024 au chapiteau du palais du peuple."},"content":{"rendered":"<p class=\"p3\"><span class=\"s2\">C&rsquo;est au cours d&rsquo;une conf\u00e9rence de presse que l\u2019artiste Yama Sega et son \u00e9quipe manag\u00e9riale ont annonc\u00e9 ce mercredi 07 f\u00e9vrier 2024, \u00e0 Conakry, la sortie officielle de son double album intitul\u00e9 \u00a0\u00bb FEKANGNI et N\u00b4HANTO \u00a0\u00bb pr\u00e9vu le 09 f\u00e9vrier prochain au chapiteau du palais du peuple. <\/span><\/p>\n<p class=\"p3\"><span class=\"s2\">Dans son discours de circonstance, Yama Sega revient sur les raisons qui l\u2019ont pouss\u00e9e \u00e0 sortir ce double album. <\/span><\/p>\n<p class=\"p3\"><span class=\"s2\">\u00ab Il y a un peu plus de cinq(5) ans aujourd&rsquo;hui depuis que j&rsquo;ai d\u00e9but\u00e9 cette grande aventure musicale, avec toutes les difficult\u00e9s que vous pouvez imaginer, sans ressource, rien que la gr\u00e2ce divine qui m&rsquo;a pouss\u00e9 \u00e0 produire ces r\u00e9sultats de double album FEKANGNI et N\u2019HANTO. Pourquoi ce double album? C&rsquo;est d\u00fb \u00e0 plusieurs raisons notamment: l\u2019arriv\u00e9e de la covid 19 occasionnant ainsi l&rsquo;arr\u00eat des activit\u00e9s \u00e0 fortes mobilisations. Aussi, YAMA SEGA c&rsquo;est plus de 3ans de constance et de succ\u00e8s avec des tubes qui ont fait le tour du monde et plusieurs millions de vues sur les plateformes digitales, mais sans d\u00e9dicace. Deux albums c&rsquo;est plusieurs nuits de travail acharn\u00e9 et d\u2019\u00e9nergie incomparables \u00e0 votre soutien ind\u00e9fectible et inconditionnel. Gr\u00e2ce \u00e0 cette jeune g\u00e9n\u00e9ration dynamique et soucieuse de la musique populaire qui occupe aujourd&rsquo;hui une place de la port\u00e9e encore plus haute .Grand merci au peuple de Guin\u00e9e de m&rsquo;avoir port\u00e9. Ensemble nous \u00e9crirons l\u2019histoire de la musique<span class=\"Apple-converted-space\">\u00a0 <\/span>Guin\u00e9enne de la plus belle des mani\u00e8res \u00bb, a indiqu\u00e9<span class=\"Apple-converted-space\">\u00a0 <\/span>Yama Sega. <\/span><\/p>\n<p class=\"p3\"><span class=\"s2\">Sana Sylla.<\/span><\/p>\n","protected":false},"excerpt":{"rendered":"<p>C&rsquo;est au cours d&rsquo;une conf\u00e9rence de presse que l\u2019artiste Yama Sega et son \u00e9quipe manag\u00e9riale<\/p>\n","protected":false},"author":2,"featured_media":5129,"comment_status":"closed","ping_status":"open","sticky":false,"template":"","format":"standard","meta":[],"categories":[3,9],"tags":[229],"yoast_head":"<!-- This site is optimized with the Yoast SEO plugin v19.13 - https:\/\/yoast.com\/wordpress\/plugins\/seo\/ -->\n<title>Culture : Yama Sega en concert d\u00e9dicace de son double album le 09 f\u00e9vrier 2024 au chapiteau du palais du peuple. - UNIVERSNEWS224<\/title>\n<meta name=\"robots\" content=\"index, follow, max-snippet:-1, max-image-preview:large, max-video-preview:-1\" \/>\n<link rel=\"canonical\" href=\"https:\/\/universnews224.com\/index.php\/culture-yama-sega-en-concert-dedicace-de-son-double-album-le-09-fevrier-2024-au-chapiteau-du-palais-du-peuple\/\" \/>\n<meta property=\"og:locale\" content=\"fr_FR\" \/>\n<meta property=\"og:type\" content=\"article\" \/>\n<meta property=\"og:title\" content=\"Culture : Yama Sega en concert d\u00e9dicace de son double album le 09 f\u00e9vrier 2024 au chapiteau du palais du peuple. - UNIVERSNEWS224\" \/>\n<meta property=\"og:description\" content=\"C&rsquo;est au cours d&rsquo;une conf\u00e9rence de presse que l\u2019artiste Yama Sega et son \u00e9quipe manag\u00e9riale\" \/>\n<meta property=\"og:url\" content=\"https:\/\/universnews224.com\/index.php\/culture-yama-sega-en-concert-dedicace-de-son-double-album-le-09-fevrier-2024-au-chapiteau-du-palais-du-peuple\/\" \/>\n<meta property=\"og:site_name\" content=\"UNIVERSNEWS224\" \/>\n<meta property=\"article:published_time\" content=\"2024-02-07T20:56:18+00:00\" \/>\n<meta property=\"og:image\" content=\"https:\/\/universnews224.com\/wp-content\/uploads\/2024\/02\/29A2B4BB-59BB-46F1-9B5A-07870077CB2E.jpeg\" \/>\n\t<meta property=\"og:image:width\" content=\"1032\" \/>\n\t<meta property=\"og:image:height\" content=\"581\" \/>\n\t<meta property=\"og:image:type\" content=\"image\/jpeg\" \/>\n<meta name=\"author\" content=\"La R\u00e9daction\" \/>\n<meta name=\"twitter:label1\" content=\"\u00c9crit par\" \/>\n\t<meta name=\"twitter:data1\" content=\"La R\u00e9daction\" \/>\n\t<meta name=\"twitter:label2\" content=\"Dur\u00e9e de lecture estim\u00e9e\" \/>\n\t<meta name=\"twitter:data2\" content=\"2 minutes\" \/>\n<script type=\"application\/ld+json\" class=\"yoast-schema-graph\">{\"@context\":\"https:\/\/schema.org\",\"@graph\":[{\"@type\":\"Article\",\"@id\":\"https:\/\/universnews224.com\/index.php\/culture-yama-sega-en-concert-dedicace-de-son-double-album-le-09-fevrier-2024-au-chapiteau-du-palais-du-peuple\/#article\",\"isPartOf\":{\"@id\":\"https:\/\/universnews224.com\/index.php\/culture-yama-sega-en-concert-dedicace-de-son-double-album-le-09-fevrier-2024-au-chapiteau-du-palais-du-peuple\/\"},\"author\":{\"name\":\"La R\u00e9daction\",\"@id\":\"https:\/\/universnews224.com\/#\/schema\/person\/a4b7d4f94a4716df60456a491260485e\"},\"headline\":\"Culture : Yama Sega en concert d\u00e9dicace de son double album le 09 f\u00e9vrier 2024 au chapiteau du palais du peuple.\",\"datePublished\":\"2024-02-07T20:56:18+00:00\",\"dateModified\":\"2024-02-07T20:56:18+00:00\",\"mainEntityOfPage\":{\"@id\":\"https:\/\/universnews224.com\/index.php\/culture-yama-sega-en-concert-dedicace-de-son-double-album-le-09-fevrier-2024-au-chapiteau-du-palais-du-peuple\/\"},\"wordCount\":276,\"publisher\":{\"@id\":\"https:\/\/universnews224.com\/#organization\"},\"keywords\":[\"La une\"],\"articleSection\":[\"ACTU\",\"SPORT\"],\"inLanguage\":\"fr-FR\"},{\"@type\":\"WebPage\",\"@id\":\"https:\/\/universnews224.com\/index.php\/culture-yama-sega-en-concert-dedicace-de-son-double-album-le-09-fevrier-2024-au-chapiteau-du-palais-du-peuple\/\",\"url\":\"https:\/\/universnews224.com\/index.php\/culture-yama-sega-en-concert-dedicace-de-son-double-album-le-09-fevrier-2024-au-chapiteau-du-palais-du-peuple\/\",\"name\":\"Culture : Yama Sega en concert d\u00e9dicace de son double album le 09 f\u00e9vrier 2024 au chapiteau du palais du peuple. - UNIVERSNEWS224\",\"isPartOf\":{\"@id\":\"https:\/\/universnews224.com\/#website\"},\"datePublished\":\"2024-02-07T20:56:18+00:00\",\"dateModified\":\"2024-02-07T20:56:18+00:00\",\"inLanguage\":\"fr-FR\",\"potentialAction\":[{\"@type\":\"ReadAction\",\"target\":[\"https:\/\/universnews224.com\/index.php\/culture-yama-sega-en-concert-dedicace-de-son-double-album-le-09-fevrier-2024-au-chapiteau-du-palais-du-peuple\/\"]}]},{\"@type\":\"WebSite\",\"@id\":\"https:\/\/universnews224.com\/#website\",\"url\":\"https:\/\/universnews224.com\/\",\"name\":\"UNIVERSNEWS224\",\"description\":\"\",\"publisher\":{\"@id\":\"https:\/\/universnews224.com\/#organization\"},\"potentialAction\":[{\"@type\":\"SearchAction\",\"target\":{\"@type\":\"EntryPoint\",\"urlTemplate\":\"https:\/\/universnews224.com\/?s={search_term_string}\"},\"query-input\":\"required name=search_term_string\"}],\"inLanguage\":\"fr-FR\"},{\"@type\":\"Organization\",\"@id\":\"https:\/\/universnews224.com\/#organization\",\"name\":\"UNIVERSNEWS224\",\"url\":\"https:\/\/universnews224.com\/\",\"logo\":{\"@type\":\"ImageObject\",\"inLanguage\":\"fr-FR\",\"@id\":\"https:\/\/universnews224.com\/#\/schema\/logo\/image\/\",\"url\":\"https:\/\/universnews224.com\/wp-content\/uploads\/2022\/08\/cropped-cropped-logoban.jpg\",\"contentUrl\":\"https:\/\/universnews224.com\/wp-content\/uploads\/2022\/08\/cropped-cropped-logoban.jpg\",\"width\":1080,\"height\":138,\"caption\":\"UNIVERSNEWS224\"},\"image\":{\"@id\":\"https:\/\/universnews224.com\/#\/schema\/logo\/image\/\"}},{\"@type\":\"Person\",\"@id\":\"https:\/\/universnews224.com\/#\/schema\/person\/a4b7d4f94a4716df60456a491260485e\",\"name\":\"La R\u00e9daction\",\"image\":{\"@type\":\"ImageObject\",\"inLanguage\":\"fr-FR\",\"@id\":\"https:\/\/universnews224.com\/#\/schema\/person\/image\/\",\"url\":\"https:\/\/secure.gravatar.com\/avatar\/edb90acc7752b23e1b3307ad36c14f0d?s=96&d=mm&r=g\",\"contentUrl\":\"https:\/\/secure.gravatar.com\/avatar\/edb90acc7752b23e1b3307ad36c14f0d?s=96&d=mm&r=g\",\"caption\":\"La R\u00e9daction\"},\"sameAs\":[\"https:\/\/universnews224.com\"],\"url\":\"https:\/\/universnews224.com\/index.php\/author\/m-camara\/\"}]}<\/script>\n<!-- \/ Yoast SEO plugin. -->","yoast_head_json":{"title":"Culture : Yama Sega en concert d\u00e9dicace de son double album le 09 f\u00e9vrier 2024 au chapiteau du palais du peuple. - UNIVERSNEWS224","robots":{"index":"index","follow":"follow","max-snippet":"max-snippet:-1","max-image-preview":"max-image-preview:large","max-video-preview":"max-video-preview:-1"},"canonical":"https:\/\/universnews224.com\/index.php\/culture-yama-sega-en-concert-dedicace-de-son-double-album-le-09-fevrier-2024-au-chapiteau-du-palais-du-peuple\/","og_locale":"fr_FR","og_type":"article","og_title":"Culture : Yama Sega en concert d\u00e9dicace de son double album le 09 f\u00e9vrier 2024 au chapiteau du palais du peuple. - UNIVERSNEWS224","og_description":"C&rsquo;est au cours d&rsquo;une conf\u00e9rence de presse que l\u2019artiste Yama Sega et son \u00e9quipe manag\u00e9riale","og_url":"https:\/\/universnews224.com\/index.php\/culture-yama-sega-en-concert-dedicace-de-son-double-album-le-09-fevrier-2024-au-chapiteau-du-palais-du-peuple\/","og_site_name":"UNIVERSNEWS224","article_published_time":"2024-02-07T20:56:18+00:00","og_image":[{"width":1032,"height":581,"url":"https:\/\/universnews224.com\/wp-content\/uploads\/2024\/02\/29A2B4BB-59BB-46F1-9B5A-07870077CB2E.jpeg","type":"image\/jpeg"}],"author":"La R\u00e9daction","twitter_misc":{"\u00c9crit par":"La R\u00e9daction","Dur\u00e9e de lecture estim\u00e9e":"2 minutes"},"schema":{"@context":"https:\/\/schema.org","@graph":[{"@type":"Article","@id":"https:\/\/universnews224.com\/index.php\/culture-yama-sega-en-concert-dedicace-de-son-double-album-le-09-fevrier-2024-au-chapiteau-du-palais-du-peuple\/#article","isPartOf":{"@id":"https:\/\/universnews224.com\/index.php\/culture-yama-sega-en-concert-dedicace-de-son-double-album-le-09-fevrier-2024-au-chapiteau-du-palais-du-peuple\/"},"author":{"name":"La R\u00e9daction","@id":"https:\/\/universnews224.com\/#\/schema\/person\/a4b7d4f94a4716df60456a491260485e"},"headline":"Culture : Yama Sega en concert d\u00e9dicace de son double album le 09 f\u00e9vrier 2024 au chapiteau du palais du peuple.","datePublished":"2024-02-07T20:56:18+00:00","dateModified":"2024-02-07T20:56:18+00:00","mainEntityOfPage":{"@id":"https:\/\/universnews224.com\/index.php\/culture-yama-sega-en-concert-dedicace-de-son-double-album-le-09-fevrier-2024-au-chapiteau-du-palais-du-peuple\/"},"wordCount":276,"publisher":{"@id":"https:\/\/universnews224.com\/#organization"},"keywords":["La une"],"articleSection":["ACTU","SPORT"],"inLanguage":"fr-FR"},{"@type":"WebPage","@id":"https:\/\/universnews224.com\/index.php\/culture-yama-sega-en-concert-dedicace-de-son-double-album-le-09-fevrier-2024-au-chapiteau-du-palais-du-peuple\/","url":"https:\/\/universnews224.com\/index.php\/culture-yama-sega-en-concert-dedicace-de-son-double-album-le-09-fevrier-2024-au-chapiteau-du-palais-du-peuple\/","name":"Culture : Yama Sega en concert d\u00e9dicace de son double album le 09 f\u00e9vrier 2024 au chapiteau du palais du peuple. - UNIVERSNEWS224","isPartOf":{"@id":"https:\/\/universnews224.com\/#website"},"datePublished":"2024-02-07T20:56:18+00:00","dateModified":"2024-02-07T20:56:18+00:00","inLanguage":"fr-FR","potentialAction":[{"@type":"ReadAction","target":["https:\/\/universnews224.com\/index.php\/culture-yama-sega-en-concert-dedicace-de-son-double-album-le-09-fevrier-2024-au-chapiteau-du-palais-du-peuple\/"]}]},{"@type":"WebSite","@id":"https:\/\/universnews224.com\/#website","url":"https:\/\/universnews224.com\/","name":"UNIVERSNEWS224","description":"","publisher":{"@id":"https:\/\/universnews224.com\/#organization"},"potentialAction":[{"@type":"SearchAction","target":{"@type":"EntryPoint","urlTemplate":"https:\/\/universnews224.com\/?s={search_term_string}"},"query-input":"required name=search_term_string"}],"inLanguage":"fr-FR"},{"@type":"Organization","@id":"https:\/\/universnews224.com\/#organization","name":"UNIVERSNEWS224","url":"https:\/\/universnews224.com\/","logo":{"@type":"ImageObject","inLanguage":"fr-FR","@id":"https:\/\/universnews224.com\/#\/schema\/logo\/image\/","url":"https:\/\/universnews224.com\/wp-content\/uploads\/2022\/08\/cropped-cropped-logoban.jpg","contentUrl":"https:\/\/universnews224.com\/wp-content\/uploads\/2022\/08\/cropped-cropped-logoban.jpg","width":1080,"height":138,"caption":"UNIVERSNEWS224"},"image":{"@id":"https:\/\/universnews224.com\/#\/schema\/logo\/image\/"}},{"@type":"Person","@id":"https:\/\/universnews224.com\/#\/schema\/person\/a4b7d4f94a4716df60456a491260485e","name":"La R\u00e9daction","image":{"@type":"ImageObject","inLanguage":"fr-FR","@id":"https:\/\/universnews224.com\/#\/schema\/person\/image\/","url":"https:\/\/secure.gravatar.com\/avatar\/edb90acc7752b23e1b3307ad36c14f0d?s=96&d=mm&r=g","contentUrl":"https:\/\/secure.gravatar.com\/avatar\/edb90acc7752b23e1b3307ad36c14f0d?s=96&d=mm&r=g","caption":"La R\u00e9daction"},"sameAs":["https:\/\/universnews224.com"],"url":"https:\/\/universnews224.com\/index.php\/author\/m-camara\/"}]}},"_links":{"self":[{"href":"https:\/\/universnews224.com\/index.php\/wp-json\/wp\/v2\/posts\/5128"}],"collection":[{"href":"https:\/\/universnews224.com\/index.php\/wp-json\/wp\/v2\/posts"}],"about":[{"href":"https:\/\/universnews224.com\/index.php\/wp-json\/wp\/v2\/types\/post"}],"author":[{"embeddable":true,"href":"https:\/\/universnews224.com\/index.php\/wp-json\/wp\/v2\/users\/2"}],"replies":[{"embeddable":true,"href":"https:\/\/universnews224.com\/index.php\/wp-json\/wp\/v2\/comments?post=5128"}],"version-history":[{"count":1,"href":"https:\/\/universnews224.com\/index.php\/wp-json\/wp\/v2\/posts\/5128\/revisions"}],"predecessor-version":[{"id":5130,"href":"https:\/\/universnews224.com\/index.php\/wp-json\/wp\/v2\/posts\/5128\/revisions\/5130"}],"wp:featuredmedia":[{"embeddable":true,"href":"https:\/\/universnews224.com\/index.php\/wp-json\/wp\/v2\/media\/5129"}],"wp:attachment":[{"href":"https:\/\/universnews224.com\/index.php\/wp-json\/wp\/v2\/media?parent=5128"}],"wp:term":[{"taxonomy":"category","embeddable":true,"href":"https:\/\/universnews224.com\/index.php\/wp-json\/wp\/v2\/categories?post=5128"},{"taxonomy":"post_tag","embeddable":true,"href":"https:\/\/universnews224.com\/index.php\/wp-json\/wp\/v2\/tags?post=5128"}],"curies":[{"name":"wp","href":"https:\/\/api.w.org\/{rel}","templated":true}]}}