{"id":5136,"date":"2024-02-09T21:24:14","date_gmt":"2024-02-09T20:24:14","guid":{"rendered":"https:\/\/universnews224.com\/?p=5136"},"modified":"2024-02-09T21:24:14","modified_gmt":"2024-02-09T20:24:14","slug":"dr-edouard-zoutomou-sur-le-retrait-du-mali-du-burkina-et-du-niger-de-la-cedeao-nous-pensons-que-cest-une-mauvaise-demarche","status":"publish","type":"post","link":"https:\/\/universnews224.com\/index.php\/dr-edouard-zoutomou-sur-le-retrait-du-mali-du-burkina-et-du-niger-de-la-cedeao-nous-pensons-que-cest-une-mauvaise-demarche\/","title":{"rendered":"Dr Edouard Zoutomou sur le retrait du Mali, du Burkina et du Niger de la C\u00c9D\u00c9AO: \u201cNous pensons que c\u2019est une mauvaise d\u00e9marche\u201d"},"content":{"rendered":"<p class=\"p1\">Le leader du parti UDRP et membre de l\u2019ANAD, Dr Edouard Zoutomou\u00a0Kpoghomou\u00a0a r\u00e9agi ce vendredi, 09 f\u00e9vrier 2024, sur le retrait du Mali, du Burkina Faso et du Niger de la C\u00c9D\u00c9AO(Communaut\u00e9 \u00c9conomique des Etats de l\u2019Afrique de l\u2019Ouest).<\/p>\n<p class=\"p1\"><span class=\"s1\">Selon lui, cette d\u00e9marche entreprise par ces trois pays de se retirer de l\u2019organisation sous-r\u00e9gionale n\u2019est pas appropri\u00e9e. <\/span><\/p>\n<p class=\"p1\"><span class=\"s1\">\u201cEn ce qui concerne le retrait des trois pays de la CEDEAO, nous avons fl\u00e9tri cette d\u00e9marche. Nous avons pens\u00e9 qu\u2019elle n\u2019\u00e9tait pas appropri\u00e9e\u201d, a t-il d\u00e9clar\u00e9. <\/span><\/p>\n<p class=\"p1\"><span class=\"s1\">Poursuivant, Dr Edouard Zoutomou a soulign\u00e9 que le retrait d\u2019un pays de la CEDEAO ob\u00e9it \u00e0 certaines r\u00e8gles. <\/span><\/p>\n<p class=\"p1\"><span class=\"s1\">\u201cIl est vrai que, c\u2019est le droit de ces trois pays de se retirer de la CEDEAO, mais en le faisant, il y a des d\u00e9marches \u00e0 suivre. La CEDEAO n\u2019est pas seulement faite pour le Burkina Faso, le Niger et le Mali, c\u2019est fait pour un ensemble de 15 \u00c9tats. Alors, si vous devez quitter, il faudrait effectivement qu\u2019il ait un minimum de bouleversement dans les autres pays qui restent. Or, ces pays ont aujourd\u2019hui des fronti\u00e8res poreuses. Si le retrait peut exacerber les risques s\u00e9curitaires, on ne faut pas les laisser partir comme \u00e7a, pour dire que je vais vous laisser comme \u00e7a et puis le diable va venir vous engloutir. \u00c7a ne peut pas marcher, il y a une d\u00e9marche. Quand on dit qu\u2019on veut sortir, on sort et mieux, ces pays n\u2019ont pas d\u2019injonction \u00e0 faire \u00e0 la CEDEAO parce qu\u2019elle ne les a pas oblig\u00e9s \u00e0 venir signer des documents. Ils ont sign\u00e9 tous les trait\u00e9s et conventions d\u2019int\u00e9gration \u00e0 la CEDEAO. L\u2019\u00c9tat, c\u2019est une continuit\u00e9. Aujourd\u2019hui, venir dire que nous allons sortir, c\u2019est bien beau, mais nous, nous pensons c\u2019est tr\u00e8s risqu\u00e9. La d\u00e9cision est risqu\u00e9e \u00e0 partir du moment o\u00f9, il est certain que les fronti\u00e8res poreuses seront envahies par les mouvements djih\u00e2distes et cela risque de d\u00e9stabiliser toute la sous-r\u00e9gion. Nous, nous pensons que c\u2019est une mauvaise d\u00e9marche et la C\u00c9D\u00c9AO doit \u00eatre ferme\u201d, a martel\u00e9 ce membre de l\u2019ANAD chez nos confr\u00e8res de la radio Nostalgie Guin\u00e9e dans l\u2019\u00e9mission Face \u00e0 l\u2019info. <\/span><\/p>\n<p class=\"p1\"><span class=\"s1\">Mohamed Camara <\/span><\/p>\n","protected":false},"excerpt":{"rendered":"<p>Le leader du parti UDRP et membre de l\u2019ANAD, Dr Edouard Zoutomou\u00a0Kpoghomou\u00a0a r\u00e9agi ce vendredi,<\/p>\n","protected":false},"author":2,"featured_media":5137,"comment_status":"closed","ping_status":"open","sticky":false,"template":"","format":"standard","meta":[],"categories":[3,4],"tags":[229],"yoast_head":"<!-- This site is optimized with the Yoast SEO plugin v19.13 - https:\/\/yoast.com\/wordpress\/plugins\/seo\/ -->\n<title>Dr Edouard Zoutomou sur le retrait du Mali, du Burkina et du Niger de la C\u00c9D\u00c9AO: \u201cNous pensons que c\u2019est une mauvaise d\u00e9marche\u201d - UNIVERSNEWS224<\/title>\n<meta name=\"robots\" content=\"index, follow, max-snippet:-1, max-image-preview:large, max-video-preview:-1\" \/>\n<link rel=\"canonical\" href=\"https:\/\/universnews224.com\/index.php\/dr-edouard-zoutomou-sur-le-retrait-du-mali-du-burkina-et-du-niger-de-la-cedeao-nous-pensons-que-cest-une-mauvaise-demarche\/\" \/>\n<meta property=\"og:locale\" content=\"fr_FR\" \/>\n<meta property=\"og:type\" content=\"article\" \/>\n<meta property=\"og:title\" content=\"Dr Edouard Zoutomou sur le retrait du Mali, du Burkina et du Niger de la C\u00c9D\u00c9AO: \u201cNous pensons que c\u2019est une mauvaise d\u00e9marche\u201d - UNIVERSNEWS224\" \/>\n<meta property=\"og:description\" content=\"Le leader du parti UDRP et membre de l\u2019ANAD, Dr Edouard Zoutomou\u00a0Kpoghomou\u00a0a r\u00e9agi ce vendredi,\" \/>\n<meta property=\"og:url\" content=\"https:\/\/universnews224.com\/index.php\/dr-edouard-zoutomou-sur-le-retrait-du-mali-du-burkina-et-du-niger-de-la-cedeao-nous-pensons-que-cest-une-mauvaise-demarche\/\" \/>\n<meta property=\"og:site_name\" content=\"UNIVERSNEWS224\" \/>\n<meta property=\"article:published_time\" content=\"2024-02-09T20:24:14+00:00\" \/>\n<meta property=\"og:image\" content=\"https:\/\/universnews224.com\/wp-content\/uploads\/2024\/02\/72349633-153A-442F-8908-C615625371F3.png\" \/>\n\t<meta property=\"og:image:width\" content=\"414\" \/>\n\t<meta property=\"og:image:height\" content=\"356\" \/>\n\t<meta property=\"og:image:type\" content=\"image\/png\" \/>\n<meta name=\"author\" content=\"La R\u00e9daction\" \/>\n<meta name=\"twitter:label1\" content=\"\u00c9crit par\" \/>\n\t<meta name=\"twitter:data1\" content=\"La R\u00e9daction\" \/>\n\t<meta name=\"twitter:label2\" content=\"Dur\u00e9e de lecture estim\u00e9e\" \/>\n\t<meta name=\"twitter:data2\" content=\"2 minutes\" \/>\n<script type=\"application\/ld+json\" class=\"yoast-schema-graph\">{\"@context\":\"https:\/\/schema.org\",\"@graph\":[{\"@type\":\"Article\",\"@id\":\"https:\/\/universnews224.com\/index.php\/dr-edouard-zoutomou-sur-le-retrait-du-mali-du-burkina-et-du-niger-de-la-cedeao-nous-pensons-que-cest-une-mauvaise-demarche\/#article\",\"isPartOf\":{\"@id\":\"https:\/\/universnews224.com\/index.php\/dr-edouard-zoutomou-sur-le-retrait-du-mali-du-burkina-et-du-niger-de-la-cedeao-nous-pensons-que-cest-une-mauvaise-demarche\/\"},\"author\":{\"name\":\"La R\u00e9daction\",\"@id\":\"https:\/\/universnews224.com\/#\/schema\/person\/a4b7d4f94a4716df60456a491260485e\"},\"headline\":\"Dr Edouard Zoutomou sur le retrait du Mali, du Burkina et du Niger de la C\u00c9D\u00c9AO: \u201cNous pensons que c\u2019est une mauvaise d\u00e9marche\u201d\",\"datePublished\":\"2024-02-09T20:24:14+00:00\",\"dateModified\":\"2024-02-09T20:24:14+00:00\",\"mainEntityOfPage\":{\"@id\":\"https:\/\/universnews224.com\/index.php\/dr-edouard-zoutomou-sur-le-retrait-du-mali-du-burkina-et-du-niger-de-la-cedeao-nous-pensons-que-cest-une-mauvaise-demarche\/\"},\"wordCount\":433,\"publisher\":{\"@id\":\"https:\/\/universnews224.com\/#organization\"},\"keywords\":[\"La une\"],\"articleSection\":[\"ACTU\",\"POLITIQUE\"],\"inLanguage\":\"fr-FR\"},{\"@type\":\"WebPage\",\"@id\":\"https:\/\/universnews224.com\/index.php\/dr-edouard-zoutomou-sur-le-retrait-du-mali-du-burkina-et-du-niger-de-la-cedeao-nous-pensons-que-cest-une-mauvaise-demarche\/\",\"url\":\"https:\/\/universnews224.com\/index.php\/dr-edouard-zoutomou-sur-le-retrait-du-mali-du-burkina-et-du-niger-de-la-cedeao-nous-pensons-que-cest-une-mauvaise-demarche\/\",\"name\":\"Dr Edouard Zoutomou sur le retrait du Mali, du Burkina et du Niger de la C\u00c9D\u00c9AO: \u201cNous pensons que c\u2019est une mauvaise d\u00e9marche\u201d - UNIVERSNEWS224\",\"isPartOf\":{\"@id\":\"https:\/\/universnews224.com\/#website\"},\"datePublished\":\"2024-02-09T20:24:14+00:00\",\"dateModified\":\"2024-02-09T20:24:14+00:00\",\"inLanguage\":\"fr-FR\",\"potentialAction\":[{\"@type\":\"ReadAction\",\"target\":[\"https:\/\/universnews224.com\/index.php\/dr-edouard-zoutomou-sur-le-retrait-du-mali-du-burkina-et-du-niger-de-la-cedeao-nous-pensons-que-cest-une-mauvaise-demarche\/\"]}]},{\"@type\":\"WebSite\",\"@id\":\"https:\/\/universnews224.com\/#website\",\"url\":\"https:\/\/universnews224.com\/\",\"name\":\"UNIVERSNEWS224\",\"description\":\"\",\"publisher\":{\"@id\":\"https:\/\/universnews224.com\/#organization\"},\"potentialAction\":[{\"@type\":\"SearchAction\",\"target\":{\"@type\":\"EntryPoint\",\"urlTemplate\":\"https:\/\/universnews224.com\/?s={search_term_string}\"},\"query-input\":\"required name=search_term_string\"}],\"inLanguage\":\"fr-FR\"},{\"@type\":\"Organization\",\"@id\":\"https:\/\/universnews224.com\/#organization\",\"name\":\"UNIVERSNEWS224\",\"url\":\"https:\/\/universnews224.com\/\",\"logo\":{\"@type\":\"ImageObject\",\"inLanguage\":\"fr-FR\",\"@id\":\"https:\/\/universnews224.com\/#\/schema\/logo\/image\/\",\"url\":\"https:\/\/universnews224.com\/wp-content\/uploads\/2022\/08\/cropped-cropped-logoban.jpg\",\"contentUrl\":\"https:\/\/universnews224.com\/wp-content\/uploads\/2022\/08\/cropped-cropped-logoban.jpg\",\"width\":1080,\"height\":138,\"caption\":\"UNIVERSNEWS224\"},\"image\":{\"@id\":\"https:\/\/universnews224.com\/#\/schema\/logo\/image\/\"}},{\"@type\":\"Person\",\"@id\":\"https:\/\/universnews224.com\/#\/schema\/person\/a4b7d4f94a4716df60456a491260485e\",\"name\":\"La R\u00e9daction\",\"image\":{\"@type\":\"ImageObject\",\"inLanguage\":\"fr-FR\",\"@id\":\"https:\/\/universnews224.com\/#\/schema\/person\/image\/\",\"url\":\"https:\/\/secure.gravatar.com\/avatar\/edb90acc7752b23e1b3307ad36c14f0d?s=96&d=mm&r=g\",\"contentUrl\":\"https:\/\/secure.gravatar.com\/avatar\/edb90acc7752b23e1b3307ad36c14f0d?s=96&d=mm&r=g\",\"caption\":\"La R\u00e9daction\"},\"sameAs\":[\"https:\/\/universnews224.com\"],\"url\":\"https:\/\/universnews224.com\/index.php\/author\/m-camara\/\"}]}<\/script>\n<!-- \/ Yoast SEO plugin. -->","yoast_head_json":{"title":"Dr Edouard Zoutomou sur le retrait du Mali, du Burkina et du Niger de la C\u00c9D\u00c9AO: \u201cNous pensons que c\u2019est une mauvaise d\u00e9marche\u201d - UNIVERSNEWS224","robots":{"index":"index","follow":"follow","max-snippet":"max-snippet:-1","max-image-preview":"max-image-preview:large","max-video-preview":"max-video-preview:-1"},"canonical":"https:\/\/universnews224.com\/index.php\/dr-edouard-zoutomou-sur-le-retrait-du-mali-du-burkina-et-du-niger-de-la-cedeao-nous-pensons-que-cest-une-mauvaise-demarche\/","og_locale":"fr_FR","og_type":"article","og_title":"Dr Edouard Zoutomou sur le retrait du Mali, du Burkina et du Niger de la C\u00c9D\u00c9AO: \u201cNous pensons que c\u2019est une mauvaise d\u00e9marche\u201d - UNIVERSNEWS224","og_description":"Le leader du parti UDRP et membre de l\u2019ANAD, Dr Edouard Zoutomou\u00a0Kpoghomou\u00a0a r\u00e9agi ce vendredi,","og_url":"https:\/\/universnews224.com\/index.php\/dr-edouard-zoutomou-sur-le-retrait-du-mali-du-burkina-et-du-niger-de-la-cedeao-nous-pensons-que-cest-une-mauvaise-demarche\/","og_site_name":"UNIVERSNEWS224","article_published_time":"2024-02-09T20:24:14+00:00","og_image":[{"width":414,"height":356,"url":"https:\/\/universnews224.com\/wp-content\/uploads\/2024\/02\/72349633-153A-442F-8908-C615625371F3.png","type":"image\/png"}],"author":"La R\u00e9daction","twitter_misc":{"\u00c9crit par":"La R\u00e9daction","Dur\u00e9e de lecture estim\u00e9e":"2 minutes"},"schema":{"@context":"https:\/\/schema.org","@graph":[{"@type":"Article","@id":"https:\/\/universnews224.com\/index.php\/dr-edouard-zoutomou-sur-le-retrait-du-mali-du-burkina-et-du-niger-de-la-cedeao-nous-pensons-que-cest-une-mauvaise-demarche\/#article","isPartOf":{"@id":"https:\/\/universnews224.com\/index.php\/dr-edouard-zoutomou-sur-le-retrait-du-mali-du-burkina-et-du-niger-de-la-cedeao-nous-pensons-que-cest-une-mauvaise-demarche\/"},"author":{"name":"La R\u00e9daction","@id":"https:\/\/universnews224.com\/#\/schema\/person\/a4b7d4f94a4716df60456a491260485e"},"headline":"Dr Edouard Zoutomou sur le retrait du Mali, du Burkina et du Niger de la C\u00c9D\u00c9AO: \u201cNous pensons que c\u2019est une mauvaise d\u00e9marche\u201d","datePublished":"2024-02-09T20:24:14+00:00","dateModified":"2024-02-09T20:24:14+00:00","mainEntityOfPage":{"@id":"https:\/\/universnews224.com\/index.php\/dr-edouard-zoutomou-sur-le-retrait-du-mali-du-burkina-et-du-niger-de-la-cedeao-nous-pensons-que-cest-une-mauvaise-demarche\/"},"wordCount":433,"publisher":{"@id":"https:\/\/universnews224.com\/#organization"},"keywords":["La une"],"articleSection":["ACTU","POLITIQUE"],"inLanguage":"fr-FR"},{"@type":"WebPage","@id":"https:\/\/universnews224.com\/index.php\/dr-edouard-zoutomou-sur-le-retrait-du-mali-du-burkina-et-du-niger-de-la-cedeao-nous-pensons-que-cest-une-mauvaise-demarche\/","url":"https:\/\/universnews224.com\/index.php\/dr-edouard-zoutomou-sur-le-retrait-du-mali-du-burkina-et-du-niger-de-la-cedeao-nous-pensons-que-cest-une-mauvaise-demarche\/","name":"Dr Edouard Zoutomou sur le retrait du Mali, du Burkina et du Niger de la C\u00c9D\u00c9AO: \u201cNous pensons que c\u2019est une mauvaise d\u00e9marche\u201d - UNIVERSNEWS224","isPartOf":{"@id":"https:\/\/universnews224.com\/#website"},"datePublished":"2024-02-09T20:24:14+00:00","dateModified":"2024-02-09T20:24:14+00:00","inLanguage":"fr-FR","potentialAction":[{"@type":"ReadAction","target":["https:\/\/universnews224.com\/index.php\/dr-edouard-zoutomou-sur-le-retrait-du-mali-du-burkina-et-du-niger-de-la-cedeao-nous-pensons-que-cest-une-mauvaise-demarche\/"]}]},{"@type":"WebSite","@id":"https:\/\/universnews224.com\/#website","url":"https:\/\/universnews224.com\/","name":"UNIVERSNEWS224","description":"","publisher":{"@id":"https:\/\/universnews224.com\/#organization"},"potentialAction":[{"@type":"SearchAction","target":{"@type":"EntryPoint","urlTemplate":"https:\/\/universnews224.com\/?s={search_term_string}"},"query-input":"required name=search_term_string"}],"inLanguage":"fr-FR"},{"@type":"Organization","@id":"https:\/\/universnews224.com\/#organization","name":"UNIVERSNEWS224","url":"https:\/\/universnews224.com\/","logo":{"@type":"ImageObject","inLanguage":"fr-FR","@id":"https:\/\/universnews224.com\/#\/schema\/logo\/image\/","url":"https:\/\/universnews224.com\/wp-content\/uploads\/2022\/08\/cropped-cropped-logoban.jpg","contentUrl":"https:\/\/universnews224.com\/wp-content\/uploads\/2022\/08\/cropped-cropped-logoban.jpg","width":1080,"height":138,"caption":"UNIVERSNEWS224"},"image":{"@id":"https:\/\/universnews224.com\/#\/schema\/logo\/image\/"}},{"@type":"Person","@id":"https:\/\/universnews224.com\/#\/schema\/person\/a4b7d4f94a4716df60456a491260485e","name":"La R\u00e9daction","image":{"@type":"ImageObject","inLanguage":"fr-FR","@id":"https:\/\/universnews224.com\/#\/schema\/person\/image\/","url":"https:\/\/secure.gravatar.com\/avatar\/edb90acc7752b23e1b3307ad36c14f0d?s=96&d=mm&r=g","contentUrl":"https:\/\/secure.gravatar.com\/avatar\/edb90acc7752b23e1b3307ad36c14f0d?s=96&d=mm&r=g","caption":"La R\u00e9daction"},"sameAs":["https:\/\/universnews224.com"],"url":"https:\/\/universnews224.com\/index.php\/author\/m-camara\/"}]}},"_links":{"self":[{"href":"https:\/\/universnews224.com\/index.php\/wp-json\/wp\/v2\/posts\/5136"}],"collection":[{"href":"https:\/\/universnews224.com\/index.php\/wp-json\/wp\/v2\/posts"}],"about":[{"href":"https:\/\/universnews224.com\/index.php\/wp-json\/wp\/v2\/types\/post"}],"author":[{"embeddable":true,"href":"https:\/\/universnews224.com\/index.php\/wp-json\/wp\/v2\/users\/2"}],"replies":[{"embeddable":true,"href":"https:\/\/universnews224.com\/index.php\/wp-json\/wp\/v2\/comments?post=5136"}],"version-history":[{"count":1,"href":"https:\/\/universnews224.com\/index.php\/wp-json\/wp\/v2\/posts\/5136\/revisions"}],"predecessor-version":[{"id":5138,"href":"https:\/\/universnews224.com\/index.php\/wp-json\/wp\/v2\/posts\/5136\/revisions\/5138"}],"wp:featuredmedia":[{"embeddable":true,"href":"https:\/\/universnews224.com\/index.php\/wp-json\/wp\/v2\/media\/5137"}],"wp:attachment":[{"href":"https:\/\/universnews224.com\/index.php\/wp-json\/wp\/v2\/media?parent=5136"}],"wp:term":[{"taxonomy":"category","embeddable":true,"href":"https:\/\/universnews224.com\/index.php\/wp-json\/wp\/v2\/categories?post=5136"},{"taxonomy":"post_tag","embeddable":true,"href":"https:\/\/universnews224.com\/index.php\/wp-json\/wp\/v2\/tags?post=5136"}],"curies":[{"name":"wp","href":"https:\/\/api.w.org\/{rel}","templated":true}]}}