{"id":5139,"date":"2024-02-09T21:30:16","date_gmt":"2024-02-09T20:30:16","guid":{"rendered":"https:\/\/universnews224.com\/?p=5139"},"modified":"2024-02-09T21:30:16","modified_gmt":"2024-02-09T20:30:16","slug":"dr-edouard-zoutomou-kpogomou-je-suis-profondement-decu-du-comportement-du-president-macky-sall","status":"publish","type":"post","link":"https:\/\/universnews224.com\/index.php\/dr-edouard-zoutomou-kpogomou-je-suis-profondement-decu-du-comportement-du-president-macky-sall\/","title":{"rendered":"Dr Edouard Zoutomou KPOGOMOU: \u201cJe suis profond\u00e9ment d\u00e9\u00e7u du comportement du pr\u00e9sident Macky Sall\u201d"},"content":{"rendered":"<p class=\"p1\">Le pr\u00e9sident du parti UDRP et membre de l\u2019ANAD, Dr Edouard Zoutomou\u00a0 Kpoghomou\u00a0s\u2019est prononc\u00e9 ce vendredi, 9 f\u00e9vrier 2024, sur la crise qui secoue le S\u00e9n\u00e9gal, suite au report de l\u2019\u00e9lection pr\u00e9sidentielle au 15 d\u00e9cembre 2024 par le pr\u00e9sident Macky Sall.<\/p>\n<p class=\"p1\"><span class=\"s1\">Dr Edouard Zoutomou\u00a0 Kpoghomou se dit profond\u00e9ment d\u00e9\u00e7u par cette d\u00e9cision du pr\u00e9sident s\u00e9n\u00e9galais. <\/span><\/p>\n<p class=\"p1\"><span class=\"s1\">\u201cJe suis profond\u00e9ment d\u00e9\u00e7u du comportement du pr\u00e9sident Macky Sall. Je suis d\u00e9\u00e7u parce que le S\u00e9n\u00e9gal a une longue tradition de d\u00e9mocratie. C\u2019est une r\u00e9f\u00e9rence, un rep\u00e8re en mati\u00e8re de d\u00e9mocratie en Afrique\u201d, a t-il l\u00e2ch\u00e9. <\/span><\/p>\n<p class=\"p1\"><span class=\"s1\">Poursuivant, ce membre influent de l\u2019ANAD a laiss\u00e9 entendre que, ce report de l\u2019\u00e9lection pr\u00e9sidentielle par le chef de l\u2019\u00c9tat s\u00e9n\u00e9galais prouve \u00e0 suffisance sa intention de garder le pouvoir aussi longtemps que possible. <\/span><\/p>\n<p class=\"p1\"><span class=\"s1\">\u201cD\u00e8s le d\u00e9part le pr\u00e9sident Macky Sall a d\u2019abord maintenu le flou sur ses intentions r\u00e9elles jusqu\u2019au moment o\u00f9 il a senti que la perception devenait beaucoup plus r\u00e9elle, il a dit ouvertement qu\u2019il n\u2019est candidat, qu\u2019il ne va pas se pr\u00e9senter. Mais, cela ne veut pas dire qu\u2019il ne veut pas garder le pouvoir parce qu\u2019il y a une diff\u00e9rence entre les deux, il peut garder le pouvoir par autre moyen. Alors, il est rest\u00e9 l\u00e0 jusqu\u2019\u00e0 ce que les conditions soient cr\u00e9\u00e9es pour qu\u2019on organise le vote. Il a cherch\u00e9 \u00e0 avoir un premier ministre, Amadou Ba qu\u2019il a utilis\u00e9 comme candidat de la majorit\u00e9 pr\u00e9sidentielle. \u00c0 l\u2019heure l\u00e0, il semblerait que le courant ne passe pas tr\u00e8s bien entre les deux, \u00e0 cause de l\u2019impopularit\u00e9 du premier ministre Ba, c\u2019est pour la raison pour laquelle, il s\u2019est r\u00e9tract\u00e9 et il veut trouver quelqu\u2019un d\u2019autre. C\u2019est la raison pour laquelle, il est entrain de se cacher derri\u00e8re une raison fallacieuse, pour dire qu\u2019il y a une affaire de corruption entre le judiciaire et le parlement. Alors que cette affaire ne peut en<span class=\"Apple-converted-space\">\u00a0 <\/span>aucun cas, justifier le report ou encore l\u2019abrogation du d\u00e9cret que lui-m\u00eame avait pris. Non seulement le d\u00e9cret a \u00e9t\u00e9 abrog\u00e9, mais lui, il s\u2019est donn\u00e9 la chance de proroger son mandat jusqu\u2019\u00e0 la fin d\u2019ann\u00e9e. Alors cela traduit l\u2019intention qu\u2019il y avait d\u00e8s le d\u00e9part et qu\u2019il cachait\u201d, a t-il martel\u00e9. <\/span><\/p>\n<p class=\"p1\"><span class=\"s1\">Camara Mamadouba <\/span><\/p>\n<p class=\"p1\"><span class=\"s1\">611 46 04 10 <\/span><\/p>\n","protected":false},"excerpt":{"rendered":"<p>Le pr\u00e9sident du parti UDRP et membre de l\u2019ANAD, Dr Edouard Zoutomou\u00a0 Kpoghomou\u00a0s\u2019est prononc\u00e9 ce<\/p>\n","protected":false},"author":2,"featured_media":5140,"comment_status":"closed","ping_status":"open","sticky":false,"template":"","format":"standard","meta":[],"categories":[3,4],"tags":[229],"yoast_head":"<!-- This site is optimized with the Yoast SEO plugin v19.13 - https:\/\/yoast.com\/wordpress\/plugins\/seo\/ -->\n<title>Dr Edouard Zoutomou KPOGOMOU: \u201cJe suis profond\u00e9ment d\u00e9\u00e7u du comportement du pr\u00e9sident Macky Sall\u201d - UNIVERSNEWS224<\/title>\n<meta name=\"robots\" content=\"index, follow, max-snippet:-1, max-image-preview:large, max-video-preview:-1\" \/>\n<link rel=\"canonical\" href=\"https:\/\/universnews224.com\/index.php\/dr-edouard-zoutomou-kpogomou-je-suis-profondement-decu-du-comportement-du-president-macky-sall\/\" \/>\n<meta property=\"og:locale\" content=\"fr_FR\" \/>\n<meta property=\"og:type\" content=\"article\" \/>\n<meta property=\"og:title\" content=\"Dr Edouard Zoutomou KPOGOMOU: \u201cJe suis profond\u00e9ment d\u00e9\u00e7u du comportement du pr\u00e9sident Macky Sall\u201d - UNIVERSNEWS224\" \/>\n<meta property=\"og:description\" content=\"Le pr\u00e9sident du parti UDRP et membre de l\u2019ANAD, Dr Edouard Zoutomou\u00a0 Kpoghomou\u00a0s\u2019est prononc\u00e9 ce\" \/>\n<meta property=\"og:url\" content=\"https:\/\/universnews224.com\/index.php\/dr-edouard-zoutomou-kpogomou-je-suis-profondement-decu-du-comportement-du-president-macky-sall\/\" \/>\n<meta property=\"og:site_name\" content=\"UNIVERSNEWS224\" \/>\n<meta property=\"article:published_time\" content=\"2024-02-09T20:30:16+00:00\" \/>\n<meta property=\"og:image\" content=\"https:\/\/universnews224.com\/wp-content\/uploads\/2024\/02\/9581A781-ECFF-49A7-BC65-4DA1D4CB774F.png\" \/>\n\t<meta property=\"og:image:width\" content=\"414\" \/>\n\t<meta property=\"og:image:height\" content=\"322\" \/>\n\t<meta property=\"og:image:type\" content=\"image\/png\" \/>\n<meta name=\"author\" content=\"La R\u00e9daction\" \/>\n<meta name=\"twitter:label1\" content=\"\u00c9crit par\" \/>\n\t<meta name=\"twitter:data1\" content=\"La R\u00e9daction\" \/>\n\t<meta name=\"twitter:label2\" content=\"Dur\u00e9e de lecture estim\u00e9e\" \/>\n\t<meta name=\"twitter:data2\" content=\"2 minutes\" \/>\n<script type=\"application\/ld+json\" class=\"yoast-schema-graph\">{\"@context\":\"https:\/\/schema.org\",\"@graph\":[{\"@type\":\"Article\",\"@id\":\"https:\/\/universnews224.com\/index.php\/dr-edouard-zoutomou-kpogomou-je-suis-profondement-decu-du-comportement-du-president-macky-sall\/#article\",\"isPartOf\":{\"@id\":\"https:\/\/universnews224.com\/index.php\/dr-edouard-zoutomou-kpogomou-je-suis-profondement-decu-du-comportement-du-president-macky-sall\/\"},\"author\":{\"name\":\"La R\u00e9daction\",\"@id\":\"https:\/\/universnews224.com\/#\/schema\/person\/a4b7d4f94a4716df60456a491260485e\"},\"headline\":\"Dr Edouard Zoutomou KPOGOMOU: \u201cJe suis profond\u00e9ment d\u00e9\u00e7u du comportement du pr\u00e9sident Macky Sall\u201d\",\"datePublished\":\"2024-02-09T20:30:16+00:00\",\"dateModified\":\"2024-02-09T20:30:16+00:00\",\"mainEntityOfPage\":{\"@id\":\"https:\/\/universnews224.com\/index.php\/dr-edouard-zoutomou-kpogomou-je-suis-profondement-decu-du-comportement-du-president-macky-sall\/\"},\"wordCount\":451,\"publisher\":{\"@id\":\"https:\/\/universnews224.com\/#organization\"},\"keywords\":[\"La une\"],\"articleSection\":[\"ACTU\",\"POLITIQUE\"],\"inLanguage\":\"fr-FR\"},{\"@type\":\"WebPage\",\"@id\":\"https:\/\/universnews224.com\/index.php\/dr-edouard-zoutomou-kpogomou-je-suis-profondement-decu-du-comportement-du-president-macky-sall\/\",\"url\":\"https:\/\/universnews224.com\/index.php\/dr-edouard-zoutomou-kpogomou-je-suis-profondement-decu-du-comportement-du-president-macky-sall\/\",\"name\":\"Dr Edouard Zoutomou KPOGOMOU: \u201cJe suis profond\u00e9ment d\u00e9\u00e7u du comportement du pr\u00e9sident Macky Sall\u201d - UNIVERSNEWS224\",\"isPartOf\":{\"@id\":\"https:\/\/universnews224.com\/#website\"},\"datePublished\":\"2024-02-09T20:30:16+00:00\",\"dateModified\":\"2024-02-09T20:30:16+00:00\",\"inLanguage\":\"fr-FR\",\"potentialAction\":[{\"@type\":\"ReadAction\",\"target\":[\"https:\/\/universnews224.com\/index.php\/dr-edouard-zoutomou-kpogomou-je-suis-profondement-decu-du-comportement-du-president-macky-sall\/\"]}]},{\"@type\":\"WebSite\",\"@id\":\"https:\/\/universnews224.com\/#website\",\"url\":\"https:\/\/universnews224.com\/\",\"name\":\"UNIVERSNEWS224\",\"description\":\"\",\"publisher\":{\"@id\":\"https:\/\/universnews224.com\/#organization\"},\"potentialAction\":[{\"@type\":\"SearchAction\",\"target\":{\"@type\":\"EntryPoint\",\"urlTemplate\":\"https:\/\/universnews224.com\/?s={search_term_string}\"},\"query-input\":\"required name=search_term_string\"}],\"inLanguage\":\"fr-FR\"},{\"@type\":\"Organization\",\"@id\":\"https:\/\/universnews224.com\/#organization\",\"name\":\"UNIVERSNEWS224\",\"url\":\"https:\/\/universnews224.com\/\",\"logo\":{\"@type\":\"ImageObject\",\"inLanguage\":\"fr-FR\",\"@id\":\"https:\/\/universnews224.com\/#\/schema\/logo\/image\/\",\"url\":\"https:\/\/universnews224.com\/wp-content\/uploads\/2022\/08\/cropped-cropped-logoban.jpg\",\"contentUrl\":\"https:\/\/universnews224.com\/wp-content\/uploads\/2022\/08\/cropped-cropped-logoban.jpg\",\"width\":1080,\"height\":138,\"caption\":\"UNIVERSNEWS224\"},\"image\":{\"@id\":\"https:\/\/universnews224.com\/#\/schema\/logo\/image\/\"}},{\"@type\":\"Person\",\"@id\":\"https:\/\/universnews224.com\/#\/schema\/person\/a4b7d4f94a4716df60456a491260485e\",\"name\":\"La R\u00e9daction\",\"image\":{\"@type\":\"ImageObject\",\"inLanguage\":\"fr-FR\",\"@id\":\"https:\/\/universnews224.com\/#\/schema\/person\/image\/\",\"url\":\"https:\/\/secure.gravatar.com\/avatar\/edb90acc7752b23e1b3307ad36c14f0d?s=96&d=mm&r=g\",\"contentUrl\":\"https:\/\/secure.gravatar.com\/avatar\/edb90acc7752b23e1b3307ad36c14f0d?s=96&d=mm&r=g\",\"caption\":\"La R\u00e9daction\"},\"sameAs\":[\"https:\/\/universnews224.com\"],\"url\":\"https:\/\/universnews224.com\/index.php\/author\/m-camara\/\"}]}<\/script>\n<!-- \/ Yoast SEO plugin. -->","yoast_head_json":{"title":"Dr Edouard Zoutomou KPOGOMOU: \u201cJe suis profond\u00e9ment d\u00e9\u00e7u du comportement du pr\u00e9sident Macky Sall\u201d - UNIVERSNEWS224","robots":{"index":"index","follow":"follow","max-snippet":"max-snippet:-1","max-image-preview":"max-image-preview:large","max-video-preview":"max-video-preview:-1"},"canonical":"https:\/\/universnews224.com\/index.php\/dr-edouard-zoutomou-kpogomou-je-suis-profondement-decu-du-comportement-du-president-macky-sall\/","og_locale":"fr_FR","og_type":"article","og_title":"Dr Edouard Zoutomou KPOGOMOU: \u201cJe suis profond\u00e9ment d\u00e9\u00e7u du comportement du pr\u00e9sident Macky Sall\u201d - UNIVERSNEWS224","og_description":"Le pr\u00e9sident du parti UDRP et membre de l\u2019ANAD, Dr Edouard Zoutomou\u00a0 Kpoghomou\u00a0s\u2019est prononc\u00e9 ce","og_url":"https:\/\/universnews224.com\/index.php\/dr-edouard-zoutomou-kpogomou-je-suis-profondement-decu-du-comportement-du-president-macky-sall\/","og_site_name":"UNIVERSNEWS224","article_published_time":"2024-02-09T20:30:16+00:00","og_image":[{"width":414,"height":322,"url":"https:\/\/universnews224.com\/wp-content\/uploads\/2024\/02\/9581A781-ECFF-49A7-BC65-4DA1D4CB774F.png","type":"image\/png"}],"author":"La R\u00e9daction","twitter_misc":{"\u00c9crit par":"La R\u00e9daction","Dur\u00e9e de lecture estim\u00e9e":"2 minutes"},"schema":{"@context":"https:\/\/schema.org","@graph":[{"@type":"Article","@id":"https:\/\/universnews224.com\/index.php\/dr-edouard-zoutomou-kpogomou-je-suis-profondement-decu-du-comportement-du-president-macky-sall\/#article","isPartOf":{"@id":"https:\/\/universnews224.com\/index.php\/dr-edouard-zoutomou-kpogomou-je-suis-profondement-decu-du-comportement-du-president-macky-sall\/"},"author":{"name":"La R\u00e9daction","@id":"https:\/\/universnews224.com\/#\/schema\/person\/a4b7d4f94a4716df60456a491260485e"},"headline":"Dr Edouard Zoutomou KPOGOMOU: \u201cJe suis profond\u00e9ment d\u00e9\u00e7u du comportement du pr\u00e9sident Macky Sall\u201d","datePublished":"2024-02-09T20:30:16+00:00","dateModified":"2024-02-09T20:30:16+00:00","mainEntityOfPage":{"@id":"https:\/\/universnews224.com\/index.php\/dr-edouard-zoutomou-kpogomou-je-suis-profondement-decu-du-comportement-du-president-macky-sall\/"},"wordCount":451,"publisher":{"@id":"https:\/\/universnews224.com\/#organization"},"keywords":["La une"],"articleSection":["ACTU","POLITIQUE"],"inLanguage":"fr-FR"},{"@type":"WebPage","@id":"https:\/\/universnews224.com\/index.php\/dr-edouard-zoutomou-kpogomou-je-suis-profondement-decu-du-comportement-du-president-macky-sall\/","url":"https:\/\/universnews224.com\/index.php\/dr-edouard-zoutomou-kpogomou-je-suis-profondement-decu-du-comportement-du-president-macky-sall\/","name":"Dr Edouard Zoutomou KPOGOMOU: \u201cJe suis profond\u00e9ment d\u00e9\u00e7u du comportement du pr\u00e9sident Macky Sall\u201d - UNIVERSNEWS224","isPartOf":{"@id":"https:\/\/universnews224.com\/#website"},"datePublished":"2024-02-09T20:30:16+00:00","dateModified":"2024-02-09T20:30:16+00:00","inLanguage":"fr-FR","potentialAction":[{"@type":"ReadAction","target":["https:\/\/universnews224.com\/index.php\/dr-edouard-zoutomou-kpogomou-je-suis-profondement-decu-du-comportement-du-president-macky-sall\/"]}]},{"@type":"WebSite","@id":"https:\/\/universnews224.com\/#website","url":"https:\/\/universnews224.com\/","name":"UNIVERSNEWS224","description":"","publisher":{"@id":"https:\/\/universnews224.com\/#organization"},"potentialAction":[{"@type":"SearchAction","target":{"@type":"EntryPoint","urlTemplate":"https:\/\/universnews224.com\/?s={search_term_string}"},"query-input":"required name=search_term_string"}],"inLanguage":"fr-FR"},{"@type":"Organization","@id":"https:\/\/universnews224.com\/#organization","name":"UNIVERSNEWS224","url":"https:\/\/universnews224.com\/","logo":{"@type":"ImageObject","inLanguage":"fr-FR","@id":"https:\/\/universnews224.com\/#\/schema\/logo\/image\/","url":"https:\/\/universnews224.com\/wp-content\/uploads\/2022\/08\/cropped-cropped-logoban.jpg","contentUrl":"https:\/\/universnews224.com\/wp-content\/uploads\/2022\/08\/cropped-cropped-logoban.jpg","width":1080,"height":138,"caption":"UNIVERSNEWS224"},"image":{"@id":"https:\/\/universnews224.com\/#\/schema\/logo\/image\/"}},{"@type":"Person","@id":"https:\/\/universnews224.com\/#\/schema\/person\/a4b7d4f94a4716df60456a491260485e","name":"La R\u00e9daction","image":{"@type":"ImageObject","inLanguage":"fr-FR","@id":"https:\/\/universnews224.com\/#\/schema\/person\/image\/","url":"https:\/\/secure.gravatar.com\/avatar\/edb90acc7752b23e1b3307ad36c14f0d?s=96&d=mm&r=g","contentUrl":"https:\/\/secure.gravatar.com\/avatar\/edb90acc7752b23e1b3307ad36c14f0d?s=96&d=mm&r=g","caption":"La R\u00e9daction"},"sameAs":["https:\/\/universnews224.com"],"url":"https:\/\/universnews224.com\/index.php\/author\/m-camara\/"}]}},"_links":{"self":[{"href":"https:\/\/universnews224.com\/index.php\/wp-json\/wp\/v2\/posts\/5139"}],"collection":[{"href":"https:\/\/universnews224.com\/index.php\/wp-json\/wp\/v2\/posts"}],"about":[{"href":"https:\/\/universnews224.com\/index.php\/wp-json\/wp\/v2\/types\/post"}],"author":[{"embeddable":true,"href":"https:\/\/universnews224.com\/index.php\/wp-json\/wp\/v2\/users\/2"}],"replies":[{"embeddable":true,"href":"https:\/\/universnews224.com\/index.php\/wp-json\/wp\/v2\/comments?post=5139"}],"version-history":[{"count":1,"href":"https:\/\/universnews224.com\/index.php\/wp-json\/wp\/v2\/posts\/5139\/revisions"}],"predecessor-version":[{"id":5141,"href":"https:\/\/universnews224.com\/index.php\/wp-json\/wp\/v2\/posts\/5139\/revisions\/5141"}],"wp:featuredmedia":[{"embeddable":true,"href":"https:\/\/universnews224.com\/index.php\/wp-json\/wp\/v2\/media\/5140"}],"wp:attachment":[{"href":"https:\/\/universnews224.com\/index.php\/wp-json\/wp\/v2\/media?parent=5139"}],"wp:term":[{"taxonomy":"category","embeddable":true,"href":"https:\/\/universnews224.com\/index.php\/wp-json\/wp\/v2\/categories?post=5139"},{"taxonomy":"post_tag","embeddable":true,"href":"https:\/\/universnews224.com\/index.php\/wp-json\/wp\/v2\/tags?post=5139"}],"curies":[{"name":"wp","href":"https:\/\/api.w.org\/{rel}","templated":true}]}}