{"id":5142,"date":"2024-02-10T22:46:59","date_gmt":"2024-02-10T21:46:59","guid":{"rendered":"https:\/\/universnews224.com\/?p=5142"},"modified":"2024-02-10T22:46:59","modified_gmt":"2024-02-10T21:46:59","slug":"tidiane-conte-urf-sur-lexclusion-des-partis-politiques-sur-la-liste-des-delegations-speciales-nous-ne-sommes-pas-daccord","status":"publish","type":"post","link":"https:\/\/universnews224.com\/index.php\/tidiane-conte-urf-sur-lexclusion-des-partis-politiques-sur-la-liste-des-delegations-speciales-nous-ne-sommes-pas-daccord\/","title":{"rendered":"Tidiane Cont\u00e9 [URF] sur l\u2019exclusion des partis politiques sur la liste des d\u00e9l\u00e9gations sp\u00e9ciales: \u201cNous ne sommes pas d\u2019accord\u201d"},"content":{"rendered":"<p class=\"p1\">L\u2019Union des Forces R\u00e9publicaine a tenu ce samedi,10 f\u00e9vrier 2024, \u00e0 Matam Mido, son assembl\u00e9e g\u00e9n\u00e9rale hebdomadaire.<\/p>\n<p class=\"p1\"><span class=\"s1\">Une occasion que les responsables de ce parti dirig\u00e9 par l\u2019ancien premier ministre Sydia Tour\u00e9 ont mis \u00e0 profit pour donner leur politique par rapport \u00e0 l\u2019exclusion des partis politiques sur la liste des futures d\u00e9l\u00e9gations sp\u00e9ciales. <\/span><\/p>\n<p class=\"p1\"><span class=\"s1\">S\u2019adressant aux militants et sympathisants de l\u2019UFR fortement mobilis\u00e9s, Tidiane Cont\u00e9, membre du bureau politique du parti, d\u00e9nonce avec v\u00e9h\u00e9mence la mise \u00e0 l\u2019\u00e9cart des partis politiques dans la composition des d\u00e9l\u00e9gations sp\u00e9ciales. Il a ensuite d\u00e9clar\u00e9 que les formations politiques s\u2019opposent \u00e0 l\u2019installation de ces d\u00e9l\u00e9gations sp\u00e9ciales. <\/span><\/p>\n<p class=\"p1\"><span class=\"s1\">\u201cOn nous parle aujourd\u2019hui de installation des d\u00e9l\u00e9gations sp\u00e9ciales. Ce que vous allez savoir, c\u2019est que cette appellation de d\u00e9l\u00e9gation sp\u00e9ciale est une situation exceptionnelle encadr\u00e9e par la loi. Le CNRD ne peut pas utiliser \u00e7a pour nous imposer des gens, en mettant de son c\u00f4t\u00e9 les partis politiques et faire en sorte que les gens qui doivent \u00eatre choisis, certainement vont faire la promotion d\u2019une constitution qu\u2019ils sont entrain de r\u00e9diger dont on ne conna\u00eet m\u00eame pas le contenu. Donc, cette affaire de d\u00e9l\u00e9gations sp\u00e9ciales, on doit beaucoup se poser des questions. Pourquoi, ils veulent nous imposer \u00e7a, pourquoi on met de son c\u00f4t\u00e9 les partis et quel est d\u2019ailleurs le crit\u00e8re de choix objectif de base de ces d\u00e9l\u00e9gations sp\u00e9ciales? Les forces vives de Guin\u00e9e et l\u2019ensemble des partis politiques, nous ne sommes pas d\u2019accord avec cette histoire de sp\u00e9ciales. Quand vous prenez les communes dans notre pays, 90 \u00e0 95% sont repr\u00e9sent\u00e9s par l\u2019UFR, le RPG et l\u2019UFDG et autres. Donc, vouloir nous mettre de son c\u00f4t\u00e9, c\u2019est mettre de son c\u00f4t\u00e9, les partis qui comptent, c\u2019est aller \u00e0 l\u2019encontre de la repr\u00e9sentation du peuple\u2026\u201d, a t-il d\u00e9plor\u00e9. <\/span><\/p>\n<p class=\"p1\"><span class=\"s1\">Poursuivant, Tidiane Tour\u00e9 a laiss\u00e9 entendre que l\u2019installation des d\u00e9l\u00e9gations sp\u00e9ciales est une autre man\u0153uvre des autorit\u00e9s de la transition de se maintenir au pouvoir aussi longtemps que possible. <\/span><\/p>\n<p class=\"p1\"><span class=\"s1\">\u201cNous sommes \u00e0 dix (10) de la fin de la transition selon l\u2019accord conclu avec la C\u00c9D\u00c9AO et les autorit\u00e9s de transition. Comment se fait-il que c\u2019est maintenant, on va mettre ces d\u00e9l\u00e9gations sp\u00e9ciales en place, pour quelle raison? On se pose des questions dans la mesure o\u00f9 ce sont ces gens-l\u00e0 qui font diriger toutes les op\u00e9rations \u00e9lections. La gestion des communes, c\u2019est un probl\u00e8me politique. Si vous mettez les politiciens de l\u2019autre c\u00f4t\u00e9, on est en droit de se demander ce que le CNRD veut. Mais, on a compris leur jeux, le CNRD ne veut pas partir, mais soyez rassur\u00e9 d\u2019une chose, la pens\u00e9e unique ne passera pas dans notre pays. Ce qui a \u00e9t\u00e9 fait il y a 50 ans dans notre pays ne peut pas se faire aujourd\u2019hui\u201d, a t-il ass\u00e9n\u00e9.<\/span><\/p>\n<p>Mohamed Camara<\/p>\n","protected":false},"excerpt":{"rendered":"<p>L\u2019Union des Forces R\u00e9publicaine a tenu ce samedi,10 f\u00e9vrier 2024, \u00e0 Matam Mido, son assembl\u00e9e<\/p>\n","protected":false},"author":2,"featured_media":5143,"comment_status":"closed","ping_status":"open","sticky":false,"template":"","format":"standard","meta":[],"categories":[3,4],"tags":[229],"yoast_head":"<!-- This site is optimized with the Yoast SEO plugin v19.13 - https:\/\/yoast.com\/wordpress\/plugins\/seo\/ -->\n<title>Tidiane Cont\u00e9 [URF] sur l\u2019exclusion des partis politiques sur la liste des d\u00e9l\u00e9gations sp\u00e9ciales: \u201cNous ne sommes pas d\u2019accord\u201d - UNIVERSNEWS224<\/title>\n<meta name=\"robots\" content=\"index, follow, max-snippet:-1, max-image-preview:large, max-video-preview:-1\" \/>\n<link rel=\"canonical\" href=\"https:\/\/universnews224.com\/index.php\/tidiane-conte-urf-sur-lexclusion-des-partis-politiques-sur-la-liste-des-delegations-speciales-nous-ne-sommes-pas-daccord\/\" \/>\n<meta property=\"og:locale\" content=\"fr_FR\" \/>\n<meta property=\"og:type\" content=\"article\" \/>\n<meta property=\"og:title\" content=\"Tidiane Cont\u00e9 [URF] sur l\u2019exclusion des partis politiques sur la liste des d\u00e9l\u00e9gations sp\u00e9ciales: \u201cNous ne sommes pas d\u2019accord\u201d - UNIVERSNEWS224\" \/>\n<meta property=\"og:description\" content=\"L\u2019Union des Forces R\u00e9publicaine a tenu ce samedi,10 f\u00e9vrier 2024, \u00e0 Matam Mido, son assembl\u00e9e\" \/>\n<meta property=\"og:url\" content=\"https:\/\/universnews224.com\/index.php\/tidiane-conte-urf-sur-lexclusion-des-partis-politiques-sur-la-liste-des-delegations-speciales-nous-ne-sommes-pas-daccord\/\" \/>\n<meta property=\"og:site_name\" content=\"UNIVERSNEWS224\" \/>\n<meta property=\"article:published_time\" content=\"2024-02-10T21:46:59+00:00\" \/>\n<meta property=\"og:image\" content=\"https:\/\/universnews224.com\/wp-content\/uploads\/2024\/02\/ABDA6A60-B14B-42E7-93AE-039BDC86B7F6.jpeg\" \/>\n\t<meta property=\"og:image:width\" content=\"1080\" \/>\n\t<meta property=\"og:image:height\" content=\"486\" \/>\n\t<meta property=\"og:image:type\" content=\"image\/jpeg\" \/>\n<meta name=\"author\" content=\"La R\u00e9daction\" \/>\n<meta name=\"twitter:label1\" content=\"\u00c9crit par\" \/>\n\t<meta name=\"twitter:data1\" content=\"La R\u00e9daction\" \/>\n\t<meta name=\"twitter:label2\" content=\"Dur\u00e9e de lecture estim\u00e9e\" \/>\n\t<meta name=\"twitter:data2\" content=\"3 minutes\" \/>\n<script type=\"application\/ld+json\" class=\"yoast-schema-graph\">{\"@context\":\"https:\/\/schema.org\",\"@graph\":[{\"@type\":\"Article\",\"@id\":\"https:\/\/universnews224.com\/index.php\/tidiane-conte-urf-sur-lexclusion-des-partis-politiques-sur-la-liste-des-delegations-speciales-nous-ne-sommes-pas-daccord\/#article\",\"isPartOf\":{\"@id\":\"https:\/\/universnews224.com\/index.php\/tidiane-conte-urf-sur-lexclusion-des-partis-politiques-sur-la-liste-des-delegations-speciales-nous-ne-sommes-pas-daccord\/\"},\"author\":{\"name\":\"La R\u00e9daction\",\"@id\":\"https:\/\/universnews224.com\/#\/schema\/person\/a4b7d4f94a4716df60456a491260485e\"},\"headline\":\"Tidiane Cont\u00e9 [URF] sur l\u2019exclusion des partis politiques sur la liste des d\u00e9l\u00e9gations sp\u00e9ciales: \u201cNous ne sommes pas d\u2019accord\u201d\",\"datePublished\":\"2024-02-10T21:46:59+00:00\",\"dateModified\":\"2024-02-10T21:46:59+00:00\",\"mainEntityOfPage\":{\"@id\":\"https:\/\/universnews224.com\/index.php\/tidiane-conte-urf-sur-lexclusion-des-partis-politiques-sur-la-liste-des-delegations-speciales-nous-ne-sommes-pas-daccord\/\"},\"wordCount\":559,\"publisher\":{\"@id\":\"https:\/\/universnews224.com\/#organization\"},\"keywords\":[\"La une\"],\"articleSection\":[\"ACTU\",\"POLITIQUE\"],\"inLanguage\":\"fr-FR\"},{\"@type\":\"WebPage\",\"@id\":\"https:\/\/universnews224.com\/index.php\/tidiane-conte-urf-sur-lexclusion-des-partis-politiques-sur-la-liste-des-delegations-speciales-nous-ne-sommes-pas-daccord\/\",\"url\":\"https:\/\/universnews224.com\/index.php\/tidiane-conte-urf-sur-lexclusion-des-partis-politiques-sur-la-liste-des-delegations-speciales-nous-ne-sommes-pas-daccord\/\",\"name\":\"Tidiane Cont\u00e9 [URF] sur l\u2019exclusion des partis politiques sur la liste des d\u00e9l\u00e9gations sp\u00e9ciales: \u201cNous ne sommes pas d\u2019accord\u201d - UNIVERSNEWS224\",\"isPartOf\":{\"@id\":\"https:\/\/universnews224.com\/#website\"},\"datePublished\":\"2024-02-10T21:46:59+00:00\",\"dateModified\":\"2024-02-10T21:46:59+00:00\",\"inLanguage\":\"fr-FR\",\"potentialAction\":[{\"@type\":\"ReadAction\",\"target\":[\"https:\/\/universnews224.com\/index.php\/tidiane-conte-urf-sur-lexclusion-des-partis-politiques-sur-la-liste-des-delegations-speciales-nous-ne-sommes-pas-daccord\/\"]}]},{\"@type\":\"WebSite\",\"@id\":\"https:\/\/universnews224.com\/#website\",\"url\":\"https:\/\/universnews224.com\/\",\"name\":\"UNIVERSNEWS224\",\"description\":\"\",\"publisher\":{\"@id\":\"https:\/\/universnews224.com\/#organization\"},\"potentialAction\":[{\"@type\":\"SearchAction\",\"target\":{\"@type\":\"EntryPoint\",\"urlTemplate\":\"https:\/\/universnews224.com\/?s={search_term_string}\"},\"query-input\":\"required name=search_term_string\"}],\"inLanguage\":\"fr-FR\"},{\"@type\":\"Organization\",\"@id\":\"https:\/\/universnews224.com\/#organization\",\"name\":\"UNIVERSNEWS224\",\"url\":\"https:\/\/universnews224.com\/\",\"logo\":{\"@type\":\"ImageObject\",\"inLanguage\":\"fr-FR\",\"@id\":\"https:\/\/universnews224.com\/#\/schema\/logo\/image\/\",\"url\":\"https:\/\/universnews224.com\/wp-content\/uploads\/2022\/08\/cropped-cropped-logoban.jpg\",\"contentUrl\":\"https:\/\/universnews224.com\/wp-content\/uploads\/2022\/08\/cropped-cropped-logoban.jpg\",\"width\":1080,\"height\":138,\"caption\":\"UNIVERSNEWS224\"},\"image\":{\"@id\":\"https:\/\/universnews224.com\/#\/schema\/logo\/image\/\"}},{\"@type\":\"Person\",\"@id\":\"https:\/\/universnews224.com\/#\/schema\/person\/a4b7d4f94a4716df60456a491260485e\",\"name\":\"La R\u00e9daction\",\"image\":{\"@type\":\"ImageObject\",\"inLanguage\":\"fr-FR\",\"@id\":\"https:\/\/universnews224.com\/#\/schema\/person\/image\/\",\"url\":\"https:\/\/secure.gravatar.com\/avatar\/edb90acc7752b23e1b3307ad36c14f0d?s=96&d=mm&r=g\",\"contentUrl\":\"https:\/\/secure.gravatar.com\/avatar\/edb90acc7752b23e1b3307ad36c14f0d?s=96&d=mm&r=g\",\"caption\":\"La R\u00e9daction\"},\"sameAs\":[\"https:\/\/universnews224.com\"],\"url\":\"https:\/\/universnews224.com\/index.php\/author\/m-camara\/\"}]}<\/script>\n<!-- \/ Yoast SEO plugin. -->","yoast_head_json":{"title":"Tidiane Cont\u00e9 [URF] sur l\u2019exclusion des partis politiques sur la liste des d\u00e9l\u00e9gations sp\u00e9ciales: \u201cNous ne sommes pas d\u2019accord\u201d - UNIVERSNEWS224","robots":{"index":"index","follow":"follow","max-snippet":"max-snippet:-1","max-image-preview":"max-image-preview:large","max-video-preview":"max-video-preview:-1"},"canonical":"https:\/\/universnews224.com\/index.php\/tidiane-conte-urf-sur-lexclusion-des-partis-politiques-sur-la-liste-des-delegations-speciales-nous-ne-sommes-pas-daccord\/","og_locale":"fr_FR","og_type":"article","og_title":"Tidiane Cont\u00e9 [URF] sur l\u2019exclusion des partis politiques sur la liste des d\u00e9l\u00e9gations sp\u00e9ciales: \u201cNous ne sommes pas d\u2019accord\u201d - UNIVERSNEWS224","og_description":"L\u2019Union des Forces R\u00e9publicaine a tenu ce samedi,10 f\u00e9vrier 2024, \u00e0 Matam Mido, son assembl\u00e9e","og_url":"https:\/\/universnews224.com\/index.php\/tidiane-conte-urf-sur-lexclusion-des-partis-politiques-sur-la-liste-des-delegations-speciales-nous-ne-sommes-pas-daccord\/","og_site_name":"UNIVERSNEWS224","article_published_time":"2024-02-10T21:46:59+00:00","og_image":[{"width":1080,"height":486,"url":"https:\/\/universnews224.com\/wp-content\/uploads\/2024\/02\/ABDA6A60-B14B-42E7-93AE-039BDC86B7F6.jpeg","type":"image\/jpeg"}],"author":"La R\u00e9daction","twitter_misc":{"\u00c9crit par":"La R\u00e9daction","Dur\u00e9e de lecture estim\u00e9e":"3 minutes"},"schema":{"@context":"https:\/\/schema.org","@graph":[{"@type":"Article","@id":"https:\/\/universnews224.com\/index.php\/tidiane-conte-urf-sur-lexclusion-des-partis-politiques-sur-la-liste-des-delegations-speciales-nous-ne-sommes-pas-daccord\/#article","isPartOf":{"@id":"https:\/\/universnews224.com\/index.php\/tidiane-conte-urf-sur-lexclusion-des-partis-politiques-sur-la-liste-des-delegations-speciales-nous-ne-sommes-pas-daccord\/"},"author":{"name":"La R\u00e9daction","@id":"https:\/\/universnews224.com\/#\/schema\/person\/a4b7d4f94a4716df60456a491260485e"},"headline":"Tidiane Cont\u00e9 [URF] sur l\u2019exclusion des partis politiques sur la liste des d\u00e9l\u00e9gations sp\u00e9ciales: \u201cNous ne sommes pas d\u2019accord\u201d","datePublished":"2024-02-10T21:46:59+00:00","dateModified":"2024-02-10T21:46:59+00:00","mainEntityOfPage":{"@id":"https:\/\/universnews224.com\/index.php\/tidiane-conte-urf-sur-lexclusion-des-partis-politiques-sur-la-liste-des-delegations-speciales-nous-ne-sommes-pas-daccord\/"},"wordCount":559,"publisher":{"@id":"https:\/\/universnews224.com\/#organization"},"keywords":["La une"],"articleSection":["ACTU","POLITIQUE"],"inLanguage":"fr-FR"},{"@type":"WebPage","@id":"https:\/\/universnews224.com\/index.php\/tidiane-conte-urf-sur-lexclusion-des-partis-politiques-sur-la-liste-des-delegations-speciales-nous-ne-sommes-pas-daccord\/","url":"https:\/\/universnews224.com\/index.php\/tidiane-conte-urf-sur-lexclusion-des-partis-politiques-sur-la-liste-des-delegations-speciales-nous-ne-sommes-pas-daccord\/","name":"Tidiane Cont\u00e9 [URF] sur l\u2019exclusion des partis politiques sur la liste des d\u00e9l\u00e9gations sp\u00e9ciales: \u201cNous ne sommes pas d\u2019accord\u201d - UNIVERSNEWS224","isPartOf":{"@id":"https:\/\/universnews224.com\/#website"},"datePublished":"2024-02-10T21:46:59+00:00","dateModified":"2024-02-10T21:46:59+00:00","inLanguage":"fr-FR","potentialAction":[{"@type":"ReadAction","target":["https:\/\/universnews224.com\/index.php\/tidiane-conte-urf-sur-lexclusion-des-partis-politiques-sur-la-liste-des-delegations-speciales-nous-ne-sommes-pas-daccord\/"]}]},{"@type":"WebSite","@id":"https:\/\/universnews224.com\/#website","url":"https:\/\/universnews224.com\/","name":"UNIVERSNEWS224","description":"","publisher":{"@id":"https:\/\/universnews224.com\/#organization"},"potentialAction":[{"@type":"SearchAction","target":{"@type":"EntryPoint","urlTemplate":"https:\/\/universnews224.com\/?s={search_term_string}"},"query-input":"required name=search_term_string"}],"inLanguage":"fr-FR"},{"@type":"Organization","@id":"https:\/\/universnews224.com\/#organization","name":"UNIVERSNEWS224","url":"https:\/\/universnews224.com\/","logo":{"@type":"ImageObject","inLanguage":"fr-FR","@id":"https:\/\/universnews224.com\/#\/schema\/logo\/image\/","url":"https:\/\/universnews224.com\/wp-content\/uploads\/2022\/08\/cropped-cropped-logoban.jpg","contentUrl":"https:\/\/universnews224.com\/wp-content\/uploads\/2022\/08\/cropped-cropped-logoban.jpg","width":1080,"height":138,"caption":"UNIVERSNEWS224"},"image":{"@id":"https:\/\/universnews224.com\/#\/schema\/logo\/image\/"}},{"@type":"Person","@id":"https:\/\/universnews224.com\/#\/schema\/person\/a4b7d4f94a4716df60456a491260485e","name":"La R\u00e9daction","image":{"@type":"ImageObject","inLanguage":"fr-FR","@id":"https:\/\/universnews224.com\/#\/schema\/person\/image\/","url":"https:\/\/secure.gravatar.com\/avatar\/edb90acc7752b23e1b3307ad36c14f0d?s=96&d=mm&r=g","contentUrl":"https:\/\/secure.gravatar.com\/avatar\/edb90acc7752b23e1b3307ad36c14f0d?s=96&d=mm&r=g","caption":"La R\u00e9daction"},"sameAs":["https:\/\/universnews224.com"],"url":"https:\/\/universnews224.com\/index.php\/author\/m-camara\/"}]}},"_links":{"self":[{"href":"https:\/\/universnews224.com\/index.php\/wp-json\/wp\/v2\/posts\/5142"}],"collection":[{"href":"https:\/\/universnews224.com\/index.php\/wp-json\/wp\/v2\/posts"}],"about":[{"href":"https:\/\/universnews224.com\/index.php\/wp-json\/wp\/v2\/types\/post"}],"author":[{"embeddable":true,"href":"https:\/\/universnews224.com\/index.php\/wp-json\/wp\/v2\/users\/2"}],"replies":[{"embeddable":true,"href":"https:\/\/universnews224.com\/index.php\/wp-json\/wp\/v2\/comments?post=5142"}],"version-history":[{"count":1,"href":"https:\/\/universnews224.com\/index.php\/wp-json\/wp\/v2\/posts\/5142\/revisions"}],"predecessor-version":[{"id":5144,"href":"https:\/\/universnews224.com\/index.php\/wp-json\/wp\/v2\/posts\/5142\/revisions\/5144"}],"wp:featuredmedia":[{"embeddable":true,"href":"https:\/\/universnews224.com\/index.php\/wp-json\/wp\/v2\/media\/5143"}],"wp:attachment":[{"href":"https:\/\/universnews224.com\/index.php\/wp-json\/wp\/v2\/media?parent=5142"}],"wp:term":[{"taxonomy":"category","embeddable":true,"href":"https:\/\/universnews224.com\/index.php\/wp-json\/wp\/v2\/categories?post=5142"},{"taxonomy":"post_tag","embeddable":true,"href":"https:\/\/universnews224.com\/index.php\/wp-json\/wp\/v2\/tags?post=5142"}],"curies":[{"name":"wp","href":"https:\/\/api.w.org\/{rel}","templated":true}]}}