{"id":5148,"date":"2024-02-14T00:59:55","date_gmt":"2024-02-13T23:59:55","guid":{"rendered":"https:\/\/universnews224.com\/?p=5148"},"modified":"2024-02-14T00:59:55","modified_gmt":"2024-02-13T23:59:55","slug":"aboubacar-biro-soumah-president-du-ppc-la-junte-militaire-a-la-tete-general-mamadi-doumbouya-na-pas-lintention-dorganiser-les-elections","status":"publish","type":"post","link":"https:\/\/universnews224.com\/index.php\/aboubacar-biro-soumah-president-du-ppc-la-junte-militaire-a-la-tete-general-mamadi-doumbouya-na-pas-lintention-dorganiser-les-elections\/","title":{"rendered":"Aboubacar Biro Soumah, pr\u00e9sident du PPC: \u201cLa junte militaire \u00e0 la t\u00eate G\u00e9n\u00e9ral Mamadi Doumbouya n\u2019a pas l\u2019intention d\u2019organiser les \u00e9lections\u201d."},"content":{"rendered":"<p class=\"p1\">Le pr\u00e9sident du Parti pour le Progr\u00e8s et le Changement (PPC), Aboubacar Biro Soumah s\u2019est exprim\u00e9 ce mardi, 13 f\u00e9vrier 2024, sur la conduite de la transition notamment, le retard accus\u00e9 dans la mise en \u0153uvre des dix (10) \u00e9tapes du chronogramme de la transition.<\/p>\n<p class=\"p1\"><span class=\"s1\">\u00c0 en croire Aboubacar Biro Soumah, la junte militaire n\u2019a aucune volont\u00e9 d\u2019organiser les \u00e9lections au terme des 24 mois qu\u2019elle a conclu avec la CEDEAO. Selon lui, l\u2019unique pr\u00e9occupation du CNRD, c\u2019est de confisquer le pouvoir. <\/span><\/p>\n<p class=\"p1\"><span class=\"s2\">\u201cLa junte militaire \u00e0 la t\u00eate G\u00e9n\u00e9ral Mamadi Doumbouya n\u2019a pas l\u2019intention d\u2019organiser les \u00e9lections parce qu\u2019ils ont d\u2019autres agend<\/span><span class=\"s1\">as. <\/span><span class=\"s2\">Depuis le discours du G\u00e9n\u00e9ral Mamadi \u00e0 la tribune des Nations Unies, on a compris qu\u2019ils ne sont pas pr\u00eats \u00e0 c\u00e9der le pouvoir. Ce qui les int\u00e9resse, c\u2019est comment confisquer le pouvoir. Pour preuve, nous sommes au premier trimestre de 2024, aucun acte concret n\u2019est encore pos\u00e9 qui prouve que nous sommes sur la voie vers au retour \u00e0 l\u2019ordre constitutionnel. On a aucune visibilit\u00e9 sur les diff\u00e9rentes \u00e9tapes du chronogramme de la transition et le gouvernement ne fait aucune communication pour informer les uns et les autres sur le niveau d\u2019avancement du chronogramme. C\u2019est dommage pour notre pays. Il faut qu\u2019on se l\u00e8ve pour demander des comptes au G\u00e9n\u00e9ral Doumbouya afin que le retour \u00e0 l\u2019ordre constitutionnel soit effectif en Guin\u00e9e, a t-il lanc\u00e9 chez nos de la radio Nostalgie Guin\u00e9e dans l\u2019\u00e9mission \u201cface l\u2019info\u201d <\/span><\/p>\n<p class=\"p1\"><span class=\"s2\">Camara Mohamed\u00a0<\/span><\/p>\n","protected":false},"excerpt":{"rendered":"<p>Le pr\u00e9sident du Parti pour le Progr\u00e8s et le Changement (PPC), Aboubacar Biro Soumah s\u2019est<\/p>\n","protected":false},"author":2,"featured_media":5149,"comment_status":"closed","ping_status":"open","sticky":false,"template":"","format":"standard","meta":[],"categories":[3,4],"tags":[229],"yoast_head":"<!-- This site is optimized with the Yoast SEO plugin v19.13 - https:\/\/yoast.com\/wordpress\/plugins\/seo\/ -->\n<title>Aboubacar Biro Soumah, pr\u00e9sident du PPC: \u201cLa junte militaire \u00e0 la t\u00eate G\u00e9n\u00e9ral Mamadi Doumbouya n\u2019a pas l\u2019intention d\u2019organiser les \u00e9lections\u201d. - UNIVERSNEWS224<\/title>\n<meta name=\"robots\" content=\"index, follow, max-snippet:-1, max-image-preview:large, max-video-preview:-1\" \/>\n<link rel=\"canonical\" href=\"https:\/\/universnews224.com\/index.php\/aboubacar-biro-soumah-president-du-ppc-la-junte-militaire-a-la-tete-general-mamadi-doumbouya-na-pas-lintention-dorganiser-les-elections\/\" \/>\n<meta property=\"og:locale\" content=\"fr_FR\" \/>\n<meta property=\"og:type\" content=\"article\" \/>\n<meta property=\"og:title\" content=\"Aboubacar Biro Soumah, pr\u00e9sident du PPC: \u201cLa junte militaire \u00e0 la t\u00eate G\u00e9n\u00e9ral Mamadi Doumbouya n\u2019a pas l\u2019intention d\u2019organiser les \u00e9lections\u201d. - UNIVERSNEWS224\" \/>\n<meta property=\"og:description\" content=\"Le pr\u00e9sident du Parti pour le Progr\u00e8s et le Changement (PPC), Aboubacar Biro Soumah s\u2019est\" \/>\n<meta property=\"og:url\" content=\"https:\/\/universnews224.com\/index.php\/aboubacar-biro-soumah-president-du-ppc-la-junte-militaire-a-la-tete-general-mamadi-doumbouya-na-pas-lintention-dorganiser-les-elections\/\" \/>\n<meta property=\"og:site_name\" content=\"UNIVERSNEWS224\" \/>\n<meta property=\"article:published_time\" content=\"2024-02-13T23:59:55+00:00\" \/>\n<meta property=\"og:image\" content=\"https:\/\/universnews224.com\/wp-content\/uploads\/2024\/02\/C8AB3087-F7C6-45E8-9CA9-AF01E5870228.webp\" \/>\n\t<meta property=\"og:image:width\" content=\"700\" \/>\n\t<meta property=\"og:image:height\" content=\"380\" \/>\n\t<meta property=\"og:image:type\" content=\"image\/webp\" \/>\n<meta name=\"author\" content=\"La R\u00e9daction\" \/>\n<meta name=\"twitter:label1\" content=\"\u00c9crit par\" \/>\n\t<meta name=\"twitter:data1\" content=\"La R\u00e9daction\" \/>\n\t<meta name=\"twitter:label2\" content=\"Dur\u00e9e de lecture estim\u00e9e\" \/>\n\t<meta name=\"twitter:data2\" content=\"2 minutes\" \/>\n<script type=\"application\/ld+json\" class=\"yoast-schema-graph\">{\"@context\":\"https:\/\/schema.org\",\"@graph\":[{\"@type\":\"Article\",\"@id\":\"https:\/\/universnews224.com\/index.php\/aboubacar-biro-soumah-president-du-ppc-la-junte-militaire-a-la-tete-general-mamadi-doumbouya-na-pas-lintention-dorganiser-les-elections\/#article\",\"isPartOf\":{\"@id\":\"https:\/\/universnews224.com\/index.php\/aboubacar-biro-soumah-president-du-ppc-la-junte-militaire-a-la-tete-general-mamadi-doumbouya-na-pas-lintention-dorganiser-les-elections\/\"},\"author\":{\"name\":\"La R\u00e9daction\",\"@id\":\"https:\/\/universnews224.com\/#\/schema\/person\/a4b7d4f94a4716df60456a491260485e\"},\"headline\":\"Aboubacar Biro Soumah, pr\u00e9sident du PPC: \u201cLa junte militaire \u00e0 la t\u00eate G\u00e9n\u00e9ral Mamadi Doumbouya n\u2019a pas l\u2019intention d\u2019organiser les \u00e9lections\u201d.\",\"datePublished\":\"2024-02-13T23:59:55+00:00\",\"dateModified\":\"2024-02-13T23:59:55+00:00\",\"mainEntityOfPage\":{\"@id\":\"https:\/\/universnews224.com\/index.php\/aboubacar-biro-soumah-president-du-ppc-la-junte-militaire-a-la-tete-general-mamadi-doumbouya-na-pas-lintention-dorganiser-les-elections\/\"},\"wordCount\":297,\"publisher\":{\"@id\":\"https:\/\/universnews224.com\/#organization\"},\"keywords\":[\"La une\"],\"articleSection\":[\"ACTU\",\"POLITIQUE\"],\"inLanguage\":\"fr-FR\"},{\"@type\":\"WebPage\",\"@id\":\"https:\/\/universnews224.com\/index.php\/aboubacar-biro-soumah-president-du-ppc-la-junte-militaire-a-la-tete-general-mamadi-doumbouya-na-pas-lintention-dorganiser-les-elections\/\",\"url\":\"https:\/\/universnews224.com\/index.php\/aboubacar-biro-soumah-president-du-ppc-la-junte-militaire-a-la-tete-general-mamadi-doumbouya-na-pas-lintention-dorganiser-les-elections\/\",\"name\":\"Aboubacar Biro Soumah, pr\u00e9sident du PPC: \u201cLa junte militaire \u00e0 la t\u00eate G\u00e9n\u00e9ral Mamadi Doumbouya n\u2019a pas l\u2019intention d\u2019organiser les \u00e9lections\u201d. - UNIVERSNEWS224\",\"isPartOf\":{\"@id\":\"https:\/\/universnews224.com\/#website\"},\"datePublished\":\"2024-02-13T23:59:55+00:00\",\"dateModified\":\"2024-02-13T23:59:55+00:00\",\"inLanguage\":\"fr-FR\",\"potentialAction\":[{\"@type\":\"ReadAction\",\"target\":[\"https:\/\/universnews224.com\/index.php\/aboubacar-biro-soumah-president-du-ppc-la-junte-militaire-a-la-tete-general-mamadi-doumbouya-na-pas-lintention-dorganiser-les-elections\/\"]}]},{\"@type\":\"WebSite\",\"@id\":\"https:\/\/universnews224.com\/#website\",\"url\":\"https:\/\/universnews224.com\/\",\"name\":\"UNIVERSNEWS224\",\"description\":\"\",\"publisher\":{\"@id\":\"https:\/\/universnews224.com\/#organization\"},\"potentialAction\":[{\"@type\":\"SearchAction\",\"target\":{\"@type\":\"EntryPoint\",\"urlTemplate\":\"https:\/\/universnews224.com\/?s={search_term_string}\"},\"query-input\":\"required name=search_term_string\"}],\"inLanguage\":\"fr-FR\"},{\"@type\":\"Organization\",\"@id\":\"https:\/\/universnews224.com\/#organization\",\"name\":\"UNIVERSNEWS224\",\"url\":\"https:\/\/universnews224.com\/\",\"logo\":{\"@type\":\"ImageObject\",\"inLanguage\":\"fr-FR\",\"@id\":\"https:\/\/universnews224.com\/#\/schema\/logo\/image\/\",\"url\":\"https:\/\/universnews224.com\/wp-content\/uploads\/2022\/08\/cropped-cropped-logoban.jpg\",\"contentUrl\":\"https:\/\/universnews224.com\/wp-content\/uploads\/2022\/08\/cropped-cropped-logoban.jpg\",\"width\":1080,\"height\":138,\"caption\":\"UNIVERSNEWS224\"},\"image\":{\"@id\":\"https:\/\/universnews224.com\/#\/schema\/logo\/image\/\"}},{\"@type\":\"Person\",\"@id\":\"https:\/\/universnews224.com\/#\/schema\/person\/a4b7d4f94a4716df60456a491260485e\",\"name\":\"La R\u00e9daction\",\"image\":{\"@type\":\"ImageObject\",\"inLanguage\":\"fr-FR\",\"@id\":\"https:\/\/universnews224.com\/#\/schema\/person\/image\/\",\"url\":\"https:\/\/secure.gravatar.com\/avatar\/edb90acc7752b23e1b3307ad36c14f0d?s=96&d=mm&r=g\",\"contentUrl\":\"https:\/\/secure.gravatar.com\/avatar\/edb90acc7752b23e1b3307ad36c14f0d?s=96&d=mm&r=g\",\"caption\":\"La R\u00e9daction\"},\"sameAs\":[\"https:\/\/universnews224.com\"],\"url\":\"https:\/\/universnews224.com\/index.php\/author\/m-camara\/\"}]}<\/script>\n<!-- \/ Yoast SEO plugin. -->","yoast_head_json":{"title":"Aboubacar Biro Soumah, pr\u00e9sident du PPC: \u201cLa junte militaire \u00e0 la t\u00eate G\u00e9n\u00e9ral Mamadi Doumbouya n\u2019a pas l\u2019intention d\u2019organiser les \u00e9lections\u201d. - UNIVERSNEWS224","robots":{"index":"index","follow":"follow","max-snippet":"max-snippet:-1","max-image-preview":"max-image-preview:large","max-video-preview":"max-video-preview:-1"},"canonical":"https:\/\/universnews224.com\/index.php\/aboubacar-biro-soumah-president-du-ppc-la-junte-militaire-a-la-tete-general-mamadi-doumbouya-na-pas-lintention-dorganiser-les-elections\/","og_locale":"fr_FR","og_type":"article","og_title":"Aboubacar Biro Soumah, pr\u00e9sident du PPC: \u201cLa junte militaire \u00e0 la t\u00eate G\u00e9n\u00e9ral Mamadi Doumbouya n\u2019a pas l\u2019intention d\u2019organiser les \u00e9lections\u201d. - UNIVERSNEWS224","og_description":"Le pr\u00e9sident du Parti pour le Progr\u00e8s et le Changement (PPC), Aboubacar Biro Soumah s\u2019est","og_url":"https:\/\/universnews224.com\/index.php\/aboubacar-biro-soumah-president-du-ppc-la-junte-militaire-a-la-tete-general-mamadi-doumbouya-na-pas-lintention-dorganiser-les-elections\/","og_site_name":"UNIVERSNEWS224","article_published_time":"2024-02-13T23:59:55+00:00","og_image":[{"width":700,"height":380,"url":"https:\/\/universnews224.com\/wp-content\/uploads\/2024\/02\/C8AB3087-F7C6-45E8-9CA9-AF01E5870228.webp","type":"image\/webp"}],"author":"La R\u00e9daction","twitter_misc":{"\u00c9crit par":"La R\u00e9daction","Dur\u00e9e de lecture estim\u00e9e":"2 minutes"},"schema":{"@context":"https:\/\/schema.org","@graph":[{"@type":"Article","@id":"https:\/\/universnews224.com\/index.php\/aboubacar-biro-soumah-president-du-ppc-la-junte-militaire-a-la-tete-general-mamadi-doumbouya-na-pas-lintention-dorganiser-les-elections\/#article","isPartOf":{"@id":"https:\/\/universnews224.com\/index.php\/aboubacar-biro-soumah-president-du-ppc-la-junte-militaire-a-la-tete-general-mamadi-doumbouya-na-pas-lintention-dorganiser-les-elections\/"},"author":{"name":"La R\u00e9daction","@id":"https:\/\/universnews224.com\/#\/schema\/person\/a4b7d4f94a4716df60456a491260485e"},"headline":"Aboubacar Biro Soumah, pr\u00e9sident du PPC: \u201cLa junte militaire \u00e0 la t\u00eate G\u00e9n\u00e9ral Mamadi Doumbouya n\u2019a pas l\u2019intention d\u2019organiser les \u00e9lections\u201d.","datePublished":"2024-02-13T23:59:55+00:00","dateModified":"2024-02-13T23:59:55+00:00","mainEntityOfPage":{"@id":"https:\/\/universnews224.com\/index.php\/aboubacar-biro-soumah-president-du-ppc-la-junte-militaire-a-la-tete-general-mamadi-doumbouya-na-pas-lintention-dorganiser-les-elections\/"},"wordCount":297,"publisher":{"@id":"https:\/\/universnews224.com\/#organization"},"keywords":["La une"],"articleSection":["ACTU","POLITIQUE"],"inLanguage":"fr-FR"},{"@type":"WebPage","@id":"https:\/\/universnews224.com\/index.php\/aboubacar-biro-soumah-president-du-ppc-la-junte-militaire-a-la-tete-general-mamadi-doumbouya-na-pas-lintention-dorganiser-les-elections\/","url":"https:\/\/universnews224.com\/index.php\/aboubacar-biro-soumah-president-du-ppc-la-junte-militaire-a-la-tete-general-mamadi-doumbouya-na-pas-lintention-dorganiser-les-elections\/","name":"Aboubacar Biro Soumah, pr\u00e9sident du PPC: \u201cLa junte militaire \u00e0 la t\u00eate G\u00e9n\u00e9ral Mamadi Doumbouya n\u2019a pas l\u2019intention d\u2019organiser les \u00e9lections\u201d. - UNIVERSNEWS224","isPartOf":{"@id":"https:\/\/universnews224.com\/#website"},"datePublished":"2024-02-13T23:59:55+00:00","dateModified":"2024-02-13T23:59:55+00:00","inLanguage":"fr-FR","potentialAction":[{"@type":"ReadAction","target":["https:\/\/universnews224.com\/index.php\/aboubacar-biro-soumah-president-du-ppc-la-junte-militaire-a-la-tete-general-mamadi-doumbouya-na-pas-lintention-dorganiser-les-elections\/"]}]},{"@type":"WebSite","@id":"https:\/\/universnews224.com\/#website","url":"https:\/\/universnews224.com\/","name":"UNIVERSNEWS224","description":"","publisher":{"@id":"https:\/\/universnews224.com\/#organization"},"potentialAction":[{"@type":"SearchAction","target":{"@type":"EntryPoint","urlTemplate":"https:\/\/universnews224.com\/?s={search_term_string}"},"query-input":"required name=search_term_string"}],"inLanguage":"fr-FR"},{"@type":"Organization","@id":"https:\/\/universnews224.com\/#organization","name":"UNIVERSNEWS224","url":"https:\/\/universnews224.com\/","logo":{"@type":"ImageObject","inLanguage":"fr-FR","@id":"https:\/\/universnews224.com\/#\/schema\/logo\/image\/","url":"https:\/\/universnews224.com\/wp-content\/uploads\/2022\/08\/cropped-cropped-logoban.jpg","contentUrl":"https:\/\/universnews224.com\/wp-content\/uploads\/2022\/08\/cropped-cropped-logoban.jpg","width":1080,"height":138,"caption":"UNIVERSNEWS224"},"image":{"@id":"https:\/\/universnews224.com\/#\/schema\/logo\/image\/"}},{"@type":"Person","@id":"https:\/\/universnews224.com\/#\/schema\/person\/a4b7d4f94a4716df60456a491260485e","name":"La R\u00e9daction","image":{"@type":"ImageObject","inLanguage":"fr-FR","@id":"https:\/\/universnews224.com\/#\/schema\/person\/image\/","url":"https:\/\/secure.gravatar.com\/avatar\/edb90acc7752b23e1b3307ad36c14f0d?s=96&d=mm&r=g","contentUrl":"https:\/\/secure.gravatar.com\/avatar\/edb90acc7752b23e1b3307ad36c14f0d?s=96&d=mm&r=g","caption":"La R\u00e9daction"},"sameAs":["https:\/\/universnews224.com"],"url":"https:\/\/universnews224.com\/index.php\/author\/m-camara\/"}]}},"_links":{"self":[{"href":"https:\/\/universnews224.com\/index.php\/wp-json\/wp\/v2\/posts\/5148"}],"collection":[{"href":"https:\/\/universnews224.com\/index.php\/wp-json\/wp\/v2\/posts"}],"about":[{"href":"https:\/\/universnews224.com\/index.php\/wp-json\/wp\/v2\/types\/post"}],"author":[{"embeddable":true,"href":"https:\/\/universnews224.com\/index.php\/wp-json\/wp\/v2\/users\/2"}],"replies":[{"embeddable":true,"href":"https:\/\/universnews224.com\/index.php\/wp-json\/wp\/v2\/comments?post=5148"}],"version-history":[{"count":1,"href":"https:\/\/universnews224.com\/index.php\/wp-json\/wp\/v2\/posts\/5148\/revisions"}],"predecessor-version":[{"id":5150,"href":"https:\/\/universnews224.com\/index.php\/wp-json\/wp\/v2\/posts\/5148\/revisions\/5150"}],"wp:featuredmedia":[{"embeddable":true,"href":"https:\/\/universnews224.com\/index.php\/wp-json\/wp\/v2\/media\/5149"}],"wp:attachment":[{"href":"https:\/\/universnews224.com\/index.php\/wp-json\/wp\/v2\/media?parent=5148"}],"wp:term":[{"taxonomy":"category","embeddable":true,"href":"https:\/\/universnews224.com\/index.php\/wp-json\/wp\/v2\/categories?post=5148"},{"taxonomy":"post_tag","embeddable":true,"href":"https:\/\/universnews224.com\/index.php\/wp-json\/wp\/v2\/tags?post=5148"}],"curies":[{"name":"wp","href":"https:\/\/api.w.org\/{rel}","templated":true}]}}